{"id":54548,"date":"2021-08-12T19:15:42","date_gmt":"2021-08-13T00:15:42","guid":{"rendered":"https:\/\/www.dev.nitu.mx\/?p=54548"},"modified":"2021-08-13T00:22:30","modified_gmt":"2021-08-13T05:22:30","slug":"amav-solicita-nuevas-acciones-a-miguel-torruco","status":"publish","type":"post","link":"https:\/\/nitu.mx\/index.php\/2021\/08\/12\/amav-solicita-nuevas-acciones-a-miguel-torruco\/","title":{"rendered":"AMAV solicita nuevas acciones a Miguel Torruco"},"content":{"rendered":"<p>El secretario de Turismo del Gobierno de M\u00e9xico, Miguel Torruco Marqu\u00e9s, sostuvo una reuni\u00f3n de trabajo con el dirigente nacional de la Asociaci\u00f3n Mexicana de Agentes de Viajes (AMAV), Eduardo Paniagua Morales, y las presidentas y presidentes de sus filiales en la Rep\u00fablica Mexicana.<\/p>\n<p>Todos ellos propusieron, principalmente, mejorar la calidad de los servicios tur\u00edsticos mediante certificaciones; requisitos m\u00ednimos adicionales para la obtenci\u00f3n del Registro Nacional de Turismo; sustentabilidad tur\u00edstica para las agencias de viajes; apoyo a los proyectos de la AMAV; y continuar trabajando en la prevenci\u00f3n de fraudes cibern\u00e9ticos a los viajeros, entre otros planteamientos.<\/p>\n<p>El titular de la Secretar\u00eda de Turismo (Sectur) explic\u00f3 a la dirigencia de la AMAV que la crisis generada por la pandemia del Covid-19 provoc\u00f3 que la llegada de turistas disminuyera dr\u00e1sticamente en todos los pa\u00edses del mundo el a\u00f1o pasado, con ca\u00eddas destacas en Tailandia, con menos 83.2 por ciento de visitantes; Espa\u00f1a, menos 77.3 por ciento; Estados Unidos, menos 75.5 por ciento; Turqu\u00eda, menos 69 por ciento; Alemania, menos 68.5 por ciento; Italia, menos 61 por ciento; y Reino Unidos, con menos 57.9 por ciento, entre otros.<\/p>\n<p>Afirm\u00f3 que, en el caso de M\u00e9xico, la ca\u00edda fue de 46 por ciento, muy por debajo de los mencionados, gracias a que no se prohibi\u00f3 la llegada de vuelos de ninguna naci\u00f3n, lo cual est\u00e1 ayudando a una m\u00e1s pronta recuperaci\u00f3n de la industria tur\u00edstica nacional.<\/p>\n<p>A\u00f1adi\u00f3 que, por lo tanto, con la llegada de 24 millones 300 mil turistas en 2020, M\u00e9xico se situ\u00f3 coyuntural y temporalmente en la tercera posici\u00f3n a nivel mundial en este rubro, s\u00f3lo por detr\u00e1s de Italia y Francia, que registraron 27 millones 500 mil y 25 millones 200 mis visitantes, respectivamente.<\/p>\n<p>Tambi\u00e9n coment\u00f3 que despu\u00e9s de haber alcanzado un promedio de ocupaci\u00f3n hotelera del 60.2 por ciento a nivel nacional en 2019, este indicador descendi\u00f3 a 26 por ciento el a\u00f1o pasado por la crisis sanitaria, pero se tiene estimado que, gracias a la reactivaci\u00f3n de la actividad tur\u00edstica y al avance de la vacunaci\u00f3n entre la poblaci\u00f3n, en este 2021 se llegue al 45.6 por ciento.<\/p>\n<p>De igual manera, puntualiz\u00f3 que en tanto que en 2019 nuestro pa\u00eds registr\u00f3 un consumo tur\u00edstico de 174 mil 871 millones de d\u00f3lares (mdd), y en 2020 baj\u00f3 a 116 mil 180 mdd, se estima que el presente a\u00f1o cierre con 122 mil 475 mdd.<\/p>\n<p>Despu\u00e9s de exponerles la situaci\u00f3n actual de la industria tur\u00edstica nacional y sus niveles de recuperaci\u00f3n, el secretario Torruco Marqu\u00e9s escuch\u00f3 las propuestas y peticiones de los dirigentes de la AMAV en el pa\u00eds. (<a title=\"AMAV impulsa cruzada de promoci\u00f3n por el turismo\" href=\"https:\/\/www.dev.nitu.mx\/index.php\/2020\/09\/15\/amav-impulsa-cruzada-de-promocion-por-el-turismo\/\" rel=\"bookmark\">AMAV impulsa cruzada de promoci\u00f3n por el turismo<\/a>).<\/p>\n<p>Hicieron uso de la palabra el presidente nacional, Eduardo Paniagua, as\u00ed como los dirigentes de sus filiales en Chiapas, Aguascalientes, Hidalgo, Jalisco, Tamaulipas, Puebla, Chihuahua, Campeche, Guerrero, Tabasco, Estado de M\u00e9xico, Nuevo Le\u00f3n, Durango y la Ciudad de M\u00e9xico. (Travel2Latam).<\/p>\n","protected":false},"excerpt":{"rendered":"<p>El secretario de Turismo del Gobierno de M\u00e9xico, Miguel Torruco Marqu\u00e9s, sostuvo una reuni\u00f3n de trabajo con el dirigente nacional de la Asociaci\u00f3n Mexicana de Agentes de Viajes (AMAV), Eduardo Paniagua Morales, y las presidentas y presidentes de sus filiales en la Rep\u00fablica Mexicana. Todos ellos propusieron, principalmente, mejorar la calidad de los servicios tur\u00edsticos [&hellip;]<\/p>\n","protected":false},"author":17,"featured_media":54562,"comment_status":"open","ping_status":"open","sticky":false,"template":"","format":"standard","meta":{"footnotes":""},"categories":[12,6],"tags":[849,68,910,175],"yoast_head":"<!-- This site is optimized with the Yoast SEO plugin v22.2 - https:\/\/yoast.com\/wordpress\/plugins\/seo\/ -->\n<title>AMAV solicita nuevas acciones a Miguel Torruco - Nitu - Noticias de la Industria Turistica<\/title>\n<meta name=\"robots\" content=\"index, follow, max-snippet:-1, max-image-preview:large, max-video-preview:-1\" \/>\n<link rel=\"canonical\" href=\"https:\/\/nitu.mx\/index.php\/2021\/08\/12\/amav-solicita-nuevas-acciones-a-miguel-torruco\/\" \/>\n<meta name=\"twitter:card\" content=\"summary_large_image\" \/>\n<meta name=\"twitter:title\" content=\"AMAV solicita nuevas acciones a Miguel Torruco - Nitu - Noticias de la Industria Turistica\" \/>\n<meta name=\"twitter:description\" content=\"El secretario de Turismo del Gobierno de M\u00e9xico, Miguel Torruco Marqu\u00e9s, sostuvo una reuni\u00f3n de trabajo con el dirigente nacional de la Asociaci\u00f3n Mexicana de Agentes de Viajes (AMAV), Eduardo Paniagua Morales, y las presidentas y presidentes de sus filiales en la Rep\u00fablica Mexicana. Todos ellos propusieron, principalmente, mejorar la calidad de los servicios tur\u00edsticos [&hellip;]\" \/>\n<meta name=\"twitter:image\" content=\"https:\/\/nitu.mx\/wp-content\/uploads\/2021\/08\/AMAV-Torruco.jpg\" \/>\n<meta name=\"twitter:creator\" content=\"@NITUmx\" \/>\n<meta name=\"twitter:site\" content=\"@Arturo_Medina_G\" \/>\n<meta name=\"twitter:label1\" content=\"Escrito por\" \/>\n\t<meta name=\"twitter:data1\" content=\"Redacci\u00f3n\" \/>\n\t<meta name=\"twitter:label2\" content=\"Tiempo de lectura\" \/>\n\t<meta name=\"twitter:data2\" content=\"3 minutos\" \/>\n<script type=\"application\/ld+json\" class=\"yoast-schema-graph\">{\"@context\":\"https:\/\/schema.org\",\"@graph\":[{\"@type\":\"Article\",\"@id\":\"https:\/\/nitu.mx\/index.php\/2021\/08\/12\/amav-solicita-nuevas-acciones-a-miguel-torruco\/#article\",\"isPartOf\":{\"@id\":\"https:\/\/nitu.mx\/index.php\/2021\/08\/12\/amav-solicita-nuevas-acciones-a-miguel-torruco\/\"},\"author\":{\"name\":\"Redacci\u00f3n\",\"@id\":\"https:\/\/nitu.mx\/#\/schema\/person\/4a28fe9bd65924f7c90623773daf1b0b\"},\"headline\":\"AMAV solicita nuevas acciones a Miguel Torruco\",\"datePublished\":\"2021-08-13T00:15:42+00:00\",\"dateModified\":\"2021-08-13T05:22:30+00:00\",\"mainEntityOfPage\":{\"@id\":\"https:\/\/nitu.mx\/index.php\/2021\/08\/12\/amav-solicita-nuevas-acciones-a-miguel-torruco\/\"},\"wordCount\":509,\"commentCount\":0,\"publisher\":{\"@id\":\"https:\/\/nitu.mx\/#\/schema\/person\/ae7a53426417292d3dd07b45a33e01bc\"},\"image\":{\"@id\":\"https:\/\/nitu.mx\/index.php\/2021\/08\/12\/amav-solicita-nuevas-acciones-a-miguel-torruco\/#primaryimage\"},\"thumbnailUrl\":\"https:\/\/nitu.mx\/wp-content\/uploads\/2021\/08\/AMAV-Torruco.jpg\",\"keywords\":[\"AMAV\",\"M\u00e9xico\",\"Miguel Torruco\",\"Secretario de Turismo\"],\"articleSection\":[\"Marketing\",\"M\u00e9xico\"],\"inLanguage\":\"es-MX\",\"potentialAction\":[{\"@type\":\"CommentAction\",\"name\":\"Comment\",\"target\":[\"https:\/\/nitu.mx\/index.php\/2021\/08\/12\/amav-solicita-nuevas-acciones-a-miguel-torruco\/#respond\"]}]},{\"@type\":\"WebPage\",\"@id\":\"https:\/\/nitu.mx\/index.php\/2021\/08\/12\/amav-solicita-nuevas-acciones-a-miguel-torruco\/\",\"url\":\"https:\/\/nitu.mx\/index.php\/2021\/08\/12\/amav-solicita-nuevas-acciones-a-miguel-torruco\/\",\"name\":\"AMAV solicita nuevas acciones a Miguel Torruco - Nitu - Noticias de la Industria Turistica\",\"isPartOf\":{\"@id\":\"https:\/\/nitu.mx\/#website\"},\"primaryImageOfPage\":{\"@id\":\"https:\/\/nitu.mx\/index.php\/2021\/08\/12\/amav-solicita-nuevas-acciones-a-miguel-torruco\/#primaryimage\"},\"image\":{\"@id\":\"https:\/\/nitu.mx\/index.php\/2021\/08\/12\/amav-solicita-nuevas-acciones-a-miguel-torruco\/#primaryimage\"},\"thumbnailUrl\":\"https:\/\/nitu.mx\/wp-content\/uploads\/2021\/08\/AMAV-Torruco.jpg\",\"datePublished\":\"2021-08-13T00:15:42+00:00\",\"dateModified\":\"2021-08-13T05:22:30+00:00\",\"breadcrumb\":{\"@id\":\"https:\/\/nitu.mx\/index.php\/2021\/08\/12\/amav-solicita-nuevas-acciones-a-miguel-torruco\/#breadcrumb\"},\"inLanguage\":\"es-MX\",\"potentialAction\":[{\"@type\":\"ReadAction\",\"target\":[\"https:\/\/nitu.mx\/index.php\/2021\/08\/12\/amav-solicita-nuevas-acciones-a-miguel-torruco\/\"]}]},{\"@type\":\"ImageObject\",\"inLanguage\":\"es-MX\",\"@id\":\"https:\/\/nitu.mx\/index.php\/2021\/08\/12\/amav-solicita-nuevas-acciones-a-miguel-torruco\/#primaryimage\",\"url\":\"https:\/\/nitu.mx\/wp-content\/uploads\/2021\/08\/AMAV-Torruco.jpg\",\"contentUrl\":\"https:\/\/nitu.mx\/wp-content\/uploads\/2021\/08\/AMAV-Torruco.jpg\",\"width\":1200,\"height\":675},{\"@type\":\"BreadcrumbList\",\"@id\":\"https:\/\/nitu.mx\/index.php\/2021\/08\/12\/amav-solicita-nuevas-acciones-a-miguel-torruco\/#breadcrumb\",\"itemListElement\":[{\"@type\":\"ListItem\",\"position\":1,\"name\":\"Inicio\",\"item\":\"https:\/\/nitu.mx\/\"},{\"@type\":\"ListItem\",\"position\":2,\"name\":\"AMAV solicita nuevas acciones a Miguel Torruco\"}]},{\"@type\":\"WebSite\",\"@id\":\"https:\/\/nitu.mx\/#website\",\"url\":\"https:\/\/nitu.mx\/\",\"name\":\"Nitu - Noticias de la Industria Turistica\",\"description\":\"Noticias de la Industria Turistica\",\"publisher\":{\"@id\":\"https:\/\/nitu.mx\/#\/schema\/person\/ae7a53426417292d3dd07b45a33e01bc\"},\"alternateName\":\"Noticias de la Industria Turistica\",\"potentialAction\":[{\"@type\":\"SearchAction\",\"target\":{\"@type\":\"EntryPoint\",\"urlTemplate\":\"https:\/\/nitu.mx\/?s={search_term_string}\"},\"query-input\":\"required name=search_term_string\"}],\"inLanguage\":\"es-MX\"},{\"@type\":[\"Person\",\"Organization\"],\"@id\":\"https:\/\/nitu.mx\/#\/schema\/person\/ae7a53426417292d3dd07b45a33e01bc\",\"name\":\"Arturo Medina\",\"image\":{\"@type\":\"ImageObject\",\"inLanguage\":\"es-MX\",\"@id\":\"https:\/\/nitu.mx\/#\/schema\/person\/image\/\",\"url\":\"https:\/\/nitu.mx\/wp-content\/uploads\/2024\/04\/4A315622-1904-4D5C-B022-878CDC840E04-90x90-1.jpeg\",\"contentUrl\":\"https:\/\/nitu.mx\/wp-content\/uploads\/2024\/04\/4A315622-1904-4D5C-B022-878CDC840E04-90x90-1.jpeg\",\"width\":90,\"height\":90,\"caption\":\"Arturo Medina\"},\"logo\":{\"@id\":\"https:\/\/nitu.mx\/#\/schema\/person\/image\/\"},\"description\":\"Director NITU.mx, Egresado de la Escuela de Periodismo Carlos Septi\u00e9n Garc\u00eda. Periodista y analista especializado en turismo desde hace 35 a\u00f1os, radicado en Canc\u00fan Q.Roo. arturo@nitu.mx\",\"sameAs\":[\"https:\/\/nitu.mx\",\"https:\/\/www.facebook.com\/NITUmx\/\",\"medinacancun\",\"https:\/\/twitter.com\/@Arturo_Medina_G\"]},{\"@type\":\"Person\",\"@id\":\"https:\/\/nitu.mx\/#\/schema\/person\/4a28fe9bd65924f7c90623773daf1b0b\",\"name\":\"Redacci\u00f3n\",\"image\":{\"@type\":\"ImageObject\",\"inLanguage\":\"es-MX\",\"@id\":\"https:\/\/nitu.mx\/#\/schema\/person\/image\/\",\"url\":\"https:\/\/secure.gravatar.com\/avatar\/5dd011c8ccfc5cd7e4c81e42252aab38?s=96&d=mm&r=g\",\"contentUrl\":\"https:\/\/secure.gravatar.com\/avatar\/5dd011c8ccfc5cd7e4c81e42252aab38?s=96&d=mm&r=g\",\"caption\":\"Redacci\u00f3n\"},\"url\":\"https:\/\/nitu.mx\/index.php\/author\/redaccion\/\"}]}<\/script>\n<!-- \/ Yoast SEO plugin. -->","yoast_head_json":{"title":"AMAV solicita nuevas acciones a Miguel Torruco - Nitu - Noticias de la Industria Turistica","robots":{"index":"index","follow":"follow","max-snippet":"max-snippet:-1","max-image-preview":"max-image-preview:large","max-video-preview":"max-video-preview:-1"},"canonical":"https:\/\/nitu.mx\/index.php\/2021\/08\/12\/amav-solicita-nuevas-acciones-a-miguel-torruco\/","twitter_card":"summary_large_image","twitter_title":"AMAV solicita nuevas acciones a Miguel Torruco - Nitu - Noticias de la Industria Turistica","twitter_description":"El secretario de Turismo del Gobierno de M\u00e9xico, Miguel Torruco Marqu\u00e9s, sostuvo una reuni\u00f3n de trabajo con el dirigente nacional de la Asociaci\u00f3n Mexicana de Agentes de Viajes (AMAV), Eduardo Paniagua Morales, y las presidentas y presidentes de sus filiales en la Rep\u00fablica Mexicana. Todos ellos propusieron, principalmente, mejorar la calidad de los servicios tur\u00edsticos [&hellip;]","twitter_image":"https:\/\/nitu.mx\/wp-content\/uploads\/2021\/08\/AMAV-Torruco.jpg","twitter_creator":"@NITUmx","twitter_site":"@Arturo_Medina_G","twitter_misc":{"Escrito por":"Redacci\u00f3n","Tiempo de lectura":"3 minutos"},"schema":{"@context":"https:\/\/schema.org","@graph":[{"@type":"Article","@id":"https:\/\/nitu.mx\/index.php\/2021\/08\/12\/amav-solicita-nuevas-acciones-a-miguel-torruco\/#article","isPartOf":{"@id":"https:\/\/nitu.mx\/index.php\/2021\/08\/12\/amav-solicita-nuevas-acciones-a-miguel-torruco\/"},"author":{"name":"Redacci\u00f3n","@id":"https:\/\/nitu.mx\/#\/schema\/person\/4a28fe9bd65924f7c90623773daf1b0b"},"headline":"AMAV solicita nuevas acciones a Miguel Torruco","datePublished":"2021-08-13T00:15:42+00:00","dateModified":"2021-08-13T05:22:30+00:00","mainEntityOfPage":{"@id":"https:\/\/nitu.mx\/index.php\/2021\/08\/12\/amav-solicita-nuevas-acciones-a-miguel-torruco\/"},"wordCount":509,"commentCount":0,"publisher":{"@id":"https:\/\/nitu.mx\/#\/schema\/person\/ae7a53426417292d3dd07b45a33e01bc"},"image":{"@id":"https:\/\/nitu.mx\/index.php\/2021\/08\/12\/amav-solicita-nuevas-acciones-a-miguel-torruco\/#primaryimage"},"thumbnailUrl":"https:\/\/nitu.mx\/wp-content\/uploads\/2021\/08\/AMAV-Torruco.jpg","keywords":["AMAV","M\u00e9xico","Miguel Torruco","Secretario de Turismo"],"articleSection":["Marketing","M\u00e9xico"],"inLanguage":"es-MX","potentialAction":[{"@type":"CommentAction","name":"Comment","target":["https:\/\/nitu.mx\/index.php\/2021\/08\/12\/amav-solicita-nuevas-acciones-a-miguel-torruco\/#respond"]}]},{"@type":"WebPage","@id":"https:\/\/nitu.mx\/index.php\/2021\/08\/12\/amav-solicita-nuevas-acciones-a-miguel-torruco\/","url":"https:\/\/nitu.mx\/index.php\/2021\/08\/12\/amav-solicita-nuevas-acciones-a-miguel-torruco\/","name":"AMAV solicita nuevas acciones a Miguel Torruco - Nitu - Noticias de la Industria Turistica","isPartOf":{"@id":"https:\/\/nitu.mx\/#website"},"primaryImageOfPage":{"@id":"https:\/\/nitu.mx\/index.php\/2021\/08\/12\/amav-solicita-nuevas-acciones-a-miguel-torruco\/#primaryimage"},"image":{"@id":"https:\/\/nitu.mx\/index.php\/2021\/08\/12\/amav-solicita-nuevas-acciones-a-miguel-torruco\/#primaryimage"},"thumbnailUrl":"https:\/\/nitu.mx\/wp-content\/uploads\/2021\/08\/AMAV-Torruco.jpg","datePublished":"2021-08-13T00:15:42+00:00","dateModified":"2021-08-13T05:22:30+00:00","breadcrumb":{"@id":"https:\/\/nitu.mx\/index.php\/2021\/08\/12\/amav-solicita-nuevas-acciones-a-miguel-torruco\/#breadcrumb"},"inLanguage":"es-MX","potentialAction":[{"@type":"ReadAction","target":["https:\/\/nitu.mx\/index.php\/2021\/08\/12\/amav-solicita-nuevas-acciones-a-miguel-torruco\/"]}]},{"@type":"ImageObject","inLanguage":"es-MX","@id":"https:\/\/nitu.mx\/index.php\/2021\/08\/12\/amav-solicita-nuevas-acciones-a-miguel-torruco\/#primaryimage","url":"https:\/\/nitu.mx\/wp-content\/uploads\/2021\/08\/AMAV-Torruco.jpg","contentUrl":"https:\/\/nitu.mx\/wp-content\/uploads\/2021\/08\/AMAV-Torruco.jpg","width":1200,"height":675},{"@type":"BreadcrumbList","@id":"https:\/\/nitu.mx\/index.php\/2021\/08\/12\/amav-solicita-nuevas-acciones-a-miguel-torruco\/#breadcrumb","itemListElement":[{"@type":"ListItem","position":1,"name":"Inicio","item":"https:\/\/nitu.mx\/"},{"@type":"ListItem","position":2,"name":"AMAV solicita nuevas acciones a Miguel Torruco"}]},{"@type":"WebSite","@id":"https:\/\/nitu.mx\/#website","url":"https:\/\/nitu.mx\/","name":"Nitu - Noticias de la Industria Turistica","description":"Noticias de la Industria Turistica","publisher":{"@id":"https:\/\/nitu.mx\/#\/schema\/person\/ae7a53426417292d3dd07b45a33e01bc"},"alternateName":"Noticias de la Industria Turistica","potentialAction":[{"@type":"SearchAction","target":{"@type":"EntryPoint","urlTemplate":"https:\/\/nitu.mx\/?s={search_term_string}"},"query-input":"required name=search_term_string"}],"inLanguage":"es-MX"},{"@type":["Person","Organization"],"@id":"https:\/\/nitu.mx\/#\/schema\/person\/ae7a53426417292d3dd07b45a33e01bc","name":"Arturo Medina","image":{"@type":"ImageObject","inLanguage":"es-MX","@id":"https:\/\/nitu.mx\/#\/schema\/person\/image\/","url":"https:\/\/nitu.mx\/wp-content\/uploads\/2024\/04\/4A315622-1904-4D5C-B022-878CDC840E04-90x90-1.jpeg","contentUrl":"https:\/\/nitu.mx\/wp-content\/uploads\/2024\/04\/4A315622-1904-4D5C-B022-878CDC840E04-90x90-1.jpeg","width":90,"height":90,"caption":"Arturo Medina"},"logo":{"@id":"https:\/\/nitu.mx\/#\/schema\/person\/image\/"},"description":"Director NITU.mx, Egresado de la Escuela de Periodismo Carlos Septi\u00e9n Garc\u00eda. Periodista y analista especializado en turismo desde hace 35 a\u00f1os, radicado en Canc\u00fan Q.Roo. arturo@nitu.mx","sameAs":["https:\/\/nitu.mx","https:\/\/www.facebook.com\/NITUmx\/","medinacancun","https:\/\/twitter.com\/@Arturo_Medina_G"]},{"@type":"Person","@id":"https:\/\/nitu.mx\/#\/schema\/person\/4a28fe9bd65924f7c90623773daf1b0b","name":"Redacci\u00f3n","image":{"@type":"ImageObject","inLanguage":"es-MX","@id":"https:\/\/nitu.mx\/#\/schema\/person\/image\/","url":"https:\/\/secure.gravatar.com\/avatar\/5dd011c8ccfc5cd7e4c81e42252aab38?s=96&d=mm&r=g","contentUrl":"https:\/\/secure.gravatar.com\/avatar\/5dd011c8ccfc5cd7e4c81e42252aab38?s=96&d=mm&r=g","caption":"Redacci\u00f3n"},"url":"https:\/\/nitu.mx\/index.php\/author\/redaccion\/"}]}},"views":407,"_links":{"self":[{"href":"https:\/\/nitu.mx\/index.php\/wp-json\/wp\/v2\/posts\/54548"}],"collection":[{"href":"https:\/\/nitu.mx\/index.php\/wp-json\/wp\/v2\/posts"}],"about":[{"href":"https:\/\/nitu.mx\/index.php\/wp-json\/wp\/v2\/types\/post"}],"author":[{"embeddable":true,"href":"https:\/\/nitu.mx\/index.php\/wp-json\/wp\/v2\/users\/17"}],"replies":[{"embeddable":true,"href":"https:\/\/nitu.mx\/index.php\/wp-json\/wp\/v2\/comments?post=54548"}],"version-history":[{"count":3,"href":"https:\/\/nitu.mx\/index.php\/wp-json\/wp\/v2\/posts\/54548\/revisions"}],"predecessor-version":[{"id":54563,"href":"https:\/\/nitu.mx\/index.php\/wp-json\/wp\/v2\/posts\/54548\/revisions\/54563"}],"wp:featuredmedia":[{"embeddable":true,"href":"https:\/\/nitu.mx\/index.php\/wp-json\/wp\/v2\/media\/54562"}],"wp:attachment":[{"href":"https:\/\/nitu.mx\/index.php\/wp-json\/wp\/v2\/media?parent=54548"}],"wp:term":[{"taxonomy":"category","embeddable":true,"href":"https:\/\/nitu.mx\/index.php\/wp-json\/wp\/v2\/categories?post=54548"},{"taxonomy":"post_tag","embeddable":true,"href":"https:\/\/nitu.mx\/index.php\/wp-json\/wp\/v2\/tags?post=54548"}],"curies":[{"name":"wp","href":"https:\/\/api.w.org\/{rel}","templated":true}]}}