{"id":54528,"date":"2021-08-11T19:55:21","date_gmt":"2021-08-12T00:55:21","guid":{"rendered":"https:\/\/www.dev.nitu.mx\/?p=54528"},"modified":"2021-08-12T00:01:02","modified_gmt":"2021-08-12T05:01:02","slug":"puerto-vallarta-supera-14-las-cifras-de-pasajeros-aereos-pre-covid","status":"publish","type":"post","link":"https:\/\/nitu.mx\/index.php\/2021\/08\/11\/puerto-vallarta-supera-14-las-cifras-de-pasajeros-aereos-pre-covid\/","title":{"rendered":"Puerto Vallarta supera 14% las cifras de pasajeros a\u00e9reos pre covid"},"content":{"rendered":"<p>La temporada de verano ha tra\u00eddo importantes resultados para Puerto Vallarta llegadas a\u00e9reas. En julio, llegaron al destino 475 mil viajeros, esto es 14.4 por ciento m\u00e1s que en julio de 2019, por lo que ya super\u00f3 los niveles registrados antes de la pandemia.<\/p>\n<p>El tr\u00e1fico a\u00e9reo internacional tuvo un incremento de 5.9 por ciento, report\u00f3 el fideicomiso de Turismo de Puerto Vallarta.<\/p>\n<p>Para el mes de agosto, est\u00e1 programada la llegada de mil 847 frecuencias de vuelos nacionales e internacionales, consolid\u00e1ndose como uno de los destinos preferidos de la temporada y de los de mayor crecimiento.<\/p>\n<p>El mercado nacional ser\u00e1 uno de los m\u00e1s importantes para el destino hacia el cierre de la temporada de verano. Entre las rutas m\u00e1s populares est\u00e1n las provenientes de Ciudad de M\u00e9xico, Monterrey, Guadalajara, Aguascalientes, Tijuana, Guanajuato, las cuales se conectan con las aerol\u00edneas Aerom\u00e9xico, Aeromar, Viva Aerobus, Magnicharters, TAR y Volaris.<\/p>\n<p>A nivel internacional, Estados Unidos es el mercado principal, que tambi\u00e9n tendr\u00e1 un n\u00famero mayor de frecuencias desde distintas ciudades, como Los \u00c1ngeles, Houston, Dallas Fort Worth, Seattle, Denver, Chicago y San Francisco.<\/p>\n<p>Las empresas a\u00e9reas que operan a Puerto Vallarta son American Airlines, Alaska Airlines, Delta, Frontier Airlines, Spirit Airlines, Southwest Airlines, Sun Country Airlines, United Airlines y WestJet.<\/p>\n<p>De acuerdo con el reciente estudio por parte de la firma de anal\u00edticos de viajes ForwardKeys, este destino tur\u00edstico lidera a nivel nacional el crecimiento en la venta de vuelos desde Estados Unidos a futuro con un aumento de 68.5 por ciento.<\/p>\n<p>El estudio hace un comparativo en la venta de boletos de avi\u00f3n del 1\u00ba de enero al 23 de junio de 2021 contra el mismo periodo del 2019, teniendo un importante aumento en la popularidad que tiene el destino con los estadounidenses.<\/p>\n<p>Puerto Vallarta se ha caracterizado por ser un destino responsable en el manejo de los protocolos sanitarios, por lo que recientemente ha emprendido una nueva campa\u00f1a de concientizaci\u00f3n y supervisi\u00f3n para salvaguardar la salud de todos los visitantes que decidan pasar unas inolvidables vacaciones en la Ciudad M\u00e1s Amigable del Mundo.\u00a0<a title=\"Puerto Vallarta promueve su oferta a agentes de viajes del centro de M\u00e9xico\" href=\"https:\/\/www.dev.nitu.mx\/index.php\/2021\/07\/21\/puerto-vallarta-promueve-su-oferta-a-agentes-de-viajes-del-centro-de-mexico\/\" rel=\"bookmark\">(Puerto Vallarta promueve su oferta a agentes de viajes del centro de M\u00e9xico<\/a>).<\/p>\n","protected":false},"excerpt":{"rendered":"<p>La temporada de verano ha tra\u00eddo importantes resultados para Puerto Vallarta llegadas a\u00e9reas. En julio, llegaron al destino 475 mil viajeros, esto es 14.4 por ciento m\u00e1s que en julio de 2019, por lo que ya super\u00f3 los niveles registrados antes de la pandemia. El tr\u00e1fico a\u00e9reo internacional tuvo un incremento de 5.9 por ciento, [&hellip;]<\/p>\n","protected":false},"author":18,"featured_media":46144,"comment_status":"open","ping_status":"open","sticky":false,"template":"","format":"standard","meta":{"footnotes":""},"categories":[5],"tags":[3695,471,8888,10187,4460],"yoast_head":"<!-- This site is optimized with the Yoast SEO plugin v22.2 - https:\/\/yoast.com\/wordpress\/plugins\/seo\/ -->\n<title>Puerto Vallarta supera 14% las cifras de pasajeros a\u00e9reos pre covid - Nitu - Noticias de la Industria Turistica<\/title>\n<meta name=\"robots\" content=\"index, follow, max-snippet:-1, max-image-preview:large, max-video-preview:-1\" \/>\n<link rel=\"canonical\" href=\"https:\/\/nitu.mx\/index.php\/2021\/08\/11\/puerto-vallarta-supera-14-las-cifras-de-pasajeros-aereos-pre-covid\/\" \/>\n<meta name=\"twitter:card\" content=\"summary_large_image\" \/>\n<meta name=\"twitter:title\" content=\"Puerto Vallarta supera 14% las cifras de pasajeros a\u00e9reos pre covid - Nitu - Noticias de la Industria Turistica\" \/>\n<meta name=\"twitter:description\" content=\"La temporada de verano ha tra\u00eddo importantes resultados para Puerto Vallarta llegadas a\u00e9reas. En julio, llegaron al destino 475 mil viajeros, esto es 14.4 por ciento m\u00e1s que en julio de 2019, por lo que ya super\u00f3 los niveles registrados antes de la pandemia. El tr\u00e1fico a\u00e9reo internacional tuvo un incremento de 5.9 por ciento, [&hellip;]\" \/>\n<meta name=\"twitter:image\" content=\"https:\/\/nitu.mx\/wp-content\/uploads\/2020\/09\/Puerto-Vallarta_.jpg\" \/>\n<meta name=\"twitter:creator\" content=\"@NITUmx\" \/>\n<meta name=\"twitter:site\" content=\"@Arturo_Medina_G\" \/>\n<meta name=\"twitter:label1\" content=\"Escrito por\" \/>\n\t<meta name=\"twitter:data1\" content=\"Guadalupe Sixto\" \/>\n\t<meta name=\"twitter:label2\" content=\"Tiempo de lectura\" \/>\n\t<meta name=\"twitter:data2\" content=\"2 minutos\" \/>\n<script type=\"application\/ld+json\" class=\"yoast-schema-graph\">{\"@context\":\"https:\/\/schema.org\",\"@graph\":[{\"@type\":\"Article\",\"@id\":\"https:\/\/nitu.mx\/index.php\/2021\/08\/11\/puerto-vallarta-supera-14-las-cifras-de-pasajeros-aereos-pre-covid\/#article\",\"isPartOf\":{\"@id\":\"https:\/\/nitu.mx\/index.php\/2021\/08\/11\/puerto-vallarta-supera-14-las-cifras-de-pasajeros-aereos-pre-covid\/\"},\"author\":{\"name\":\"Guadalupe Sixto\",\"@id\":\"https:\/\/nitu.mx\/#\/schema\/person\/3df3082b5e46037e3f13614d28ee0b77\"},\"headline\":\"Puerto Vallarta supera 14% las cifras de pasajeros a\u00e9reos pre covid\",\"datePublished\":\"2021-08-12T00:55:21+00:00\",\"dateModified\":\"2021-08-12T05:01:02+00:00\",\"mainEntityOfPage\":{\"@id\":\"https:\/\/nitu.mx\/index.php\/2021\/08\/11\/puerto-vallarta-supera-14-las-cifras-de-pasajeros-aereos-pre-covid\/\"},\"wordCount\":381,\"commentCount\":0,\"publisher\":{\"@id\":\"https:\/\/nitu.mx\/#\/schema\/person\/ae7a53426417292d3dd07b45a33e01bc\"},\"image\":{\"@id\":\"https:\/\/nitu.mx\/index.php\/2021\/08\/11\/puerto-vallarta-supera-14-las-cifras-de-pasajeros-aereos-pre-covid\/#primaryimage\"},\"thumbnailUrl\":\"https:\/\/nitu.mx\/wp-content\/uploads\/2020\/09\/Puerto-Vallarta_.jpg\",\"keywords\":[\"conectividad a\u00e9rea\",\"Puerto Vallarta\",\"temporada de verano\",\"turismo estadounidense\",\"turistas\"],\"articleSection\":[\"Destinos\"],\"inLanguage\":\"es-MX\",\"potentialAction\":[{\"@type\":\"CommentAction\",\"name\":\"Comment\",\"target\":[\"https:\/\/nitu.mx\/index.php\/2021\/08\/11\/puerto-vallarta-supera-14-las-cifras-de-pasajeros-aereos-pre-covid\/#respond\"]}]},{\"@type\":\"WebPage\",\"@id\":\"https:\/\/nitu.mx\/index.php\/2021\/08\/11\/puerto-vallarta-supera-14-las-cifras-de-pasajeros-aereos-pre-covid\/\",\"url\":\"https:\/\/nitu.mx\/index.php\/2021\/08\/11\/puerto-vallarta-supera-14-las-cifras-de-pasajeros-aereos-pre-covid\/\",\"name\":\"Puerto Vallarta supera 14% las cifras de pasajeros a\u00e9reos pre covid - Nitu - Noticias de la Industria Turistica\",\"isPartOf\":{\"@id\":\"https:\/\/nitu.mx\/#website\"},\"primaryImageOfPage\":{\"@id\":\"https:\/\/nitu.mx\/index.php\/2021\/08\/11\/puerto-vallarta-supera-14-las-cifras-de-pasajeros-aereos-pre-covid\/#primaryimage\"},\"image\":{\"@id\":\"https:\/\/nitu.mx\/index.php\/2021\/08\/11\/puerto-vallarta-supera-14-las-cifras-de-pasajeros-aereos-pre-covid\/#primaryimage\"},\"thumbnailUrl\":\"https:\/\/nitu.mx\/wp-content\/uploads\/2020\/09\/Puerto-Vallarta_.jpg\",\"datePublished\":\"2021-08-12T00:55:21+00:00\",\"dateModified\":\"2021-08-12T05:01:02+00:00\",\"breadcrumb\":{\"@id\":\"https:\/\/nitu.mx\/index.php\/2021\/08\/11\/puerto-vallarta-supera-14-las-cifras-de-pasajeros-aereos-pre-covid\/#breadcrumb\"},\"inLanguage\":\"es-MX\",\"potentialAction\":[{\"@type\":\"ReadAction\",\"target\":[\"https:\/\/nitu.mx\/index.php\/2021\/08\/11\/puerto-vallarta-supera-14-las-cifras-de-pasajeros-aereos-pre-covid\/\"]}]},{\"@type\":\"ImageObject\",\"inLanguage\":\"es-MX\",\"@id\":\"https:\/\/nitu.mx\/index.php\/2021\/08\/11\/puerto-vallarta-supera-14-las-cifras-de-pasajeros-aereos-pre-covid\/#primaryimage\",\"url\":\"https:\/\/nitu.mx\/wp-content\/uploads\/2020\/09\/Puerto-Vallarta_.jpg\",\"contentUrl\":\"https:\/\/nitu.mx\/wp-content\/uploads\/2020\/09\/Puerto-Vallarta_.jpg\",\"width\":1200,\"height\":675,\"caption\":\"Puerto Vallarta\"},{\"@type\":\"BreadcrumbList\",\"@id\":\"https:\/\/nitu.mx\/index.php\/2021\/08\/11\/puerto-vallarta-supera-14-las-cifras-de-pasajeros-aereos-pre-covid\/#breadcrumb\",\"itemListElement\":[{\"@type\":\"ListItem\",\"position\":1,\"name\":\"Inicio\",\"item\":\"https:\/\/nitu.mx\/\"},{\"@type\":\"ListItem\",\"position\":2,\"name\":\"Puerto Vallarta supera 14% las cifras de pasajeros a\u00e9reos pre covid\"}]},{\"@type\":\"WebSite\",\"@id\":\"https:\/\/nitu.mx\/#website\",\"url\":\"https:\/\/nitu.mx\/\",\"name\":\"Nitu - Noticias de la Industria Turistica\",\"description\":\"Noticias de la Industria Turistica\",\"publisher\":{\"@id\":\"https:\/\/nitu.mx\/#\/schema\/person\/ae7a53426417292d3dd07b45a33e01bc\"},\"alternateName\":\"Noticias de la Industria Turistica\",\"potentialAction\":[{\"@type\":\"SearchAction\",\"target\":{\"@type\":\"EntryPoint\",\"urlTemplate\":\"https:\/\/nitu.mx\/?s={search_term_string}\"},\"query-input\":\"required name=search_term_string\"}],\"inLanguage\":\"es-MX\"},{\"@type\":[\"Person\",\"Organization\"],\"@id\":\"https:\/\/nitu.mx\/#\/schema\/person\/ae7a53426417292d3dd07b45a33e01bc\",\"name\":\"Arturo Medina\",\"image\":{\"@type\":\"ImageObject\",\"inLanguage\":\"es-MX\",\"@id\":\"https:\/\/nitu.mx\/#\/schema\/person\/image\/\",\"url\":\"https:\/\/nitu.mx\/wp-content\/uploads\/2024\/04\/4A315622-1904-4D5C-B022-878CDC840E04-90x90-1.jpeg\",\"contentUrl\":\"https:\/\/nitu.mx\/wp-content\/uploads\/2024\/04\/4A315622-1904-4D5C-B022-878CDC840E04-90x90-1.jpeg\",\"width\":90,\"height\":90,\"caption\":\"Arturo Medina\"},\"logo\":{\"@id\":\"https:\/\/nitu.mx\/#\/schema\/person\/image\/\"},\"description\":\"Director NITU.mx, Egresado de la Escuela de Periodismo Carlos Septi\u00e9n Garc\u00eda. Periodista y analista especializado en turismo desde hace 35 a\u00f1os, radicado en Canc\u00fan Q.Roo. arturo@nitu.mx\",\"sameAs\":[\"https:\/\/nitu.mx\",\"https:\/\/www.facebook.com\/NITUmx\/\",\"medinacancun\",\"https:\/\/twitter.com\/@Arturo_Medina_G\"]},{\"@type\":\"Person\",\"@id\":\"https:\/\/nitu.mx\/#\/schema\/person\/3df3082b5e46037e3f13614d28ee0b77\",\"name\":\"Guadalupe Sixto\",\"image\":{\"@type\":\"ImageObject\",\"inLanguage\":\"es-MX\",\"@id\":\"https:\/\/nitu.mx\/#\/schema\/person\/image\/\",\"url\":\"https:\/\/secure.gravatar.com\/avatar\/13914e1b0e1919e91f9539de4dc584c4?s=96&d=mm&r=g\",\"contentUrl\":\"https:\/\/secure.gravatar.com\/avatar\/13914e1b0e1919e91f9539de4dc584c4?s=96&d=mm&r=g\",\"caption\":\"Guadalupe Sixto\"},\"url\":\"https:\/\/nitu.mx\/index.php\/author\/gsixto\/\"}]}<\/script>\n<!-- \/ Yoast SEO plugin. -->","yoast_head_json":{"title":"Puerto Vallarta supera 14% las cifras de pasajeros a\u00e9reos pre covid - Nitu - Noticias de la Industria Turistica","robots":{"index":"index","follow":"follow","max-snippet":"max-snippet:-1","max-image-preview":"max-image-preview:large","max-video-preview":"max-video-preview:-1"},"canonical":"https:\/\/nitu.mx\/index.php\/2021\/08\/11\/puerto-vallarta-supera-14-las-cifras-de-pasajeros-aereos-pre-covid\/","twitter_card":"summary_large_image","twitter_title":"Puerto Vallarta supera 14% las cifras de pasajeros a\u00e9reos pre covid - Nitu - Noticias de la Industria Turistica","twitter_description":"La temporada de verano ha tra\u00eddo importantes resultados para Puerto Vallarta llegadas a\u00e9reas. En julio, llegaron al destino 475 mil viajeros, esto es 14.4 por ciento m\u00e1s que en julio de 2019, por lo que ya super\u00f3 los niveles registrados antes de la pandemia. El tr\u00e1fico a\u00e9reo internacional tuvo un incremento de 5.9 por ciento, [&hellip;]","twitter_image":"https:\/\/nitu.mx\/wp-content\/uploads\/2020\/09\/Puerto-Vallarta_.jpg","twitter_creator":"@NITUmx","twitter_site":"@Arturo_Medina_G","twitter_misc":{"Escrito por":"Guadalupe Sixto","Tiempo de lectura":"2 minutos"},"schema":{"@context":"https:\/\/schema.org","@graph":[{"@type":"Article","@id":"https:\/\/nitu.mx\/index.php\/2021\/08\/11\/puerto-vallarta-supera-14-las-cifras-de-pasajeros-aereos-pre-covid\/#article","isPartOf":{"@id":"https:\/\/nitu.mx\/index.php\/2021\/08\/11\/puerto-vallarta-supera-14-las-cifras-de-pasajeros-aereos-pre-covid\/"},"author":{"name":"Guadalupe Sixto","@id":"https:\/\/nitu.mx\/#\/schema\/person\/3df3082b5e46037e3f13614d28ee0b77"},"headline":"Puerto Vallarta supera 14% las cifras de pasajeros a\u00e9reos pre covid","datePublished":"2021-08-12T00:55:21+00:00","dateModified":"2021-08-12T05:01:02+00:00","mainEntityOfPage":{"@id":"https:\/\/nitu.mx\/index.php\/2021\/08\/11\/puerto-vallarta-supera-14-las-cifras-de-pasajeros-aereos-pre-covid\/"},"wordCount":381,"commentCount":0,"publisher":{"@id":"https:\/\/nitu.mx\/#\/schema\/person\/ae7a53426417292d3dd07b45a33e01bc"},"image":{"@id":"https:\/\/nitu.mx\/index.php\/2021\/08\/11\/puerto-vallarta-supera-14-las-cifras-de-pasajeros-aereos-pre-covid\/#primaryimage"},"thumbnailUrl":"https:\/\/nitu.mx\/wp-content\/uploads\/2020\/09\/Puerto-Vallarta_.jpg","keywords":["conectividad a\u00e9rea","Puerto Vallarta","temporada de verano","turismo estadounidense","turistas"],"articleSection":["Destinos"],"inLanguage":"es-MX","potentialAction":[{"@type":"CommentAction","name":"Comment","target":["https:\/\/nitu.mx\/index.php\/2021\/08\/11\/puerto-vallarta-supera-14-las-cifras-de-pasajeros-aereos-pre-covid\/#respond"]}]},{"@type":"WebPage","@id":"https:\/\/nitu.mx\/index.php\/2021\/08\/11\/puerto-vallarta-supera-14-las-cifras-de-pasajeros-aereos-pre-covid\/","url":"https:\/\/nitu.mx\/index.php\/2021\/08\/11\/puerto-vallarta-supera-14-las-cifras-de-pasajeros-aereos-pre-covid\/","name":"Puerto Vallarta supera 14% las cifras de pasajeros a\u00e9reos pre covid - Nitu - Noticias de la Industria Turistica","isPartOf":{"@id":"https:\/\/nitu.mx\/#website"},"primaryImageOfPage":{"@id":"https:\/\/nitu.mx\/index.php\/2021\/08\/11\/puerto-vallarta-supera-14-las-cifras-de-pasajeros-aereos-pre-covid\/#primaryimage"},"image":{"@id":"https:\/\/nitu.mx\/index.php\/2021\/08\/11\/puerto-vallarta-supera-14-las-cifras-de-pasajeros-aereos-pre-covid\/#primaryimage"},"thumbnailUrl":"https:\/\/nitu.mx\/wp-content\/uploads\/2020\/09\/Puerto-Vallarta_.jpg","datePublished":"2021-08-12T00:55:21+00:00","dateModified":"2021-08-12T05:01:02+00:00","breadcrumb":{"@id":"https:\/\/nitu.mx\/index.php\/2021\/08\/11\/puerto-vallarta-supera-14-las-cifras-de-pasajeros-aereos-pre-covid\/#breadcrumb"},"inLanguage":"es-MX","potentialAction":[{"@type":"ReadAction","target":["https:\/\/nitu.mx\/index.php\/2021\/08\/11\/puerto-vallarta-supera-14-las-cifras-de-pasajeros-aereos-pre-covid\/"]}]},{"@type":"ImageObject","inLanguage":"es-MX","@id":"https:\/\/nitu.mx\/index.php\/2021\/08\/11\/puerto-vallarta-supera-14-las-cifras-de-pasajeros-aereos-pre-covid\/#primaryimage","url":"https:\/\/nitu.mx\/wp-content\/uploads\/2020\/09\/Puerto-Vallarta_.jpg","contentUrl":"https:\/\/nitu.mx\/wp-content\/uploads\/2020\/09\/Puerto-Vallarta_.jpg","width":1200,"height":675,"caption":"Puerto Vallarta"},{"@type":"BreadcrumbList","@id":"https:\/\/nitu.mx\/index.php\/2021\/08\/11\/puerto-vallarta-supera-14-las-cifras-de-pasajeros-aereos-pre-covid\/#breadcrumb","itemListElement":[{"@type":"ListItem","position":1,"name":"Inicio","item":"https:\/\/nitu.mx\/"},{"@type":"ListItem","position":2,"name":"Puerto Vallarta supera 14% las cifras de pasajeros a\u00e9reos pre covid"}]},{"@type":"WebSite","@id":"https:\/\/nitu.mx\/#website","url":"https:\/\/nitu.mx\/","name":"Nitu - Noticias de la Industria Turistica","description":"Noticias de la Industria Turistica","publisher":{"@id":"https:\/\/nitu.mx\/#\/schema\/person\/ae7a53426417292d3dd07b45a33e01bc"},"alternateName":"Noticias de la Industria Turistica","potentialAction":[{"@type":"SearchAction","target":{"@type":"EntryPoint","urlTemplate":"https:\/\/nitu.mx\/?s={search_term_string}"},"query-input":"required name=search_term_string"}],"inLanguage":"es-MX"},{"@type":["Person","Organization"],"@id":"https:\/\/nitu.mx\/#\/schema\/person\/ae7a53426417292d3dd07b45a33e01bc","name":"Arturo Medina","image":{"@type":"ImageObject","inLanguage":"es-MX","@id":"https:\/\/nitu.mx\/#\/schema\/person\/image\/","url":"https:\/\/nitu.mx\/wp-content\/uploads\/2024\/04\/4A315622-1904-4D5C-B022-878CDC840E04-90x90-1.jpeg","contentUrl":"https:\/\/nitu.mx\/wp-content\/uploads\/2024\/04\/4A315622-1904-4D5C-B022-878CDC840E04-90x90-1.jpeg","width":90,"height":90,"caption":"Arturo Medina"},"logo":{"@id":"https:\/\/nitu.mx\/#\/schema\/person\/image\/"},"description":"Director NITU.mx, Egresado de la Escuela de Periodismo Carlos Septi\u00e9n Garc\u00eda. Periodista y analista especializado en turismo desde hace 35 a\u00f1os, radicado en Canc\u00fan Q.Roo. arturo@nitu.mx","sameAs":["https:\/\/nitu.mx","https:\/\/www.facebook.com\/NITUmx\/","medinacancun","https:\/\/twitter.com\/@Arturo_Medina_G"]},{"@type":"Person","@id":"https:\/\/nitu.mx\/#\/schema\/person\/3df3082b5e46037e3f13614d28ee0b77","name":"Guadalupe Sixto","image":{"@type":"ImageObject","inLanguage":"es-MX","@id":"https:\/\/nitu.mx\/#\/schema\/person\/image\/","url":"https:\/\/secure.gravatar.com\/avatar\/13914e1b0e1919e91f9539de4dc584c4?s=96&d=mm&r=g","contentUrl":"https:\/\/secure.gravatar.com\/avatar\/13914e1b0e1919e91f9539de4dc584c4?s=96&d=mm&r=g","caption":"Guadalupe Sixto"},"url":"https:\/\/nitu.mx\/index.php\/author\/gsixto\/"}]}},"views":315,"_links":{"self":[{"href":"https:\/\/nitu.mx\/index.php\/wp-json\/wp\/v2\/posts\/54528"}],"collection":[{"href":"https:\/\/nitu.mx\/index.php\/wp-json\/wp\/v2\/posts"}],"about":[{"href":"https:\/\/nitu.mx\/index.php\/wp-json\/wp\/v2\/types\/post"}],"author":[{"embeddable":true,"href":"https:\/\/nitu.mx\/index.php\/wp-json\/wp\/v2\/users\/18"}],"replies":[{"embeddable":true,"href":"https:\/\/nitu.mx\/index.php\/wp-json\/wp\/v2\/comments?post=54528"}],"version-history":[{"count":3,"href":"https:\/\/nitu.mx\/index.php\/wp-json\/wp\/v2\/posts\/54528\/revisions"}],"predecessor-version":[{"id":54531,"href":"https:\/\/nitu.mx\/index.php\/wp-json\/wp\/v2\/posts\/54528\/revisions\/54531"}],"wp:featuredmedia":[{"embeddable":true,"href":"https:\/\/nitu.mx\/index.php\/wp-json\/wp\/v2\/media\/46144"}],"wp:attachment":[{"href":"https:\/\/nitu.mx\/index.php\/wp-json\/wp\/v2\/media?parent=54528"}],"wp:term":[{"taxonomy":"category","embeddable":true,"href":"https:\/\/nitu.mx\/index.php\/wp-json\/wp\/v2\/categories?post=54528"},{"taxonomy":"post_tag","embeddable":true,"href":"https:\/\/nitu.mx\/index.php\/wp-json\/wp\/v2\/tags?post=54528"}],"curies":[{"name":"wp","href":"https:\/\/api.w.org\/{rel}","templated":true}]}}