{"id":54316,"date":"2021-08-01T23:17:30","date_gmt":"2021-08-02T04:17:30","guid":{"rendered":"https:\/\/www.dev.nitu.mx\/?p=54316"},"modified":"2021-08-02T00:06:22","modified_gmt":"2021-08-02T05:06:22","slug":"proponen-reducir-iva-en-tua-de-vuelos-domesticos","status":"publish","type":"post","link":"https:\/\/nitu.mx\/index.php\/2021\/08\/01\/proponen-reducir-iva-en-tua-de-vuelos-domesticos\/","title":{"rendered":"Proponen reducir IVA en TUA de vuelos dom\u00e9sticos"},"content":{"rendered":"<p>Las senadoras Geovanna del Carmen Ba\u00f1uelos de la Torre y Alejandra del Carmen Le\u00f3n Gast\u00e9lum, integrantes del Grupo Parlamentario del Partido del Trabajo (PT), presentaron una iniciativa para reformar el Art\u00edculo 15 de la Ley del Impuesto al Valor Agregado (IVA),\u00a0reduciendo la tasa de 16% a 10% para la prestaci\u00f3n de servicios de transporte a\u00e9reo dom\u00e9stico,\u00a0buscando apoyar a la recuperaci\u00f3n de la econom\u00eda nacional mediante la generaci\u00f3n de mejores condiciones para el transporte de pasajeros v\u00eda a\u00e9rea y terrestre.<\/p>\n<p>Las legisladoras argumentan que esta medida adem\u00e1s traer\u00e1 un impacto positivo en otras \u00e1reas como el comercio, la preparaci\u00f3n de alimentos y bebidas, los centros nocturnos, la hosteler\u00eda y otras actividades recreativas que forman parte de la industria tur\u00edstica nacional.<\/p>\n<p>Al respecto, Grupo Aerom\u00e9xico se\u00f1al\u00f3 que\u00a0\u201ccualquier incentivo o reducci\u00f3n de costos para los pasajeros es muy positivo para continuar reactivando la conectividad\u201d.<\/p>\n<p>Sin embargo, especialistas en la industria a\u00e9rea se\u00f1alaron que, si bien la iniciativa se agradece,\u00a0no se modificar\u00eda la Tarifa de Uso Aeroportuario (TUA)\u00a0impuesto que var\u00eda entre aeropuertos y el cual encarece m\u00e1s el costo de los vuelos para el pasajero. (<a title=\"Construir\u00e1n en el AICM plataforma de emergencia por 200 mdp\" href=\"https:\/\/www.dev.nitu.mx\/index.php\/2021\/01\/07\/construiran-en-el-aicm-plataforma-de-emergencia-por-200-mdp\/\" rel=\"bookmark\">Construir\u00e1n en el AICM plataforma de emergencia por 200 mdp<\/a>).<\/p>\n<p>Alrededor de 50% de los ingresos de los aeropuertos viene de la TUA, pero el gran problema es que ese dinero no siempre se ve invertido en las instalaciones aeroportuarias. Por ejemplo, lo que cobra el Aeropuerto Internacional de la Ciudad de M\u00e9xico en TUA se va a Hacienda y al pago de deuda por la cancelaci\u00f3n del aeropuerto de Texcoco, se\u00f1al\u00f3 una fuente que solicit\u00f3 el anonimato.<\/p>\n<p>De tal forma, disminuir el IVA para los vuelos dom\u00e9sticos a 10%\u00a0no crear\u00e1 una gran diferencia en los costos de los boletos a\u00e9reos.<\/p>\n","protected":false},"excerpt":{"rendered":"<p>Las senadoras Geovanna del Carmen Ba\u00f1uelos de la Torre y Alejandra del Carmen Le\u00f3n Gast\u00e9lum, integrantes del Grupo Parlamentario del Partido del Trabajo (PT), presentaron una iniciativa para reformar el Art\u00edculo 15 de la Ley del Impuesto al Valor Agregado (IVA),\u00a0reduciendo la tasa de 16% a 10% para la prestaci\u00f3n de servicios de transporte a\u00e9reo [&hellip;]<\/p>\n","protected":false},"author":17,"featured_media":6480,"comment_status":"open","ping_status":"open","sticky":false,"template":"","format":"standard","meta":{"footnotes":""},"categories":[29,19462],"tags":[30,294,22607,22606],"yoast_head":"<!-- This site is optimized with the Yoast SEO plugin v22.2 - https:\/\/yoast.com\/wordpress\/plugins\/seo\/ -->\n<title>Proponen reducir IVA en TUA de vuelos dom\u00e9sticos - Nitu - Noticias de la Industria Turistica<\/title>\n<meta name=\"robots\" content=\"index, follow, max-snippet:-1, max-image-preview:large, max-video-preview:-1\" \/>\n<link rel=\"canonical\" href=\"https:\/\/nitu.mx\/index.php\/2021\/08\/01\/proponen-reducir-iva-en-tua-de-vuelos-domesticos\/\" \/>\n<meta name=\"twitter:card\" content=\"summary_large_image\" \/>\n<meta name=\"twitter:title\" content=\"Proponen reducir IVA en TUA de vuelos dom\u00e9sticos - Nitu - Noticias de la Industria Turistica\" \/>\n<meta name=\"twitter:description\" content=\"Las senadoras Geovanna del Carmen Ba\u00f1uelos de la Torre y Alejandra del Carmen Le\u00f3n Gast\u00e9lum, integrantes del Grupo Parlamentario del Partido del Trabajo (PT), presentaron una iniciativa para reformar el Art\u00edculo 15 de la Ley del Impuesto al Valor Agregado (IVA),\u00a0reduciendo la tasa de 16% a 10% para la prestaci\u00f3n de servicios de transporte a\u00e9reo [&hellip;]\" \/>\n<meta name=\"twitter:image\" content=\"https:\/\/nitu.mx\/wp-content\/uploads\/2017\/01\/DOCUMENTACIONAEROMEXICO.jpg\" \/>\n<meta name=\"twitter:creator\" content=\"@NITUmx\" \/>\n<meta name=\"twitter:site\" content=\"@Arturo_Medina_G\" \/>\n<meta name=\"twitter:label1\" content=\"Escrito por\" \/>\n\t<meta name=\"twitter:data1\" content=\"Redacci\u00f3n\" \/>\n\t<meta name=\"twitter:label2\" content=\"Tiempo de lectura\" \/>\n\t<meta name=\"twitter:data2\" content=\"2 minutos\" \/>\n<script type=\"application\/ld+json\" class=\"yoast-schema-graph\">{\"@context\":\"https:\/\/schema.org\",\"@graph\":[{\"@type\":\"Article\",\"@id\":\"https:\/\/nitu.mx\/index.php\/2021\/08\/01\/proponen-reducir-iva-en-tua-de-vuelos-domesticos\/#article\",\"isPartOf\":{\"@id\":\"https:\/\/nitu.mx\/index.php\/2021\/08\/01\/proponen-reducir-iva-en-tua-de-vuelos-domesticos\/\"},\"author\":{\"name\":\"Redacci\u00f3n\",\"@id\":\"https:\/\/nitu.mx\/#\/schema\/person\/4a28fe9bd65924f7c90623773daf1b0b\"},\"headline\":\"Proponen reducir IVA en TUA de vuelos dom\u00e9sticos\",\"datePublished\":\"2021-08-02T04:17:30+00:00\",\"dateModified\":\"2021-08-02T05:06:22+00:00\",\"mainEntityOfPage\":{\"@id\":\"https:\/\/nitu.mx\/index.php\/2021\/08\/01\/proponen-reducir-iva-en-tua-de-vuelos-domesticos\/\"},\"wordCount\":321,\"commentCount\":0,\"publisher\":{\"@id\":\"https:\/\/nitu.mx\/#\/schema\/person\/ae7a53426417292d3dd07b45a33e01bc\"},\"image\":{\"@id\":\"https:\/\/nitu.mx\/index.php\/2021\/08\/01\/proponen-reducir-iva-en-tua-de-vuelos-domesticos\/#primaryimage\"},\"thumbnailUrl\":\"https:\/\/nitu.mx\/wp-content\/uploads\/2017\/01\/DOCUMENTACIONAEROMEXICO.jpg\",\"keywords\":[\"Aerom\u00e9xico\",\"AICM\",\"Alejandra del Carmen Le\u00f3n Gast\u00e9lum\",\"Geovanna del Carmen Ba\u00f1uelos de la Torre\"],\"articleSection\":[\"Aerol\u00edneas\",\"Aeropuertos\"],\"inLanguage\":\"es-MX\",\"potentialAction\":[{\"@type\":\"CommentAction\",\"name\":\"Comment\",\"target\":[\"https:\/\/nitu.mx\/index.php\/2021\/08\/01\/proponen-reducir-iva-en-tua-de-vuelos-domesticos\/#respond\"]}]},{\"@type\":\"WebPage\",\"@id\":\"https:\/\/nitu.mx\/index.php\/2021\/08\/01\/proponen-reducir-iva-en-tua-de-vuelos-domesticos\/\",\"url\":\"https:\/\/nitu.mx\/index.php\/2021\/08\/01\/proponen-reducir-iva-en-tua-de-vuelos-domesticos\/\",\"name\":\"Proponen reducir IVA en TUA de vuelos dom\u00e9sticos - Nitu - Noticias de la Industria Turistica\",\"isPartOf\":{\"@id\":\"https:\/\/nitu.mx\/#website\"},\"primaryImageOfPage\":{\"@id\":\"https:\/\/nitu.mx\/index.php\/2021\/08\/01\/proponen-reducir-iva-en-tua-de-vuelos-domesticos\/#primaryimage\"},\"image\":{\"@id\":\"https:\/\/nitu.mx\/index.php\/2021\/08\/01\/proponen-reducir-iva-en-tua-de-vuelos-domesticos\/#primaryimage\"},\"thumbnailUrl\":\"https:\/\/nitu.mx\/wp-content\/uploads\/2017\/01\/DOCUMENTACIONAEROMEXICO.jpg\",\"datePublished\":\"2021-08-02T04:17:30+00:00\",\"dateModified\":\"2021-08-02T05:06:22+00:00\",\"breadcrumb\":{\"@id\":\"https:\/\/nitu.mx\/index.php\/2021\/08\/01\/proponen-reducir-iva-en-tua-de-vuelos-domesticos\/#breadcrumb\"},\"inLanguage\":\"es-MX\",\"potentialAction\":[{\"@type\":\"ReadAction\",\"target\":[\"https:\/\/nitu.mx\/index.php\/2021\/08\/01\/proponen-reducir-iva-en-tua-de-vuelos-domesticos\/\"]}]},{\"@type\":\"ImageObject\",\"inLanguage\":\"es-MX\",\"@id\":\"https:\/\/nitu.mx\/index.php\/2021\/08\/01\/proponen-reducir-iva-en-tua-de-vuelos-domesticos\/#primaryimage\",\"url\":\"https:\/\/nitu.mx\/wp-content\/uploads\/2017\/01\/DOCUMENTACIONAEROMEXICO.jpg\",\"contentUrl\":\"https:\/\/nitu.mx\/wp-content\/uploads\/2017\/01\/DOCUMENTACIONAEROMEXICO.jpg\",\"width\":650,\"height\":433},{\"@type\":\"BreadcrumbList\",\"@id\":\"https:\/\/nitu.mx\/index.php\/2021\/08\/01\/proponen-reducir-iva-en-tua-de-vuelos-domesticos\/#breadcrumb\",\"itemListElement\":[{\"@type\":\"ListItem\",\"position\":1,\"name\":\"Inicio\",\"item\":\"https:\/\/nitu.mx\/\"},{\"@type\":\"ListItem\",\"position\":2,\"name\":\"Proponen reducir IVA en TUA de vuelos dom\u00e9sticos\"}]},{\"@type\":\"WebSite\",\"@id\":\"https:\/\/nitu.mx\/#website\",\"url\":\"https:\/\/nitu.mx\/\",\"name\":\"Nitu - Noticias de la Industria Turistica\",\"description\":\"Noticias de la Industria Turistica\",\"publisher\":{\"@id\":\"https:\/\/nitu.mx\/#\/schema\/person\/ae7a53426417292d3dd07b45a33e01bc\"},\"alternateName\":\"Noticias de la Industria Turistica\",\"potentialAction\":[{\"@type\":\"SearchAction\",\"target\":{\"@type\":\"EntryPoint\",\"urlTemplate\":\"https:\/\/nitu.mx\/?s={search_term_string}\"},\"query-input\":\"required name=search_term_string\"}],\"inLanguage\":\"es-MX\"},{\"@type\":[\"Person\",\"Organization\"],\"@id\":\"https:\/\/nitu.mx\/#\/schema\/person\/ae7a53426417292d3dd07b45a33e01bc\",\"name\":\"Arturo Medina\",\"image\":{\"@type\":\"ImageObject\",\"inLanguage\":\"es-MX\",\"@id\":\"https:\/\/nitu.mx\/#\/schema\/person\/image\/\",\"url\":\"https:\/\/nitu.mx\/wp-content\/uploads\/2024\/04\/4A315622-1904-4D5C-B022-878CDC840E04-90x90-1.jpeg\",\"contentUrl\":\"https:\/\/nitu.mx\/wp-content\/uploads\/2024\/04\/4A315622-1904-4D5C-B022-878CDC840E04-90x90-1.jpeg\",\"width\":90,\"height\":90,\"caption\":\"Arturo Medina\"},\"logo\":{\"@id\":\"https:\/\/nitu.mx\/#\/schema\/person\/image\/\"},\"description\":\"Director NITU.mx, Egresado de la Escuela de Periodismo Carlos Septi\u00e9n Garc\u00eda. Periodista y analista especializado en turismo desde hace 35 a\u00f1os, radicado en Canc\u00fan Q.Roo. arturo@nitu.mx\",\"sameAs\":[\"https:\/\/nitu.mx\",\"https:\/\/www.facebook.com\/NITUmx\/\",\"medinacancun\",\"https:\/\/twitter.com\/@Arturo_Medina_G\"]},{\"@type\":\"Person\",\"@id\":\"https:\/\/nitu.mx\/#\/schema\/person\/4a28fe9bd65924f7c90623773daf1b0b\",\"name\":\"Redacci\u00f3n\",\"image\":{\"@type\":\"ImageObject\",\"inLanguage\":\"es-MX\",\"@id\":\"https:\/\/nitu.mx\/#\/schema\/person\/image\/\",\"url\":\"https:\/\/secure.gravatar.com\/avatar\/5dd011c8ccfc5cd7e4c81e42252aab38?s=96&d=mm&r=g\",\"contentUrl\":\"https:\/\/secure.gravatar.com\/avatar\/5dd011c8ccfc5cd7e4c81e42252aab38?s=96&d=mm&r=g\",\"caption\":\"Redacci\u00f3n\"},\"url\":\"https:\/\/nitu.mx\/index.php\/author\/redaccion\/\"}]}<\/script>\n<!-- \/ Yoast SEO plugin. -->","yoast_head_json":{"title":"Proponen reducir IVA en TUA de vuelos dom\u00e9sticos - Nitu - Noticias de la Industria Turistica","robots":{"index":"index","follow":"follow","max-snippet":"max-snippet:-1","max-image-preview":"max-image-preview:large","max-video-preview":"max-video-preview:-1"},"canonical":"https:\/\/nitu.mx\/index.php\/2021\/08\/01\/proponen-reducir-iva-en-tua-de-vuelos-domesticos\/","twitter_card":"summary_large_image","twitter_title":"Proponen reducir IVA en TUA de vuelos dom\u00e9sticos - Nitu - Noticias de la Industria Turistica","twitter_description":"Las senadoras Geovanna del Carmen Ba\u00f1uelos de la Torre y Alejandra del Carmen Le\u00f3n Gast\u00e9lum, integrantes del Grupo Parlamentario del Partido del Trabajo (PT), presentaron una iniciativa para reformar el Art\u00edculo 15 de la Ley del Impuesto al Valor Agregado (IVA),\u00a0reduciendo la tasa de 16% a 10% para la prestaci\u00f3n de servicios de transporte a\u00e9reo [&hellip;]","twitter_image":"https:\/\/nitu.mx\/wp-content\/uploads\/2017\/01\/DOCUMENTACIONAEROMEXICO.jpg","twitter_creator":"@NITUmx","twitter_site":"@Arturo_Medina_G","twitter_misc":{"Escrito por":"Redacci\u00f3n","Tiempo de lectura":"2 minutos"},"schema":{"@context":"https:\/\/schema.org","@graph":[{"@type":"Article","@id":"https:\/\/nitu.mx\/index.php\/2021\/08\/01\/proponen-reducir-iva-en-tua-de-vuelos-domesticos\/#article","isPartOf":{"@id":"https:\/\/nitu.mx\/index.php\/2021\/08\/01\/proponen-reducir-iva-en-tua-de-vuelos-domesticos\/"},"author":{"name":"Redacci\u00f3n","@id":"https:\/\/nitu.mx\/#\/schema\/person\/4a28fe9bd65924f7c90623773daf1b0b"},"headline":"Proponen reducir IVA en TUA de vuelos dom\u00e9sticos","datePublished":"2021-08-02T04:17:30+00:00","dateModified":"2021-08-02T05:06:22+00:00","mainEntityOfPage":{"@id":"https:\/\/nitu.mx\/index.php\/2021\/08\/01\/proponen-reducir-iva-en-tua-de-vuelos-domesticos\/"},"wordCount":321,"commentCount":0,"publisher":{"@id":"https:\/\/nitu.mx\/#\/schema\/person\/ae7a53426417292d3dd07b45a33e01bc"},"image":{"@id":"https:\/\/nitu.mx\/index.php\/2021\/08\/01\/proponen-reducir-iva-en-tua-de-vuelos-domesticos\/#primaryimage"},"thumbnailUrl":"https:\/\/nitu.mx\/wp-content\/uploads\/2017\/01\/DOCUMENTACIONAEROMEXICO.jpg","keywords":["Aerom\u00e9xico","AICM","Alejandra del Carmen Le\u00f3n Gast\u00e9lum","Geovanna del Carmen Ba\u00f1uelos de la Torre"],"articleSection":["Aerol\u00edneas","Aeropuertos"],"inLanguage":"es-MX","potentialAction":[{"@type":"CommentAction","name":"Comment","target":["https:\/\/nitu.mx\/index.php\/2021\/08\/01\/proponen-reducir-iva-en-tua-de-vuelos-domesticos\/#respond"]}]},{"@type":"WebPage","@id":"https:\/\/nitu.mx\/index.php\/2021\/08\/01\/proponen-reducir-iva-en-tua-de-vuelos-domesticos\/","url":"https:\/\/nitu.mx\/index.php\/2021\/08\/01\/proponen-reducir-iva-en-tua-de-vuelos-domesticos\/","name":"Proponen reducir IVA en TUA de vuelos dom\u00e9sticos - Nitu - Noticias de la Industria Turistica","isPartOf":{"@id":"https:\/\/nitu.mx\/#website"},"primaryImageOfPage":{"@id":"https:\/\/nitu.mx\/index.php\/2021\/08\/01\/proponen-reducir-iva-en-tua-de-vuelos-domesticos\/#primaryimage"},"image":{"@id":"https:\/\/nitu.mx\/index.php\/2021\/08\/01\/proponen-reducir-iva-en-tua-de-vuelos-domesticos\/#primaryimage"},"thumbnailUrl":"https:\/\/nitu.mx\/wp-content\/uploads\/2017\/01\/DOCUMENTACIONAEROMEXICO.jpg","datePublished":"2021-08-02T04:17:30+00:00","dateModified":"2021-08-02T05:06:22+00:00","breadcrumb":{"@id":"https:\/\/nitu.mx\/index.php\/2021\/08\/01\/proponen-reducir-iva-en-tua-de-vuelos-domesticos\/#breadcrumb"},"inLanguage":"es-MX","potentialAction":[{"@type":"ReadAction","target":["https:\/\/nitu.mx\/index.php\/2021\/08\/01\/proponen-reducir-iva-en-tua-de-vuelos-domesticos\/"]}]},{"@type":"ImageObject","inLanguage":"es-MX","@id":"https:\/\/nitu.mx\/index.php\/2021\/08\/01\/proponen-reducir-iva-en-tua-de-vuelos-domesticos\/#primaryimage","url":"https:\/\/nitu.mx\/wp-content\/uploads\/2017\/01\/DOCUMENTACIONAEROMEXICO.jpg","contentUrl":"https:\/\/nitu.mx\/wp-content\/uploads\/2017\/01\/DOCUMENTACIONAEROMEXICO.jpg","width":650,"height":433},{"@type":"BreadcrumbList","@id":"https:\/\/nitu.mx\/index.php\/2021\/08\/01\/proponen-reducir-iva-en-tua-de-vuelos-domesticos\/#breadcrumb","itemListElement":[{"@type":"ListItem","position":1,"name":"Inicio","item":"https:\/\/nitu.mx\/"},{"@type":"ListItem","position":2,"name":"Proponen reducir IVA en TUA de vuelos dom\u00e9sticos"}]},{"@type":"WebSite","@id":"https:\/\/nitu.mx\/#website","url":"https:\/\/nitu.mx\/","name":"Nitu - Noticias de la Industria Turistica","description":"Noticias de la Industria Turistica","publisher":{"@id":"https:\/\/nitu.mx\/#\/schema\/person\/ae7a53426417292d3dd07b45a33e01bc"},"alternateName":"Noticias de la Industria Turistica","potentialAction":[{"@type":"SearchAction","target":{"@type":"EntryPoint","urlTemplate":"https:\/\/nitu.mx\/?s={search_term_string}"},"query-input":"required name=search_term_string"}],"inLanguage":"es-MX"},{"@type":["Person","Organization"],"@id":"https:\/\/nitu.mx\/#\/schema\/person\/ae7a53426417292d3dd07b45a33e01bc","name":"Arturo Medina","image":{"@type":"ImageObject","inLanguage":"es-MX","@id":"https:\/\/nitu.mx\/#\/schema\/person\/image\/","url":"https:\/\/nitu.mx\/wp-content\/uploads\/2024\/04\/4A315622-1904-4D5C-B022-878CDC840E04-90x90-1.jpeg","contentUrl":"https:\/\/nitu.mx\/wp-content\/uploads\/2024\/04\/4A315622-1904-4D5C-B022-878CDC840E04-90x90-1.jpeg","width":90,"height":90,"caption":"Arturo Medina"},"logo":{"@id":"https:\/\/nitu.mx\/#\/schema\/person\/image\/"},"description":"Director NITU.mx, Egresado de la Escuela de Periodismo Carlos Septi\u00e9n Garc\u00eda. Periodista y analista especializado en turismo desde hace 35 a\u00f1os, radicado en Canc\u00fan Q.Roo. arturo@nitu.mx","sameAs":["https:\/\/nitu.mx","https:\/\/www.facebook.com\/NITUmx\/","medinacancun","https:\/\/twitter.com\/@Arturo_Medina_G"]},{"@type":"Person","@id":"https:\/\/nitu.mx\/#\/schema\/person\/4a28fe9bd65924f7c90623773daf1b0b","name":"Redacci\u00f3n","image":{"@type":"ImageObject","inLanguage":"es-MX","@id":"https:\/\/nitu.mx\/#\/schema\/person\/image\/","url":"https:\/\/secure.gravatar.com\/avatar\/5dd011c8ccfc5cd7e4c81e42252aab38?s=96&d=mm&r=g","contentUrl":"https:\/\/secure.gravatar.com\/avatar\/5dd011c8ccfc5cd7e4c81e42252aab38?s=96&d=mm&r=g","caption":"Redacci\u00f3n"},"url":"https:\/\/nitu.mx\/index.php\/author\/redaccion\/"}]}},"views":377,"_links":{"self":[{"href":"https:\/\/nitu.mx\/index.php\/wp-json\/wp\/v2\/posts\/54316"}],"collection":[{"href":"https:\/\/nitu.mx\/index.php\/wp-json\/wp\/v2\/posts"}],"about":[{"href":"https:\/\/nitu.mx\/index.php\/wp-json\/wp\/v2\/types\/post"}],"author":[{"embeddable":true,"href":"https:\/\/nitu.mx\/index.php\/wp-json\/wp\/v2\/users\/17"}],"replies":[{"embeddable":true,"href":"https:\/\/nitu.mx\/index.php\/wp-json\/wp\/v2\/comments?post=54316"}],"version-history":[{"count":3,"href":"https:\/\/nitu.mx\/index.php\/wp-json\/wp\/v2\/posts\/54316\/revisions"}],"predecessor-version":[{"id":54325,"href":"https:\/\/nitu.mx\/index.php\/wp-json\/wp\/v2\/posts\/54316\/revisions\/54325"}],"wp:featuredmedia":[{"embeddable":true,"href":"https:\/\/nitu.mx\/index.php\/wp-json\/wp\/v2\/media\/6480"}],"wp:attachment":[{"href":"https:\/\/nitu.mx\/index.php\/wp-json\/wp\/v2\/media?parent=54316"}],"wp:term":[{"taxonomy":"category","embeddable":true,"href":"https:\/\/nitu.mx\/index.php\/wp-json\/wp\/v2\/categories?post=54316"},{"taxonomy":"post_tag","embeddable":true,"href":"https:\/\/nitu.mx\/index.php\/wp-json\/wp\/v2\/tags?post=54316"}],"curies":[{"name":"wp","href":"https:\/\/api.w.org\/{rel}","templated":true}]}}