{"id":54299,"date":"2021-08-01T13:48:26","date_gmt":"2021-08-01T18:48:26","guid":{"rendered":"https:\/\/www.dev.nitu.mx\/?p=54299"},"modified":"2021-08-02T00:06:08","modified_gmt":"2021-08-02T05:06:08","slug":"volaris-llega-a-honduras-a-incrementar-conectividad-y-promocion","status":"publish","type":"post","link":"https:\/\/nitu.mx\/index.php\/2021\/08\/01\/volaris-llega-a-honduras-a-incrementar-conectividad-y-promocion\/","title":{"rendered":"Volaris llega a Honduras a incrementar conectividad y promoci\u00f3n"},"content":{"rendered":"<p>Volaris capitalizar\u00e1 el potencial del mercado a\u00e9reo de Honduras al iniciar operaciones de su ruta de San Salvador a San Pedro Sula, que permitir\u00e1 conexiones a importantes ciudades, principalmente de Estados Unidos.<\/p>\n<p>La llegada de la aerol\u00ednea a este pa\u00eds centroamericano no solo favorecer\u00e1 su conectividad a\u00e9rea sino tambi\u00e9n la promoci\u00f3n tur\u00edstica, pues mediante la Carta Compromiso que firm\u00f3 la compa\u00f1\u00eda con el gobierno nacional, se impulsar\u00e1 tambi\u00e9n esta tarea.<\/p>\n<p>El anuncio se realiz\u00f3 el pasado viernes en las instalaciones de Volaris en Ciudad de M\u00e9xico, en donde estuvieron el presidente y CEO de la l\u00ednea a\u00e9rea, Enrique Beltranena, y el presidente de Honduras, Juan Orlando Hern\u00e1ndez.<\/p>\n<p>La llegada de la compa\u00f1\u00eda a\u00e9rea al pa\u00eds fue gracias a la reciente ley aprobada por el Congreso, que incentiva el transporte a\u00e9reo de bajo costo, con fuertes reducciones a las tarifas de despegue y aterrizaje que ir\u00e1n de 75 a 50 por ciento, e incluso en el aeropuerto de La Ceiba, el primer a\u00f1o ser\u00e1 de 100 por ciento.<\/p>\n<p>De esta forma, Volaris puede mantener su propuesta de valor de ofrecer tarifas de ultra bajo costo, con tarifas de 89 d\u00f3lares promedio en vuelo redondo entre ambas capitales centroamericanas.<\/p>\n<p>Enrique Beltranena destac\u00f3 que el inicio de operaciones en Honduras se logr\u00f3 tras dos a\u00f1os de pl\u00e1ticas, y se comprometi\u00f3 a iniciar esta ruta 10 d\u00edas antes de que acabe octubre, con tres frecuencias semanales que se espera aumentar a diarias.<\/p>\n<p>Por ahora, los hondure\u00f1os podr\u00e1n conectar con la gran comunidad de amigos y familiares que tienen en Estados Unidos conectando con El Salvador, en donde inici\u00f3 operaciones en 2017, sin embargo, el plan es lanzar rutas directas mediante quintas libertades, siempre que lo autoricen las autoridades correspondientes.<\/p>\n<p>Se estima que en el primer a\u00f1o de operaciones, esta nueva ruta de Volaris movilice a 150 mil pasajeros, de los cuales 40 por ciento ser\u00edan personas que viajan por primera vez en avi\u00f3n, una promesa de la aerol\u00ednea para facilitar el acceso a este medio de transporte.<\/p>\n<p>El ejecutivo se\u00f1al\u00f3 que Volaris Costa Rica, divisi\u00f3n que conecta en Centroam\u00e9rica con El Salvador y Guatemala, estaba dejando de lado un importante mercado como lo es Honduras, por eso es el destino donde ahora operar\u00e1n.<\/p>\n<p>Beltranena dijo que cuando iniciaron los vuelos en esta regi\u00f3n, el tr\u00e1fico a\u00e9reo se duplic\u00f3. El compromiso que se firm\u00f3 con Honduras implica as\u00ed, no solo iniciar rutas sino unirse a la promoci\u00f3n del pa\u00eds.\u00a0\u00a0<a title=\"Volaris repite como aerol\u00ednea de bajo costo m\u00e1s segura de Latinoam\u00e9rica\" href=\"https:\/\/www.dev.nitu.mx\/index.php\/2021\/07\/28\/volaris-repite-como-aerolinea-de-bajo-costo-mas-segura-de-latinoamerica\/\" rel=\"bookmark\">(Volaris repite como aerol\u00ednea de bajo costo m\u00e1s segura de Latinoam\u00e9rica<\/a>).<\/p>\n","protected":false},"excerpt":{"rendered":"<p>Volaris capitalizar\u00e1 el potencial del mercado a\u00e9reo de Honduras al iniciar operaciones de su ruta de San Salvador a San Pedro Sula, que permitir\u00e1 conexiones a importantes ciudades, principalmente de Estados Unidos. La llegada de la aerol\u00ednea a este pa\u00eds centroamericano no solo favorecer\u00e1 su conectividad a\u00e9rea sino tambi\u00e9n la promoci\u00f3n tur\u00edstica, pues mediante la [&hellip;]<\/p>\n","protected":false},"author":18,"featured_media":54304,"comment_status":"open","ping_status":"open","sticky":false,"template":"","format":"standard","meta":{"footnotes":""},"categories":[29],"tags":[1996,435,1994,22602,131],"yoast_head":"<!-- This site is optimized with the Yoast SEO plugin v22.2 - https:\/\/yoast.com\/wordpress\/plugins\/seo\/ -->\n<title>Volaris llega a Honduras a incrementar conectividad y promoci\u00f3n - Nitu - Noticias de la Industria Turistica<\/title>\n<meta name=\"robots\" content=\"index, follow, max-snippet:-1, max-image-preview:large, max-video-preview:-1\" \/>\n<link rel=\"canonical\" href=\"https:\/\/nitu.mx\/index.php\/2021\/08\/01\/volaris-llega-a-honduras-a-incrementar-conectividad-y-promocion\/\" \/>\n<meta name=\"twitter:card\" content=\"summary_large_image\" \/>\n<meta name=\"twitter:title\" content=\"Volaris llega a Honduras a incrementar conectividad y promoci\u00f3n - Nitu - Noticias de la Industria Turistica\" \/>\n<meta name=\"twitter:description\" content=\"Volaris capitalizar\u00e1 el potencial del mercado a\u00e9reo de Honduras al iniciar operaciones de su ruta de San Salvador a San Pedro Sula, que permitir\u00e1 conexiones a importantes ciudades, principalmente de Estados Unidos. La llegada de la aerol\u00ednea a este pa\u00eds centroamericano no solo favorecer\u00e1 su conectividad a\u00e9rea sino tambi\u00e9n la promoci\u00f3n tur\u00edstica, pues mediante la [&hellip;]\" \/>\n<meta name=\"twitter:image\" content=\"https:\/\/nitu.mx\/wp-content\/uploads\/2021\/08\/Volaris-Honduras.jpg\" \/>\n<meta name=\"twitter:creator\" content=\"@NITUmx\" \/>\n<meta name=\"twitter:site\" content=\"@Arturo_Medina_G\" \/>\n<meta name=\"twitter:label1\" content=\"Escrito por\" \/>\n\t<meta name=\"twitter:data1\" content=\"Guadalupe Sixto\" \/>\n\t<meta name=\"twitter:label2\" content=\"Tiempo de lectura\" \/>\n\t<meta name=\"twitter:data2\" content=\"2 minutos\" \/>\n<script type=\"application\/ld+json\" class=\"yoast-schema-graph\">{\"@context\":\"https:\/\/schema.org\",\"@graph\":[{\"@type\":\"Article\",\"@id\":\"https:\/\/nitu.mx\/index.php\/2021\/08\/01\/volaris-llega-a-honduras-a-incrementar-conectividad-y-promocion\/#article\",\"isPartOf\":{\"@id\":\"https:\/\/nitu.mx\/index.php\/2021\/08\/01\/volaris-llega-a-honduras-a-incrementar-conectividad-y-promocion\/\"},\"author\":{\"name\":\"Guadalupe Sixto\",\"@id\":\"https:\/\/nitu.mx\/#\/schema\/person\/3df3082b5e46037e3f13614d28ee0b77\"},\"headline\":\"Volaris llega a Honduras a incrementar conectividad y promoci\u00f3n\",\"datePublished\":\"2021-08-01T18:48:26+00:00\",\"dateModified\":\"2021-08-02T05:06:08+00:00\",\"mainEntityOfPage\":{\"@id\":\"https:\/\/nitu.mx\/index.php\/2021\/08\/01\/volaris-llega-a-honduras-a-incrementar-conectividad-y-promocion\/\"},\"wordCount\":458,\"commentCount\":0,\"publisher\":{\"@id\":\"https:\/\/nitu.mx\/#\/schema\/person\/ae7a53426417292d3dd07b45a33e01bc\"},\"image\":{\"@id\":\"https:\/\/nitu.mx\/index.php\/2021\/08\/01\/volaris-llega-a-honduras-a-incrementar-conectividad-y-promocion\/#primaryimage\"},\"thumbnailUrl\":\"https:\/\/nitu.mx\/wp-content\/uploads\/2021\/08\/Volaris-Honduras.jpg\",\"keywords\":[\"El Salvador\",\"Enrique Beltranena\",\"Honduras\",\"Juan Orlando Hern\u00e1ndez\",\"Volaris\"],\"articleSection\":[\"Aerol\u00edneas\"],\"inLanguage\":\"es-MX\",\"potentialAction\":[{\"@type\":\"CommentAction\",\"name\":\"Comment\",\"target\":[\"https:\/\/nitu.mx\/index.php\/2021\/08\/01\/volaris-llega-a-honduras-a-incrementar-conectividad-y-promocion\/#respond\"]}]},{\"@type\":\"WebPage\",\"@id\":\"https:\/\/nitu.mx\/index.php\/2021\/08\/01\/volaris-llega-a-honduras-a-incrementar-conectividad-y-promocion\/\",\"url\":\"https:\/\/nitu.mx\/index.php\/2021\/08\/01\/volaris-llega-a-honduras-a-incrementar-conectividad-y-promocion\/\",\"name\":\"Volaris llega a Honduras a incrementar conectividad y promoci\u00f3n - Nitu - Noticias de la Industria Turistica\",\"isPartOf\":{\"@id\":\"https:\/\/nitu.mx\/#website\"},\"primaryImageOfPage\":{\"@id\":\"https:\/\/nitu.mx\/index.php\/2021\/08\/01\/volaris-llega-a-honduras-a-incrementar-conectividad-y-promocion\/#primaryimage\"},\"image\":{\"@id\":\"https:\/\/nitu.mx\/index.php\/2021\/08\/01\/volaris-llega-a-honduras-a-incrementar-conectividad-y-promocion\/#primaryimage\"},\"thumbnailUrl\":\"https:\/\/nitu.mx\/wp-content\/uploads\/2021\/08\/Volaris-Honduras.jpg\",\"datePublished\":\"2021-08-01T18:48:26+00:00\",\"dateModified\":\"2021-08-02T05:06:08+00:00\",\"breadcrumb\":{\"@id\":\"https:\/\/nitu.mx\/index.php\/2021\/08\/01\/volaris-llega-a-honduras-a-incrementar-conectividad-y-promocion\/#breadcrumb\"},\"inLanguage\":\"es-MX\",\"potentialAction\":[{\"@type\":\"ReadAction\",\"target\":[\"https:\/\/nitu.mx\/index.php\/2021\/08\/01\/volaris-llega-a-honduras-a-incrementar-conectividad-y-promocion\/\"]}]},{\"@type\":\"ImageObject\",\"inLanguage\":\"es-MX\",\"@id\":\"https:\/\/nitu.mx\/index.php\/2021\/08\/01\/volaris-llega-a-honduras-a-incrementar-conectividad-y-promocion\/#primaryimage\",\"url\":\"https:\/\/nitu.mx\/wp-content\/uploads\/2021\/08\/Volaris-Honduras.jpg\",\"contentUrl\":\"https:\/\/nitu.mx\/wp-content\/uploads\/2021\/08\/Volaris-Honduras.jpg\",\"width\":1200,\"height\":675,\"caption\":\"Volaris\"},{\"@type\":\"BreadcrumbList\",\"@id\":\"https:\/\/nitu.mx\/index.php\/2021\/08\/01\/volaris-llega-a-honduras-a-incrementar-conectividad-y-promocion\/#breadcrumb\",\"itemListElement\":[{\"@type\":\"ListItem\",\"position\":1,\"name\":\"Inicio\",\"item\":\"https:\/\/nitu.mx\/\"},{\"@type\":\"ListItem\",\"position\":2,\"name\":\"Volaris llega a Honduras a incrementar conectividad y promoci\u00f3n\"}]},{\"@type\":\"WebSite\",\"@id\":\"https:\/\/nitu.mx\/#website\",\"url\":\"https:\/\/nitu.mx\/\",\"name\":\"Nitu - Noticias de la Industria Turistica\",\"description\":\"Noticias de la Industria Turistica\",\"publisher\":{\"@id\":\"https:\/\/nitu.mx\/#\/schema\/person\/ae7a53426417292d3dd07b45a33e01bc\"},\"alternateName\":\"Noticias de la Industria Turistica\",\"potentialAction\":[{\"@type\":\"SearchAction\",\"target\":{\"@type\":\"EntryPoint\",\"urlTemplate\":\"https:\/\/nitu.mx\/?s={search_term_string}\"},\"query-input\":\"required name=search_term_string\"}],\"inLanguage\":\"es-MX\"},{\"@type\":[\"Person\",\"Organization\"],\"@id\":\"https:\/\/nitu.mx\/#\/schema\/person\/ae7a53426417292d3dd07b45a33e01bc\",\"name\":\"Arturo Medina\",\"image\":{\"@type\":\"ImageObject\",\"inLanguage\":\"es-MX\",\"@id\":\"https:\/\/nitu.mx\/#\/schema\/person\/image\/\",\"url\":\"https:\/\/nitu.mx\/wp-content\/uploads\/2024\/04\/4A315622-1904-4D5C-B022-878CDC840E04-90x90-1.jpeg\",\"contentUrl\":\"https:\/\/nitu.mx\/wp-content\/uploads\/2024\/04\/4A315622-1904-4D5C-B022-878CDC840E04-90x90-1.jpeg\",\"width\":90,\"height\":90,\"caption\":\"Arturo Medina\"},\"logo\":{\"@id\":\"https:\/\/nitu.mx\/#\/schema\/person\/image\/\"},\"description\":\"Director NITU.mx, Egresado de la Escuela de Periodismo Carlos Septi\u00e9n Garc\u00eda. Periodista y analista especializado en turismo desde hace 35 a\u00f1os, radicado en Canc\u00fan Q.Roo. arturo@nitu.mx\",\"sameAs\":[\"https:\/\/nitu.mx\",\"https:\/\/www.facebook.com\/NITUmx\/\",\"medinacancun\",\"https:\/\/twitter.com\/@Arturo_Medina_G\"]},{\"@type\":\"Person\",\"@id\":\"https:\/\/nitu.mx\/#\/schema\/person\/3df3082b5e46037e3f13614d28ee0b77\",\"name\":\"Guadalupe Sixto\",\"image\":{\"@type\":\"ImageObject\",\"inLanguage\":\"es-MX\",\"@id\":\"https:\/\/nitu.mx\/#\/schema\/person\/image\/\",\"url\":\"https:\/\/secure.gravatar.com\/avatar\/13914e1b0e1919e91f9539de4dc584c4?s=96&d=mm&r=g\",\"contentUrl\":\"https:\/\/secure.gravatar.com\/avatar\/13914e1b0e1919e91f9539de4dc584c4?s=96&d=mm&r=g\",\"caption\":\"Guadalupe Sixto\"},\"url\":\"https:\/\/nitu.mx\/index.php\/author\/gsixto\/\"}]}<\/script>\n<!-- \/ Yoast SEO plugin. -->","yoast_head_json":{"title":"Volaris llega a Honduras a incrementar conectividad y promoci\u00f3n - Nitu - Noticias de la Industria Turistica","robots":{"index":"index","follow":"follow","max-snippet":"max-snippet:-1","max-image-preview":"max-image-preview:large","max-video-preview":"max-video-preview:-1"},"canonical":"https:\/\/nitu.mx\/index.php\/2021\/08\/01\/volaris-llega-a-honduras-a-incrementar-conectividad-y-promocion\/","twitter_card":"summary_large_image","twitter_title":"Volaris llega a Honduras a incrementar conectividad y promoci\u00f3n - Nitu - Noticias de la Industria Turistica","twitter_description":"Volaris capitalizar\u00e1 el potencial del mercado a\u00e9reo de Honduras al iniciar operaciones de su ruta de San Salvador a San Pedro Sula, que permitir\u00e1 conexiones a importantes ciudades, principalmente de Estados Unidos. La llegada de la aerol\u00ednea a este pa\u00eds centroamericano no solo favorecer\u00e1 su conectividad a\u00e9rea sino tambi\u00e9n la promoci\u00f3n tur\u00edstica, pues mediante la [&hellip;]","twitter_image":"https:\/\/nitu.mx\/wp-content\/uploads\/2021\/08\/Volaris-Honduras.jpg","twitter_creator":"@NITUmx","twitter_site":"@Arturo_Medina_G","twitter_misc":{"Escrito por":"Guadalupe Sixto","Tiempo de lectura":"2 minutos"},"schema":{"@context":"https:\/\/schema.org","@graph":[{"@type":"Article","@id":"https:\/\/nitu.mx\/index.php\/2021\/08\/01\/volaris-llega-a-honduras-a-incrementar-conectividad-y-promocion\/#article","isPartOf":{"@id":"https:\/\/nitu.mx\/index.php\/2021\/08\/01\/volaris-llega-a-honduras-a-incrementar-conectividad-y-promocion\/"},"author":{"name":"Guadalupe Sixto","@id":"https:\/\/nitu.mx\/#\/schema\/person\/3df3082b5e46037e3f13614d28ee0b77"},"headline":"Volaris llega a Honduras a incrementar conectividad y promoci\u00f3n","datePublished":"2021-08-01T18:48:26+00:00","dateModified":"2021-08-02T05:06:08+00:00","mainEntityOfPage":{"@id":"https:\/\/nitu.mx\/index.php\/2021\/08\/01\/volaris-llega-a-honduras-a-incrementar-conectividad-y-promocion\/"},"wordCount":458,"commentCount":0,"publisher":{"@id":"https:\/\/nitu.mx\/#\/schema\/person\/ae7a53426417292d3dd07b45a33e01bc"},"image":{"@id":"https:\/\/nitu.mx\/index.php\/2021\/08\/01\/volaris-llega-a-honduras-a-incrementar-conectividad-y-promocion\/#primaryimage"},"thumbnailUrl":"https:\/\/nitu.mx\/wp-content\/uploads\/2021\/08\/Volaris-Honduras.jpg","keywords":["El Salvador","Enrique Beltranena","Honduras","Juan Orlando Hern\u00e1ndez","Volaris"],"articleSection":["Aerol\u00edneas"],"inLanguage":"es-MX","potentialAction":[{"@type":"CommentAction","name":"Comment","target":["https:\/\/nitu.mx\/index.php\/2021\/08\/01\/volaris-llega-a-honduras-a-incrementar-conectividad-y-promocion\/#respond"]}]},{"@type":"WebPage","@id":"https:\/\/nitu.mx\/index.php\/2021\/08\/01\/volaris-llega-a-honduras-a-incrementar-conectividad-y-promocion\/","url":"https:\/\/nitu.mx\/index.php\/2021\/08\/01\/volaris-llega-a-honduras-a-incrementar-conectividad-y-promocion\/","name":"Volaris llega a Honduras a incrementar conectividad y promoci\u00f3n - Nitu - Noticias de la Industria Turistica","isPartOf":{"@id":"https:\/\/nitu.mx\/#website"},"primaryImageOfPage":{"@id":"https:\/\/nitu.mx\/index.php\/2021\/08\/01\/volaris-llega-a-honduras-a-incrementar-conectividad-y-promocion\/#primaryimage"},"image":{"@id":"https:\/\/nitu.mx\/index.php\/2021\/08\/01\/volaris-llega-a-honduras-a-incrementar-conectividad-y-promocion\/#primaryimage"},"thumbnailUrl":"https:\/\/nitu.mx\/wp-content\/uploads\/2021\/08\/Volaris-Honduras.jpg","datePublished":"2021-08-01T18:48:26+00:00","dateModified":"2021-08-02T05:06:08+00:00","breadcrumb":{"@id":"https:\/\/nitu.mx\/index.php\/2021\/08\/01\/volaris-llega-a-honduras-a-incrementar-conectividad-y-promocion\/#breadcrumb"},"inLanguage":"es-MX","potentialAction":[{"@type":"ReadAction","target":["https:\/\/nitu.mx\/index.php\/2021\/08\/01\/volaris-llega-a-honduras-a-incrementar-conectividad-y-promocion\/"]}]},{"@type":"ImageObject","inLanguage":"es-MX","@id":"https:\/\/nitu.mx\/index.php\/2021\/08\/01\/volaris-llega-a-honduras-a-incrementar-conectividad-y-promocion\/#primaryimage","url":"https:\/\/nitu.mx\/wp-content\/uploads\/2021\/08\/Volaris-Honduras.jpg","contentUrl":"https:\/\/nitu.mx\/wp-content\/uploads\/2021\/08\/Volaris-Honduras.jpg","width":1200,"height":675,"caption":"Volaris"},{"@type":"BreadcrumbList","@id":"https:\/\/nitu.mx\/index.php\/2021\/08\/01\/volaris-llega-a-honduras-a-incrementar-conectividad-y-promocion\/#breadcrumb","itemListElement":[{"@type":"ListItem","position":1,"name":"Inicio","item":"https:\/\/nitu.mx\/"},{"@type":"ListItem","position":2,"name":"Volaris llega a Honduras a incrementar conectividad y promoci\u00f3n"}]},{"@type":"WebSite","@id":"https:\/\/nitu.mx\/#website","url":"https:\/\/nitu.mx\/","name":"Nitu - Noticias de la Industria Turistica","description":"Noticias de la Industria Turistica","publisher":{"@id":"https:\/\/nitu.mx\/#\/schema\/person\/ae7a53426417292d3dd07b45a33e01bc"},"alternateName":"Noticias de la Industria Turistica","potentialAction":[{"@type":"SearchAction","target":{"@type":"EntryPoint","urlTemplate":"https:\/\/nitu.mx\/?s={search_term_string}"},"query-input":"required name=search_term_string"}],"inLanguage":"es-MX"},{"@type":["Person","Organization"],"@id":"https:\/\/nitu.mx\/#\/schema\/person\/ae7a53426417292d3dd07b45a33e01bc","name":"Arturo Medina","image":{"@type":"ImageObject","inLanguage":"es-MX","@id":"https:\/\/nitu.mx\/#\/schema\/person\/image\/","url":"https:\/\/nitu.mx\/wp-content\/uploads\/2024\/04\/4A315622-1904-4D5C-B022-878CDC840E04-90x90-1.jpeg","contentUrl":"https:\/\/nitu.mx\/wp-content\/uploads\/2024\/04\/4A315622-1904-4D5C-B022-878CDC840E04-90x90-1.jpeg","width":90,"height":90,"caption":"Arturo Medina"},"logo":{"@id":"https:\/\/nitu.mx\/#\/schema\/person\/image\/"},"description":"Director NITU.mx, Egresado de la Escuela de Periodismo Carlos Septi\u00e9n Garc\u00eda. Periodista y analista especializado en turismo desde hace 35 a\u00f1os, radicado en Canc\u00fan Q.Roo. arturo@nitu.mx","sameAs":["https:\/\/nitu.mx","https:\/\/www.facebook.com\/NITUmx\/","medinacancun","https:\/\/twitter.com\/@Arturo_Medina_G"]},{"@type":"Person","@id":"https:\/\/nitu.mx\/#\/schema\/person\/3df3082b5e46037e3f13614d28ee0b77","name":"Guadalupe Sixto","image":{"@type":"ImageObject","inLanguage":"es-MX","@id":"https:\/\/nitu.mx\/#\/schema\/person\/image\/","url":"https:\/\/secure.gravatar.com\/avatar\/13914e1b0e1919e91f9539de4dc584c4?s=96&d=mm&r=g","contentUrl":"https:\/\/secure.gravatar.com\/avatar\/13914e1b0e1919e91f9539de4dc584c4?s=96&d=mm&r=g","caption":"Guadalupe Sixto"},"url":"https:\/\/nitu.mx\/index.php\/author\/gsixto\/"}]}},"views":279,"_links":{"self":[{"href":"https:\/\/nitu.mx\/index.php\/wp-json\/wp\/v2\/posts\/54299"}],"collection":[{"href":"https:\/\/nitu.mx\/index.php\/wp-json\/wp\/v2\/posts"}],"about":[{"href":"https:\/\/nitu.mx\/index.php\/wp-json\/wp\/v2\/types\/post"}],"author":[{"embeddable":true,"href":"https:\/\/nitu.mx\/index.php\/wp-json\/wp\/v2\/users\/18"}],"replies":[{"embeddable":true,"href":"https:\/\/nitu.mx\/index.php\/wp-json\/wp\/v2\/comments?post=54299"}],"version-history":[{"count":2,"href":"https:\/\/nitu.mx\/index.php\/wp-json\/wp\/v2\/posts\/54299\/revisions"}],"predecessor-version":[{"id":54301,"href":"https:\/\/nitu.mx\/index.php\/wp-json\/wp\/v2\/posts\/54299\/revisions\/54301"}],"wp:featuredmedia":[{"embeddable":true,"href":"https:\/\/nitu.mx\/index.php\/wp-json\/wp\/v2\/media\/54304"}],"wp:attachment":[{"href":"https:\/\/nitu.mx\/index.php\/wp-json\/wp\/v2\/media?parent=54299"}],"wp:term":[{"taxonomy":"category","embeddable":true,"href":"https:\/\/nitu.mx\/index.php\/wp-json\/wp\/v2\/categories?post=54299"},{"taxonomy":"post_tag","embeddable":true,"href":"https:\/\/nitu.mx\/index.php\/wp-json\/wp\/v2\/tags?post=54299"}],"curies":[{"name":"wp","href":"https:\/\/api.w.org\/{rel}","templated":true}]}}