{"id":54283,"date":"2021-07-29T19:57:22","date_gmt":"2021-07-30T00:57:22","guid":{"rendered":"https:\/\/www.dev.nitu.mx\/?p=54283"},"modified":"2021-07-30T00:12:33","modified_gmt":"2021-07-30T05:12:33","slug":"air-canada-ampliara-conectividad-hacia-cancun-y-cdmx","status":"publish","type":"post","link":"https:\/\/nitu.mx\/index.php\/2021\/07\/29\/air-canada-ampliara-conectividad-hacia-cancun-y-cdmx\/","title":{"rendered":"Air Canada ampliar\u00e1 conectividad hacia Canc\u00fan y CDMX"},"content":{"rendered":"<p>Con la reapertura de la frontera de Canad\u00e1 al turismo internacional a partir del pr\u00f3ximo 7 de septiembre, Air Canada actualiz\u00f3 sus itinerarios de vuelos hacia nuestro pa\u00eds que contemplan m\u00e1s conexiones a Canc\u00fan y Ciudad de M\u00e9xico.<\/p>\n<p>A partir del 4 de diciembre, la aerol\u00ednea canadiense volar\u00e1 del Aeropuerto Internacional Jean Lesage en Quebec a Canc\u00fan con dos frecuencias semanales, ahora que las restricciones de viaje han disminuido.<\/p>\n<p>Desde esta ciudad volar\u00e1 tambi\u00e9n a Punta Cana, Orlando y Fort Lauderdale. &#8220;Estamos muy contentos de lanzar dos nuevas rutas a\u00a0Florida\u00a0desde la ciudad de Quebec, una novedad para Air Canada&#8221;, dijo Mark Galardo, vicepresidente senior de Planificaci\u00f3n de Redes y gesti\u00f3n de ingresos en Air Canada.<\/p>\n<p>&#8220;Punta Cana\u00a0y\u00a0Canc\u00fan\u00a0tambi\u00e9n se encuentran entre los destinos tropicales m\u00e1s populares, y estamos felices de poder traer de regreso estas conexiones\u201d, agreg\u00f3.<\/p>\n<p>Air Canada tambi\u00e9n conectar\u00e1 Ciudad de M\u00e9xico con Toronto, con dos vuelos diarios, a Montreal volar\u00e1 tres frecuencias a la semana y hacia Vancouver operar\u00e1 cuatro cinco vuelos por semana.<\/p>\n<p>La flexibilizaci\u00f3n de las restricciones permite a los extranjeros que hayan sido completamente inmunizados con las vacunas aceptadas por el gobierno de Canad\u00e1 (Moderna, Pfizer, AstraZeneca y J&amp;J) al menos 14 d\u00edas antes y que cumplan los requisitos espec\u00edficos de entrada para poder ingresar a Canad\u00e1 en viajes no esenciales.<\/p>\n<p>\u201cCon los ciudadanos mexicanos deseosos de viajar de nuevo a Canad\u00e1, estamos listos para reunir a los clientes con sus familias y amigos. Nuestros vuelos desde la Ciudad de M\u00e9xico a Vancouver, Toronto y Montreal conectan convenientemente con nuestras rutas a trav\u00e9s de Canad\u00e1 y Estados Unidos\u201d, dijo Luis Noriega, director de Ventas para Am\u00e9rica Latina y el Caribe de Air Canada.<\/p>\n<p>La nueva pol\u00edtica de reembolso de la aerol\u00ednea se aplica a todos los boletos comprados, \u00a0yofrece a los clientes la opci\u00f3n de un reembolso completo a la forma de pago original, un bono de viaje de Air Canada o el valor equivalente en puntos Aeroplan con una bonificaci\u00f3n de 65% en caso de que la compa\u00f1\u00eda cancele o reprograme un vuelo por m\u00e1s de tres horas.\u00a0<a title=\"Empieza Air Canada su regreso recontratando a m\u00e1s de 2 mil 600 empleados\" href=\"https:\/\/www.dev.nitu.mx\/index.php\/2021\/06\/13\/empieza-air-canada-su-regreso-recontratando-a-mas-de-2-mil-600-empleados\/\" rel=\"bookmark\">(Empieza Air Canada su regreso recontratando a m\u00e1s de 2 mil 600 empleados<\/a>).<\/p>\n","protected":false},"excerpt":{"rendered":"<p>Con la reapertura de la frontera de Canad\u00e1 al turismo internacional a partir del pr\u00f3ximo 7 de septiembre, Air Canada actualiz\u00f3 sus itinerarios de vuelos hacia nuestro pa\u00eds que contemplan m\u00e1s conexiones a Canc\u00fan y Ciudad de M\u00e9xico. A partir del 4 de diciembre, la aerol\u00ednea canadiense volar\u00e1 del Aeropuerto Internacional Jean Lesage en Quebec [&hellip;]<\/p>\n","protected":false},"author":18,"featured_media":39320,"comment_status":"open","ping_status":"open","sticky":false,"template":"","format":"standard","meta":{"footnotes":""},"categories":[29],"tags":[1700,43,587,1701,1190,1053,1052,1436],"yoast_head":"<!-- This site is optimized with the Yoast SEO plugin v22.2 - https:\/\/yoast.com\/wordpress\/plugins\/seo\/ -->\n<title>Air Canada ampliar\u00e1 conectividad hacia Canc\u00fan y CDMX - Nitu - Noticias de la Industria Turistica<\/title>\n<meta name=\"robots\" content=\"index, follow, max-snippet:-1, max-image-preview:large, max-video-preview:-1\" \/>\n<link rel=\"canonical\" href=\"https:\/\/nitu.mx\/index.php\/2021\/07\/29\/air-canada-ampliara-conectividad-hacia-cancun-y-cdmx\/\" \/>\n<meta name=\"twitter:card\" content=\"summary_large_image\" \/>\n<meta name=\"twitter:title\" content=\"Air Canada ampliar\u00e1 conectividad hacia Canc\u00fan y CDMX - Nitu - Noticias de la Industria Turistica\" \/>\n<meta name=\"twitter:description\" content=\"Con la reapertura de la frontera de Canad\u00e1 al turismo internacional a partir del pr\u00f3ximo 7 de septiembre, Air Canada actualiz\u00f3 sus itinerarios de vuelos hacia nuestro pa\u00eds que contemplan m\u00e1s conexiones a Canc\u00fan y Ciudad de M\u00e9xico. A partir del 4 de diciembre, la aerol\u00ednea canadiense volar\u00e1 del Aeropuerto Internacional Jean Lesage en Quebec [&hellip;]\" \/>\n<meta name=\"twitter:image\" content=\"https:\/\/nitu.mx\/wp-content\/uploads\/2020\/01\/Air-Canada-737-MAX.jpg\" \/>\n<meta name=\"twitter:creator\" content=\"@NITUmx\" \/>\n<meta name=\"twitter:site\" content=\"@Arturo_Medina_G\" \/>\n<meta name=\"twitter:label1\" content=\"Escrito por\" \/>\n\t<meta name=\"twitter:data1\" content=\"Guadalupe Sixto\" \/>\n\t<meta name=\"twitter:label2\" content=\"Tiempo de lectura\" \/>\n\t<meta name=\"twitter:data2\" content=\"2 minutos\" \/>\n<script type=\"application\/ld+json\" class=\"yoast-schema-graph\">{\"@context\":\"https:\/\/schema.org\",\"@graph\":[{\"@type\":\"Article\",\"@id\":\"https:\/\/nitu.mx\/index.php\/2021\/07\/29\/air-canada-ampliara-conectividad-hacia-cancun-y-cdmx\/#article\",\"isPartOf\":{\"@id\":\"https:\/\/nitu.mx\/index.php\/2021\/07\/29\/air-canada-ampliara-conectividad-hacia-cancun-y-cdmx\/\"},\"author\":{\"name\":\"Guadalupe Sixto\",\"@id\":\"https:\/\/nitu.mx\/#\/schema\/person\/3df3082b5e46037e3f13614d28ee0b77\"},\"headline\":\"Air Canada ampliar\u00e1 conectividad hacia Canc\u00fan y CDMX\",\"datePublished\":\"2021-07-30T00:57:22+00:00\",\"dateModified\":\"2021-07-30T05:12:33+00:00\",\"mainEntityOfPage\":{\"@id\":\"https:\/\/nitu.mx\/index.php\/2021\/07\/29\/air-canada-ampliara-conectividad-hacia-cancun-y-cdmx\/\"},\"wordCount\":395,\"commentCount\":0,\"publisher\":{\"@id\":\"https:\/\/nitu.mx\/#\/schema\/person\/ae7a53426417292d3dd07b45a33e01bc\"},\"image\":{\"@id\":\"https:\/\/nitu.mx\/index.php\/2021\/07\/29\/air-canada-ampliara-conectividad-hacia-cancun-y-cdmx\/#primaryimage\"},\"thumbnailUrl\":\"https:\/\/nitu.mx\/wp-content\/uploads\/2020\/01\/Air-Canada-737-MAX.jpg\",\"keywords\":[\"Air Canada\",\"Canc\u00fan\",\"CDMX\",\"Luis Noriega\",\"Montreal\",\"Quebec\",\"Toronto\",\"Vancouver\"],\"articleSection\":[\"Aerol\u00edneas\"],\"inLanguage\":\"es-MX\",\"potentialAction\":[{\"@type\":\"CommentAction\",\"name\":\"Comment\",\"target\":[\"https:\/\/nitu.mx\/index.php\/2021\/07\/29\/air-canada-ampliara-conectividad-hacia-cancun-y-cdmx\/#respond\"]}]},{\"@type\":\"WebPage\",\"@id\":\"https:\/\/nitu.mx\/index.php\/2021\/07\/29\/air-canada-ampliara-conectividad-hacia-cancun-y-cdmx\/\",\"url\":\"https:\/\/nitu.mx\/index.php\/2021\/07\/29\/air-canada-ampliara-conectividad-hacia-cancun-y-cdmx\/\",\"name\":\"Air Canada ampliar\u00e1 conectividad hacia Canc\u00fan y CDMX - Nitu - Noticias de la Industria Turistica\",\"isPartOf\":{\"@id\":\"https:\/\/nitu.mx\/#website\"},\"primaryImageOfPage\":{\"@id\":\"https:\/\/nitu.mx\/index.php\/2021\/07\/29\/air-canada-ampliara-conectividad-hacia-cancun-y-cdmx\/#primaryimage\"},\"image\":{\"@id\":\"https:\/\/nitu.mx\/index.php\/2021\/07\/29\/air-canada-ampliara-conectividad-hacia-cancun-y-cdmx\/#primaryimage\"},\"thumbnailUrl\":\"https:\/\/nitu.mx\/wp-content\/uploads\/2020\/01\/Air-Canada-737-MAX.jpg\",\"datePublished\":\"2021-07-30T00:57:22+00:00\",\"dateModified\":\"2021-07-30T05:12:33+00:00\",\"breadcrumb\":{\"@id\":\"https:\/\/nitu.mx\/index.php\/2021\/07\/29\/air-canada-ampliara-conectividad-hacia-cancun-y-cdmx\/#breadcrumb\"},\"inLanguage\":\"es-MX\",\"potentialAction\":[{\"@type\":\"ReadAction\",\"target\":[\"https:\/\/nitu.mx\/index.php\/2021\/07\/29\/air-canada-ampliara-conectividad-hacia-cancun-y-cdmx\/\"]}]},{\"@type\":\"ImageObject\",\"inLanguage\":\"es-MX\",\"@id\":\"https:\/\/nitu.mx\/index.php\/2021\/07\/29\/air-canada-ampliara-conectividad-hacia-cancun-y-cdmx\/#primaryimage\",\"url\":\"https:\/\/nitu.mx\/wp-content\/uploads\/2020\/01\/Air-Canada-737-MAX.jpg\",\"contentUrl\":\"https:\/\/nitu.mx\/wp-content\/uploads\/2020\/01\/Air-Canada-737-MAX.jpg\",\"width\":850,\"height\":480,\"caption\":\"Air Canada 737 MAX\"},{\"@type\":\"BreadcrumbList\",\"@id\":\"https:\/\/nitu.mx\/index.php\/2021\/07\/29\/air-canada-ampliara-conectividad-hacia-cancun-y-cdmx\/#breadcrumb\",\"itemListElement\":[{\"@type\":\"ListItem\",\"position\":1,\"name\":\"Inicio\",\"item\":\"https:\/\/nitu.mx\/\"},{\"@type\":\"ListItem\",\"position\":2,\"name\":\"Air Canada ampliar\u00e1 conectividad hacia Canc\u00fan y CDMX\"}]},{\"@type\":\"WebSite\",\"@id\":\"https:\/\/nitu.mx\/#website\",\"url\":\"https:\/\/nitu.mx\/\",\"name\":\"Nitu - Noticias de la Industria Turistica\",\"description\":\"Noticias de la Industria Turistica\",\"publisher\":{\"@id\":\"https:\/\/nitu.mx\/#\/schema\/person\/ae7a53426417292d3dd07b45a33e01bc\"},\"alternateName\":\"Noticias de la Industria Turistica\",\"potentialAction\":[{\"@type\":\"SearchAction\",\"target\":{\"@type\":\"EntryPoint\",\"urlTemplate\":\"https:\/\/nitu.mx\/?s={search_term_string}\"},\"query-input\":\"required name=search_term_string\"}],\"inLanguage\":\"es-MX\"},{\"@type\":[\"Person\",\"Organization\"],\"@id\":\"https:\/\/nitu.mx\/#\/schema\/person\/ae7a53426417292d3dd07b45a33e01bc\",\"name\":\"Arturo Medina\",\"image\":{\"@type\":\"ImageObject\",\"inLanguage\":\"es-MX\",\"@id\":\"https:\/\/nitu.mx\/#\/schema\/person\/image\/\",\"url\":\"https:\/\/nitu.mx\/wp-content\/uploads\/2024\/04\/4A315622-1904-4D5C-B022-878CDC840E04-90x90-1.jpeg\",\"contentUrl\":\"https:\/\/nitu.mx\/wp-content\/uploads\/2024\/04\/4A315622-1904-4D5C-B022-878CDC840E04-90x90-1.jpeg\",\"width\":90,\"height\":90,\"caption\":\"Arturo Medina\"},\"logo\":{\"@id\":\"https:\/\/nitu.mx\/#\/schema\/person\/image\/\"},\"description\":\"Director NITU.mx, Egresado de la Escuela de Periodismo Carlos Septi\u00e9n Garc\u00eda. Periodista y analista especializado en turismo desde hace 35 a\u00f1os, radicado en Canc\u00fan Q.Roo. arturo@nitu.mx\",\"sameAs\":[\"https:\/\/nitu.mx\",\"https:\/\/www.facebook.com\/NITUmx\/\",\"medinacancun\",\"https:\/\/twitter.com\/@Arturo_Medina_G\"]},{\"@type\":\"Person\",\"@id\":\"https:\/\/nitu.mx\/#\/schema\/person\/3df3082b5e46037e3f13614d28ee0b77\",\"name\":\"Guadalupe Sixto\",\"image\":{\"@type\":\"ImageObject\",\"inLanguage\":\"es-MX\",\"@id\":\"https:\/\/nitu.mx\/#\/schema\/person\/image\/\",\"url\":\"https:\/\/secure.gravatar.com\/avatar\/13914e1b0e1919e91f9539de4dc584c4?s=96&d=mm&r=g\",\"contentUrl\":\"https:\/\/secure.gravatar.com\/avatar\/13914e1b0e1919e91f9539de4dc584c4?s=96&d=mm&r=g\",\"caption\":\"Guadalupe Sixto\"},\"url\":\"https:\/\/nitu.mx\/index.php\/author\/gsixto\/\"}]}<\/script>\n<!-- \/ Yoast SEO plugin. -->","yoast_head_json":{"title":"Air Canada ampliar\u00e1 conectividad hacia Canc\u00fan y CDMX - Nitu - Noticias de la Industria Turistica","robots":{"index":"index","follow":"follow","max-snippet":"max-snippet:-1","max-image-preview":"max-image-preview:large","max-video-preview":"max-video-preview:-1"},"canonical":"https:\/\/nitu.mx\/index.php\/2021\/07\/29\/air-canada-ampliara-conectividad-hacia-cancun-y-cdmx\/","twitter_card":"summary_large_image","twitter_title":"Air Canada ampliar\u00e1 conectividad hacia Canc\u00fan y CDMX - Nitu - Noticias de la Industria Turistica","twitter_description":"Con la reapertura de la frontera de Canad\u00e1 al turismo internacional a partir del pr\u00f3ximo 7 de septiembre, Air Canada actualiz\u00f3 sus itinerarios de vuelos hacia nuestro pa\u00eds que contemplan m\u00e1s conexiones a Canc\u00fan y Ciudad de M\u00e9xico. A partir del 4 de diciembre, la aerol\u00ednea canadiense volar\u00e1 del Aeropuerto Internacional Jean Lesage en Quebec [&hellip;]","twitter_image":"https:\/\/nitu.mx\/wp-content\/uploads\/2020\/01\/Air-Canada-737-MAX.jpg","twitter_creator":"@NITUmx","twitter_site":"@Arturo_Medina_G","twitter_misc":{"Escrito por":"Guadalupe Sixto","Tiempo de lectura":"2 minutos"},"schema":{"@context":"https:\/\/schema.org","@graph":[{"@type":"Article","@id":"https:\/\/nitu.mx\/index.php\/2021\/07\/29\/air-canada-ampliara-conectividad-hacia-cancun-y-cdmx\/#article","isPartOf":{"@id":"https:\/\/nitu.mx\/index.php\/2021\/07\/29\/air-canada-ampliara-conectividad-hacia-cancun-y-cdmx\/"},"author":{"name":"Guadalupe Sixto","@id":"https:\/\/nitu.mx\/#\/schema\/person\/3df3082b5e46037e3f13614d28ee0b77"},"headline":"Air Canada ampliar\u00e1 conectividad hacia Canc\u00fan y CDMX","datePublished":"2021-07-30T00:57:22+00:00","dateModified":"2021-07-30T05:12:33+00:00","mainEntityOfPage":{"@id":"https:\/\/nitu.mx\/index.php\/2021\/07\/29\/air-canada-ampliara-conectividad-hacia-cancun-y-cdmx\/"},"wordCount":395,"commentCount":0,"publisher":{"@id":"https:\/\/nitu.mx\/#\/schema\/person\/ae7a53426417292d3dd07b45a33e01bc"},"image":{"@id":"https:\/\/nitu.mx\/index.php\/2021\/07\/29\/air-canada-ampliara-conectividad-hacia-cancun-y-cdmx\/#primaryimage"},"thumbnailUrl":"https:\/\/nitu.mx\/wp-content\/uploads\/2020\/01\/Air-Canada-737-MAX.jpg","keywords":["Air Canada","Canc\u00fan","CDMX","Luis Noriega","Montreal","Quebec","Toronto","Vancouver"],"articleSection":["Aerol\u00edneas"],"inLanguage":"es-MX","potentialAction":[{"@type":"CommentAction","name":"Comment","target":["https:\/\/nitu.mx\/index.php\/2021\/07\/29\/air-canada-ampliara-conectividad-hacia-cancun-y-cdmx\/#respond"]}]},{"@type":"WebPage","@id":"https:\/\/nitu.mx\/index.php\/2021\/07\/29\/air-canada-ampliara-conectividad-hacia-cancun-y-cdmx\/","url":"https:\/\/nitu.mx\/index.php\/2021\/07\/29\/air-canada-ampliara-conectividad-hacia-cancun-y-cdmx\/","name":"Air Canada ampliar\u00e1 conectividad hacia Canc\u00fan y CDMX - Nitu - Noticias de la Industria Turistica","isPartOf":{"@id":"https:\/\/nitu.mx\/#website"},"primaryImageOfPage":{"@id":"https:\/\/nitu.mx\/index.php\/2021\/07\/29\/air-canada-ampliara-conectividad-hacia-cancun-y-cdmx\/#primaryimage"},"image":{"@id":"https:\/\/nitu.mx\/index.php\/2021\/07\/29\/air-canada-ampliara-conectividad-hacia-cancun-y-cdmx\/#primaryimage"},"thumbnailUrl":"https:\/\/nitu.mx\/wp-content\/uploads\/2020\/01\/Air-Canada-737-MAX.jpg","datePublished":"2021-07-30T00:57:22+00:00","dateModified":"2021-07-30T05:12:33+00:00","breadcrumb":{"@id":"https:\/\/nitu.mx\/index.php\/2021\/07\/29\/air-canada-ampliara-conectividad-hacia-cancun-y-cdmx\/#breadcrumb"},"inLanguage":"es-MX","potentialAction":[{"@type":"ReadAction","target":["https:\/\/nitu.mx\/index.php\/2021\/07\/29\/air-canada-ampliara-conectividad-hacia-cancun-y-cdmx\/"]}]},{"@type":"ImageObject","inLanguage":"es-MX","@id":"https:\/\/nitu.mx\/index.php\/2021\/07\/29\/air-canada-ampliara-conectividad-hacia-cancun-y-cdmx\/#primaryimage","url":"https:\/\/nitu.mx\/wp-content\/uploads\/2020\/01\/Air-Canada-737-MAX.jpg","contentUrl":"https:\/\/nitu.mx\/wp-content\/uploads\/2020\/01\/Air-Canada-737-MAX.jpg","width":850,"height":480,"caption":"Air Canada 737 MAX"},{"@type":"BreadcrumbList","@id":"https:\/\/nitu.mx\/index.php\/2021\/07\/29\/air-canada-ampliara-conectividad-hacia-cancun-y-cdmx\/#breadcrumb","itemListElement":[{"@type":"ListItem","position":1,"name":"Inicio","item":"https:\/\/nitu.mx\/"},{"@type":"ListItem","position":2,"name":"Air Canada ampliar\u00e1 conectividad hacia Canc\u00fan y CDMX"}]},{"@type":"WebSite","@id":"https:\/\/nitu.mx\/#website","url":"https:\/\/nitu.mx\/","name":"Nitu - Noticias de la Industria Turistica","description":"Noticias de la Industria Turistica","publisher":{"@id":"https:\/\/nitu.mx\/#\/schema\/person\/ae7a53426417292d3dd07b45a33e01bc"},"alternateName":"Noticias de la Industria Turistica","potentialAction":[{"@type":"SearchAction","target":{"@type":"EntryPoint","urlTemplate":"https:\/\/nitu.mx\/?s={search_term_string}"},"query-input":"required name=search_term_string"}],"inLanguage":"es-MX"},{"@type":["Person","Organization"],"@id":"https:\/\/nitu.mx\/#\/schema\/person\/ae7a53426417292d3dd07b45a33e01bc","name":"Arturo Medina","image":{"@type":"ImageObject","inLanguage":"es-MX","@id":"https:\/\/nitu.mx\/#\/schema\/person\/image\/","url":"https:\/\/nitu.mx\/wp-content\/uploads\/2024\/04\/4A315622-1904-4D5C-B022-878CDC840E04-90x90-1.jpeg","contentUrl":"https:\/\/nitu.mx\/wp-content\/uploads\/2024\/04\/4A315622-1904-4D5C-B022-878CDC840E04-90x90-1.jpeg","width":90,"height":90,"caption":"Arturo Medina"},"logo":{"@id":"https:\/\/nitu.mx\/#\/schema\/person\/image\/"},"description":"Director NITU.mx, Egresado de la Escuela de Periodismo Carlos Septi\u00e9n Garc\u00eda. Periodista y analista especializado en turismo desde hace 35 a\u00f1os, radicado en Canc\u00fan Q.Roo. arturo@nitu.mx","sameAs":["https:\/\/nitu.mx","https:\/\/www.facebook.com\/NITUmx\/","medinacancun","https:\/\/twitter.com\/@Arturo_Medina_G"]},{"@type":"Person","@id":"https:\/\/nitu.mx\/#\/schema\/person\/3df3082b5e46037e3f13614d28ee0b77","name":"Guadalupe Sixto","image":{"@type":"ImageObject","inLanguage":"es-MX","@id":"https:\/\/nitu.mx\/#\/schema\/person\/image\/","url":"https:\/\/secure.gravatar.com\/avatar\/13914e1b0e1919e91f9539de4dc584c4?s=96&d=mm&r=g","contentUrl":"https:\/\/secure.gravatar.com\/avatar\/13914e1b0e1919e91f9539de4dc584c4?s=96&d=mm&r=g","caption":"Guadalupe Sixto"},"url":"https:\/\/nitu.mx\/index.php\/author\/gsixto\/"}]}},"views":1235,"_links":{"self":[{"href":"https:\/\/nitu.mx\/index.php\/wp-json\/wp\/v2\/posts\/54283"}],"collection":[{"href":"https:\/\/nitu.mx\/index.php\/wp-json\/wp\/v2\/posts"}],"about":[{"href":"https:\/\/nitu.mx\/index.php\/wp-json\/wp\/v2\/types\/post"}],"author":[{"embeddable":true,"href":"https:\/\/nitu.mx\/index.php\/wp-json\/wp\/v2\/users\/18"}],"replies":[{"embeddable":true,"href":"https:\/\/nitu.mx\/index.php\/wp-json\/wp\/v2\/comments?post=54283"}],"version-history":[{"count":3,"href":"https:\/\/nitu.mx\/index.php\/wp-json\/wp\/v2\/posts\/54283\/revisions"}],"predecessor-version":[{"id":54286,"href":"https:\/\/nitu.mx\/index.php\/wp-json\/wp\/v2\/posts\/54283\/revisions\/54286"}],"wp:featuredmedia":[{"embeddable":true,"href":"https:\/\/nitu.mx\/index.php\/wp-json\/wp\/v2\/media\/39320"}],"wp:attachment":[{"href":"https:\/\/nitu.mx\/index.php\/wp-json\/wp\/v2\/media?parent=54283"}],"wp:term":[{"taxonomy":"category","embeddable":true,"href":"https:\/\/nitu.mx\/index.php\/wp-json\/wp\/v2\/categories?post=54283"},{"taxonomy":"post_tag","embeddable":true,"href":"https:\/\/nitu.mx\/index.php\/wp-json\/wp\/v2\/tags?post=54283"}],"curies":[{"name":"wp","href":"https:\/\/api.w.org\/{rel}","templated":true}]}}