{"id":53993,"date":"2021-07-15T23:45:42","date_gmt":"2021-07-16T04:45:42","guid":{"rendered":"https:\/\/www.dev.nitu.mx\/?p=53993"},"modified":"2021-07-16T00:02:49","modified_gmt":"2021-07-16T05:02:49","slug":"hay-4-interesados-en-mexicana-de-aviacion","status":"publish","type":"post","link":"https:\/\/nitu.mx\/index.php\/2021\/07\/15\/hay-4-interesados-en-mexicana-de-aviacion\/","title":{"rendered":"Hay 4 interesados en Mexicana de Aviaci\u00f3n"},"content":{"rendered":"<p>La empresa China Southern Airlines y otros tres grupos de inversionistas est\u00e1n interesados en revivir a Mexicana de Aviaci\u00f3n, por lo que esta semana los empleados se reunir\u00e1n con el gobierno para presentar los planes respectivos, inform\u00f3 Fausto Guerrero, presidente de la Asociaci\u00f3n de Jubilados, Trabajadores y Extrabajadores de la Aviaci\u00f3n Mexicana (Ajteam).<\/p>\n<p>En conferencia se\u00f1al\u00f3 que a pesar de contar con propuestas, primero se debe solucionar el pasivo laboral que ascienden a 9 mil millones de pesos, pues al no haber una respuesta al respecto se frena cualquier inter\u00e9s.<\/p>\n<p>Por tal raz\u00f3n en la reuni\u00f3n con el gobierno propondr\u00e1n recuperar el monto de fondo de pensiones que Grupo Posadas nunca regres\u00f3 cuando fue due\u00f1o de Mexicana de Aviaci\u00f3n, que asciende a 500 millones de d\u00f3lares para pagar a todos los empleados. (<a title=\"Piden pago pendiente de pensiones y liquidaciones antes que reactivar Mexicana\" href=\"https:\/\/www.dev.nitu.mx\/index.php\/2021\/07\/12\/piden-pago-pendiente-de-pensiones-y-liquidaciones-antes-que-reactivar-mexicana\/\" rel=\"bookmark\">Piden pago pendiente de pensiones y liquidaciones antes que reactivar Mexicana<\/a>).<\/p>\n<p><strong>Idea del gobierno, imposible<\/strong><\/p>\n<p>Por su parte el representante del Sindicato Nacional de Trabajadores, Transportes, Transformaci\u00f3n, Aviaci\u00f3n y Servicios Similares (SNTTTASS), Miguel \u00c1ngel Y\u00fadico, coment\u00f3 que la propuesta del gobierno federal de revivir a Mexicana de Aviaci\u00f3n mediante una cooperativa no es viable, ya que los empleados tendr\u00edan que realizar un desembolso econ\u00f3mico que no tienen pues asciende a entre 80 y 100 millones de d\u00f3lares.<\/p>\n<p>\u201cEsa fue una propuesta de la Secretar\u00eda de Econom\u00eda, sin embargo, para m\u00ed no funcionar\u00e1, ya que los trabajadores no tienen el capital suficiente\u201d, se\u00f1al\u00f3.<\/p>\n<p>A su vez el presidente del consejo de administraci\u00f3n del Centro de Mantenimiento (MRO), Rafael Guti\u00e9rrez, inform\u00f3 que est\u00e1n haciendo los trabajos financieros para que este quede en un buen nivel y venderlo a m\u00e1s tardar en 2024, como establece el contrato del fideicomiso 2000100, donde se depositaron las acciones, y as\u00ed repartir los recursos entre los trabajadores. (Milenio)<\/p>\n","protected":false},"excerpt":{"rendered":"<p>La empresa China Southern Airlines y otros tres grupos de inversionistas est\u00e1n interesados en revivir a Mexicana de Aviaci\u00f3n, por lo que esta semana los empleados se reunir\u00e1n con el gobierno para presentar los planes respectivos, inform\u00f3 Fausto Guerrero, presidente de la Asociaci\u00f3n de Jubilados, Trabajadores y Extrabajadores de la Aviaci\u00f3n Mexicana (Ajteam). En conferencia [&hellip;]<\/p>\n","protected":false},"author":17,"featured_media":25160,"comment_status":"open","ping_status":"open","sticky":false,"template":"","format":"standard","meta":{"footnotes":""},"categories":[29,6],"tags":[3858,22491,568,22493],"yoast_head":"<!-- This site is optimized with the Yoast SEO plugin v22.2 - https:\/\/yoast.com\/wordpress\/plugins\/seo\/ -->\n<title>Hay 4 interesados en Mexicana de Aviaci\u00f3n - Nitu - Noticias de la Industria Turistica<\/title>\n<meta name=\"robots\" content=\"index, follow, max-snippet:-1, max-image-preview:large, max-video-preview:-1\" \/>\n<link rel=\"canonical\" href=\"https:\/\/nitu.mx\/index.php\/2021\/07\/15\/hay-4-interesados-en-mexicana-de-aviacion\/\" \/>\n<meta name=\"twitter:card\" content=\"summary_large_image\" \/>\n<meta name=\"twitter:title\" content=\"Hay 4 interesados en Mexicana de Aviaci\u00f3n - Nitu - Noticias de la Industria Turistica\" \/>\n<meta name=\"twitter:description\" content=\"La empresa China Southern Airlines y otros tres grupos de inversionistas est\u00e1n interesados en revivir a Mexicana de Aviaci\u00f3n, por lo que esta semana los empleados se reunir\u00e1n con el gobierno para presentar los planes respectivos, inform\u00f3 Fausto Guerrero, presidente de la Asociaci\u00f3n de Jubilados, Trabajadores y Extrabajadores de la Aviaci\u00f3n Mexicana (Ajteam). En conferencia [&hellip;]\" \/>\n<meta name=\"twitter:image\" content=\"https:\/\/nitu.mx\/wp-content\/uploads\/2018\/10\/Mexicana-de-aviacion.jpg\" \/>\n<meta name=\"twitter:creator\" content=\"@NITUmx\" \/>\n<meta name=\"twitter:site\" content=\"@Arturo_Medina_G\" \/>\n<meta name=\"twitter:label1\" content=\"Escrito por\" \/>\n\t<meta name=\"twitter:data1\" content=\"Redacci\u00f3n\" \/>\n\t<meta name=\"twitter:label2\" content=\"Tiempo de lectura\" \/>\n\t<meta name=\"twitter:data2\" content=\"2 minutos\" \/>\n<script type=\"application\/ld+json\" class=\"yoast-schema-graph\">{\"@context\":\"https:\/\/schema.org\",\"@graph\":[{\"@type\":\"Article\",\"@id\":\"https:\/\/nitu.mx\/index.php\/2021\/07\/15\/hay-4-interesados-en-mexicana-de-aviacion\/#article\",\"isPartOf\":{\"@id\":\"https:\/\/nitu.mx\/index.php\/2021\/07\/15\/hay-4-interesados-en-mexicana-de-aviacion\/\"},\"author\":{\"name\":\"Redacci\u00f3n\",\"@id\":\"https:\/\/nitu.mx\/#\/schema\/person\/4a28fe9bd65924f7c90623773daf1b0b\"},\"headline\":\"Hay 4 interesados en Mexicana de Aviaci\u00f3n\",\"datePublished\":\"2021-07-16T04:45:42+00:00\",\"dateModified\":\"2021-07-16T05:02:49+00:00\",\"mainEntityOfPage\":{\"@id\":\"https:\/\/nitu.mx\/index.php\/2021\/07\/15\/hay-4-interesados-en-mexicana-de-aviacion\/\"},\"wordCount\":321,\"commentCount\":0,\"publisher\":{\"@id\":\"https:\/\/nitu.mx\/#\/schema\/person\/ae7a53426417292d3dd07b45a33e01bc\"},\"image\":{\"@id\":\"https:\/\/nitu.mx\/index.php\/2021\/07\/15\/hay-4-interesados-en-mexicana-de-aviacion\/#primaryimage\"},\"thumbnailUrl\":\"https:\/\/nitu.mx\/wp-content\/uploads\/2018\/10\/Mexicana-de-aviacion.jpg\",\"keywords\":[\"China Southern Airlines\",\"Fausto Guerrero\",\"Mexicana de Aviaci\u00f3n\",\"Trabajadores y Extrabajadores de la Aviaci\u00f3n Mexicana (Ajteam)\"],\"articleSection\":[\"Aerol\u00edneas\",\"M\u00e9xico\"],\"inLanguage\":\"es-MX\",\"potentialAction\":[{\"@type\":\"CommentAction\",\"name\":\"Comment\",\"target\":[\"https:\/\/nitu.mx\/index.php\/2021\/07\/15\/hay-4-interesados-en-mexicana-de-aviacion\/#respond\"]}]},{\"@type\":\"WebPage\",\"@id\":\"https:\/\/nitu.mx\/index.php\/2021\/07\/15\/hay-4-interesados-en-mexicana-de-aviacion\/\",\"url\":\"https:\/\/nitu.mx\/index.php\/2021\/07\/15\/hay-4-interesados-en-mexicana-de-aviacion\/\",\"name\":\"Hay 4 interesados en Mexicana de Aviaci\u00f3n - Nitu - Noticias de la Industria Turistica\",\"isPartOf\":{\"@id\":\"https:\/\/nitu.mx\/#website\"},\"primaryImageOfPage\":{\"@id\":\"https:\/\/nitu.mx\/index.php\/2021\/07\/15\/hay-4-interesados-en-mexicana-de-aviacion\/#primaryimage\"},\"image\":{\"@id\":\"https:\/\/nitu.mx\/index.php\/2021\/07\/15\/hay-4-interesados-en-mexicana-de-aviacion\/#primaryimage\"},\"thumbnailUrl\":\"https:\/\/nitu.mx\/wp-content\/uploads\/2018\/10\/Mexicana-de-aviacion.jpg\",\"datePublished\":\"2021-07-16T04:45:42+00:00\",\"dateModified\":\"2021-07-16T05:02:49+00:00\",\"breadcrumb\":{\"@id\":\"https:\/\/nitu.mx\/index.php\/2021\/07\/15\/hay-4-interesados-en-mexicana-de-aviacion\/#breadcrumb\"},\"inLanguage\":\"es-MX\",\"potentialAction\":[{\"@type\":\"ReadAction\",\"target\":[\"https:\/\/nitu.mx\/index.php\/2021\/07\/15\/hay-4-interesados-en-mexicana-de-aviacion\/\"]}]},{\"@type\":\"ImageObject\",\"inLanguage\":\"es-MX\",\"@id\":\"https:\/\/nitu.mx\/index.php\/2021\/07\/15\/hay-4-interesados-en-mexicana-de-aviacion\/#primaryimage\",\"url\":\"https:\/\/nitu.mx\/wp-content\/uploads\/2018\/10\/Mexicana-de-aviacion.jpg\",\"contentUrl\":\"https:\/\/nitu.mx\/wp-content\/uploads\/2018\/10\/Mexicana-de-aviacion.jpg\",\"width\":850,\"height\":480,\"caption\":\"Mexicana de aviacion\"},{\"@type\":\"BreadcrumbList\",\"@id\":\"https:\/\/nitu.mx\/index.php\/2021\/07\/15\/hay-4-interesados-en-mexicana-de-aviacion\/#breadcrumb\",\"itemListElement\":[{\"@type\":\"ListItem\",\"position\":1,\"name\":\"Inicio\",\"item\":\"https:\/\/nitu.mx\/\"},{\"@type\":\"ListItem\",\"position\":2,\"name\":\"Hay 4 interesados en Mexicana de Aviaci\u00f3n\"}]},{\"@type\":\"WebSite\",\"@id\":\"https:\/\/nitu.mx\/#website\",\"url\":\"https:\/\/nitu.mx\/\",\"name\":\"Nitu - Noticias de la Industria Turistica\",\"description\":\"Noticias de la Industria Turistica\",\"publisher\":{\"@id\":\"https:\/\/nitu.mx\/#\/schema\/person\/ae7a53426417292d3dd07b45a33e01bc\"},\"alternateName\":\"Noticias de la Industria Turistica\",\"potentialAction\":[{\"@type\":\"SearchAction\",\"target\":{\"@type\":\"EntryPoint\",\"urlTemplate\":\"https:\/\/nitu.mx\/?s={search_term_string}\"},\"query-input\":\"required name=search_term_string\"}],\"inLanguage\":\"es-MX\"},{\"@type\":[\"Person\",\"Organization\"],\"@id\":\"https:\/\/nitu.mx\/#\/schema\/person\/ae7a53426417292d3dd07b45a33e01bc\",\"name\":\"Arturo Medina\",\"image\":{\"@type\":\"ImageObject\",\"inLanguage\":\"es-MX\",\"@id\":\"https:\/\/nitu.mx\/#\/schema\/person\/image\/\",\"url\":\"https:\/\/nitu.mx\/wp-content\/uploads\/2024\/04\/4A315622-1904-4D5C-B022-878CDC840E04-90x90-1.jpeg\",\"contentUrl\":\"https:\/\/nitu.mx\/wp-content\/uploads\/2024\/04\/4A315622-1904-4D5C-B022-878CDC840E04-90x90-1.jpeg\",\"width\":90,\"height\":90,\"caption\":\"Arturo Medina\"},\"logo\":{\"@id\":\"https:\/\/nitu.mx\/#\/schema\/person\/image\/\"},\"description\":\"Director NITU.mx, Egresado de la Escuela de Periodismo Carlos Septi\u00e9n Garc\u00eda. Periodista y analista especializado en turismo desde hace 35 a\u00f1os, radicado en Canc\u00fan Q.Roo. arturo@nitu.mx\",\"sameAs\":[\"https:\/\/nitu.mx\",\"https:\/\/www.facebook.com\/NITUmx\/\",\"medinacancun\",\"https:\/\/twitter.com\/@Arturo_Medina_G\"]},{\"@type\":\"Person\",\"@id\":\"https:\/\/nitu.mx\/#\/schema\/person\/4a28fe9bd65924f7c90623773daf1b0b\",\"name\":\"Redacci\u00f3n\",\"image\":{\"@type\":\"ImageObject\",\"inLanguage\":\"es-MX\",\"@id\":\"https:\/\/nitu.mx\/#\/schema\/person\/image\/\",\"url\":\"https:\/\/secure.gravatar.com\/avatar\/5dd011c8ccfc5cd7e4c81e42252aab38?s=96&d=mm&r=g\",\"contentUrl\":\"https:\/\/secure.gravatar.com\/avatar\/5dd011c8ccfc5cd7e4c81e42252aab38?s=96&d=mm&r=g\",\"caption\":\"Redacci\u00f3n\"},\"url\":\"https:\/\/nitu.mx\/index.php\/author\/redaccion\/\"}]}<\/script>\n<!-- \/ Yoast SEO plugin. -->","yoast_head_json":{"title":"Hay 4 interesados en Mexicana de Aviaci\u00f3n - Nitu - Noticias de la Industria Turistica","robots":{"index":"index","follow":"follow","max-snippet":"max-snippet:-1","max-image-preview":"max-image-preview:large","max-video-preview":"max-video-preview:-1"},"canonical":"https:\/\/nitu.mx\/index.php\/2021\/07\/15\/hay-4-interesados-en-mexicana-de-aviacion\/","twitter_card":"summary_large_image","twitter_title":"Hay 4 interesados en Mexicana de Aviaci\u00f3n - Nitu - Noticias de la Industria Turistica","twitter_description":"La empresa China Southern Airlines y otros tres grupos de inversionistas est\u00e1n interesados en revivir a Mexicana de Aviaci\u00f3n, por lo que esta semana los empleados se reunir\u00e1n con el gobierno para presentar los planes respectivos, inform\u00f3 Fausto Guerrero, presidente de la Asociaci\u00f3n de Jubilados, Trabajadores y Extrabajadores de la Aviaci\u00f3n Mexicana (Ajteam). En conferencia [&hellip;]","twitter_image":"https:\/\/nitu.mx\/wp-content\/uploads\/2018\/10\/Mexicana-de-aviacion.jpg","twitter_creator":"@NITUmx","twitter_site":"@Arturo_Medina_G","twitter_misc":{"Escrito por":"Redacci\u00f3n","Tiempo de lectura":"2 minutos"},"schema":{"@context":"https:\/\/schema.org","@graph":[{"@type":"Article","@id":"https:\/\/nitu.mx\/index.php\/2021\/07\/15\/hay-4-interesados-en-mexicana-de-aviacion\/#article","isPartOf":{"@id":"https:\/\/nitu.mx\/index.php\/2021\/07\/15\/hay-4-interesados-en-mexicana-de-aviacion\/"},"author":{"name":"Redacci\u00f3n","@id":"https:\/\/nitu.mx\/#\/schema\/person\/4a28fe9bd65924f7c90623773daf1b0b"},"headline":"Hay 4 interesados en Mexicana de Aviaci\u00f3n","datePublished":"2021-07-16T04:45:42+00:00","dateModified":"2021-07-16T05:02:49+00:00","mainEntityOfPage":{"@id":"https:\/\/nitu.mx\/index.php\/2021\/07\/15\/hay-4-interesados-en-mexicana-de-aviacion\/"},"wordCount":321,"commentCount":0,"publisher":{"@id":"https:\/\/nitu.mx\/#\/schema\/person\/ae7a53426417292d3dd07b45a33e01bc"},"image":{"@id":"https:\/\/nitu.mx\/index.php\/2021\/07\/15\/hay-4-interesados-en-mexicana-de-aviacion\/#primaryimage"},"thumbnailUrl":"https:\/\/nitu.mx\/wp-content\/uploads\/2018\/10\/Mexicana-de-aviacion.jpg","keywords":["China Southern Airlines","Fausto Guerrero","Mexicana de Aviaci\u00f3n","Trabajadores y Extrabajadores de la Aviaci\u00f3n Mexicana (Ajteam)"],"articleSection":["Aerol\u00edneas","M\u00e9xico"],"inLanguage":"es-MX","potentialAction":[{"@type":"CommentAction","name":"Comment","target":["https:\/\/nitu.mx\/index.php\/2021\/07\/15\/hay-4-interesados-en-mexicana-de-aviacion\/#respond"]}]},{"@type":"WebPage","@id":"https:\/\/nitu.mx\/index.php\/2021\/07\/15\/hay-4-interesados-en-mexicana-de-aviacion\/","url":"https:\/\/nitu.mx\/index.php\/2021\/07\/15\/hay-4-interesados-en-mexicana-de-aviacion\/","name":"Hay 4 interesados en Mexicana de Aviaci\u00f3n - Nitu - Noticias de la Industria Turistica","isPartOf":{"@id":"https:\/\/nitu.mx\/#website"},"primaryImageOfPage":{"@id":"https:\/\/nitu.mx\/index.php\/2021\/07\/15\/hay-4-interesados-en-mexicana-de-aviacion\/#primaryimage"},"image":{"@id":"https:\/\/nitu.mx\/index.php\/2021\/07\/15\/hay-4-interesados-en-mexicana-de-aviacion\/#primaryimage"},"thumbnailUrl":"https:\/\/nitu.mx\/wp-content\/uploads\/2018\/10\/Mexicana-de-aviacion.jpg","datePublished":"2021-07-16T04:45:42+00:00","dateModified":"2021-07-16T05:02:49+00:00","breadcrumb":{"@id":"https:\/\/nitu.mx\/index.php\/2021\/07\/15\/hay-4-interesados-en-mexicana-de-aviacion\/#breadcrumb"},"inLanguage":"es-MX","potentialAction":[{"@type":"ReadAction","target":["https:\/\/nitu.mx\/index.php\/2021\/07\/15\/hay-4-interesados-en-mexicana-de-aviacion\/"]}]},{"@type":"ImageObject","inLanguage":"es-MX","@id":"https:\/\/nitu.mx\/index.php\/2021\/07\/15\/hay-4-interesados-en-mexicana-de-aviacion\/#primaryimage","url":"https:\/\/nitu.mx\/wp-content\/uploads\/2018\/10\/Mexicana-de-aviacion.jpg","contentUrl":"https:\/\/nitu.mx\/wp-content\/uploads\/2018\/10\/Mexicana-de-aviacion.jpg","width":850,"height":480,"caption":"Mexicana de aviacion"},{"@type":"BreadcrumbList","@id":"https:\/\/nitu.mx\/index.php\/2021\/07\/15\/hay-4-interesados-en-mexicana-de-aviacion\/#breadcrumb","itemListElement":[{"@type":"ListItem","position":1,"name":"Inicio","item":"https:\/\/nitu.mx\/"},{"@type":"ListItem","position":2,"name":"Hay 4 interesados en Mexicana de Aviaci\u00f3n"}]},{"@type":"WebSite","@id":"https:\/\/nitu.mx\/#website","url":"https:\/\/nitu.mx\/","name":"Nitu - Noticias de la Industria Turistica","description":"Noticias de la Industria Turistica","publisher":{"@id":"https:\/\/nitu.mx\/#\/schema\/person\/ae7a53426417292d3dd07b45a33e01bc"},"alternateName":"Noticias de la Industria Turistica","potentialAction":[{"@type":"SearchAction","target":{"@type":"EntryPoint","urlTemplate":"https:\/\/nitu.mx\/?s={search_term_string}"},"query-input":"required name=search_term_string"}],"inLanguage":"es-MX"},{"@type":["Person","Organization"],"@id":"https:\/\/nitu.mx\/#\/schema\/person\/ae7a53426417292d3dd07b45a33e01bc","name":"Arturo Medina","image":{"@type":"ImageObject","inLanguage":"es-MX","@id":"https:\/\/nitu.mx\/#\/schema\/person\/image\/","url":"https:\/\/nitu.mx\/wp-content\/uploads\/2024\/04\/4A315622-1904-4D5C-B022-878CDC840E04-90x90-1.jpeg","contentUrl":"https:\/\/nitu.mx\/wp-content\/uploads\/2024\/04\/4A315622-1904-4D5C-B022-878CDC840E04-90x90-1.jpeg","width":90,"height":90,"caption":"Arturo Medina"},"logo":{"@id":"https:\/\/nitu.mx\/#\/schema\/person\/image\/"},"description":"Director NITU.mx, Egresado de la Escuela de Periodismo Carlos Septi\u00e9n Garc\u00eda. Periodista y analista especializado en turismo desde hace 35 a\u00f1os, radicado en Canc\u00fan Q.Roo. arturo@nitu.mx","sameAs":["https:\/\/nitu.mx","https:\/\/www.facebook.com\/NITUmx\/","medinacancun","https:\/\/twitter.com\/@Arturo_Medina_G"]},{"@type":"Person","@id":"https:\/\/nitu.mx\/#\/schema\/person\/4a28fe9bd65924f7c90623773daf1b0b","name":"Redacci\u00f3n","image":{"@type":"ImageObject","inLanguage":"es-MX","@id":"https:\/\/nitu.mx\/#\/schema\/person\/image\/","url":"https:\/\/secure.gravatar.com\/avatar\/5dd011c8ccfc5cd7e4c81e42252aab38?s=96&d=mm&r=g","contentUrl":"https:\/\/secure.gravatar.com\/avatar\/5dd011c8ccfc5cd7e4c81e42252aab38?s=96&d=mm&r=g","caption":"Redacci\u00f3n"},"url":"https:\/\/nitu.mx\/index.php\/author\/redaccion\/"}]}},"views":418,"_links":{"self":[{"href":"https:\/\/nitu.mx\/index.php\/wp-json\/wp\/v2\/posts\/53993"}],"collection":[{"href":"https:\/\/nitu.mx\/index.php\/wp-json\/wp\/v2\/posts"}],"about":[{"href":"https:\/\/nitu.mx\/index.php\/wp-json\/wp\/v2\/types\/post"}],"author":[{"embeddable":true,"href":"https:\/\/nitu.mx\/index.php\/wp-json\/wp\/v2\/users\/17"}],"replies":[{"embeddable":true,"href":"https:\/\/nitu.mx\/index.php\/wp-json\/wp\/v2\/comments?post=53993"}],"version-history":[{"count":2,"href":"https:\/\/nitu.mx\/index.php\/wp-json\/wp\/v2\/posts\/53993\/revisions"}],"predecessor-version":[{"id":54011,"href":"https:\/\/nitu.mx\/index.php\/wp-json\/wp\/v2\/posts\/53993\/revisions\/54011"}],"wp:featuredmedia":[{"embeddable":true,"href":"https:\/\/nitu.mx\/index.php\/wp-json\/wp\/v2\/media\/25160"}],"wp:attachment":[{"href":"https:\/\/nitu.mx\/index.php\/wp-json\/wp\/v2\/media?parent=53993"}],"wp:term":[{"taxonomy":"category","embeddable":true,"href":"https:\/\/nitu.mx\/index.php\/wp-json\/wp\/v2\/categories?post=53993"},{"taxonomy":"post_tag","embeddable":true,"href":"https:\/\/nitu.mx\/index.php\/wp-json\/wp\/v2\/tags?post=53993"}],"curies":[{"name":"wp","href":"https:\/\/api.w.org\/{rel}","templated":true}]}}