{"id":53958,"date":"2021-07-14T22:46:10","date_gmt":"2021-07-15T03:46:10","guid":{"rendered":"https:\/\/www.dev.nitu.mx\/?p=53958"},"modified":"2021-07-14T23:21:01","modified_gmt":"2021-07-15T04:21:01","slug":"exhorta-wttc-a-gobiernos-a-acelerar-procesos-de-vacunacion","status":"publish","type":"post","link":"https:\/\/nitu.mx\/index.php\/2021\/07\/14\/exhorta-wttc-a-gobiernos-a-acelerar-procesos-de-vacunacion\/","title":{"rendered":"Exhorta WTTC a gobiernos a acelerar procesos de vacunaci\u00f3n\u00a0"},"content":{"rendered":"<p>El Consejo Mundial de Viajes y Turismo (WTTC, por sus siglas en ingl\u00e9s), exhorta a los gobiernos a acelerar los procesos de vacunaci\u00f3n contra COVID-19, con el fin de impulsar la reapertura de los viajes y turismo, sector que ha sido gravemente afectado.<\/p>\n<p>El impacto devastador de la pandemia ha eliminado millones de empleos y ha visto caer su contribuci\u00f3n al PIB. La vida de millones de personas que dependen del sector tambi\u00e9n se ha visto afectada por la pandemia, causando serios problemas psicol\u00f3gicos.<\/p>\n<p>Por otra parte, el organismo que representa al sector privado global de viajes y turismo insta a continuar aplicando todos los protocolos de higiene y sanitizaci\u00f3n, tales como el uso del cubre bocas, distanciamiento social y la aplicaci\u00f3n de alcohol en gel, toda vez que las medidas de bioseguridad contribuyen a la recuperaci\u00f3n de la confianza de los viajeros.<\/p>\n<p>Adem\u00e1s, el WTTC se ha pronunciado a favor del reciente lanzamiento del Certificado Digital COVID en la Uni\u00f3n Europea, dise\u00f1ado para facilitar la libre circulaci\u00f3n de los ciudadanos de manera segura durante la pandemia.<\/p>\n<p>Virginia Messina, Vicepresidenta Senior del WTTC, dijo: &#8220;El WTTC conf\u00eda en que el Certificado Digital COVID impulsar\u00e1 la confianza de los consumidores y del sector de viajes y turismo en toda Europa, que ha estado en una lucha por la supervivencia durante m\u00e1s de un a\u00f1o\u201d.<\/p>\n<p>Asegur\u00f3 que esta acci\u00f3n representa un ejemplo de enfoque coordinado, que brinda a los turistas reglas y regulaciones claras.<\/p>\n<p>El Consejo recomendo\u0301 a los pai\u0301ses de Latinoame\u0301rica explorar la viabilidad de implementar un Certificado Digital de COVID-19 para viajeros, que contenga informacio\u0301n del estado de salud y el control de vacunas antivirales de los turistas en la regio\u0301n.<\/p>\n<p>El Certificado Digital permitiri\u0301a facilitar los viajes y el turismo, al agilizar los controles de entrada y salida de los aeropuertos, en alineacio\u0301n con los esta\u0301ndares establecidos por la Asociacio\u0301n de Transporte Ae\u0301reo (IATA), sobre esquemas de vacunacio\u0301n, realizacio\u0301n de pruebas y seguimiento de viajeros que ya tuvieron la enfermedad.<\/p>\n<p>La puesta en acci\u00f3n de pasaportes o certificados sanitarios debe coadyuvar al regreso de los viajes internacionales seguros, ayudar a recuperar puestos de trabajo e impulsar la reactivaci\u00f3n de un sector que ser\u00e1 fundamental para la recuperaci\u00f3n econ\u00f3mica en todo el mundo. (<a title=\"Respalda WTTC certificado digital Covid de la Uni\u00f3n Europea\" href=\"https:\/\/www.dev.nitu.mx\/index.php\/2021\/07\/01\/respalda-wttc-certificado-digital-covid-de-la-union-europea\/\" rel=\"bookmark\">Respalda WTTC certificado digital Covid de la Uni\u00f3n Europea<\/a>).<\/p>\n","protected":false},"excerpt":{"rendered":"<p>El Consejo Mundial de Viajes y Turismo (WTTC, por sus siglas en ingl\u00e9s), exhorta a los gobiernos a acelerar los procesos de vacunaci\u00f3n contra COVID-19, con el fin de impulsar la reapertura de los viajes y turismo, sector que ha sido gravemente afectado. El impacto devastador de la pandemia ha eliminado millones de empleos y [&hellip;]<\/p>\n","protected":false},"author":17,"featured_media":51864,"comment_status":"open","ping_status":"open","sticky":false,"template":"","format":"standard","meta":{"footnotes":""},"categories":[374,12],"tags":[22415,1479,78,2379,21746],"yoast_head":"<!-- This site is optimized with the Yoast SEO plugin v22.2 - https:\/\/yoast.com\/wordpress\/plugins\/seo\/ -->\n<title>Exhorta WTTC a gobiernos a acelerar procesos de vacunaci\u00f3n\u00a0 - Nitu - Noticias de la Industria Turistica<\/title>\n<meta name=\"robots\" content=\"index, follow, max-snippet:-1, max-image-preview:large, max-video-preview:-1\" \/>\n<link rel=\"canonical\" href=\"https:\/\/nitu.mx\/index.php\/2021\/07\/14\/exhorta-wttc-a-gobiernos-a-acelerar-procesos-de-vacunacion\/\" \/>\n<meta name=\"twitter:card\" content=\"summary_large_image\" \/>\n<meta name=\"twitter:title\" content=\"Exhorta WTTC a gobiernos a acelerar procesos de vacunaci\u00f3n\u00a0 - Nitu - Noticias de la Industria Turistica\" \/>\n<meta name=\"twitter:description\" content=\"El Consejo Mundial de Viajes y Turismo (WTTC, por sus siglas en ingl\u00e9s), exhorta a los gobiernos a acelerar los procesos de vacunaci\u00f3n contra COVID-19, con el fin de impulsar la reapertura de los viajes y turismo, sector que ha sido gravemente afectado. El impacto devastador de la pandemia ha eliminado millones de empleos y [&hellip;]\" \/>\n<meta name=\"twitter:image\" content=\"https:\/\/nitu.mx\/wp-content\/uploads\/2021\/04\/vacuna-covid-mexico.jpeg\" \/>\n<meta name=\"twitter:creator\" content=\"@NITUmx\" \/>\n<meta name=\"twitter:site\" content=\"@Arturo_Medina_G\" \/>\n<meta name=\"twitter:label1\" content=\"Escrito por\" \/>\n\t<meta name=\"twitter:data1\" content=\"Redacci\u00f3n\" \/>\n\t<meta name=\"twitter:label2\" content=\"Tiempo de lectura\" \/>\n\t<meta name=\"twitter:data2\" content=\"2 minutos\" \/>\n<script type=\"application\/ld+json\" class=\"yoast-schema-graph\">{\"@context\":\"https:\/\/schema.org\",\"@graph\":[{\"@type\":\"Article\",\"@id\":\"https:\/\/nitu.mx\/index.php\/2021\/07\/14\/exhorta-wttc-a-gobiernos-a-acelerar-procesos-de-vacunacion\/#article\",\"isPartOf\":{\"@id\":\"https:\/\/nitu.mx\/index.php\/2021\/07\/14\/exhorta-wttc-a-gobiernos-a-acelerar-procesos-de-vacunacion\/\"},\"author\":{\"name\":\"Redacci\u00f3n\",\"@id\":\"https:\/\/nitu.mx\/#\/schema\/person\/4a28fe9bd65924f7c90623773daf1b0b\"},\"headline\":\"Exhorta WTTC a gobiernos a acelerar procesos de vacunaci\u00f3n\u00a0\",\"datePublished\":\"2021-07-15T03:46:10+00:00\",\"dateModified\":\"2021-07-15T04:21:01+00:00\",\"mainEntityOfPage\":{\"@id\":\"https:\/\/nitu.mx\/index.php\/2021\/07\/14\/exhorta-wttc-a-gobiernos-a-acelerar-procesos-de-vacunacion\/\"},\"wordCount\":424,\"commentCount\":0,\"publisher\":{\"@id\":\"https:\/\/nitu.mx\/#\/schema\/person\/ae7a53426417292d3dd07b45a33e01bc\"},\"image\":{\"@id\":\"https:\/\/nitu.mx\/index.php\/2021\/07\/14\/exhorta-wttc-a-gobiernos-a-acelerar-procesos-de-vacunacion\/#primaryimage\"},\"thumbnailUrl\":\"https:\/\/nitu.mx\/wp-content\/uploads\/2021\/04\/vacuna-covid-mexico.jpeg\",\"keywords\":[\"certificado digital Covid\",\"Londres\",\"Reino Unido\",\"Uni\u00f3n Europea\",\"Vacunaci\u00f3n\"],\"articleSection\":[\"Internacional\",\"Marketing\"],\"inLanguage\":\"es-MX\",\"potentialAction\":[{\"@type\":\"CommentAction\",\"name\":\"Comment\",\"target\":[\"https:\/\/nitu.mx\/index.php\/2021\/07\/14\/exhorta-wttc-a-gobiernos-a-acelerar-procesos-de-vacunacion\/#respond\"]}]},{\"@type\":\"WebPage\",\"@id\":\"https:\/\/nitu.mx\/index.php\/2021\/07\/14\/exhorta-wttc-a-gobiernos-a-acelerar-procesos-de-vacunacion\/\",\"url\":\"https:\/\/nitu.mx\/index.php\/2021\/07\/14\/exhorta-wttc-a-gobiernos-a-acelerar-procesos-de-vacunacion\/\",\"name\":\"Exhorta WTTC a gobiernos a acelerar procesos de vacunaci\u00f3n\u00a0 - Nitu - Noticias de la Industria Turistica\",\"isPartOf\":{\"@id\":\"https:\/\/nitu.mx\/#website\"},\"primaryImageOfPage\":{\"@id\":\"https:\/\/nitu.mx\/index.php\/2021\/07\/14\/exhorta-wttc-a-gobiernos-a-acelerar-procesos-de-vacunacion\/#primaryimage\"},\"image\":{\"@id\":\"https:\/\/nitu.mx\/index.php\/2021\/07\/14\/exhorta-wttc-a-gobiernos-a-acelerar-procesos-de-vacunacion\/#primaryimage\"},\"thumbnailUrl\":\"https:\/\/nitu.mx\/wp-content\/uploads\/2021\/04\/vacuna-covid-mexico.jpeg\",\"datePublished\":\"2021-07-15T03:46:10+00:00\",\"dateModified\":\"2021-07-15T04:21:01+00:00\",\"breadcrumb\":{\"@id\":\"https:\/\/nitu.mx\/index.php\/2021\/07\/14\/exhorta-wttc-a-gobiernos-a-acelerar-procesos-de-vacunacion\/#breadcrumb\"},\"inLanguage\":\"es-MX\",\"potentialAction\":[{\"@type\":\"ReadAction\",\"target\":[\"https:\/\/nitu.mx\/index.php\/2021\/07\/14\/exhorta-wttc-a-gobiernos-a-acelerar-procesos-de-vacunacion\/\"]}]},{\"@type\":\"ImageObject\",\"inLanguage\":\"es-MX\",\"@id\":\"https:\/\/nitu.mx\/index.php\/2021\/07\/14\/exhorta-wttc-a-gobiernos-a-acelerar-procesos-de-vacunacion\/#primaryimage\",\"url\":\"https:\/\/nitu.mx\/wp-content\/uploads\/2021\/04\/vacuna-covid-mexico.jpeg\",\"contentUrl\":\"https:\/\/nitu.mx\/wp-content\/uploads\/2021\/04\/vacuna-covid-mexico.jpeg\",\"width\":640,\"height\":360},{\"@type\":\"BreadcrumbList\",\"@id\":\"https:\/\/nitu.mx\/index.php\/2021\/07\/14\/exhorta-wttc-a-gobiernos-a-acelerar-procesos-de-vacunacion\/#breadcrumb\",\"itemListElement\":[{\"@type\":\"ListItem\",\"position\":1,\"name\":\"Inicio\",\"item\":\"https:\/\/nitu.mx\/\"},{\"@type\":\"ListItem\",\"position\":2,\"name\":\"Exhorta WTTC a gobiernos a acelerar procesos de vacunaci\u00f3n\u00a0\"}]},{\"@type\":\"WebSite\",\"@id\":\"https:\/\/nitu.mx\/#website\",\"url\":\"https:\/\/nitu.mx\/\",\"name\":\"Nitu - Noticias de la Industria Turistica\",\"description\":\"Noticias de la Industria Turistica\",\"publisher\":{\"@id\":\"https:\/\/nitu.mx\/#\/schema\/person\/ae7a53426417292d3dd07b45a33e01bc\"},\"alternateName\":\"Noticias de la Industria Turistica\",\"potentialAction\":[{\"@type\":\"SearchAction\",\"target\":{\"@type\":\"EntryPoint\",\"urlTemplate\":\"https:\/\/nitu.mx\/?s={search_term_string}\"},\"query-input\":\"required name=search_term_string\"}],\"inLanguage\":\"es-MX\"},{\"@type\":[\"Person\",\"Organization\"],\"@id\":\"https:\/\/nitu.mx\/#\/schema\/person\/ae7a53426417292d3dd07b45a33e01bc\",\"name\":\"Arturo Medina\",\"image\":{\"@type\":\"ImageObject\",\"inLanguage\":\"es-MX\",\"@id\":\"https:\/\/nitu.mx\/#\/schema\/person\/image\/\",\"url\":\"https:\/\/nitu.mx\/wp-content\/uploads\/2024\/04\/4A315622-1904-4D5C-B022-878CDC840E04-90x90-1.jpeg\",\"contentUrl\":\"https:\/\/nitu.mx\/wp-content\/uploads\/2024\/04\/4A315622-1904-4D5C-B022-878CDC840E04-90x90-1.jpeg\",\"width\":90,\"height\":90,\"caption\":\"Arturo Medina\"},\"logo\":{\"@id\":\"https:\/\/nitu.mx\/#\/schema\/person\/image\/\"},\"description\":\"Director NITU.mx, Egresado de la Escuela de Periodismo Carlos Septi\u00e9n Garc\u00eda. Periodista y analista especializado en turismo desde hace 35 a\u00f1os, radicado en Canc\u00fan Q.Roo. arturo@nitu.mx\",\"sameAs\":[\"https:\/\/nitu.mx\",\"https:\/\/www.facebook.com\/NITUmx\/\",\"medinacancun\",\"https:\/\/twitter.com\/@Arturo_Medina_G\"]},{\"@type\":\"Person\",\"@id\":\"https:\/\/nitu.mx\/#\/schema\/person\/4a28fe9bd65924f7c90623773daf1b0b\",\"name\":\"Redacci\u00f3n\",\"image\":{\"@type\":\"ImageObject\",\"inLanguage\":\"es-MX\",\"@id\":\"https:\/\/nitu.mx\/#\/schema\/person\/image\/\",\"url\":\"https:\/\/secure.gravatar.com\/avatar\/5dd011c8ccfc5cd7e4c81e42252aab38?s=96&d=mm&r=g\",\"contentUrl\":\"https:\/\/secure.gravatar.com\/avatar\/5dd011c8ccfc5cd7e4c81e42252aab38?s=96&d=mm&r=g\",\"caption\":\"Redacci\u00f3n\"},\"url\":\"https:\/\/nitu.mx\/index.php\/author\/redaccion\/\"}]}<\/script>\n<!-- \/ Yoast SEO plugin. -->","yoast_head_json":{"title":"Exhorta WTTC a gobiernos a acelerar procesos de vacunaci\u00f3n\u00a0 - Nitu - Noticias de la Industria Turistica","robots":{"index":"index","follow":"follow","max-snippet":"max-snippet:-1","max-image-preview":"max-image-preview:large","max-video-preview":"max-video-preview:-1"},"canonical":"https:\/\/nitu.mx\/index.php\/2021\/07\/14\/exhorta-wttc-a-gobiernos-a-acelerar-procesos-de-vacunacion\/","twitter_card":"summary_large_image","twitter_title":"Exhorta WTTC a gobiernos a acelerar procesos de vacunaci\u00f3n\u00a0 - Nitu - Noticias de la Industria Turistica","twitter_description":"El Consejo Mundial de Viajes y Turismo (WTTC, por sus siglas en ingl\u00e9s), exhorta a los gobiernos a acelerar los procesos de vacunaci\u00f3n contra COVID-19, con el fin de impulsar la reapertura de los viajes y turismo, sector que ha sido gravemente afectado. El impacto devastador de la pandemia ha eliminado millones de empleos y [&hellip;]","twitter_image":"https:\/\/nitu.mx\/wp-content\/uploads\/2021\/04\/vacuna-covid-mexico.jpeg","twitter_creator":"@NITUmx","twitter_site":"@Arturo_Medina_G","twitter_misc":{"Escrito por":"Redacci\u00f3n","Tiempo de lectura":"2 minutos"},"schema":{"@context":"https:\/\/schema.org","@graph":[{"@type":"Article","@id":"https:\/\/nitu.mx\/index.php\/2021\/07\/14\/exhorta-wttc-a-gobiernos-a-acelerar-procesos-de-vacunacion\/#article","isPartOf":{"@id":"https:\/\/nitu.mx\/index.php\/2021\/07\/14\/exhorta-wttc-a-gobiernos-a-acelerar-procesos-de-vacunacion\/"},"author":{"name":"Redacci\u00f3n","@id":"https:\/\/nitu.mx\/#\/schema\/person\/4a28fe9bd65924f7c90623773daf1b0b"},"headline":"Exhorta WTTC a gobiernos a acelerar procesos de vacunaci\u00f3n\u00a0","datePublished":"2021-07-15T03:46:10+00:00","dateModified":"2021-07-15T04:21:01+00:00","mainEntityOfPage":{"@id":"https:\/\/nitu.mx\/index.php\/2021\/07\/14\/exhorta-wttc-a-gobiernos-a-acelerar-procesos-de-vacunacion\/"},"wordCount":424,"commentCount":0,"publisher":{"@id":"https:\/\/nitu.mx\/#\/schema\/person\/ae7a53426417292d3dd07b45a33e01bc"},"image":{"@id":"https:\/\/nitu.mx\/index.php\/2021\/07\/14\/exhorta-wttc-a-gobiernos-a-acelerar-procesos-de-vacunacion\/#primaryimage"},"thumbnailUrl":"https:\/\/nitu.mx\/wp-content\/uploads\/2021\/04\/vacuna-covid-mexico.jpeg","keywords":["certificado digital Covid","Londres","Reino Unido","Uni\u00f3n Europea","Vacunaci\u00f3n"],"articleSection":["Internacional","Marketing"],"inLanguage":"es-MX","potentialAction":[{"@type":"CommentAction","name":"Comment","target":["https:\/\/nitu.mx\/index.php\/2021\/07\/14\/exhorta-wttc-a-gobiernos-a-acelerar-procesos-de-vacunacion\/#respond"]}]},{"@type":"WebPage","@id":"https:\/\/nitu.mx\/index.php\/2021\/07\/14\/exhorta-wttc-a-gobiernos-a-acelerar-procesos-de-vacunacion\/","url":"https:\/\/nitu.mx\/index.php\/2021\/07\/14\/exhorta-wttc-a-gobiernos-a-acelerar-procesos-de-vacunacion\/","name":"Exhorta WTTC a gobiernos a acelerar procesos de vacunaci\u00f3n\u00a0 - Nitu - Noticias de la Industria Turistica","isPartOf":{"@id":"https:\/\/nitu.mx\/#website"},"primaryImageOfPage":{"@id":"https:\/\/nitu.mx\/index.php\/2021\/07\/14\/exhorta-wttc-a-gobiernos-a-acelerar-procesos-de-vacunacion\/#primaryimage"},"image":{"@id":"https:\/\/nitu.mx\/index.php\/2021\/07\/14\/exhorta-wttc-a-gobiernos-a-acelerar-procesos-de-vacunacion\/#primaryimage"},"thumbnailUrl":"https:\/\/nitu.mx\/wp-content\/uploads\/2021\/04\/vacuna-covid-mexico.jpeg","datePublished":"2021-07-15T03:46:10+00:00","dateModified":"2021-07-15T04:21:01+00:00","breadcrumb":{"@id":"https:\/\/nitu.mx\/index.php\/2021\/07\/14\/exhorta-wttc-a-gobiernos-a-acelerar-procesos-de-vacunacion\/#breadcrumb"},"inLanguage":"es-MX","potentialAction":[{"@type":"ReadAction","target":["https:\/\/nitu.mx\/index.php\/2021\/07\/14\/exhorta-wttc-a-gobiernos-a-acelerar-procesos-de-vacunacion\/"]}]},{"@type":"ImageObject","inLanguage":"es-MX","@id":"https:\/\/nitu.mx\/index.php\/2021\/07\/14\/exhorta-wttc-a-gobiernos-a-acelerar-procesos-de-vacunacion\/#primaryimage","url":"https:\/\/nitu.mx\/wp-content\/uploads\/2021\/04\/vacuna-covid-mexico.jpeg","contentUrl":"https:\/\/nitu.mx\/wp-content\/uploads\/2021\/04\/vacuna-covid-mexico.jpeg","width":640,"height":360},{"@type":"BreadcrumbList","@id":"https:\/\/nitu.mx\/index.php\/2021\/07\/14\/exhorta-wttc-a-gobiernos-a-acelerar-procesos-de-vacunacion\/#breadcrumb","itemListElement":[{"@type":"ListItem","position":1,"name":"Inicio","item":"https:\/\/nitu.mx\/"},{"@type":"ListItem","position":2,"name":"Exhorta WTTC a gobiernos a acelerar procesos de vacunaci\u00f3n\u00a0"}]},{"@type":"WebSite","@id":"https:\/\/nitu.mx\/#website","url":"https:\/\/nitu.mx\/","name":"Nitu - Noticias de la Industria Turistica","description":"Noticias de la Industria Turistica","publisher":{"@id":"https:\/\/nitu.mx\/#\/schema\/person\/ae7a53426417292d3dd07b45a33e01bc"},"alternateName":"Noticias de la Industria Turistica","potentialAction":[{"@type":"SearchAction","target":{"@type":"EntryPoint","urlTemplate":"https:\/\/nitu.mx\/?s={search_term_string}"},"query-input":"required name=search_term_string"}],"inLanguage":"es-MX"},{"@type":["Person","Organization"],"@id":"https:\/\/nitu.mx\/#\/schema\/person\/ae7a53426417292d3dd07b45a33e01bc","name":"Arturo Medina","image":{"@type":"ImageObject","inLanguage":"es-MX","@id":"https:\/\/nitu.mx\/#\/schema\/person\/image\/","url":"https:\/\/nitu.mx\/wp-content\/uploads\/2024\/04\/4A315622-1904-4D5C-B022-878CDC840E04-90x90-1.jpeg","contentUrl":"https:\/\/nitu.mx\/wp-content\/uploads\/2024\/04\/4A315622-1904-4D5C-B022-878CDC840E04-90x90-1.jpeg","width":90,"height":90,"caption":"Arturo Medina"},"logo":{"@id":"https:\/\/nitu.mx\/#\/schema\/person\/image\/"},"description":"Director NITU.mx, Egresado de la Escuela de Periodismo Carlos Septi\u00e9n Garc\u00eda. Periodista y analista especializado en turismo desde hace 35 a\u00f1os, radicado en Canc\u00fan Q.Roo. arturo@nitu.mx","sameAs":["https:\/\/nitu.mx","https:\/\/www.facebook.com\/NITUmx\/","medinacancun","https:\/\/twitter.com\/@Arturo_Medina_G"]},{"@type":"Person","@id":"https:\/\/nitu.mx\/#\/schema\/person\/4a28fe9bd65924f7c90623773daf1b0b","name":"Redacci\u00f3n","image":{"@type":"ImageObject","inLanguage":"es-MX","@id":"https:\/\/nitu.mx\/#\/schema\/person\/image\/","url":"https:\/\/secure.gravatar.com\/avatar\/5dd011c8ccfc5cd7e4c81e42252aab38?s=96&d=mm&r=g","contentUrl":"https:\/\/secure.gravatar.com\/avatar\/5dd011c8ccfc5cd7e4c81e42252aab38?s=96&d=mm&r=g","caption":"Redacci\u00f3n"},"url":"https:\/\/nitu.mx\/index.php\/author\/redaccion\/"}]}},"views":251,"_links":{"self":[{"href":"https:\/\/nitu.mx\/index.php\/wp-json\/wp\/v2\/posts\/53958"}],"collection":[{"href":"https:\/\/nitu.mx\/index.php\/wp-json\/wp\/v2\/posts"}],"about":[{"href":"https:\/\/nitu.mx\/index.php\/wp-json\/wp\/v2\/types\/post"}],"author":[{"embeddable":true,"href":"https:\/\/nitu.mx\/index.php\/wp-json\/wp\/v2\/users\/17"}],"replies":[{"embeddable":true,"href":"https:\/\/nitu.mx\/index.php\/wp-json\/wp\/v2\/comments?post=53958"}],"version-history":[{"count":2,"href":"https:\/\/nitu.mx\/index.php\/wp-json\/wp\/v2\/posts\/53958\/revisions"}],"predecessor-version":[{"id":53970,"href":"https:\/\/nitu.mx\/index.php\/wp-json\/wp\/v2\/posts\/53958\/revisions\/53970"}],"wp:featuredmedia":[{"embeddable":true,"href":"https:\/\/nitu.mx\/index.php\/wp-json\/wp\/v2\/media\/51864"}],"wp:attachment":[{"href":"https:\/\/nitu.mx\/index.php\/wp-json\/wp\/v2\/media?parent=53958"}],"wp:term":[{"taxonomy":"category","embeddable":true,"href":"https:\/\/nitu.mx\/index.php\/wp-json\/wp\/v2\/categories?post=53958"},{"taxonomy":"post_tag","embeddable":true,"href":"https:\/\/nitu.mx\/index.php\/wp-json\/wp\/v2\/tags?post=53958"}],"curies":[{"name":"wp","href":"https:\/\/api.w.org\/{rel}","templated":true}]}}