{"id":53954,"date":"2021-07-14T22:31:35","date_gmt":"2021-07-15T03:31:35","guid":{"rendered":"https:\/\/www.dev.nitu.mx\/?p=53954"},"modified":"2021-07-14T23:20:53","modified_gmt":"2021-07-15T04:20:53","slug":"anuncian-para-2022-primer-tianguis-turistico-de-pueblos-magicos-en-el-extranjero","status":"publish","type":"post","link":"https:\/\/nitu.mx\/index.php\/2021\/07\/14\/anuncian-para-2022-primer-tianguis-turistico-de-pueblos-magicos-en-el-extranjero\/","title":{"rendered":"Anuncian para 2022 primer Tianguis Tur\u00edstico de Pueblos M\u00e1gicos en el extranjero"},"content":{"rendered":"<p>El gobierno federal anunci\u00f3 para 2022 la celebraci\u00f3n del primer Tianguis de Pueblos M\u00e1gicos en el extranjero, aunque no se especific\u00f3 cu\u00e1l ser\u00e1 el pa\u00eds de la sede.<\/p>\n<p>En conferencia, el titular de la Secretar\u00eda de Turismo (Sectur), Miguel Torruco Marqu\u00e9s, inform\u00f3 que actualmente se est\u00e1n realizando los trabajos necesarios para llevar a cabo este evento en el extranjero.<\/p>\n<p>\u201cEstamos haciendo diversas gestiones para llevar acabo el Tianguis de Pueblos M\u00e1gicos por primera vez en el extranjero para 2022, a fin de promover y difundir a m\u00e1s pa\u00edses del mundo el patrimonio del estado, de los destinos, as\u00ed como los productos artesanales y folclor\u201d, refiri\u00f3 el funcionario.<\/p>\n<p>Fue en enero de 2020 cuando Miguel Torruco Marqu\u00e9s dio a conocer que llevar\u00eda el programa Pueblos M\u00e1gicos a diversos pa\u00edses del extranjero para dar a conocer su producto e incrementar su actividad.<\/p>\n<p>El titular de Sectur afirm\u00f3 que llevar el Tianguis Tur\u00edstico a otras naciones se traducir\u00e1 en mayores y mejores oportunidades de negocios para los productores y promotores de servicios tur\u00edsticos. (<a title=\"Tianguis de Pueblos M\u00e1gicos 2021 ser\u00e1 virtual por tercera ola de Covid\" href=\"https:\/\/www.dev.nitu.mx\/index.php\/2021\/07\/13\/tianguis-de-pueblos-magicos-2021-sera-virtual-por-tercera-ola-de-covid\/\" rel=\"bookmark\">Tianguis de Pueblos M\u00e1gicos 2021 ser\u00e1 virtual por tercera ola de Covid<\/a>).<\/p>\n<p>El programa de Pueblos M\u00e1gicos se cre\u00f3 durante la administraci\u00f3n panista de Vicente Fox, con la finalidad de generar actividad de viajeros nacionales y extranjeros en peque\u00f1as zonas del pa\u00eds, con alto valor hist\u00f3rico y tradiciones. (MILENIO).\u200b<\/p>\n","protected":false},"excerpt":{"rendered":"<p>El gobierno federal anunci\u00f3 para 2022 la celebraci\u00f3n del primer Tianguis de Pueblos M\u00e1gicos en el extranjero, aunque no se especific\u00f3 cu\u00e1l ser\u00e1 el pa\u00eds de la sede. En conferencia, el titular de la Secretar\u00eda de Turismo (Sectur), Miguel Torruco Marqu\u00e9s, inform\u00f3 que actualmente se est\u00e1n realizando los trabajos necesarios para llevar a cabo este [&hellip;]<\/p>\n","protected":false},"author":17,"featured_media":45210,"comment_status":"open","ping_status":"open","sticky":false,"template":"","format":"standard","meta":{"footnotes":""},"categories":[12,6],"tags":[1238,359,15620],"yoast_head":"<!-- This site is optimized with the Yoast SEO plugin v22.2 - https:\/\/yoast.com\/wordpress\/plugins\/seo\/ -->\n<title>Anuncian para 2022 primer Tianguis Tur\u00edstico de Pueblos M\u00e1gicos en el extranjero - Nitu - Noticias de la Industria Turistica<\/title>\n<meta name=\"robots\" content=\"index, follow, max-snippet:-1, max-image-preview:large, max-video-preview:-1\" \/>\n<link rel=\"canonical\" href=\"https:\/\/nitu.mx\/index.php\/2021\/07\/14\/anuncian-para-2022-primer-tianguis-turistico-de-pueblos-magicos-en-el-extranjero\/\" \/>\n<meta name=\"twitter:card\" content=\"summary_large_image\" \/>\n<meta name=\"twitter:title\" content=\"Anuncian para 2022 primer Tianguis Tur\u00edstico de Pueblos M\u00e1gicos en el extranjero - Nitu - Noticias de la Industria Turistica\" \/>\n<meta name=\"twitter:description\" content=\"El gobierno federal anunci\u00f3 para 2022 la celebraci\u00f3n del primer Tianguis de Pueblos M\u00e1gicos en el extranjero, aunque no se especific\u00f3 cu\u00e1l ser\u00e1 el pa\u00eds de la sede. En conferencia, el titular de la Secretar\u00eda de Turismo (Sectur), Miguel Torruco Marqu\u00e9s, inform\u00f3 que actualmente se est\u00e1n realizando los trabajos necesarios para llevar a cabo este [&hellip;]\" \/>\n<meta name=\"twitter:image\" content=\"https:\/\/nitu.mx\/wp-content\/uploads\/2020\/08\/Torruco-visit-mexico.jpg\" \/>\n<meta name=\"twitter:creator\" content=\"@NITUmx\" \/>\n<meta name=\"twitter:site\" content=\"@Arturo_Medina_G\" \/>\n<meta name=\"twitter:label1\" content=\"Escrito por\" \/>\n\t<meta name=\"twitter:data1\" content=\"Redacci\u00f3n\" \/>\n\t<meta name=\"twitter:label2\" content=\"Tiempo de lectura\" \/>\n\t<meta name=\"twitter:data2\" content=\"1 minuto\" \/>\n<script type=\"application\/ld+json\" class=\"yoast-schema-graph\">{\"@context\":\"https:\/\/schema.org\",\"@graph\":[{\"@type\":\"Article\",\"@id\":\"https:\/\/nitu.mx\/index.php\/2021\/07\/14\/anuncian-para-2022-primer-tianguis-turistico-de-pueblos-magicos-en-el-extranjero\/#article\",\"isPartOf\":{\"@id\":\"https:\/\/nitu.mx\/index.php\/2021\/07\/14\/anuncian-para-2022-primer-tianguis-turistico-de-pueblos-magicos-en-el-extranjero\/\"},\"author\":{\"name\":\"Redacci\u00f3n\",\"@id\":\"https:\/\/nitu.mx\/#\/schema\/person\/4a28fe9bd65924f7c90623773daf1b0b\"},\"headline\":\"Anuncian para 2022 primer Tianguis Tur\u00edstico de Pueblos M\u00e1gicos en el extranjero\",\"datePublished\":\"2021-07-15T03:31:35+00:00\",\"dateModified\":\"2021-07-15T04:20:53+00:00\",\"mainEntityOfPage\":{\"@id\":\"https:\/\/nitu.mx\/index.php\/2021\/07\/14\/anuncian-para-2022-primer-tianguis-turistico-de-pueblos-magicos-en-el-extranjero\/\"},\"wordCount\":250,\"commentCount\":0,\"publisher\":{\"@id\":\"https:\/\/nitu.mx\/#\/schema\/person\/ae7a53426417292d3dd07b45a33e01bc\"},\"image\":{\"@id\":\"https:\/\/nitu.mx\/index.php\/2021\/07\/14\/anuncian-para-2022-primer-tianguis-turistico-de-pueblos-magicos-en-el-extranjero\/#primaryimage\"},\"thumbnailUrl\":\"https:\/\/nitu.mx\/wp-content\/uploads\/2020\/08\/Torruco-visit-mexico.jpg\",\"keywords\":[\"Miguel Torruco Marqu\u00e9s\",\"Secretar\u00eda de Turismo (Sectur)\",\"Tianguis de Pueblos M\u00e1gicos\"],\"articleSection\":[\"Marketing\",\"M\u00e9xico\"],\"inLanguage\":\"es-MX\",\"potentialAction\":[{\"@type\":\"CommentAction\",\"name\":\"Comment\",\"target\":[\"https:\/\/nitu.mx\/index.php\/2021\/07\/14\/anuncian-para-2022-primer-tianguis-turistico-de-pueblos-magicos-en-el-extranjero\/#respond\"]}]},{\"@type\":\"WebPage\",\"@id\":\"https:\/\/nitu.mx\/index.php\/2021\/07\/14\/anuncian-para-2022-primer-tianguis-turistico-de-pueblos-magicos-en-el-extranjero\/\",\"url\":\"https:\/\/nitu.mx\/index.php\/2021\/07\/14\/anuncian-para-2022-primer-tianguis-turistico-de-pueblos-magicos-en-el-extranjero\/\",\"name\":\"Anuncian para 2022 primer Tianguis Tur\u00edstico de Pueblos M\u00e1gicos en el extranjero - Nitu - Noticias de la Industria Turistica\",\"isPartOf\":{\"@id\":\"https:\/\/nitu.mx\/#website\"},\"primaryImageOfPage\":{\"@id\":\"https:\/\/nitu.mx\/index.php\/2021\/07\/14\/anuncian-para-2022-primer-tianguis-turistico-de-pueblos-magicos-en-el-extranjero\/#primaryimage\"},\"image\":{\"@id\":\"https:\/\/nitu.mx\/index.php\/2021\/07\/14\/anuncian-para-2022-primer-tianguis-turistico-de-pueblos-magicos-en-el-extranjero\/#primaryimage\"},\"thumbnailUrl\":\"https:\/\/nitu.mx\/wp-content\/uploads\/2020\/08\/Torruco-visit-mexico.jpg\",\"datePublished\":\"2021-07-15T03:31:35+00:00\",\"dateModified\":\"2021-07-15T04:20:53+00:00\",\"breadcrumb\":{\"@id\":\"https:\/\/nitu.mx\/index.php\/2021\/07\/14\/anuncian-para-2022-primer-tianguis-turistico-de-pueblos-magicos-en-el-extranjero\/#breadcrumb\"},\"inLanguage\":\"es-MX\",\"potentialAction\":[{\"@type\":\"ReadAction\",\"target\":[\"https:\/\/nitu.mx\/index.php\/2021\/07\/14\/anuncian-para-2022-primer-tianguis-turistico-de-pueblos-magicos-en-el-extranjero\/\"]}]},{\"@type\":\"ImageObject\",\"inLanguage\":\"es-MX\",\"@id\":\"https:\/\/nitu.mx\/index.php\/2021\/07\/14\/anuncian-para-2022-primer-tianguis-turistico-de-pueblos-magicos-en-el-extranjero\/#primaryimage\",\"url\":\"https:\/\/nitu.mx\/wp-content\/uploads\/2020\/08\/Torruco-visit-mexico.jpg\",\"contentUrl\":\"https:\/\/nitu.mx\/wp-content\/uploads\/2020\/08\/Torruco-visit-mexico.jpg\",\"width\":1200,\"height\":675},{\"@type\":\"BreadcrumbList\",\"@id\":\"https:\/\/nitu.mx\/index.php\/2021\/07\/14\/anuncian-para-2022-primer-tianguis-turistico-de-pueblos-magicos-en-el-extranjero\/#breadcrumb\",\"itemListElement\":[{\"@type\":\"ListItem\",\"position\":1,\"name\":\"Inicio\",\"item\":\"https:\/\/nitu.mx\/\"},{\"@type\":\"ListItem\",\"position\":2,\"name\":\"Anuncian para 2022 primer Tianguis Tur\u00edstico de Pueblos M\u00e1gicos en el extranjero\"}]},{\"@type\":\"WebSite\",\"@id\":\"https:\/\/nitu.mx\/#website\",\"url\":\"https:\/\/nitu.mx\/\",\"name\":\"Nitu - Noticias de la Industria Turistica\",\"description\":\"Noticias de la Industria Turistica\",\"publisher\":{\"@id\":\"https:\/\/nitu.mx\/#\/schema\/person\/ae7a53426417292d3dd07b45a33e01bc\"},\"alternateName\":\"Noticias de la Industria Turistica\",\"potentialAction\":[{\"@type\":\"SearchAction\",\"target\":{\"@type\":\"EntryPoint\",\"urlTemplate\":\"https:\/\/nitu.mx\/?s={search_term_string}\"},\"query-input\":\"required name=search_term_string\"}],\"inLanguage\":\"es-MX\"},{\"@type\":[\"Person\",\"Organization\"],\"@id\":\"https:\/\/nitu.mx\/#\/schema\/person\/ae7a53426417292d3dd07b45a33e01bc\",\"name\":\"Arturo Medina\",\"image\":{\"@type\":\"ImageObject\",\"inLanguage\":\"es-MX\",\"@id\":\"https:\/\/nitu.mx\/#\/schema\/person\/image\/\",\"url\":\"https:\/\/nitu.mx\/wp-content\/uploads\/2024\/04\/4A315622-1904-4D5C-B022-878CDC840E04-90x90-1.jpeg\",\"contentUrl\":\"https:\/\/nitu.mx\/wp-content\/uploads\/2024\/04\/4A315622-1904-4D5C-B022-878CDC840E04-90x90-1.jpeg\",\"width\":90,\"height\":90,\"caption\":\"Arturo Medina\"},\"logo\":{\"@id\":\"https:\/\/nitu.mx\/#\/schema\/person\/image\/\"},\"description\":\"Director NITU.mx, Egresado de la Escuela de Periodismo Carlos Septi\u00e9n Garc\u00eda. Periodista y analista especializado en turismo desde hace 35 a\u00f1os, radicado en Canc\u00fan Q.Roo. arturo@nitu.mx\",\"sameAs\":[\"https:\/\/nitu.mx\",\"https:\/\/www.facebook.com\/NITUmx\/\",\"medinacancun\",\"https:\/\/twitter.com\/@Arturo_Medina_G\"]},{\"@type\":\"Person\",\"@id\":\"https:\/\/nitu.mx\/#\/schema\/person\/4a28fe9bd65924f7c90623773daf1b0b\",\"name\":\"Redacci\u00f3n\",\"image\":{\"@type\":\"ImageObject\",\"inLanguage\":\"es-MX\",\"@id\":\"https:\/\/nitu.mx\/#\/schema\/person\/image\/\",\"url\":\"https:\/\/secure.gravatar.com\/avatar\/5dd011c8ccfc5cd7e4c81e42252aab38?s=96&d=mm&r=g\",\"contentUrl\":\"https:\/\/secure.gravatar.com\/avatar\/5dd011c8ccfc5cd7e4c81e42252aab38?s=96&d=mm&r=g\",\"caption\":\"Redacci\u00f3n\"},\"url\":\"https:\/\/nitu.mx\/index.php\/author\/redaccion\/\"}]}<\/script>\n<!-- \/ Yoast SEO plugin. -->","yoast_head_json":{"title":"Anuncian para 2022 primer Tianguis Tur\u00edstico de Pueblos M\u00e1gicos en el extranjero - Nitu - Noticias de la Industria Turistica","robots":{"index":"index","follow":"follow","max-snippet":"max-snippet:-1","max-image-preview":"max-image-preview:large","max-video-preview":"max-video-preview:-1"},"canonical":"https:\/\/nitu.mx\/index.php\/2021\/07\/14\/anuncian-para-2022-primer-tianguis-turistico-de-pueblos-magicos-en-el-extranjero\/","twitter_card":"summary_large_image","twitter_title":"Anuncian para 2022 primer Tianguis Tur\u00edstico de Pueblos M\u00e1gicos en el extranjero - Nitu - Noticias de la Industria Turistica","twitter_description":"El gobierno federal anunci\u00f3 para 2022 la celebraci\u00f3n del primer Tianguis de Pueblos M\u00e1gicos en el extranjero, aunque no se especific\u00f3 cu\u00e1l ser\u00e1 el pa\u00eds de la sede. En conferencia, el titular de la Secretar\u00eda de Turismo (Sectur), Miguel Torruco Marqu\u00e9s, inform\u00f3 que actualmente se est\u00e1n realizando los trabajos necesarios para llevar a cabo este [&hellip;]","twitter_image":"https:\/\/nitu.mx\/wp-content\/uploads\/2020\/08\/Torruco-visit-mexico.jpg","twitter_creator":"@NITUmx","twitter_site":"@Arturo_Medina_G","twitter_misc":{"Escrito por":"Redacci\u00f3n","Tiempo de lectura":"1 minuto"},"schema":{"@context":"https:\/\/schema.org","@graph":[{"@type":"Article","@id":"https:\/\/nitu.mx\/index.php\/2021\/07\/14\/anuncian-para-2022-primer-tianguis-turistico-de-pueblos-magicos-en-el-extranjero\/#article","isPartOf":{"@id":"https:\/\/nitu.mx\/index.php\/2021\/07\/14\/anuncian-para-2022-primer-tianguis-turistico-de-pueblos-magicos-en-el-extranjero\/"},"author":{"name":"Redacci\u00f3n","@id":"https:\/\/nitu.mx\/#\/schema\/person\/4a28fe9bd65924f7c90623773daf1b0b"},"headline":"Anuncian para 2022 primer Tianguis Tur\u00edstico de Pueblos M\u00e1gicos en el extranjero","datePublished":"2021-07-15T03:31:35+00:00","dateModified":"2021-07-15T04:20:53+00:00","mainEntityOfPage":{"@id":"https:\/\/nitu.mx\/index.php\/2021\/07\/14\/anuncian-para-2022-primer-tianguis-turistico-de-pueblos-magicos-en-el-extranjero\/"},"wordCount":250,"commentCount":0,"publisher":{"@id":"https:\/\/nitu.mx\/#\/schema\/person\/ae7a53426417292d3dd07b45a33e01bc"},"image":{"@id":"https:\/\/nitu.mx\/index.php\/2021\/07\/14\/anuncian-para-2022-primer-tianguis-turistico-de-pueblos-magicos-en-el-extranjero\/#primaryimage"},"thumbnailUrl":"https:\/\/nitu.mx\/wp-content\/uploads\/2020\/08\/Torruco-visit-mexico.jpg","keywords":["Miguel Torruco Marqu\u00e9s","Secretar\u00eda de Turismo (Sectur)","Tianguis de Pueblos M\u00e1gicos"],"articleSection":["Marketing","M\u00e9xico"],"inLanguage":"es-MX","potentialAction":[{"@type":"CommentAction","name":"Comment","target":["https:\/\/nitu.mx\/index.php\/2021\/07\/14\/anuncian-para-2022-primer-tianguis-turistico-de-pueblos-magicos-en-el-extranjero\/#respond"]}]},{"@type":"WebPage","@id":"https:\/\/nitu.mx\/index.php\/2021\/07\/14\/anuncian-para-2022-primer-tianguis-turistico-de-pueblos-magicos-en-el-extranjero\/","url":"https:\/\/nitu.mx\/index.php\/2021\/07\/14\/anuncian-para-2022-primer-tianguis-turistico-de-pueblos-magicos-en-el-extranjero\/","name":"Anuncian para 2022 primer Tianguis Tur\u00edstico de Pueblos M\u00e1gicos en el extranjero - Nitu - Noticias de la Industria Turistica","isPartOf":{"@id":"https:\/\/nitu.mx\/#website"},"primaryImageOfPage":{"@id":"https:\/\/nitu.mx\/index.php\/2021\/07\/14\/anuncian-para-2022-primer-tianguis-turistico-de-pueblos-magicos-en-el-extranjero\/#primaryimage"},"image":{"@id":"https:\/\/nitu.mx\/index.php\/2021\/07\/14\/anuncian-para-2022-primer-tianguis-turistico-de-pueblos-magicos-en-el-extranjero\/#primaryimage"},"thumbnailUrl":"https:\/\/nitu.mx\/wp-content\/uploads\/2020\/08\/Torruco-visit-mexico.jpg","datePublished":"2021-07-15T03:31:35+00:00","dateModified":"2021-07-15T04:20:53+00:00","breadcrumb":{"@id":"https:\/\/nitu.mx\/index.php\/2021\/07\/14\/anuncian-para-2022-primer-tianguis-turistico-de-pueblos-magicos-en-el-extranjero\/#breadcrumb"},"inLanguage":"es-MX","potentialAction":[{"@type":"ReadAction","target":["https:\/\/nitu.mx\/index.php\/2021\/07\/14\/anuncian-para-2022-primer-tianguis-turistico-de-pueblos-magicos-en-el-extranjero\/"]}]},{"@type":"ImageObject","inLanguage":"es-MX","@id":"https:\/\/nitu.mx\/index.php\/2021\/07\/14\/anuncian-para-2022-primer-tianguis-turistico-de-pueblos-magicos-en-el-extranjero\/#primaryimage","url":"https:\/\/nitu.mx\/wp-content\/uploads\/2020\/08\/Torruco-visit-mexico.jpg","contentUrl":"https:\/\/nitu.mx\/wp-content\/uploads\/2020\/08\/Torruco-visit-mexico.jpg","width":1200,"height":675},{"@type":"BreadcrumbList","@id":"https:\/\/nitu.mx\/index.php\/2021\/07\/14\/anuncian-para-2022-primer-tianguis-turistico-de-pueblos-magicos-en-el-extranjero\/#breadcrumb","itemListElement":[{"@type":"ListItem","position":1,"name":"Inicio","item":"https:\/\/nitu.mx\/"},{"@type":"ListItem","position":2,"name":"Anuncian para 2022 primer Tianguis Tur\u00edstico de Pueblos M\u00e1gicos en el extranjero"}]},{"@type":"WebSite","@id":"https:\/\/nitu.mx\/#website","url":"https:\/\/nitu.mx\/","name":"Nitu - Noticias de la Industria Turistica","description":"Noticias de la Industria Turistica","publisher":{"@id":"https:\/\/nitu.mx\/#\/schema\/person\/ae7a53426417292d3dd07b45a33e01bc"},"alternateName":"Noticias de la Industria Turistica","potentialAction":[{"@type":"SearchAction","target":{"@type":"EntryPoint","urlTemplate":"https:\/\/nitu.mx\/?s={search_term_string}"},"query-input":"required name=search_term_string"}],"inLanguage":"es-MX"},{"@type":["Person","Organization"],"@id":"https:\/\/nitu.mx\/#\/schema\/person\/ae7a53426417292d3dd07b45a33e01bc","name":"Arturo Medina","image":{"@type":"ImageObject","inLanguage":"es-MX","@id":"https:\/\/nitu.mx\/#\/schema\/person\/image\/","url":"https:\/\/nitu.mx\/wp-content\/uploads\/2024\/04\/4A315622-1904-4D5C-B022-878CDC840E04-90x90-1.jpeg","contentUrl":"https:\/\/nitu.mx\/wp-content\/uploads\/2024\/04\/4A315622-1904-4D5C-B022-878CDC840E04-90x90-1.jpeg","width":90,"height":90,"caption":"Arturo Medina"},"logo":{"@id":"https:\/\/nitu.mx\/#\/schema\/person\/image\/"},"description":"Director NITU.mx, Egresado de la Escuela de Periodismo Carlos Septi\u00e9n Garc\u00eda. Periodista y analista especializado en turismo desde hace 35 a\u00f1os, radicado en Canc\u00fan Q.Roo. arturo@nitu.mx","sameAs":["https:\/\/nitu.mx","https:\/\/www.facebook.com\/NITUmx\/","medinacancun","https:\/\/twitter.com\/@Arturo_Medina_G"]},{"@type":"Person","@id":"https:\/\/nitu.mx\/#\/schema\/person\/4a28fe9bd65924f7c90623773daf1b0b","name":"Redacci\u00f3n","image":{"@type":"ImageObject","inLanguage":"es-MX","@id":"https:\/\/nitu.mx\/#\/schema\/person\/image\/","url":"https:\/\/secure.gravatar.com\/avatar\/5dd011c8ccfc5cd7e4c81e42252aab38?s=96&d=mm&r=g","contentUrl":"https:\/\/secure.gravatar.com\/avatar\/5dd011c8ccfc5cd7e4c81e42252aab38?s=96&d=mm&r=g","caption":"Redacci\u00f3n"},"url":"https:\/\/nitu.mx\/index.php\/author\/redaccion\/"}]}},"views":371,"_links":{"self":[{"href":"https:\/\/nitu.mx\/index.php\/wp-json\/wp\/v2\/posts\/53954"}],"collection":[{"href":"https:\/\/nitu.mx\/index.php\/wp-json\/wp\/v2\/posts"}],"about":[{"href":"https:\/\/nitu.mx\/index.php\/wp-json\/wp\/v2\/types\/post"}],"author":[{"embeddable":true,"href":"https:\/\/nitu.mx\/index.php\/wp-json\/wp\/v2\/users\/17"}],"replies":[{"embeddable":true,"href":"https:\/\/nitu.mx\/index.php\/wp-json\/wp\/v2\/comments?post=53954"}],"version-history":[{"count":3,"href":"https:\/\/nitu.mx\/index.php\/wp-json\/wp\/v2\/posts\/53954\/revisions"}],"predecessor-version":[{"id":53964,"href":"https:\/\/nitu.mx\/index.php\/wp-json\/wp\/v2\/posts\/53954\/revisions\/53964"}],"wp:featuredmedia":[{"embeddable":true,"href":"https:\/\/nitu.mx\/index.php\/wp-json\/wp\/v2\/media\/45210"}],"wp:attachment":[{"href":"https:\/\/nitu.mx\/index.php\/wp-json\/wp\/v2\/media?parent=53954"}],"wp:term":[{"taxonomy":"category","embeddable":true,"href":"https:\/\/nitu.mx\/index.php\/wp-json\/wp\/v2\/categories?post=53954"},{"taxonomy":"post_tag","embeddable":true,"href":"https:\/\/nitu.mx\/index.php\/wp-json\/wp\/v2\/tags?post=53954"}],"curies":[{"name":"wp","href":"https:\/\/api.w.org\/{rel}","templated":true}]}}