{"id":53857,"date":"2021-07-11T21:33:41","date_gmt":"2021-07-12T02:33:41","guid":{"rendered":"https:\/\/www.dev.nitu.mx\/?p=53857"},"modified":"2021-07-11T23:04:06","modified_gmt":"2021-07-12T04:04:06","slug":"celebra-iata-expedicion-de-certificado-de-vacunacion","status":"publish","type":"post","link":"https:\/\/nitu.mx\/index.php\/2021\/07\/11\/celebra-iata-expedicion-de-certificado-de-vacunacion\/","title":{"rendered":"Celebra IATA expedici\u00f3n de certificado de vacunaci\u00f3n"},"content":{"rendered":"<p>La\u00a0Asociaci\u00f3n de Transporte A\u00e9reo Internacional (IATA)\u00a0se\u00f1al\u00f3 que es una muy buena noticia el hecho de que M\u00e9xico ya cuente con un certificado digital de vacunaci\u00f3n contra el Covid-19, pues permitir\u00e1 reactivar los viajes a\u00a0Europa.<\/p>\n<p>\u201cYa estoy platicando con las autoridades sobre las caracter\u00edsticas de este certificado.\u00a0Es una buena noticia que haya un certificado de vacunaci\u00f3n digital especialmente ahora para las aerol\u00edneas que est\u00e1n retomando operaciones en Europa,\u00a0en donde al pasajero le ser\u00e1 requerido este tipo de documento\u201d, indic\u00f3\u00a0Cuitl\u00e1huac Guti\u00e9rrez, country manager de la IATA en M\u00e9xico.<\/p>\n<p>Todav\u00eda no se sabe si los viajeros mexicanos podr\u00e1n cargar este certificado digital de vacunaci\u00f3n a la plataforma\u00a0Travel Pass de la IATA. De acuerdo con Guti\u00e9rrez, se est\u00e1 trabajando en este tema y a\u00fan hace falta \u201chacer algunas pruebas y ver c\u00f3mo es el certificado que est\u00e1 emitiendo el gobierno de M\u00e9xico\u201d<\/p>\n<p>El anuncio lo realiz\u00f3\u00a0Hugo L\u00f3pez-Gatell,\u00a0subsecretario de\u00a0Prevenci\u00f3n y Promoci\u00f3n de la Salud de M\u00e9xico.\u00a0El certificado digital de vacunaci\u00f3n contendr\u00e1 la fecha y el f\u00e1rmaco que se aplic\u00f3 y estar\u00e1 disponible en la p\u00e1gina\u00a0cvcovid.salud.gob.mx.<\/p>\n<p>Este documento permitir\u00e1 a los viajeros mexicanos demostrar que ya han sido vacunados contra el covid-19. Distintos pa\u00edses alrededor del mundo exigen presentar este tipo de documentos para permitir la entrada de turistas internacionales.<\/p>\n<p>Sin embargo, uno de los mayores problemas en los \u00faltimos meses ha sido la falsificaci\u00f3n de los certificados de vacunaci\u00f3n; de acuerdo con The Washington Street Journal, la\u00a0IATA\u00a0ha encontrado documentos falsos en varios pa\u00edses, entre ellos\u00a0Francia, Brasil, Bangladesh y Afganist\u00e1n;\u00a0adem\u00e1s las autoridades fronterizas han arrestado personas vendiendo este tipo de documentos en\u00a0Reino Unido, Espa\u00f1a, Indonesia, Zimbabue\u00a0y muchos otros pa\u00edses. Tan s\u00f3lo la semana pasada, la polic\u00eda italiana desmantel\u00f3 una organizaci\u00f3n que vend\u00eda certificados de vacunaci\u00f3n europeos falsificados, inform\u00f3 la agencia\u00a0EFE. Todas estas noticias han puesto en evidencia la falta de una coordinaci\u00f3n gubernamental en el rubro.<\/p>\n<p>&#8220;Toda medida que ayude a reducir los temores a volar y estimule la recuperaci\u00f3n de la demanda es bienvenida por la industria y sus actores. Pero en vez de existir una consenso y colaboraci\u00f3n a nivel mundial en cuanto a un \u00fanico certificado digital del Covid-19 que elimine las restricciones de viaje a nivel global y sea aceptado por todos los estados y actores, observamos que los mismo entes que buscan estimular la demanda desde asociaciones de transporte a\u00e9reo, aeropuertos, aerol\u00edneas, proveedores de tecnolog\u00eda e inclusive recientemente la Uni\u00f3n Europea han lanzado sus propias soluciones de certificado digital&#8221;, se\u00f1al\u00f3\u00a0Ren\u00e9 Armas Maes vicepresidente comercial y consultor aeron\u00e1utico.<\/p>\n<p>Esta falta de homologaci\u00f3n provoca confusi\u00f3n entre los pasajeros y aumenta la ansiedad a la hora de volar. Lamentablemente, luego de 16 meses de pandemia, muchos actores no se han puesto de acuerdo, y esto obstaculiza la recuperaci\u00f3n del tr\u00e1fico de manera m\u00e1s acelerada a nivel global, a\u00f1adi\u00f3\u00a0Armas Maes.<\/p>\n<p>De acuerdo con la\u00a0Europol, mientras los gobiernos mantengan restricciones de viaje, \u201ces muy probable que la producci\u00f3n y venta de certificados falsos de covid-19 permanezca\u201d.<\/p>\n<p>El certificado emitido por las autoridades mexicanas contar\u00e1 con un c\u00f3digo QR en el que se podr\u00e1 verificar la informaci\u00f3n en tiempo real, se\u00f1al\u00f3\u00a0L\u00f3pez-Gatell.<\/p>\n<p>Las aerol\u00edneas mexicanas\u00a0Aerom\u00e9xico, Viva Aerobus y Volaris\u00a0declinaron hacer comentarios al respecto del nuevo certificado de vacunaci\u00f3n en el pa\u00eds. (<a title=\"Aerom\u00e9xico iniciar\u00e1 pruebas del IATA Travel Pass\" href=\"https:\/\/www.dev.nitu.mx\/index.php\/2021\/06\/15\/aeromexico-iniciara-pruebas-del-iata-travel-pass\/\" rel=\"bookmark\">Aerom\u00e9xico iniciar\u00e1 pruebas del IATA Travel Pass<\/a>).<\/p>\n","protected":false},"excerpt":{"rendered":"<p>La\u00a0Asociaci\u00f3n de Transporte A\u00e9reo Internacional (IATA)\u00a0se\u00f1al\u00f3 que es una muy buena noticia el hecho de que M\u00e9xico ya cuente con un certificado digital de vacunaci\u00f3n contra el Covid-19, pues permitir\u00e1 reactivar los viajes a\u00a0Europa. \u201cYa estoy platicando con las autoridades sobre las caracter\u00edsticas de este certificado.\u00a0Es una buena noticia que haya un certificado de vacunaci\u00f3n [&hellip;]<\/p>\n","protected":false},"author":17,"featured_media":53859,"comment_status":"open","ping_status":"open","sticky":false,"template":"","format":"standard","meta":{"footnotes":""},"categories":[29,19462],"tags":[22205,1734],"yoast_head":"<!-- This site is optimized with the Yoast SEO plugin v22.2 - https:\/\/yoast.com\/wordpress\/plugins\/seo\/ -->\n<title>Celebra IATA expedici\u00f3n de certificado de vacunaci\u00f3n - Nitu - Noticias de la Industria Turistica<\/title>\n<meta name=\"robots\" content=\"index, follow, max-snippet:-1, max-image-preview:large, max-video-preview:-1\" \/>\n<link rel=\"canonical\" href=\"https:\/\/nitu.mx\/index.php\/2021\/07\/11\/celebra-iata-expedicion-de-certificado-de-vacunacion\/\" \/>\n<meta name=\"twitter:card\" content=\"summary_large_image\" \/>\n<meta name=\"twitter:title\" content=\"Celebra IATA expedici\u00f3n de certificado de vacunaci\u00f3n - Nitu - Noticias de la Industria Turistica\" \/>\n<meta name=\"twitter:description\" content=\"La\u00a0Asociaci\u00f3n de Transporte A\u00e9reo Internacional (IATA)\u00a0se\u00f1al\u00f3 que es una muy buena noticia el hecho de que M\u00e9xico ya cuente con un certificado digital de vacunaci\u00f3n contra el Covid-19, pues permitir\u00e1 reactivar los viajes a\u00a0Europa. \u201cYa estoy platicando con las autoridades sobre las caracter\u00edsticas de este certificado.\u00a0Es una buena noticia que haya un certificado de vacunaci\u00f3n [&hellip;]\" \/>\n<meta name=\"twitter:image\" content=\"https:\/\/nitu.mx\/wp-content\/uploads\/2021\/07\/certificado-.jpeg\" \/>\n<meta name=\"twitter:creator\" content=\"@NITUmx\" \/>\n<meta name=\"twitter:site\" content=\"@Arturo_Medina_G\" \/>\n<meta name=\"twitter:label1\" content=\"Escrito por\" \/>\n\t<meta name=\"twitter:data1\" content=\"Redacci\u00f3n\" \/>\n\t<meta name=\"twitter:label2\" content=\"Tiempo de lectura\" \/>\n\t<meta name=\"twitter:data2\" content=\"3 minutos\" \/>\n<script type=\"application\/ld+json\" class=\"yoast-schema-graph\">{\"@context\":\"https:\/\/schema.org\",\"@graph\":[{\"@type\":\"Article\",\"@id\":\"https:\/\/nitu.mx\/index.php\/2021\/07\/11\/celebra-iata-expedicion-de-certificado-de-vacunacion\/#article\",\"isPartOf\":{\"@id\":\"https:\/\/nitu.mx\/index.php\/2021\/07\/11\/celebra-iata-expedicion-de-certificado-de-vacunacion\/\"},\"author\":{\"name\":\"Redacci\u00f3n\",\"@id\":\"https:\/\/nitu.mx\/#\/schema\/person\/4a28fe9bd65924f7c90623773daf1b0b\"},\"headline\":\"Celebra IATA expedici\u00f3n de certificado de vacunaci\u00f3n\",\"datePublished\":\"2021-07-12T02:33:41+00:00\",\"dateModified\":\"2021-07-12T04:04:06+00:00\",\"mainEntityOfPage\":{\"@id\":\"https:\/\/nitu.mx\/index.php\/2021\/07\/11\/celebra-iata-expedicion-de-certificado-de-vacunacion\/\"},\"wordCount\":630,\"commentCount\":0,\"publisher\":{\"@id\":\"https:\/\/nitu.mx\/#\/schema\/person\/ae7a53426417292d3dd07b45a33e01bc\"},\"image\":{\"@id\":\"https:\/\/nitu.mx\/index.php\/2021\/07\/11\/celebra-iata-expedicion-de-certificado-de-vacunacion\/#primaryimage\"},\"thumbnailUrl\":\"https:\/\/nitu.mx\/wp-content\/uploads\/2021\/07\/certificado-.jpeg\",\"keywords\":[\"Cuitl\u00e1huac Guti\u00e9rrez\",\"IATA\"],\"articleSection\":[\"Aerol\u00edneas\",\"Aeropuertos\"],\"inLanguage\":\"es-MX\",\"potentialAction\":[{\"@type\":\"CommentAction\",\"name\":\"Comment\",\"target\":[\"https:\/\/nitu.mx\/index.php\/2021\/07\/11\/celebra-iata-expedicion-de-certificado-de-vacunacion\/#respond\"]}]},{\"@type\":\"WebPage\",\"@id\":\"https:\/\/nitu.mx\/index.php\/2021\/07\/11\/celebra-iata-expedicion-de-certificado-de-vacunacion\/\",\"url\":\"https:\/\/nitu.mx\/index.php\/2021\/07\/11\/celebra-iata-expedicion-de-certificado-de-vacunacion\/\",\"name\":\"Celebra IATA expedici\u00f3n de certificado de vacunaci\u00f3n - Nitu - Noticias de la Industria Turistica\",\"isPartOf\":{\"@id\":\"https:\/\/nitu.mx\/#website\"},\"primaryImageOfPage\":{\"@id\":\"https:\/\/nitu.mx\/index.php\/2021\/07\/11\/celebra-iata-expedicion-de-certificado-de-vacunacion\/#primaryimage\"},\"image\":{\"@id\":\"https:\/\/nitu.mx\/index.php\/2021\/07\/11\/celebra-iata-expedicion-de-certificado-de-vacunacion\/#primaryimage\"},\"thumbnailUrl\":\"https:\/\/nitu.mx\/wp-content\/uploads\/2021\/07\/certificado-.jpeg\",\"datePublished\":\"2021-07-12T02:33:41+00:00\",\"dateModified\":\"2021-07-12T04:04:06+00:00\",\"breadcrumb\":{\"@id\":\"https:\/\/nitu.mx\/index.php\/2021\/07\/11\/celebra-iata-expedicion-de-certificado-de-vacunacion\/#breadcrumb\"},\"inLanguage\":\"es-MX\",\"potentialAction\":[{\"@type\":\"ReadAction\",\"target\":[\"https:\/\/nitu.mx\/index.php\/2021\/07\/11\/celebra-iata-expedicion-de-certificado-de-vacunacion\/\"]}]},{\"@type\":\"ImageObject\",\"inLanguage\":\"es-MX\",\"@id\":\"https:\/\/nitu.mx\/index.php\/2021\/07\/11\/celebra-iata-expedicion-de-certificado-de-vacunacion\/#primaryimage\",\"url\":\"https:\/\/nitu.mx\/wp-content\/uploads\/2021\/07\/certificado-.jpeg\",\"contentUrl\":\"https:\/\/nitu.mx\/wp-content\/uploads\/2021\/07\/certificado-.jpeg\",\"width\":300,\"height\":168},{\"@type\":\"BreadcrumbList\",\"@id\":\"https:\/\/nitu.mx\/index.php\/2021\/07\/11\/celebra-iata-expedicion-de-certificado-de-vacunacion\/#breadcrumb\",\"itemListElement\":[{\"@type\":\"ListItem\",\"position\":1,\"name\":\"Inicio\",\"item\":\"https:\/\/nitu.mx\/\"},{\"@type\":\"ListItem\",\"position\":2,\"name\":\"Celebra IATA expedici\u00f3n de certificado de vacunaci\u00f3n\"}]},{\"@type\":\"WebSite\",\"@id\":\"https:\/\/nitu.mx\/#website\",\"url\":\"https:\/\/nitu.mx\/\",\"name\":\"Nitu - Noticias de la Industria Turistica\",\"description\":\"Noticias de la Industria Turistica\",\"publisher\":{\"@id\":\"https:\/\/nitu.mx\/#\/schema\/person\/ae7a53426417292d3dd07b45a33e01bc\"},\"alternateName\":\"Noticias de la Industria Turistica\",\"potentialAction\":[{\"@type\":\"SearchAction\",\"target\":{\"@type\":\"EntryPoint\",\"urlTemplate\":\"https:\/\/nitu.mx\/?s={search_term_string}\"},\"query-input\":\"required name=search_term_string\"}],\"inLanguage\":\"es-MX\"},{\"@type\":[\"Person\",\"Organization\"],\"@id\":\"https:\/\/nitu.mx\/#\/schema\/person\/ae7a53426417292d3dd07b45a33e01bc\",\"name\":\"Arturo Medina\",\"image\":{\"@type\":\"ImageObject\",\"inLanguage\":\"es-MX\",\"@id\":\"https:\/\/nitu.mx\/#\/schema\/person\/image\/\",\"url\":\"https:\/\/nitu.mx\/wp-content\/uploads\/2024\/04\/4A315622-1904-4D5C-B022-878CDC840E04-90x90-1.jpeg\",\"contentUrl\":\"https:\/\/nitu.mx\/wp-content\/uploads\/2024\/04\/4A315622-1904-4D5C-B022-878CDC840E04-90x90-1.jpeg\",\"width\":90,\"height\":90,\"caption\":\"Arturo Medina\"},\"logo\":{\"@id\":\"https:\/\/nitu.mx\/#\/schema\/person\/image\/\"},\"description\":\"Director NITU.mx, Egresado de la Escuela de Periodismo Carlos Septi\u00e9n Garc\u00eda. Periodista y analista especializado en turismo desde hace 35 a\u00f1os, radicado en Canc\u00fan Q.Roo. arturo@nitu.mx\",\"sameAs\":[\"https:\/\/nitu.mx\",\"https:\/\/www.facebook.com\/NITUmx\/\",\"medinacancun\",\"https:\/\/twitter.com\/@Arturo_Medina_G\"]},{\"@type\":\"Person\",\"@id\":\"https:\/\/nitu.mx\/#\/schema\/person\/4a28fe9bd65924f7c90623773daf1b0b\",\"name\":\"Redacci\u00f3n\",\"image\":{\"@type\":\"ImageObject\",\"inLanguage\":\"es-MX\",\"@id\":\"https:\/\/nitu.mx\/#\/schema\/person\/image\/\",\"url\":\"https:\/\/secure.gravatar.com\/avatar\/5dd011c8ccfc5cd7e4c81e42252aab38?s=96&d=mm&r=g\",\"contentUrl\":\"https:\/\/secure.gravatar.com\/avatar\/5dd011c8ccfc5cd7e4c81e42252aab38?s=96&d=mm&r=g\",\"caption\":\"Redacci\u00f3n\"},\"url\":\"https:\/\/nitu.mx\/index.php\/author\/redaccion\/\"}]}<\/script>\n<!-- \/ Yoast SEO plugin. -->","yoast_head_json":{"title":"Celebra IATA expedici\u00f3n de certificado de vacunaci\u00f3n - Nitu - Noticias de la Industria Turistica","robots":{"index":"index","follow":"follow","max-snippet":"max-snippet:-1","max-image-preview":"max-image-preview:large","max-video-preview":"max-video-preview:-1"},"canonical":"https:\/\/nitu.mx\/index.php\/2021\/07\/11\/celebra-iata-expedicion-de-certificado-de-vacunacion\/","twitter_card":"summary_large_image","twitter_title":"Celebra IATA expedici\u00f3n de certificado de vacunaci\u00f3n - Nitu - Noticias de la Industria Turistica","twitter_description":"La\u00a0Asociaci\u00f3n de Transporte A\u00e9reo Internacional (IATA)\u00a0se\u00f1al\u00f3 que es una muy buena noticia el hecho de que M\u00e9xico ya cuente con un certificado digital de vacunaci\u00f3n contra el Covid-19, pues permitir\u00e1 reactivar los viajes a\u00a0Europa. \u201cYa estoy platicando con las autoridades sobre las caracter\u00edsticas de este certificado.\u00a0Es una buena noticia que haya un certificado de vacunaci\u00f3n [&hellip;]","twitter_image":"https:\/\/nitu.mx\/wp-content\/uploads\/2021\/07\/certificado-.jpeg","twitter_creator":"@NITUmx","twitter_site":"@Arturo_Medina_G","twitter_misc":{"Escrito por":"Redacci\u00f3n","Tiempo de lectura":"3 minutos"},"schema":{"@context":"https:\/\/schema.org","@graph":[{"@type":"Article","@id":"https:\/\/nitu.mx\/index.php\/2021\/07\/11\/celebra-iata-expedicion-de-certificado-de-vacunacion\/#article","isPartOf":{"@id":"https:\/\/nitu.mx\/index.php\/2021\/07\/11\/celebra-iata-expedicion-de-certificado-de-vacunacion\/"},"author":{"name":"Redacci\u00f3n","@id":"https:\/\/nitu.mx\/#\/schema\/person\/4a28fe9bd65924f7c90623773daf1b0b"},"headline":"Celebra IATA expedici\u00f3n de certificado de vacunaci\u00f3n","datePublished":"2021-07-12T02:33:41+00:00","dateModified":"2021-07-12T04:04:06+00:00","mainEntityOfPage":{"@id":"https:\/\/nitu.mx\/index.php\/2021\/07\/11\/celebra-iata-expedicion-de-certificado-de-vacunacion\/"},"wordCount":630,"commentCount":0,"publisher":{"@id":"https:\/\/nitu.mx\/#\/schema\/person\/ae7a53426417292d3dd07b45a33e01bc"},"image":{"@id":"https:\/\/nitu.mx\/index.php\/2021\/07\/11\/celebra-iata-expedicion-de-certificado-de-vacunacion\/#primaryimage"},"thumbnailUrl":"https:\/\/nitu.mx\/wp-content\/uploads\/2021\/07\/certificado-.jpeg","keywords":["Cuitl\u00e1huac Guti\u00e9rrez","IATA"],"articleSection":["Aerol\u00edneas","Aeropuertos"],"inLanguage":"es-MX","potentialAction":[{"@type":"CommentAction","name":"Comment","target":["https:\/\/nitu.mx\/index.php\/2021\/07\/11\/celebra-iata-expedicion-de-certificado-de-vacunacion\/#respond"]}]},{"@type":"WebPage","@id":"https:\/\/nitu.mx\/index.php\/2021\/07\/11\/celebra-iata-expedicion-de-certificado-de-vacunacion\/","url":"https:\/\/nitu.mx\/index.php\/2021\/07\/11\/celebra-iata-expedicion-de-certificado-de-vacunacion\/","name":"Celebra IATA expedici\u00f3n de certificado de vacunaci\u00f3n - Nitu - Noticias de la Industria Turistica","isPartOf":{"@id":"https:\/\/nitu.mx\/#website"},"primaryImageOfPage":{"@id":"https:\/\/nitu.mx\/index.php\/2021\/07\/11\/celebra-iata-expedicion-de-certificado-de-vacunacion\/#primaryimage"},"image":{"@id":"https:\/\/nitu.mx\/index.php\/2021\/07\/11\/celebra-iata-expedicion-de-certificado-de-vacunacion\/#primaryimage"},"thumbnailUrl":"https:\/\/nitu.mx\/wp-content\/uploads\/2021\/07\/certificado-.jpeg","datePublished":"2021-07-12T02:33:41+00:00","dateModified":"2021-07-12T04:04:06+00:00","breadcrumb":{"@id":"https:\/\/nitu.mx\/index.php\/2021\/07\/11\/celebra-iata-expedicion-de-certificado-de-vacunacion\/#breadcrumb"},"inLanguage":"es-MX","potentialAction":[{"@type":"ReadAction","target":["https:\/\/nitu.mx\/index.php\/2021\/07\/11\/celebra-iata-expedicion-de-certificado-de-vacunacion\/"]}]},{"@type":"ImageObject","inLanguage":"es-MX","@id":"https:\/\/nitu.mx\/index.php\/2021\/07\/11\/celebra-iata-expedicion-de-certificado-de-vacunacion\/#primaryimage","url":"https:\/\/nitu.mx\/wp-content\/uploads\/2021\/07\/certificado-.jpeg","contentUrl":"https:\/\/nitu.mx\/wp-content\/uploads\/2021\/07\/certificado-.jpeg","width":300,"height":168},{"@type":"BreadcrumbList","@id":"https:\/\/nitu.mx\/index.php\/2021\/07\/11\/celebra-iata-expedicion-de-certificado-de-vacunacion\/#breadcrumb","itemListElement":[{"@type":"ListItem","position":1,"name":"Inicio","item":"https:\/\/nitu.mx\/"},{"@type":"ListItem","position":2,"name":"Celebra IATA expedici\u00f3n de certificado de vacunaci\u00f3n"}]},{"@type":"WebSite","@id":"https:\/\/nitu.mx\/#website","url":"https:\/\/nitu.mx\/","name":"Nitu - Noticias de la Industria Turistica","description":"Noticias de la Industria Turistica","publisher":{"@id":"https:\/\/nitu.mx\/#\/schema\/person\/ae7a53426417292d3dd07b45a33e01bc"},"alternateName":"Noticias de la Industria Turistica","potentialAction":[{"@type":"SearchAction","target":{"@type":"EntryPoint","urlTemplate":"https:\/\/nitu.mx\/?s={search_term_string}"},"query-input":"required name=search_term_string"}],"inLanguage":"es-MX"},{"@type":["Person","Organization"],"@id":"https:\/\/nitu.mx\/#\/schema\/person\/ae7a53426417292d3dd07b45a33e01bc","name":"Arturo Medina","image":{"@type":"ImageObject","inLanguage":"es-MX","@id":"https:\/\/nitu.mx\/#\/schema\/person\/image\/","url":"https:\/\/nitu.mx\/wp-content\/uploads\/2024\/04\/4A315622-1904-4D5C-B022-878CDC840E04-90x90-1.jpeg","contentUrl":"https:\/\/nitu.mx\/wp-content\/uploads\/2024\/04\/4A315622-1904-4D5C-B022-878CDC840E04-90x90-1.jpeg","width":90,"height":90,"caption":"Arturo Medina"},"logo":{"@id":"https:\/\/nitu.mx\/#\/schema\/person\/image\/"},"description":"Director NITU.mx, Egresado de la Escuela de Periodismo Carlos Septi\u00e9n Garc\u00eda. Periodista y analista especializado en turismo desde hace 35 a\u00f1os, radicado en Canc\u00fan Q.Roo. arturo@nitu.mx","sameAs":["https:\/\/nitu.mx","https:\/\/www.facebook.com\/NITUmx\/","medinacancun","https:\/\/twitter.com\/@Arturo_Medina_G"]},{"@type":"Person","@id":"https:\/\/nitu.mx\/#\/schema\/person\/4a28fe9bd65924f7c90623773daf1b0b","name":"Redacci\u00f3n","image":{"@type":"ImageObject","inLanguage":"es-MX","@id":"https:\/\/nitu.mx\/#\/schema\/person\/image\/","url":"https:\/\/secure.gravatar.com\/avatar\/5dd011c8ccfc5cd7e4c81e42252aab38?s=96&d=mm&r=g","contentUrl":"https:\/\/secure.gravatar.com\/avatar\/5dd011c8ccfc5cd7e4c81e42252aab38?s=96&d=mm&r=g","caption":"Redacci\u00f3n"},"url":"https:\/\/nitu.mx\/index.php\/author\/redaccion\/"}]}},"views":339,"_links":{"self":[{"href":"https:\/\/nitu.mx\/index.php\/wp-json\/wp\/v2\/posts\/53857"}],"collection":[{"href":"https:\/\/nitu.mx\/index.php\/wp-json\/wp\/v2\/posts"}],"about":[{"href":"https:\/\/nitu.mx\/index.php\/wp-json\/wp\/v2\/types\/post"}],"author":[{"embeddable":true,"href":"https:\/\/nitu.mx\/index.php\/wp-json\/wp\/v2\/users\/17"}],"replies":[{"embeddable":true,"href":"https:\/\/nitu.mx\/index.php\/wp-json\/wp\/v2\/comments?post=53857"}],"version-history":[{"count":3,"href":"https:\/\/nitu.mx\/index.php\/wp-json\/wp\/v2\/posts\/53857\/revisions"}],"predecessor-version":[{"id":53868,"href":"https:\/\/nitu.mx\/index.php\/wp-json\/wp\/v2\/posts\/53857\/revisions\/53868"}],"wp:featuredmedia":[{"embeddable":true,"href":"https:\/\/nitu.mx\/index.php\/wp-json\/wp\/v2\/media\/53859"}],"wp:attachment":[{"href":"https:\/\/nitu.mx\/index.php\/wp-json\/wp\/v2\/media?parent=53857"}],"wp:term":[{"taxonomy":"category","embeddable":true,"href":"https:\/\/nitu.mx\/index.php\/wp-json\/wp\/v2\/categories?post=53857"},{"taxonomy":"post_tag","embeddable":true,"href":"https:\/\/nitu.mx\/index.php\/wp-json\/wp\/v2\/tags?post=53857"}],"curies":[{"name":"wp","href":"https:\/\/api.w.org\/{rel}","templated":true}]}}