{"id":53835,"date":"2021-07-02T14:56:35","date_gmt":"2021-07-02T19:56:35","guid":{"rendered":"https:\/\/www.dev.nitu.mx\/?p=53835"},"modified":"2021-07-09T15:04:51","modified_gmt":"2021-07-09T20:04:51","slug":"festival-de-danza-iberica-en-queretaro-se-reinventa-en-edicion-2021","status":"publish","type":"post","link":"https:\/\/nitu.mx\/index.php\/2021\/07\/02\/festival-de-danza-iberica-en-queretaro-se-reinventa-en-edicion-2021\/","title":{"rendered":"Festival de Danza Ib\u00e9rica en Quer\u00e9taro se reinventa en edici\u00f3n 2021"},"content":{"rendered":"<p>Quer\u00e9taro recibe una vez m\u00e1s el Festival Internacional de Danza Ib\u00e9rica Contempor\u00e1nea que en su octava edici\u00f3n tuvo que reinventarse para adaptarse a las condiciones de bioseguridad que gener\u00f3 la pandemia de Covid-19.<\/p>\n<p>A diferencia de otros a\u00f1os, la edici\u00f3n 2021 de este consolidado festival art\u00edstico solo durar\u00e1 una semana, del 10 al 17 de julio, en lugar de las dos que se extend\u00eda originalmente. Adem\u00e1s, el aforo en los eventos ser\u00e1 reducido y se deber\u00e1n seguir los lineamientos b\u00e1sicos de sanidad.<\/p>\n<p>En entrevista para <em><strong>NITU.mx<\/strong><\/em>, Alejandra Covarruvias, directora del Festival Internacional de Danza Ib\u00e9rica Contempor\u00e1nea, detall\u00f3 que todos los encuentros ahora se realizar\u00e1n en espacios al aire libre, excepto uno que se realiza dentro de un teatro.<\/p>\n<p>Record\u00f3 que este evento surgi\u00f3 de la fuerte afici\u00f3n que tiene la danza espa\u00f1ola en M\u00e9xico, en particular el flamenco, que es Patrimonio Cultural de la Humanidad, y que impulsa la profesionalizaci\u00f3n y formaci\u00f3n de este arte en nuestro pa\u00eds.<\/p>\n<p>Organizado por una academia de danza, este encuentro art\u00edstico que adem\u00e1s involucra artes pl\u00e1sticas, moda y gastronom\u00eda, vio la necesidad de traer maestros y talentos de flamenco a M\u00e9xico ante las pocas oportunidades de que la gente saliera a verlos en sus lugares de origen.<\/p>\n<p>As\u00ed nace el Festival Internacional de Danza Ib\u00e9rica Contempor\u00e1nea que hizo de Quer\u00e9taro la capital de esta expresi\u00f3n cultural en M\u00e9xico, y que este a\u00f1o tiene muchas adecuaciones adem\u00e1s de la reducci\u00f3n de tiempo y aforo.<\/p>\n<p>Covarrubias comenta que el evento se transmitir\u00e1 v\u00eda streaming lo que da la oportunidad de que lo sigan otros espectadores en M\u00e9xico y el mundo. La mayor\u00eda de los espect\u00e1culos son gratuitos pero otros requieren un costo m\u00ednimo de recuperaci\u00f3n, tanto presencial como en l\u00ednea.<\/p>\n<p>Algunas de las sedes, entre las que est\u00e1n vi\u00f1edos, admitir\u00e1n hasta 200 personas o 500 si las condiciones sanitarias lo permiten. En plazas p\u00fablicas o los museos de Arte Contempor\u00e1neo y el Regional, podr\u00e1n ingresar entre 150 y 200 personas.<\/p>\n<p>El Festival Internacional de Danza Ib\u00e9rica Contempor\u00e1nea en Quer\u00e9taro realizaba un desfile de modas, que en esta ocasi\u00f3n cambia para ser una exposici\u00f3n de piezas, las cuales entrar\u00e1n en subasta para apoyar la primera l\u00ednea de atenci\u00f3n Covid-19.<\/p>\n<p>La muestra gastron\u00f3mica ahora se reduce a una cena donde se degustar\u00e1n platillos mexicanos y espa\u00f1oles, a diferencia de antes que participaban m\u00e1s restaurantes.<\/p>\n<p>Covarrubias comenta que en todo momento se deber\u00e1 portar cubrebocas, mantener sana distancia y habr\u00e1 toma de temperatura. Por estas restricciones, se impulsa que la gente lo siga v\u00eda streaming.<\/p>\n<p>\u201cS\u00ed es un festival complicado porque hay que controlar los aforos, tramitar ahora permisos de riesgos sanitarios, pero estamos muy emocionados para hacer cosas nuevas\u201d, concluye la directora del Festival Internacional de Danza Ib\u00e9rica Contempor\u00e1nea.<\/p>\n<p>El programa completo puede consultarse en la p\u00e1gina ibericacontemporanea.com.mx, o en las redes sociales del evento.\u00a0<a title=\"Quer\u00e9taro promueve el turismo de romance con charters de TAR\" href=\"https:\/\/www.dev.nitu.mx\/index.php\/2021\/07\/01\/queretaro-promueve-el-turismo-de-romance-con-chartes-de-tar\/\" rel=\"bookmark\">(Quer\u00e9taro promueve el turismo de romance con charters de TAR<\/a>).<\/p>\n","protected":false},"excerpt":{"rendered":"<p>Quer\u00e9taro recibe una vez m\u00e1s el Festival Internacional de Danza Ib\u00e9rica Contempor\u00e1nea que en su octava edici\u00f3n tuvo que reinventarse para adaptarse a las condiciones de bioseguridad que gener\u00f3 la pandemia de Covid-19. A diferencia de otros a\u00f1os, la edici\u00f3n 2021 de este consolidado festival art\u00edstico solo durar\u00e1 una semana, del 10 al 17 de [&hellip;]<\/p>\n","protected":false},"author":18,"featured_media":53838,"comment_status":"open","ping_status":"open","sticky":false,"template":"","format":"standard","meta":{"footnotes":""},"categories":[5],"tags":[22455,22454,61],"yoast_head":"<!-- This site is optimized with the Yoast SEO plugin v22.2 - https:\/\/yoast.com\/wordpress\/plugins\/seo\/ -->\n<title>Festival de Danza Ib\u00e9rica en Quer\u00e9taro se reinventa en edici\u00f3n 2021 - Nitu - Noticias de la Industria Turistica<\/title>\n<meta name=\"robots\" content=\"index, follow, max-snippet:-1, max-image-preview:large, max-video-preview:-1\" \/>\n<link rel=\"canonical\" href=\"https:\/\/nitu.mx\/index.php\/2021\/07\/02\/festival-de-danza-iberica-en-queretaro-se-reinventa-en-edicion-2021\/\" \/>\n<meta name=\"twitter:card\" content=\"summary_large_image\" \/>\n<meta name=\"twitter:title\" content=\"Festival de Danza Ib\u00e9rica en Quer\u00e9taro se reinventa en edici\u00f3n 2021 - Nitu - Noticias de la Industria Turistica\" \/>\n<meta name=\"twitter:description\" content=\"Quer\u00e9taro recibe una vez m\u00e1s el Festival Internacional de Danza Ib\u00e9rica Contempor\u00e1nea que en su octava edici\u00f3n tuvo que reinventarse para adaptarse a las condiciones de bioseguridad que gener\u00f3 la pandemia de Covid-19. A diferencia de otros a\u00f1os, la edici\u00f3n 2021 de este consolidado festival art\u00edstico solo durar\u00e1 una semana, del 10 al 17 de [&hellip;]\" \/>\n<meta name=\"twitter:image\" content=\"https:\/\/nitu.mx\/wp-content\/uploads\/2021\/07\/Festival-Internacional-de-Danza-Ib\u00e9rica.jpg\" \/>\n<meta name=\"twitter:creator\" content=\"@NITUmx\" \/>\n<meta name=\"twitter:site\" content=\"@Arturo_Medina_G\" \/>\n<meta name=\"twitter:label1\" content=\"Escrito por\" \/>\n\t<meta name=\"twitter:data1\" content=\"Guadalupe Sixto\" \/>\n\t<meta name=\"twitter:label2\" content=\"Tiempo de lectura\" \/>\n\t<meta name=\"twitter:data2\" content=\"3 minutos\" \/>\n<script type=\"application\/ld+json\" class=\"yoast-schema-graph\">{\"@context\":\"https:\/\/schema.org\",\"@graph\":[{\"@type\":\"Article\",\"@id\":\"https:\/\/nitu.mx\/index.php\/2021\/07\/02\/festival-de-danza-iberica-en-queretaro-se-reinventa-en-edicion-2021\/#article\",\"isPartOf\":{\"@id\":\"https:\/\/nitu.mx\/index.php\/2021\/07\/02\/festival-de-danza-iberica-en-queretaro-se-reinventa-en-edicion-2021\/\"},\"author\":{\"name\":\"Guadalupe Sixto\",\"@id\":\"https:\/\/nitu.mx\/#\/schema\/person\/3df3082b5e46037e3f13614d28ee0b77\"},\"headline\":\"Festival de Danza Ib\u00e9rica en Quer\u00e9taro se reinventa en edici\u00f3n 2021\",\"datePublished\":\"2021-07-02T19:56:35+00:00\",\"dateModified\":\"2021-07-09T20:04:51+00:00\",\"mainEntityOfPage\":{\"@id\":\"https:\/\/nitu.mx\/index.php\/2021\/07\/02\/festival-de-danza-iberica-en-queretaro-se-reinventa-en-edicion-2021\/\"},\"wordCount\":550,\"commentCount\":0,\"publisher\":{\"@id\":\"https:\/\/nitu.mx\/#\/schema\/person\/ae7a53426417292d3dd07b45a33e01bc\"},\"image\":{\"@id\":\"https:\/\/nitu.mx\/index.php\/2021\/07\/02\/festival-de-danza-iberica-en-queretaro-se-reinventa-en-edicion-2021\/#primaryimage\"},\"thumbnailUrl\":\"https:\/\/nitu.mx\/wp-content\/uploads\/2021\/07\/Festival-Internacional-de-Danza-Ib\u00e9rica.jpg\",\"keywords\":[\"Alejandra Covarrubias\",\"Festival de Danza Ib\u00e9rica\",\"Quer\u00e9taro\"],\"articleSection\":[\"Destinos\"],\"inLanguage\":\"es-MX\",\"potentialAction\":[{\"@type\":\"CommentAction\",\"name\":\"Comment\",\"target\":[\"https:\/\/nitu.mx\/index.php\/2021\/07\/02\/festival-de-danza-iberica-en-queretaro-se-reinventa-en-edicion-2021\/#respond\"]}]},{\"@type\":\"WebPage\",\"@id\":\"https:\/\/nitu.mx\/index.php\/2021\/07\/02\/festival-de-danza-iberica-en-queretaro-se-reinventa-en-edicion-2021\/\",\"url\":\"https:\/\/nitu.mx\/index.php\/2021\/07\/02\/festival-de-danza-iberica-en-queretaro-se-reinventa-en-edicion-2021\/\",\"name\":\"Festival de Danza Ib\u00e9rica en Quer\u00e9taro se reinventa en edici\u00f3n 2021 - Nitu - Noticias de la Industria Turistica\",\"isPartOf\":{\"@id\":\"https:\/\/nitu.mx\/#website\"},\"primaryImageOfPage\":{\"@id\":\"https:\/\/nitu.mx\/index.php\/2021\/07\/02\/festival-de-danza-iberica-en-queretaro-se-reinventa-en-edicion-2021\/#primaryimage\"},\"image\":{\"@id\":\"https:\/\/nitu.mx\/index.php\/2021\/07\/02\/festival-de-danza-iberica-en-queretaro-se-reinventa-en-edicion-2021\/#primaryimage\"},\"thumbnailUrl\":\"https:\/\/nitu.mx\/wp-content\/uploads\/2021\/07\/Festival-Internacional-de-Danza-Ib\u00e9rica.jpg\",\"datePublished\":\"2021-07-02T19:56:35+00:00\",\"dateModified\":\"2021-07-09T20:04:51+00:00\",\"breadcrumb\":{\"@id\":\"https:\/\/nitu.mx\/index.php\/2021\/07\/02\/festival-de-danza-iberica-en-queretaro-se-reinventa-en-edicion-2021\/#breadcrumb\"},\"inLanguage\":\"es-MX\",\"potentialAction\":[{\"@type\":\"ReadAction\",\"target\":[\"https:\/\/nitu.mx\/index.php\/2021\/07\/02\/festival-de-danza-iberica-en-queretaro-se-reinventa-en-edicion-2021\/\"]}]},{\"@type\":\"ImageObject\",\"inLanguage\":\"es-MX\",\"@id\":\"https:\/\/nitu.mx\/index.php\/2021\/07\/02\/festival-de-danza-iberica-en-queretaro-se-reinventa-en-edicion-2021\/#primaryimage\",\"url\":\"https:\/\/nitu.mx\/wp-content\/uploads\/2021\/07\/Festival-Internacional-de-Danza-Ib\u00e9rica.jpg\",\"contentUrl\":\"https:\/\/nitu.mx\/wp-content\/uploads\/2021\/07\/Festival-Internacional-de-Danza-Ib\u00e9rica.jpg\",\"width\":1200,\"height\":675,\"caption\":\"Quer\u00e9taro\"},{\"@type\":\"BreadcrumbList\",\"@id\":\"https:\/\/nitu.mx\/index.php\/2021\/07\/02\/festival-de-danza-iberica-en-queretaro-se-reinventa-en-edicion-2021\/#breadcrumb\",\"itemListElement\":[{\"@type\":\"ListItem\",\"position\":1,\"name\":\"Inicio\",\"item\":\"https:\/\/nitu.mx\/\"},{\"@type\":\"ListItem\",\"position\":2,\"name\":\"Festival de Danza Ib\u00e9rica en Quer\u00e9taro se reinventa en edici\u00f3n 2021\"}]},{\"@type\":\"WebSite\",\"@id\":\"https:\/\/nitu.mx\/#website\",\"url\":\"https:\/\/nitu.mx\/\",\"name\":\"Nitu - Noticias de la Industria Turistica\",\"description\":\"Noticias de la Industria Turistica\",\"publisher\":{\"@id\":\"https:\/\/nitu.mx\/#\/schema\/person\/ae7a53426417292d3dd07b45a33e01bc\"},\"alternateName\":\"Noticias de la Industria Turistica\",\"potentialAction\":[{\"@type\":\"SearchAction\",\"target\":{\"@type\":\"EntryPoint\",\"urlTemplate\":\"https:\/\/nitu.mx\/?s={search_term_string}\"},\"query-input\":\"required name=search_term_string\"}],\"inLanguage\":\"es-MX\"},{\"@type\":[\"Person\",\"Organization\"],\"@id\":\"https:\/\/nitu.mx\/#\/schema\/person\/ae7a53426417292d3dd07b45a33e01bc\",\"name\":\"Arturo Medina\",\"image\":{\"@type\":\"ImageObject\",\"inLanguage\":\"es-MX\",\"@id\":\"https:\/\/nitu.mx\/#\/schema\/person\/image\/\",\"url\":\"https:\/\/nitu.mx\/wp-content\/uploads\/2024\/04\/4A315622-1904-4D5C-B022-878CDC840E04-90x90-1.jpeg\",\"contentUrl\":\"https:\/\/nitu.mx\/wp-content\/uploads\/2024\/04\/4A315622-1904-4D5C-B022-878CDC840E04-90x90-1.jpeg\",\"width\":90,\"height\":90,\"caption\":\"Arturo Medina\"},\"logo\":{\"@id\":\"https:\/\/nitu.mx\/#\/schema\/person\/image\/\"},\"description\":\"Director NITU.mx, Egresado de la Escuela de Periodismo Carlos Septi\u00e9n Garc\u00eda. Periodista y analista especializado en turismo desde hace 35 a\u00f1os, radicado en Canc\u00fan Q.Roo. arturo@nitu.mx\",\"sameAs\":[\"https:\/\/nitu.mx\",\"https:\/\/www.facebook.com\/NITUmx\/\",\"medinacancun\",\"https:\/\/twitter.com\/@Arturo_Medina_G\"]},{\"@type\":\"Person\",\"@id\":\"https:\/\/nitu.mx\/#\/schema\/person\/3df3082b5e46037e3f13614d28ee0b77\",\"name\":\"Guadalupe Sixto\",\"image\":{\"@type\":\"ImageObject\",\"inLanguage\":\"es-MX\",\"@id\":\"https:\/\/nitu.mx\/#\/schema\/person\/image\/\",\"url\":\"https:\/\/secure.gravatar.com\/avatar\/13914e1b0e1919e91f9539de4dc584c4?s=96&d=mm&r=g\",\"contentUrl\":\"https:\/\/secure.gravatar.com\/avatar\/13914e1b0e1919e91f9539de4dc584c4?s=96&d=mm&r=g\",\"caption\":\"Guadalupe Sixto\"},\"url\":\"https:\/\/nitu.mx\/index.php\/author\/gsixto\/\"}]}<\/script>\n<!-- \/ Yoast SEO plugin. -->","yoast_head_json":{"title":"Festival de Danza Ib\u00e9rica en Quer\u00e9taro se reinventa en edici\u00f3n 2021 - Nitu - Noticias de la Industria Turistica","robots":{"index":"index","follow":"follow","max-snippet":"max-snippet:-1","max-image-preview":"max-image-preview:large","max-video-preview":"max-video-preview:-1"},"canonical":"https:\/\/nitu.mx\/index.php\/2021\/07\/02\/festival-de-danza-iberica-en-queretaro-se-reinventa-en-edicion-2021\/","twitter_card":"summary_large_image","twitter_title":"Festival de Danza Ib\u00e9rica en Quer\u00e9taro se reinventa en edici\u00f3n 2021 - Nitu - Noticias de la Industria Turistica","twitter_description":"Quer\u00e9taro recibe una vez m\u00e1s el Festival Internacional de Danza Ib\u00e9rica Contempor\u00e1nea que en su octava edici\u00f3n tuvo que reinventarse para adaptarse a las condiciones de bioseguridad que gener\u00f3 la pandemia de Covid-19. A diferencia de otros a\u00f1os, la edici\u00f3n 2021 de este consolidado festival art\u00edstico solo durar\u00e1 una semana, del 10 al 17 de [&hellip;]","twitter_image":"https:\/\/nitu.mx\/wp-content\/uploads\/2021\/07\/Festival-Internacional-de-Danza-Ib\u00e9rica.jpg","twitter_creator":"@NITUmx","twitter_site":"@Arturo_Medina_G","twitter_misc":{"Escrito por":"Guadalupe Sixto","Tiempo de lectura":"3 minutos"},"schema":{"@context":"https:\/\/schema.org","@graph":[{"@type":"Article","@id":"https:\/\/nitu.mx\/index.php\/2021\/07\/02\/festival-de-danza-iberica-en-queretaro-se-reinventa-en-edicion-2021\/#article","isPartOf":{"@id":"https:\/\/nitu.mx\/index.php\/2021\/07\/02\/festival-de-danza-iberica-en-queretaro-se-reinventa-en-edicion-2021\/"},"author":{"name":"Guadalupe Sixto","@id":"https:\/\/nitu.mx\/#\/schema\/person\/3df3082b5e46037e3f13614d28ee0b77"},"headline":"Festival de Danza Ib\u00e9rica en Quer\u00e9taro se reinventa en edici\u00f3n 2021","datePublished":"2021-07-02T19:56:35+00:00","dateModified":"2021-07-09T20:04:51+00:00","mainEntityOfPage":{"@id":"https:\/\/nitu.mx\/index.php\/2021\/07\/02\/festival-de-danza-iberica-en-queretaro-se-reinventa-en-edicion-2021\/"},"wordCount":550,"commentCount":0,"publisher":{"@id":"https:\/\/nitu.mx\/#\/schema\/person\/ae7a53426417292d3dd07b45a33e01bc"},"image":{"@id":"https:\/\/nitu.mx\/index.php\/2021\/07\/02\/festival-de-danza-iberica-en-queretaro-se-reinventa-en-edicion-2021\/#primaryimage"},"thumbnailUrl":"https:\/\/nitu.mx\/wp-content\/uploads\/2021\/07\/Festival-Internacional-de-Danza-Ib\u00e9rica.jpg","keywords":["Alejandra Covarrubias","Festival de Danza Ib\u00e9rica","Quer\u00e9taro"],"articleSection":["Destinos"],"inLanguage":"es-MX","potentialAction":[{"@type":"CommentAction","name":"Comment","target":["https:\/\/nitu.mx\/index.php\/2021\/07\/02\/festival-de-danza-iberica-en-queretaro-se-reinventa-en-edicion-2021\/#respond"]}]},{"@type":"WebPage","@id":"https:\/\/nitu.mx\/index.php\/2021\/07\/02\/festival-de-danza-iberica-en-queretaro-se-reinventa-en-edicion-2021\/","url":"https:\/\/nitu.mx\/index.php\/2021\/07\/02\/festival-de-danza-iberica-en-queretaro-se-reinventa-en-edicion-2021\/","name":"Festival de Danza Ib\u00e9rica en Quer\u00e9taro se reinventa en edici\u00f3n 2021 - Nitu - Noticias de la Industria Turistica","isPartOf":{"@id":"https:\/\/nitu.mx\/#website"},"primaryImageOfPage":{"@id":"https:\/\/nitu.mx\/index.php\/2021\/07\/02\/festival-de-danza-iberica-en-queretaro-se-reinventa-en-edicion-2021\/#primaryimage"},"image":{"@id":"https:\/\/nitu.mx\/index.php\/2021\/07\/02\/festival-de-danza-iberica-en-queretaro-se-reinventa-en-edicion-2021\/#primaryimage"},"thumbnailUrl":"https:\/\/nitu.mx\/wp-content\/uploads\/2021\/07\/Festival-Internacional-de-Danza-Ib\u00e9rica.jpg","datePublished":"2021-07-02T19:56:35+00:00","dateModified":"2021-07-09T20:04:51+00:00","breadcrumb":{"@id":"https:\/\/nitu.mx\/index.php\/2021\/07\/02\/festival-de-danza-iberica-en-queretaro-se-reinventa-en-edicion-2021\/#breadcrumb"},"inLanguage":"es-MX","potentialAction":[{"@type":"ReadAction","target":["https:\/\/nitu.mx\/index.php\/2021\/07\/02\/festival-de-danza-iberica-en-queretaro-se-reinventa-en-edicion-2021\/"]}]},{"@type":"ImageObject","inLanguage":"es-MX","@id":"https:\/\/nitu.mx\/index.php\/2021\/07\/02\/festival-de-danza-iberica-en-queretaro-se-reinventa-en-edicion-2021\/#primaryimage","url":"https:\/\/nitu.mx\/wp-content\/uploads\/2021\/07\/Festival-Internacional-de-Danza-Ib\u00e9rica.jpg","contentUrl":"https:\/\/nitu.mx\/wp-content\/uploads\/2021\/07\/Festival-Internacional-de-Danza-Ib\u00e9rica.jpg","width":1200,"height":675,"caption":"Quer\u00e9taro"},{"@type":"BreadcrumbList","@id":"https:\/\/nitu.mx\/index.php\/2021\/07\/02\/festival-de-danza-iberica-en-queretaro-se-reinventa-en-edicion-2021\/#breadcrumb","itemListElement":[{"@type":"ListItem","position":1,"name":"Inicio","item":"https:\/\/nitu.mx\/"},{"@type":"ListItem","position":2,"name":"Festival de Danza Ib\u00e9rica en Quer\u00e9taro se reinventa en edici\u00f3n 2021"}]},{"@type":"WebSite","@id":"https:\/\/nitu.mx\/#website","url":"https:\/\/nitu.mx\/","name":"Nitu - Noticias de la Industria Turistica","description":"Noticias de la Industria Turistica","publisher":{"@id":"https:\/\/nitu.mx\/#\/schema\/person\/ae7a53426417292d3dd07b45a33e01bc"},"alternateName":"Noticias de la Industria Turistica","potentialAction":[{"@type":"SearchAction","target":{"@type":"EntryPoint","urlTemplate":"https:\/\/nitu.mx\/?s={search_term_string}"},"query-input":"required name=search_term_string"}],"inLanguage":"es-MX"},{"@type":["Person","Organization"],"@id":"https:\/\/nitu.mx\/#\/schema\/person\/ae7a53426417292d3dd07b45a33e01bc","name":"Arturo Medina","image":{"@type":"ImageObject","inLanguage":"es-MX","@id":"https:\/\/nitu.mx\/#\/schema\/person\/image\/","url":"https:\/\/nitu.mx\/wp-content\/uploads\/2024\/04\/4A315622-1904-4D5C-B022-878CDC840E04-90x90-1.jpeg","contentUrl":"https:\/\/nitu.mx\/wp-content\/uploads\/2024\/04\/4A315622-1904-4D5C-B022-878CDC840E04-90x90-1.jpeg","width":90,"height":90,"caption":"Arturo Medina"},"logo":{"@id":"https:\/\/nitu.mx\/#\/schema\/person\/image\/"},"description":"Director NITU.mx, Egresado de la Escuela de Periodismo Carlos Septi\u00e9n Garc\u00eda. Periodista y analista especializado en turismo desde hace 35 a\u00f1os, radicado en Canc\u00fan Q.Roo. arturo@nitu.mx","sameAs":["https:\/\/nitu.mx","https:\/\/www.facebook.com\/NITUmx\/","medinacancun","https:\/\/twitter.com\/@Arturo_Medina_G"]},{"@type":"Person","@id":"https:\/\/nitu.mx\/#\/schema\/person\/3df3082b5e46037e3f13614d28ee0b77","name":"Guadalupe Sixto","image":{"@type":"ImageObject","inLanguage":"es-MX","@id":"https:\/\/nitu.mx\/#\/schema\/person\/image\/","url":"https:\/\/secure.gravatar.com\/avatar\/13914e1b0e1919e91f9539de4dc584c4?s=96&d=mm&r=g","contentUrl":"https:\/\/secure.gravatar.com\/avatar\/13914e1b0e1919e91f9539de4dc584c4?s=96&d=mm&r=g","caption":"Guadalupe Sixto"},"url":"https:\/\/nitu.mx\/index.php\/author\/gsixto\/"}]}},"views":219,"_links":{"self":[{"href":"https:\/\/nitu.mx\/index.php\/wp-json\/wp\/v2\/posts\/53835"}],"collection":[{"href":"https:\/\/nitu.mx\/index.php\/wp-json\/wp\/v2\/posts"}],"about":[{"href":"https:\/\/nitu.mx\/index.php\/wp-json\/wp\/v2\/types\/post"}],"author":[{"embeddable":true,"href":"https:\/\/nitu.mx\/index.php\/wp-json\/wp\/v2\/users\/18"}],"replies":[{"embeddable":true,"href":"https:\/\/nitu.mx\/index.php\/wp-json\/wp\/v2\/comments?post=53835"}],"version-history":[{"count":2,"href":"https:\/\/nitu.mx\/index.php\/wp-json\/wp\/v2\/posts\/53835\/revisions"}],"predecessor-version":[{"id":53837,"href":"https:\/\/nitu.mx\/index.php\/wp-json\/wp\/v2\/posts\/53835\/revisions\/53837"}],"wp:featuredmedia":[{"embeddable":true,"href":"https:\/\/nitu.mx\/index.php\/wp-json\/wp\/v2\/media\/53838"}],"wp:attachment":[{"href":"https:\/\/nitu.mx\/index.php\/wp-json\/wp\/v2\/media?parent=53835"}],"wp:term":[{"taxonomy":"category","embeddable":true,"href":"https:\/\/nitu.mx\/index.php\/wp-json\/wp\/v2\/categories?post=53835"},{"taxonomy":"post_tag","embeddable":true,"href":"https:\/\/nitu.mx\/index.php\/wp-json\/wp\/v2\/tags?post=53835"}],"curies":[{"name":"wp","href":"https:\/\/api.w.org\/{rel}","templated":true}]}}