{"id":53812,"date":"2021-07-08T23:30:19","date_gmt":"2021-07-09T04:30:19","guid":{"rendered":"https:\/\/www.dev.nitu.mx\/?p=53812"},"modified":"2021-07-09T00:04:00","modified_gmt":"2021-07-09T05:04:00","slug":"sectur-prepara-vacunacion-en-ocho-destinos-turisticos","status":"publish","type":"post","link":"https:\/\/nitu.mx\/index.php\/2021\/07\/08\/sectur-prepara-vacunacion-en-ocho-destinos-turisticos\/","title":{"rendered":"Sectur prepara vacunaci\u00f3n en ocho destinos tur\u00edsticos"},"content":{"rendered":"<p>El titular de la Secretar\u00eda de Turismo (Sectur), Miguel Torruco Marqu\u00e9s, anunci\u00f3 que son ocho los destinos tur\u00edsticos que entrar\u00e1n en la primera fase de vacunaci\u00f3n de trabajadores de establecimientos de ese sector.<\/p>\n<p>Seg\u00fan proceso.com.mx, iniciar\u00e1n con en Canc\u00fan, Quintana Roo y en Los Cabos, Baja California, para continuar con Puerto Vallarta, Mazatl\u00e1n, Nuevo Vallarta, Ciudad de M\u00e9xico, Playa del Carmen, lo que es vital para la recuperaci\u00f3n econ\u00f3mica del sector.<\/p>\n<p>El sector tur\u00edstico est\u00e1 preparado para atender a los turistas nacionales y extranjeros ante las nuevas exigencias sanitarias, inform\u00f3 el titular.<\/p>\n<p>Ante la proximidad del per\u00edodo el funcionario se reuni\u00f3 con l\u00edderes de la Confederaci\u00f3n Nacional de C\u00e1maras de Comercio y Servicios Tur\u00edsticos (Concanaco Servytur), autoridades federales, estatales y municipales de los estados de la regi\u00f3n, para revisar las estrategias en materia de salud.<\/p>\n<p>Expuso que, seg\u00fan proyecciones de Datatur, en esta temporada de verano, que abarca del 10 de julio al 28 de agosto, se espera recibir en los diferentes destinos del pa\u00eds a 20.2 millones de turistas, 178 por ciento m\u00e1s que en el mismo per\u00edodo del 2020, cuando arribaron 7.4 millones.<\/p>\n<p>A\u00f1adi\u00f3 que los destinos que captar\u00e1n el mayor n\u00famero de visitantes ser\u00e1n Canc\u00fan, Acapulco, Mazatl\u00e1n, CDMX, Guadalajara, Monterrey, Ciudad Ju\u00e1rez, Tijuana, M\u00e9rida Le\u00f3n y Oaxaca.<\/p>\n<p>Coment\u00f3 que las asociaciones de Hoteles del pa\u00eds estiman cerrar el a\u00f1o con la llegada de 26.8 millones de turistas internacionales, quienes dejar\u00edan una derrama de 12 mil 200 millones de d\u00f3lares.<\/p>\n<p>Asimismo, explic\u00f3 que el turismo interno cambi\u00f3 de perfil, ya que actualmente busca lugares que le ofrezcan m\u00e1s espacios al aire libre, un mayor contacto con la naturaleza, y en ese contexto Quintana Roo tiene todo para satisfacer esa demanda.<\/p>\n<p>Se\u00f1al\u00f3 que ese cambio de perfil dej\u00f3 258 millones de d\u00f3lares y 102 millones de personas hospedadas en hotel, con una ocupaci\u00f3n de 82 por ciento.<\/p>\n<p>Por su parte, los empresarios del sector tur\u00edstico se declararon listos para recibir con todos los protocolos sanitarios a los m\u00e1s de 20.2 millones de turistas que se proyecta recibir en los destinos.<\/p>\n<p>En la reuni\u00f3n regional \u201cReactivaci\u00f3n Econ\u00f3mica con Turismo Seguro\u201d, el dirigente de la Concanaco Servytur, Jos\u00e9 Manuel L\u00f3pez Campos, asegur\u00f3 que actualmente la actividad tur\u00edstica se encuentra en un punto donde regresar la din\u00e1mica econ\u00f3mica de los destinos tur\u00edsticos del pa\u00eds depender\u00e1 de las acciones que lleven a cabo la sociedad civil y los sectores productivos en coordinaci\u00f3n con las autoridades.<\/p>\n<p>En ese sentido, consider\u00f3 que las acciones coordinadas pueden ser el equilibrio entre seguir hacia la recuperaci\u00f3n sostenible o retornar a nuevos confinamientos que pondr\u00e1n en riesgo a miles de empresas del sector en todo el pa\u00eds. (<a title=\"Anuncia Carlos Joaqu\u00edn vacunaci\u00f3n para sector turismo en Canc\u00fan\" href=\"https:\/\/www.dev.nitu.mx\/index.php\/2021\/06\/27\/anuncia-carlos-joaquin-vacunacion-para-sector-turismo-en-cancun\/\" rel=\"bookmark\">Anuncia Carlos Joaqu\u00edn vacunaci\u00f3n para sector turismo en Canc\u00fan<\/a>).<\/p>\n","protected":false},"excerpt":{"rendered":"<p>El titular de la Secretar\u00eda de Turismo (Sectur), Miguel Torruco Marqu\u00e9s, anunci\u00f3 que son ocho los destinos tur\u00edsticos que entrar\u00e1n en la primera fase de vacunaci\u00f3n de trabajadores de establecimientos de ese sector. Seg\u00fan proceso.com.mx, iniciar\u00e1n con en Canc\u00fan, Quintana Roo y en Los Cabos, Baja California, para continuar con Puerto Vallarta, Mazatl\u00e1n, Nuevo Vallarta, [&hellip;]<\/p>\n","protected":false},"author":17,"featured_media":50092,"comment_status":"open","ping_status":"open","sticky":false,"template":"","format":"standard","meta":{"footnotes":""},"categories":[5,6],"tags":[125,130,1238,405,471,260,21746],"yoast_head":"<!-- This site is optimized with the Yoast SEO plugin v22.2 - https:\/\/yoast.com\/wordpress\/plugins\/seo\/ -->\n<title>Sectur prepara vacunaci\u00f3n en ocho destinos tur\u00edsticos - Nitu - Noticias de la Industria Turistica<\/title>\n<meta name=\"robots\" content=\"index, follow, max-snippet:-1, max-image-preview:large, max-video-preview:-1\" \/>\n<link rel=\"canonical\" href=\"https:\/\/nitu.mx\/index.php\/2021\/07\/08\/sectur-prepara-vacunacion-en-ocho-destinos-turisticos\/\" \/>\n<meta name=\"twitter:card\" content=\"summary_large_image\" \/>\n<meta name=\"twitter:title\" content=\"Sectur prepara vacunaci\u00f3n en ocho destinos tur\u00edsticos - Nitu - Noticias de la Industria Turistica\" \/>\n<meta name=\"twitter:description\" content=\"El titular de la Secretar\u00eda de Turismo (Sectur), Miguel Torruco Marqu\u00e9s, anunci\u00f3 que son ocho los destinos tur\u00edsticos que entrar\u00e1n en la primera fase de vacunaci\u00f3n de trabajadores de establecimientos de ese sector. Seg\u00fan proceso.com.mx, iniciar\u00e1n con en Canc\u00fan, Quintana Roo y en Los Cabos, Baja California, para continuar con Puerto Vallarta, Mazatl\u00e1n, Nuevo Vallarta, [&hellip;]\" \/>\n<meta name=\"twitter:image\" content=\"https:\/\/nitu.mx\/wp-content\/uploads\/2021\/02\/Torruco-Sectur-Canada.jpg\" \/>\n<meta name=\"twitter:creator\" content=\"@NITUmx\" \/>\n<meta name=\"twitter:site\" content=\"@Arturo_Medina_G\" \/>\n<meta name=\"twitter:label1\" content=\"Escrito por\" \/>\n\t<meta name=\"twitter:data1\" content=\"Redacci\u00f3n\" \/>\n\t<meta name=\"twitter:label2\" content=\"Tiempo de lectura\" \/>\n\t<meta name=\"twitter:data2\" content=\"2 minutos\" \/>\n<script type=\"application\/ld+json\" class=\"yoast-schema-graph\">{\"@context\":\"https:\/\/schema.org\",\"@graph\":[{\"@type\":\"Article\",\"@id\":\"https:\/\/nitu.mx\/index.php\/2021\/07\/08\/sectur-prepara-vacunacion-en-ocho-destinos-turisticos\/#article\",\"isPartOf\":{\"@id\":\"https:\/\/nitu.mx\/index.php\/2021\/07\/08\/sectur-prepara-vacunacion-en-ocho-destinos-turisticos\/\"},\"author\":{\"name\":\"Redacci\u00f3n\",\"@id\":\"https:\/\/nitu.mx\/#\/schema\/person\/4a28fe9bd65924f7c90623773daf1b0b\"},\"headline\":\"Sectur prepara vacunaci\u00f3n en ocho destinos tur\u00edsticos\",\"datePublished\":\"2021-07-09T04:30:19+00:00\",\"dateModified\":\"2021-07-09T05:04:00+00:00\",\"mainEntityOfPage\":{\"@id\":\"https:\/\/nitu.mx\/index.php\/2021\/07\/08\/sectur-prepara-vacunacion-en-ocho-destinos-turisticos\/\"},\"wordCount\":504,\"commentCount\":0,\"publisher\":{\"@id\":\"https:\/\/nitu.mx\/#\/schema\/person\/ae7a53426417292d3dd07b45a33e01bc\"},\"image\":{\"@id\":\"https:\/\/nitu.mx\/index.php\/2021\/07\/08\/sectur-prepara-vacunacion-en-ocho-destinos-turisticos\/#primaryimage\"},\"thumbnailUrl\":\"https:\/\/nitu.mx\/wp-content\/uploads\/2021\/02\/Torruco-Sectur-Canada.jpg\",\"keywords\":[\"Ciudad de M\u00e9xico\",\"Los Cabos\",\"Miguel Torruco Marqu\u00e9s\",\"Playa del Carmen\",\"Puerto Vallarta\",\"Quintana Roo\",\"Vacunaci\u00f3n\"],\"articleSection\":[\"Destinos\",\"M\u00e9xico\"],\"inLanguage\":\"es-MX\",\"potentialAction\":[{\"@type\":\"CommentAction\",\"name\":\"Comment\",\"target\":[\"https:\/\/nitu.mx\/index.php\/2021\/07\/08\/sectur-prepara-vacunacion-en-ocho-destinos-turisticos\/#respond\"]}]},{\"@type\":\"WebPage\",\"@id\":\"https:\/\/nitu.mx\/index.php\/2021\/07\/08\/sectur-prepara-vacunacion-en-ocho-destinos-turisticos\/\",\"url\":\"https:\/\/nitu.mx\/index.php\/2021\/07\/08\/sectur-prepara-vacunacion-en-ocho-destinos-turisticos\/\",\"name\":\"Sectur prepara vacunaci\u00f3n en ocho destinos tur\u00edsticos - Nitu - Noticias de la Industria Turistica\",\"isPartOf\":{\"@id\":\"https:\/\/nitu.mx\/#website\"},\"primaryImageOfPage\":{\"@id\":\"https:\/\/nitu.mx\/index.php\/2021\/07\/08\/sectur-prepara-vacunacion-en-ocho-destinos-turisticos\/#primaryimage\"},\"image\":{\"@id\":\"https:\/\/nitu.mx\/index.php\/2021\/07\/08\/sectur-prepara-vacunacion-en-ocho-destinos-turisticos\/#primaryimage\"},\"thumbnailUrl\":\"https:\/\/nitu.mx\/wp-content\/uploads\/2021\/02\/Torruco-Sectur-Canada.jpg\",\"datePublished\":\"2021-07-09T04:30:19+00:00\",\"dateModified\":\"2021-07-09T05:04:00+00:00\",\"breadcrumb\":{\"@id\":\"https:\/\/nitu.mx\/index.php\/2021\/07\/08\/sectur-prepara-vacunacion-en-ocho-destinos-turisticos\/#breadcrumb\"},\"inLanguage\":\"es-MX\",\"potentialAction\":[{\"@type\":\"ReadAction\",\"target\":[\"https:\/\/nitu.mx\/index.php\/2021\/07\/08\/sectur-prepara-vacunacion-en-ocho-destinos-turisticos\/\"]}]},{\"@type\":\"ImageObject\",\"inLanguage\":\"es-MX\",\"@id\":\"https:\/\/nitu.mx\/index.php\/2021\/07\/08\/sectur-prepara-vacunacion-en-ocho-destinos-turisticos\/#primaryimage\",\"url\":\"https:\/\/nitu.mx\/wp-content\/uploads\/2021\/02\/Torruco-Sectur-Canada.jpg\",\"contentUrl\":\"https:\/\/nitu.mx\/wp-content\/uploads\/2021\/02\/Torruco-Sectur-Canada.jpg\",\"width\":1200,\"height\":675},{\"@type\":\"BreadcrumbList\",\"@id\":\"https:\/\/nitu.mx\/index.php\/2021\/07\/08\/sectur-prepara-vacunacion-en-ocho-destinos-turisticos\/#breadcrumb\",\"itemListElement\":[{\"@type\":\"ListItem\",\"position\":1,\"name\":\"Inicio\",\"item\":\"https:\/\/nitu.mx\/\"},{\"@type\":\"ListItem\",\"position\":2,\"name\":\"Sectur prepara vacunaci\u00f3n en ocho destinos tur\u00edsticos\"}]},{\"@type\":\"WebSite\",\"@id\":\"https:\/\/nitu.mx\/#website\",\"url\":\"https:\/\/nitu.mx\/\",\"name\":\"Nitu - Noticias de la Industria Turistica\",\"description\":\"Noticias de la Industria Turistica\",\"publisher\":{\"@id\":\"https:\/\/nitu.mx\/#\/schema\/person\/ae7a53426417292d3dd07b45a33e01bc\"},\"alternateName\":\"Noticias de la Industria Turistica\",\"potentialAction\":[{\"@type\":\"SearchAction\",\"target\":{\"@type\":\"EntryPoint\",\"urlTemplate\":\"https:\/\/nitu.mx\/?s={search_term_string}\"},\"query-input\":\"required name=search_term_string\"}],\"inLanguage\":\"es-MX\"},{\"@type\":[\"Person\",\"Organization\"],\"@id\":\"https:\/\/nitu.mx\/#\/schema\/person\/ae7a53426417292d3dd07b45a33e01bc\",\"name\":\"Arturo Medina\",\"image\":{\"@type\":\"ImageObject\",\"inLanguage\":\"es-MX\",\"@id\":\"https:\/\/nitu.mx\/#\/schema\/person\/image\/\",\"url\":\"https:\/\/nitu.mx\/wp-content\/uploads\/2024\/04\/4A315622-1904-4D5C-B022-878CDC840E04-90x90-1.jpeg\",\"contentUrl\":\"https:\/\/nitu.mx\/wp-content\/uploads\/2024\/04\/4A315622-1904-4D5C-B022-878CDC840E04-90x90-1.jpeg\",\"width\":90,\"height\":90,\"caption\":\"Arturo Medina\"},\"logo\":{\"@id\":\"https:\/\/nitu.mx\/#\/schema\/person\/image\/\"},\"description\":\"Director NITU.mx, Egresado de la Escuela de Periodismo Carlos Septi\u00e9n Garc\u00eda. Periodista y analista especializado en turismo desde hace 35 a\u00f1os, radicado en Canc\u00fan Q.Roo. arturo@nitu.mx\",\"sameAs\":[\"https:\/\/nitu.mx\",\"https:\/\/www.facebook.com\/NITUmx\/\",\"medinacancun\",\"https:\/\/twitter.com\/@Arturo_Medina_G\"]},{\"@type\":\"Person\",\"@id\":\"https:\/\/nitu.mx\/#\/schema\/person\/4a28fe9bd65924f7c90623773daf1b0b\",\"name\":\"Redacci\u00f3n\",\"image\":{\"@type\":\"ImageObject\",\"inLanguage\":\"es-MX\",\"@id\":\"https:\/\/nitu.mx\/#\/schema\/person\/image\/\",\"url\":\"https:\/\/secure.gravatar.com\/avatar\/5dd011c8ccfc5cd7e4c81e42252aab38?s=96&d=mm&r=g\",\"contentUrl\":\"https:\/\/secure.gravatar.com\/avatar\/5dd011c8ccfc5cd7e4c81e42252aab38?s=96&d=mm&r=g\",\"caption\":\"Redacci\u00f3n\"},\"url\":\"https:\/\/nitu.mx\/index.php\/author\/redaccion\/\"}]}<\/script>\n<!-- \/ Yoast SEO plugin. -->","yoast_head_json":{"title":"Sectur prepara vacunaci\u00f3n en ocho destinos tur\u00edsticos - Nitu - Noticias de la Industria Turistica","robots":{"index":"index","follow":"follow","max-snippet":"max-snippet:-1","max-image-preview":"max-image-preview:large","max-video-preview":"max-video-preview:-1"},"canonical":"https:\/\/nitu.mx\/index.php\/2021\/07\/08\/sectur-prepara-vacunacion-en-ocho-destinos-turisticos\/","twitter_card":"summary_large_image","twitter_title":"Sectur prepara vacunaci\u00f3n en ocho destinos tur\u00edsticos - Nitu - Noticias de la Industria Turistica","twitter_description":"El titular de la Secretar\u00eda de Turismo (Sectur), Miguel Torruco Marqu\u00e9s, anunci\u00f3 que son ocho los destinos tur\u00edsticos que entrar\u00e1n en la primera fase de vacunaci\u00f3n de trabajadores de establecimientos de ese sector. Seg\u00fan proceso.com.mx, iniciar\u00e1n con en Canc\u00fan, Quintana Roo y en Los Cabos, Baja California, para continuar con Puerto Vallarta, Mazatl\u00e1n, Nuevo Vallarta, [&hellip;]","twitter_image":"https:\/\/nitu.mx\/wp-content\/uploads\/2021\/02\/Torruco-Sectur-Canada.jpg","twitter_creator":"@NITUmx","twitter_site":"@Arturo_Medina_G","twitter_misc":{"Escrito por":"Redacci\u00f3n","Tiempo de lectura":"2 minutos"},"schema":{"@context":"https:\/\/schema.org","@graph":[{"@type":"Article","@id":"https:\/\/nitu.mx\/index.php\/2021\/07\/08\/sectur-prepara-vacunacion-en-ocho-destinos-turisticos\/#article","isPartOf":{"@id":"https:\/\/nitu.mx\/index.php\/2021\/07\/08\/sectur-prepara-vacunacion-en-ocho-destinos-turisticos\/"},"author":{"name":"Redacci\u00f3n","@id":"https:\/\/nitu.mx\/#\/schema\/person\/4a28fe9bd65924f7c90623773daf1b0b"},"headline":"Sectur prepara vacunaci\u00f3n en ocho destinos tur\u00edsticos","datePublished":"2021-07-09T04:30:19+00:00","dateModified":"2021-07-09T05:04:00+00:00","mainEntityOfPage":{"@id":"https:\/\/nitu.mx\/index.php\/2021\/07\/08\/sectur-prepara-vacunacion-en-ocho-destinos-turisticos\/"},"wordCount":504,"commentCount":0,"publisher":{"@id":"https:\/\/nitu.mx\/#\/schema\/person\/ae7a53426417292d3dd07b45a33e01bc"},"image":{"@id":"https:\/\/nitu.mx\/index.php\/2021\/07\/08\/sectur-prepara-vacunacion-en-ocho-destinos-turisticos\/#primaryimage"},"thumbnailUrl":"https:\/\/nitu.mx\/wp-content\/uploads\/2021\/02\/Torruco-Sectur-Canada.jpg","keywords":["Ciudad de M\u00e9xico","Los Cabos","Miguel Torruco Marqu\u00e9s","Playa del Carmen","Puerto Vallarta","Quintana Roo","Vacunaci\u00f3n"],"articleSection":["Destinos","M\u00e9xico"],"inLanguage":"es-MX","potentialAction":[{"@type":"CommentAction","name":"Comment","target":["https:\/\/nitu.mx\/index.php\/2021\/07\/08\/sectur-prepara-vacunacion-en-ocho-destinos-turisticos\/#respond"]}]},{"@type":"WebPage","@id":"https:\/\/nitu.mx\/index.php\/2021\/07\/08\/sectur-prepara-vacunacion-en-ocho-destinos-turisticos\/","url":"https:\/\/nitu.mx\/index.php\/2021\/07\/08\/sectur-prepara-vacunacion-en-ocho-destinos-turisticos\/","name":"Sectur prepara vacunaci\u00f3n en ocho destinos tur\u00edsticos - Nitu - Noticias de la Industria Turistica","isPartOf":{"@id":"https:\/\/nitu.mx\/#website"},"primaryImageOfPage":{"@id":"https:\/\/nitu.mx\/index.php\/2021\/07\/08\/sectur-prepara-vacunacion-en-ocho-destinos-turisticos\/#primaryimage"},"image":{"@id":"https:\/\/nitu.mx\/index.php\/2021\/07\/08\/sectur-prepara-vacunacion-en-ocho-destinos-turisticos\/#primaryimage"},"thumbnailUrl":"https:\/\/nitu.mx\/wp-content\/uploads\/2021\/02\/Torruco-Sectur-Canada.jpg","datePublished":"2021-07-09T04:30:19+00:00","dateModified":"2021-07-09T05:04:00+00:00","breadcrumb":{"@id":"https:\/\/nitu.mx\/index.php\/2021\/07\/08\/sectur-prepara-vacunacion-en-ocho-destinos-turisticos\/#breadcrumb"},"inLanguage":"es-MX","potentialAction":[{"@type":"ReadAction","target":["https:\/\/nitu.mx\/index.php\/2021\/07\/08\/sectur-prepara-vacunacion-en-ocho-destinos-turisticos\/"]}]},{"@type":"ImageObject","inLanguage":"es-MX","@id":"https:\/\/nitu.mx\/index.php\/2021\/07\/08\/sectur-prepara-vacunacion-en-ocho-destinos-turisticos\/#primaryimage","url":"https:\/\/nitu.mx\/wp-content\/uploads\/2021\/02\/Torruco-Sectur-Canada.jpg","contentUrl":"https:\/\/nitu.mx\/wp-content\/uploads\/2021\/02\/Torruco-Sectur-Canada.jpg","width":1200,"height":675},{"@type":"BreadcrumbList","@id":"https:\/\/nitu.mx\/index.php\/2021\/07\/08\/sectur-prepara-vacunacion-en-ocho-destinos-turisticos\/#breadcrumb","itemListElement":[{"@type":"ListItem","position":1,"name":"Inicio","item":"https:\/\/nitu.mx\/"},{"@type":"ListItem","position":2,"name":"Sectur prepara vacunaci\u00f3n en ocho destinos tur\u00edsticos"}]},{"@type":"WebSite","@id":"https:\/\/nitu.mx\/#website","url":"https:\/\/nitu.mx\/","name":"Nitu - Noticias de la Industria Turistica","description":"Noticias de la Industria Turistica","publisher":{"@id":"https:\/\/nitu.mx\/#\/schema\/person\/ae7a53426417292d3dd07b45a33e01bc"},"alternateName":"Noticias de la Industria Turistica","potentialAction":[{"@type":"SearchAction","target":{"@type":"EntryPoint","urlTemplate":"https:\/\/nitu.mx\/?s={search_term_string}"},"query-input":"required name=search_term_string"}],"inLanguage":"es-MX"},{"@type":["Person","Organization"],"@id":"https:\/\/nitu.mx\/#\/schema\/person\/ae7a53426417292d3dd07b45a33e01bc","name":"Arturo Medina","image":{"@type":"ImageObject","inLanguage":"es-MX","@id":"https:\/\/nitu.mx\/#\/schema\/person\/image\/","url":"https:\/\/nitu.mx\/wp-content\/uploads\/2024\/04\/4A315622-1904-4D5C-B022-878CDC840E04-90x90-1.jpeg","contentUrl":"https:\/\/nitu.mx\/wp-content\/uploads\/2024\/04\/4A315622-1904-4D5C-B022-878CDC840E04-90x90-1.jpeg","width":90,"height":90,"caption":"Arturo Medina"},"logo":{"@id":"https:\/\/nitu.mx\/#\/schema\/person\/image\/"},"description":"Director NITU.mx, Egresado de la Escuela de Periodismo Carlos Septi\u00e9n Garc\u00eda. Periodista y analista especializado en turismo desde hace 35 a\u00f1os, radicado en Canc\u00fan Q.Roo. arturo@nitu.mx","sameAs":["https:\/\/nitu.mx","https:\/\/www.facebook.com\/NITUmx\/","medinacancun","https:\/\/twitter.com\/@Arturo_Medina_G"]},{"@type":"Person","@id":"https:\/\/nitu.mx\/#\/schema\/person\/4a28fe9bd65924f7c90623773daf1b0b","name":"Redacci\u00f3n","image":{"@type":"ImageObject","inLanguage":"es-MX","@id":"https:\/\/nitu.mx\/#\/schema\/person\/image\/","url":"https:\/\/secure.gravatar.com\/avatar\/5dd011c8ccfc5cd7e4c81e42252aab38?s=96&d=mm&r=g","contentUrl":"https:\/\/secure.gravatar.com\/avatar\/5dd011c8ccfc5cd7e4c81e42252aab38?s=96&d=mm&r=g","caption":"Redacci\u00f3n"},"url":"https:\/\/nitu.mx\/index.php\/author\/redaccion\/"}]}},"views":449,"_links":{"self":[{"href":"https:\/\/nitu.mx\/index.php\/wp-json\/wp\/v2\/posts\/53812"}],"collection":[{"href":"https:\/\/nitu.mx\/index.php\/wp-json\/wp\/v2\/posts"}],"about":[{"href":"https:\/\/nitu.mx\/index.php\/wp-json\/wp\/v2\/types\/post"}],"author":[{"embeddable":true,"href":"https:\/\/nitu.mx\/index.php\/wp-json\/wp\/v2\/users\/17"}],"replies":[{"embeddable":true,"href":"https:\/\/nitu.mx\/index.php\/wp-json\/wp\/v2\/comments?post=53812"}],"version-history":[{"count":2,"href":"https:\/\/nitu.mx\/index.php\/wp-json\/wp\/v2\/posts\/53812\/revisions"}],"predecessor-version":[{"id":53825,"href":"https:\/\/nitu.mx\/index.php\/wp-json\/wp\/v2\/posts\/53812\/revisions\/53825"}],"wp:featuredmedia":[{"embeddable":true,"href":"https:\/\/nitu.mx\/index.php\/wp-json\/wp\/v2\/media\/50092"}],"wp:attachment":[{"href":"https:\/\/nitu.mx\/index.php\/wp-json\/wp\/v2\/media?parent=53812"}],"wp:term":[{"taxonomy":"category","embeddable":true,"href":"https:\/\/nitu.mx\/index.php\/wp-json\/wp\/v2\/categories?post=53812"},{"taxonomy":"post_tag","embeddable":true,"href":"https:\/\/nitu.mx\/index.php\/wp-json\/wp\/v2\/tags?post=53812"}],"curies":[{"name":"wp","href":"https:\/\/api.w.org\/{rel}","templated":true}]}}