{"id":53667,"date":"2021-07-04T21:50:02","date_gmt":"2021-07-05T02:50:02","guid":{"rendered":"https:\/\/www.dev.nitu.mx\/?p=53667"},"modified":"2021-07-04T23:52:47","modified_gmt":"2021-07-05T04:52:47","slug":"visita-por-primera-vez-yucatan-secretario-general-de-omt-y-se-va-sorprendido","status":"publish","type":"post","link":"https:\/\/nitu.mx\/index.php\/2021\/07\/04\/visita-por-primera-vez-yucatan-secretario-general-de-omt-y-se-va-sorprendido\/","title":{"rendered":"Visita por primera vez Yucat\u00e1n Secretario General de OMT y se va sorprendido"},"content":{"rendered":"<p>La primera visita a Yucat\u00e1n del Secretario General de la Organizaci\u00f3n Mundial del Turismo (OMT), Zurab Pololikashvili, concluy\u00f3 con el reconocimiento al trabajo que se realiza en la entidad y que le permiten ser un referente en materia de turismo responsable y sostenible.<\/p>\n<p>Sostuvo que justo este a\u00f1o que se atiende de manera especial al turismo rural, era congruente llevar a cabo esta gira por Yucat\u00e1n.<\/p>\n<p>\u201cEs la primera vez que visito Yucat\u00e1n, quiero agradecer a la secretaria Michelle Fridman y al secretario Torruco por esta gran experiencia, es un destino diverso y con una gran mezcla de experiencias, en Yucat\u00e1n hay cultura, historia, aventura y turismo rural, que es una prioridad para la OMT en los pr\u00f3ximos tres o cuatro a\u00f1os. Yucat\u00e1n es un ejemplo en materia de turismo rural y de buenas pr\u00e1cticas, por eso era congruente venir a conocerlo\u201d asegur\u00f3 en entrevista.<\/p>\n<p>El funcionario estuvo en Yucat\u00e1n durante tres d\u00edas y en su gira oficial estuvo acompa\u00f1ado del Secretario de Turismo de M\u00e9xico, Miguel Torruco.<\/p>\n<p>Durante su estancia, visit\u00f3 diversas regiones de Yucat\u00e1n y desde la emblem\u00e1tica zona arqueol\u00f3gica de Chich\u00e9n Itz\u00e1, hizo un llamado al mismo a recuperar el turismo y a viajar en un marco de responsabilidad<\/p>\n<p>Zurab Pololikashvili, destac\u00f3 la diversidad, la innovaci\u00f3n de productos, pero sobre todo, las pr\u00e1cticas sostenibles y de bioseguridad que reinan en el destino.<\/p>\n<p>Adem\u00e1s, agradeci\u00f3 la hospitalidad de los anfitriones estatales y destac\u00f3 el trabajo que se lleva a cabo en la entidad en cuanto a la aplicaci\u00f3n de las buenas pr\u00e1cticas tur\u00edsticas implementadas por el Gobierno del Estado a trav\u00e9s de la Secretar\u00eda de Fomento Tur\u00edstico (Sefotur).<\/p>\n<p>Al lado del Secretario de Turismo de M\u00e9xico, Miguel Torruco Marqu\u00e9s, recorri\u00f3 M\u00e9rida, los Pueblos M\u00e1gicos de Man\u00ed, Izamal y Valladolid, algunas aldeas mayas y las zonas arqueol\u00f3gicas de Uxmal y Chich\u00e9n Itz\u00e1.<\/p>\n<p>Adem\u00e1s, fue invitado de honor en el tradicional banderazo del operativo nacional de seguridad para la temporada vacacional de verano desde la capital yucateca y, posteriormente, recibi\u00f3 por parte del Gobernador Mauricio Vila Dosal, la postulaci\u00f3n del Consejo Consultivo Tur\u00edstico de Yucat\u00e1n para convertirse en un miembro m\u00e1s de la OMT.<\/p>\n<p>Durante su recorrido, conoci\u00f3 algunos de los nuevos productos y servicios tur\u00edsticos que el destino ofrece y presenci\u00f3 una muestra del nuevo show de luz y sonido de Uxmal.<\/p>\n<p>Finalmente, reiter\u00f3 que la OMT apoya al turismo rural por su cualidad de incluyente y sostenible, consider\u00e1ndolo un gran veh\u00edculo para la recuperaci\u00f3n econ\u00f3mica y social.<\/p>\n<p>\u201cIniciamos estos primeros pasos desde Yucat\u00e1n que es un gran ejemplo, por lo que queremos aprovechar para utilizarlo como un piloto, primeramente, para iniciar y reactivar el turismo y segundo, para ver qu\u00e9 tipo de productos hay en turismo rural\u201d, agreg\u00f3.<\/p>\n<p>Al concluir su gira por Yucat\u00e1n, los funcionarios se dirigieron a Quintana Roo donde participaron en eventos privados.<\/p>\n","protected":false},"excerpt":{"rendered":"<p>La primera visita a Yucat\u00e1n del Secretario General de la Organizaci\u00f3n Mundial del Turismo (OMT), Zurab Pololikashvili, concluy\u00f3 con el reconocimiento al trabajo que se realiza en la entidad y que le permiten ser un referente en materia de turismo responsable y sostenible. Sostuvo que justo este a\u00f1o que se atiende de manera especial al [&hellip;]<\/p>\n","protected":false},"author":17,"featured_media":53694,"comment_status":"open","ping_status":"open","sticky":false,"template":"","format":"standard","meta":{"footnotes":""},"categories":[5],"tags":[22388,837,449,4230],"yoast_head":"<!-- This site is optimized with the Yoast SEO plugin v22.2 - https:\/\/yoast.com\/wordpress\/plugins\/seo\/ -->\n<title>Visita por primera vez Yucat\u00e1n Secretario General de OMT y se va sorprendido - Nitu - Noticias de la Industria Turistica<\/title>\n<meta name=\"robots\" content=\"index, follow, max-snippet:-1, max-image-preview:large, max-video-preview:-1\" \/>\n<link rel=\"canonical\" href=\"https:\/\/nitu.mx\/index.php\/2021\/07\/04\/visita-por-primera-vez-yucatan-secretario-general-de-omt-y-se-va-sorprendido\/\" \/>\n<meta name=\"twitter:card\" content=\"summary_large_image\" \/>\n<meta name=\"twitter:title\" content=\"Visita por primera vez Yucat\u00e1n Secretario General de OMT y se va sorprendido - Nitu - Noticias de la Industria Turistica\" \/>\n<meta name=\"twitter:description\" content=\"La primera visita a Yucat\u00e1n del Secretario General de la Organizaci\u00f3n Mundial del Turismo (OMT), Zurab Pololikashvili, concluy\u00f3 con el reconocimiento al trabajo que se realiza en la entidad y que le permiten ser un referente en materia de turismo responsable y sostenible. Sostuvo que justo este a\u00f1o que se atiende de manera especial al [&hellip;]\" \/>\n<meta name=\"twitter:image\" content=\"https:\/\/nitu.mx\/wp-content\/uploads\/2021\/07\/pololikasvili-yucatan.jpg\" \/>\n<meta name=\"twitter:creator\" content=\"@NITUmx\" \/>\n<meta name=\"twitter:site\" content=\"@Arturo_Medina_G\" \/>\n<meta name=\"twitter:label1\" content=\"Escrito por\" \/>\n\t<meta name=\"twitter:data1\" content=\"Redacci\u00f3n\" \/>\n\t<meta name=\"twitter:label2\" content=\"Tiempo de lectura\" \/>\n\t<meta name=\"twitter:data2\" content=\"3 minutos\" \/>\n<script type=\"application\/ld+json\" class=\"yoast-schema-graph\">{\"@context\":\"https:\/\/schema.org\",\"@graph\":[{\"@type\":\"Article\",\"@id\":\"https:\/\/nitu.mx\/index.php\/2021\/07\/04\/visita-por-primera-vez-yucatan-secretario-general-de-omt-y-se-va-sorprendido\/#article\",\"isPartOf\":{\"@id\":\"https:\/\/nitu.mx\/index.php\/2021\/07\/04\/visita-por-primera-vez-yucatan-secretario-general-de-omt-y-se-va-sorprendido\/\"},\"author\":{\"name\":\"Redacci\u00f3n\",\"@id\":\"https:\/\/nitu.mx\/#\/schema\/person\/4a28fe9bd65924f7c90623773daf1b0b\"},\"headline\":\"Visita por primera vez Yucat\u00e1n Secretario General de OMT y se va sorprendido\",\"datePublished\":\"2021-07-05T02:50:02+00:00\",\"dateModified\":\"2021-07-05T04:52:47+00:00\",\"mainEntityOfPage\":{\"@id\":\"https:\/\/nitu.mx\/index.php\/2021\/07\/04\/visita-por-primera-vez-yucatan-secretario-general-de-omt-y-se-va-sorprendido\/\"},\"wordCount\":527,\"commentCount\":0,\"publisher\":{\"@id\":\"https:\/\/nitu.mx\/#\/schema\/person\/ae7a53426417292d3dd07b45a33e01bc\"},\"image\":{\"@id\":\"https:\/\/nitu.mx\/index.php\/2021\/07\/04\/visita-por-primera-vez-yucatan-secretario-general-de-omt-y-se-va-sorprendido\/#primaryimage\"},\"thumbnailUrl\":\"https:\/\/nitu.mx\/wp-content\/uploads\/2021\/07\/pololikasvili-yucatan.jpg\",\"keywords\":[\"Michelle Friedman Hirsch.\",\"Organizaci\u00f3n Mundial de Turismo (OMT)\",\"Yucat\u00e1n\",\"Zurab Pololikashvili\"],\"articleSection\":[\"Destinos\"],\"inLanguage\":\"es-MX\",\"potentialAction\":[{\"@type\":\"CommentAction\",\"name\":\"Comment\",\"target\":[\"https:\/\/nitu.mx\/index.php\/2021\/07\/04\/visita-por-primera-vez-yucatan-secretario-general-de-omt-y-se-va-sorprendido\/#respond\"]}]},{\"@type\":\"WebPage\",\"@id\":\"https:\/\/nitu.mx\/index.php\/2021\/07\/04\/visita-por-primera-vez-yucatan-secretario-general-de-omt-y-se-va-sorprendido\/\",\"url\":\"https:\/\/nitu.mx\/index.php\/2021\/07\/04\/visita-por-primera-vez-yucatan-secretario-general-de-omt-y-se-va-sorprendido\/\",\"name\":\"Visita por primera vez Yucat\u00e1n Secretario General de OMT y se va sorprendido - Nitu - Noticias de la Industria Turistica\",\"isPartOf\":{\"@id\":\"https:\/\/nitu.mx\/#website\"},\"primaryImageOfPage\":{\"@id\":\"https:\/\/nitu.mx\/index.php\/2021\/07\/04\/visita-por-primera-vez-yucatan-secretario-general-de-omt-y-se-va-sorprendido\/#primaryimage\"},\"image\":{\"@id\":\"https:\/\/nitu.mx\/index.php\/2021\/07\/04\/visita-por-primera-vez-yucatan-secretario-general-de-omt-y-se-va-sorprendido\/#primaryimage\"},\"thumbnailUrl\":\"https:\/\/nitu.mx\/wp-content\/uploads\/2021\/07\/pololikasvili-yucatan.jpg\",\"datePublished\":\"2021-07-05T02:50:02+00:00\",\"dateModified\":\"2021-07-05T04:52:47+00:00\",\"breadcrumb\":{\"@id\":\"https:\/\/nitu.mx\/index.php\/2021\/07\/04\/visita-por-primera-vez-yucatan-secretario-general-de-omt-y-se-va-sorprendido\/#breadcrumb\"},\"inLanguage\":\"es-MX\",\"potentialAction\":[{\"@type\":\"ReadAction\",\"target\":[\"https:\/\/nitu.mx\/index.php\/2021\/07\/04\/visita-por-primera-vez-yucatan-secretario-general-de-omt-y-se-va-sorprendido\/\"]}]},{\"@type\":\"ImageObject\",\"inLanguage\":\"es-MX\",\"@id\":\"https:\/\/nitu.mx\/index.php\/2021\/07\/04\/visita-por-primera-vez-yucatan-secretario-general-de-omt-y-se-va-sorprendido\/#primaryimage\",\"url\":\"https:\/\/nitu.mx\/wp-content\/uploads\/2021\/07\/pololikasvili-yucatan.jpg\",\"contentUrl\":\"https:\/\/nitu.mx\/wp-content\/uploads\/2021\/07\/pololikasvili-yucatan.jpg\",\"width\":1200,\"height\":675},{\"@type\":\"BreadcrumbList\",\"@id\":\"https:\/\/nitu.mx\/index.php\/2021\/07\/04\/visita-por-primera-vez-yucatan-secretario-general-de-omt-y-se-va-sorprendido\/#breadcrumb\",\"itemListElement\":[{\"@type\":\"ListItem\",\"position\":1,\"name\":\"Inicio\",\"item\":\"https:\/\/nitu.mx\/\"},{\"@type\":\"ListItem\",\"position\":2,\"name\":\"Visita por primera vez Yucat\u00e1n Secretario General de OMT y se va sorprendido\"}]},{\"@type\":\"WebSite\",\"@id\":\"https:\/\/nitu.mx\/#website\",\"url\":\"https:\/\/nitu.mx\/\",\"name\":\"Nitu - Noticias de la Industria Turistica\",\"description\":\"Noticias de la Industria Turistica\",\"publisher\":{\"@id\":\"https:\/\/nitu.mx\/#\/schema\/person\/ae7a53426417292d3dd07b45a33e01bc\"},\"alternateName\":\"Noticias de la Industria Turistica\",\"potentialAction\":[{\"@type\":\"SearchAction\",\"target\":{\"@type\":\"EntryPoint\",\"urlTemplate\":\"https:\/\/nitu.mx\/?s={search_term_string}\"},\"query-input\":\"required name=search_term_string\"}],\"inLanguage\":\"es-MX\"},{\"@type\":[\"Person\",\"Organization\"],\"@id\":\"https:\/\/nitu.mx\/#\/schema\/person\/ae7a53426417292d3dd07b45a33e01bc\",\"name\":\"Arturo Medina\",\"image\":{\"@type\":\"ImageObject\",\"inLanguage\":\"es-MX\",\"@id\":\"https:\/\/nitu.mx\/#\/schema\/person\/image\/\",\"url\":\"https:\/\/nitu.mx\/wp-content\/uploads\/2024\/04\/4A315622-1904-4D5C-B022-878CDC840E04-90x90-1.jpeg\",\"contentUrl\":\"https:\/\/nitu.mx\/wp-content\/uploads\/2024\/04\/4A315622-1904-4D5C-B022-878CDC840E04-90x90-1.jpeg\",\"width\":90,\"height\":90,\"caption\":\"Arturo Medina\"},\"logo\":{\"@id\":\"https:\/\/nitu.mx\/#\/schema\/person\/image\/\"},\"description\":\"Director NITU.mx, Egresado de la Escuela de Periodismo Carlos Septi\u00e9n Garc\u00eda. Periodista y analista especializado en turismo desde hace 35 a\u00f1os, radicado en Canc\u00fan Q.Roo. arturo@nitu.mx\",\"sameAs\":[\"https:\/\/nitu.mx\",\"https:\/\/www.facebook.com\/NITUmx\/\",\"medinacancun\",\"https:\/\/twitter.com\/@Arturo_Medina_G\"]},{\"@type\":\"Person\",\"@id\":\"https:\/\/nitu.mx\/#\/schema\/person\/4a28fe9bd65924f7c90623773daf1b0b\",\"name\":\"Redacci\u00f3n\",\"image\":{\"@type\":\"ImageObject\",\"inLanguage\":\"es-MX\",\"@id\":\"https:\/\/nitu.mx\/#\/schema\/person\/image\/\",\"url\":\"https:\/\/secure.gravatar.com\/avatar\/5dd011c8ccfc5cd7e4c81e42252aab38?s=96&d=mm&r=g\",\"contentUrl\":\"https:\/\/secure.gravatar.com\/avatar\/5dd011c8ccfc5cd7e4c81e42252aab38?s=96&d=mm&r=g\",\"caption\":\"Redacci\u00f3n\"},\"url\":\"https:\/\/nitu.mx\/index.php\/author\/redaccion\/\"}]}<\/script>\n<!-- \/ Yoast SEO plugin. -->","yoast_head_json":{"title":"Visita por primera vez Yucat\u00e1n Secretario General de OMT y se va sorprendido - Nitu - Noticias de la Industria Turistica","robots":{"index":"index","follow":"follow","max-snippet":"max-snippet:-1","max-image-preview":"max-image-preview:large","max-video-preview":"max-video-preview:-1"},"canonical":"https:\/\/nitu.mx\/index.php\/2021\/07\/04\/visita-por-primera-vez-yucatan-secretario-general-de-omt-y-se-va-sorprendido\/","twitter_card":"summary_large_image","twitter_title":"Visita por primera vez Yucat\u00e1n Secretario General de OMT y se va sorprendido - Nitu - Noticias de la Industria Turistica","twitter_description":"La primera visita a Yucat\u00e1n del Secretario General de la Organizaci\u00f3n Mundial del Turismo (OMT), Zurab Pololikashvili, concluy\u00f3 con el reconocimiento al trabajo que se realiza en la entidad y que le permiten ser un referente en materia de turismo responsable y sostenible. Sostuvo que justo este a\u00f1o que se atiende de manera especial al [&hellip;]","twitter_image":"https:\/\/nitu.mx\/wp-content\/uploads\/2021\/07\/pololikasvili-yucatan.jpg","twitter_creator":"@NITUmx","twitter_site":"@Arturo_Medina_G","twitter_misc":{"Escrito por":"Redacci\u00f3n","Tiempo de lectura":"3 minutos"},"schema":{"@context":"https:\/\/schema.org","@graph":[{"@type":"Article","@id":"https:\/\/nitu.mx\/index.php\/2021\/07\/04\/visita-por-primera-vez-yucatan-secretario-general-de-omt-y-se-va-sorprendido\/#article","isPartOf":{"@id":"https:\/\/nitu.mx\/index.php\/2021\/07\/04\/visita-por-primera-vez-yucatan-secretario-general-de-omt-y-se-va-sorprendido\/"},"author":{"name":"Redacci\u00f3n","@id":"https:\/\/nitu.mx\/#\/schema\/person\/4a28fe9bd65924f7c90623773daf1b0b"},"headline":"Visita por primera vez Yucat\u00e1n Secretario General de OMT y se va sorprendido","datePublished":"2021-07-05T02:50:02+00:00","dateModified":"2021-07-05T04:52:47+00:00","mainEntityOfPage":{"@id":"https:\/\/nitu.mx\/index.php\/2021\/07\/04\/visita-por-primera-vez-yucatan-secretario-general-de-omt-y-se-va-sorprendido\/"},"wordCount":527,"commentCount":0,"publisher":{"@id":"https:\/\/nitu.mx\/#\/schema\/person\/ae7a53426417292d3dd07b45a33e01bc"},"image":{"@id":"https:\/\/nitu.mx\/index.php\/2021\/07\/04\/visita-por-primera-vez-yucatan-secretario-general-de-omt-y-se-va-sorprendido\/#primaryimage"},"thumbnailUrl":"https:\/\/nitu.mx\/wp-content\/uploads\/2021\/07\/pololikasvili-yucatan.jpg","keywords":["Michelle Friedman Hirsch.","Organizaci\u00f3n Mundial de Turismo (OMT)","Yucat\u00e1n","Zurab Pololikashvili"],"articleSection":["Destinos"],"inLanguage":"es-MX","potentialAction":[{"@type":"CommentAction","name":"Comment","target":["https:\/\/nitu.mx\/index.php\/2021\/07\/04\/visita-por-primera-vez-yucatan-secretario-general-de-omt-y-se-va-sorprendido\/#respond"]}]},{"@type":"WebPage","@id":"https:\/\/nitu.mx\/index.php\/2021\/07\/04\/visita-por-primera-vez-yucatan-secretario-general-de-omt-y-se-va-sorprendido\/","url":"https:\/\/nitu.mx\/index.php\/2021\/07\/04\/visita-por-primera-vez-yucatan-secretario-general-de-omt-y-se-va-sorprendido\/","name":"Visita por primera vez Yucat\u00e1n Secretario General de OMT y se va sorprendido - Nitu - Noticias de la Industria Turistica","isPartOf":{"@id":"https:\/\/nitu.mx\/#website"},"primaryImageOfPage":{"@id":"https:\/\/nitu.mx\/index.php\/2021\/07\/04\/visita-por-primera-vez-yucatan-secretario-general-de-omt-y-se-va-sorprendido\/#primaryimage"},"image":{"@id":"https:\/\/nitu.mx\/index.php\/2021\/07\/04\/visita-por-primera-vez-yucatan-secretario-general-de-omt-y-se-va-sorprendido\/#primaryimage"},"thumbnailUrl":"https:\/\/nitu.mx\/wp-content\/uploads\/2021\/07\/pololikasvili-yucatan.jpg","datePublished":"2021-07-05T02:50:02+00:00","dateModified":"2021-07-05T04:52:47+00:00","breadcrumb":{"@id":"https:\/\/nitu.mx\/index.php\/2021\/07\/04\/visita-por-primera-vez-yucatan-secretario-general-de-omt-y-se-va-sorprendido\/#breadcrumb"},"inLanguage":"es-MX","potentialAction":[{"@type":"ReadAction","target":["https:\/\/nitu.mx\/index.php\/2021\/07\/04\/visita-por-primera-vez-yucatan-secretario-general-de-omt-y-se-va-sorprendido\/"]}]},{"@type":"ImageObject","inLanguage":"es-MX","@id":"https:\/\/nitu.mx\/index.php\/2021\/07\/04\/visita-por-primera-vez-yucatan-secretario-general-de-omt-y-se-va-sorprendido\/#primaryimage","url":"https:\/\/nitu.mx\/wp-content\/uploads\/2021\/07\/pololikasvili-yucatan.jpg","contentUrl":"https:\/\/nitu.mx\/wp-content\/uploads\/2021\/07\/pololikasvili-yucatan.jpg","width":1200,"height":675},{"@type":"BreadcrumbList","@id":"https:\/\/nitu.mx\/index.php\/2021\/07\/04\/visita-por-primera-vez-yucatan-secretario-general-de-omt-y-se-va-sorprendido\/#breadcrumb","itemListElement":[{"@type":"ListItem","position":1,"name":"Inicio","item":"https:\/\/nitu.mx\/"},{"@type":"ListItem","position":2,"name":"Visita por primera vez Yucat\u00e1n Secretario General de OMT y se va sorprendido"}]},{"@type":"WebSite","@id":"https:\/\/nitu.mx\/#website","url":"https:\/\/nitu.mx\/","name":"Nitu - Noticias de la Industria Turistica","description":"Noticias de la Industria Turistica","publisher":{"@id":"https:\/\/nitu.mx\/#\/schema\/person\/ae7a53426417292d3dd07b45a33e01bc"},"alternateName":"Noticias de la Industria Turistica","potentialAction":[{"@type":"SearchAction","target":{"@type":"EntryPoint","urlTemplate":"https:\/\/nitu.mx\/?s={search_term_string}"},"query-input":"required name=search_term_string"}],"inLanguage":"es-MX"},{"@type":["Person","Organization"],"@id":"https:\/\/nitu.mx\/#\/schema\/person\/ae7a53426417292d3dd07b45a33e01bc","name":"Arturo Medina","image":{"@type":"ImageObject","inLanguage":"es-MX","@id":"https:\/\/nitu.mx\/#\/schema\/person\/image\/","url":"https:\/\/nitu.mx\/wp-content\/uploads\/2024\/04\/4A315622-1904-4D5C-B022-878CDC840E04-90x90-1.jpeg","contentUrl":"https:\/\/nitu.mx\/wp-content\/uploads\/2024\/04\/4A315622-1904-4D5C-B022-878CDC840E04-90x90-1.jpeg","width":90,"height":90,"caption":"Arturo Medina"},"logo":{"@id":"https:\/\/nitu.mx\/#\/schema\/person\/image\/"},"description":"Director NITU.mx, Egresado de la Escuela de Periodismo Carlos Septi\u00e9n Garc\u00eda. Periodista y analista especializado en turismo desde hace 35 a\u00f1os, radicado en Canc\u00fan Q.Roo. arturo@nitu.mx","sameAs":["https:\/\/nitu.mx","https:\/\/www.facebook.com\/NITUmx\/","medinacancun","https:\/\/twitter.com\/@Arturo_Medina_G"]},{"@type":"Person","@id":"https:\/\/nitu.mx\/#\/schema\/person\/4a28fe9bd65924f7c90623773daf1b0b","name":"Redacci\u00f3n","image":{"@type":"ImageObject","inLanguage":"es-MX","@id":"https:\/\/nitu.mx\/#\/schema\/person\/image\/","url":"https:\/\/secure.gravatar.com\/avatar\/5dd011c8ccfc5cd7e4c81e42252aab38?s=96&d=mm&r=g","contentUrl":"https:\/\/secure.gravatar.com\/avatar\/5dd011c8ccfc5cd7e4c81e42252aab38?s=96&d=mm&r=g","caption":"Redacci\u00f3n"},"url":"https:\/\/nitu.mx\/index.php\/author\/redaccion\/"}]}},"views":419,"_links":{"self":[{"href":"https:\/\/nitu.mx\/index.php\/wp-json\/wp\/v2\/posts\/53667"}],"collection":[{"href":"https:\/\/nitu.mx\/index.php\/wp-json\/wp\/v2\/posts"}],"about":[{"href":"https:\/\/nitu.mx\/index.php\/wp-json\/wp\/v2\/types\/post"}],"author":[{"embeddable":true,"href":"https:\/\/nitu.mx\/index.php\/wp-json\/wp\/v2\/users\/17"}],"replies":[{"embeddable":true,"href":"https:\/\/nitu.mx\/index.php\/wp-json\/wp\/v2\/comments?post=53667"}],"version-history":[{"count":3,"href":"https:\/\/nitu.mx\/index.php\/wp-json\/wp\/v2\/posts\/53667\/revisions"}],"predecessor-version":[{"id":53695,"href":"https:\/\/nitu.mx\/index.php\/wp-json\/wp\/v2\/posts\/53667\/revisions\/53695"}],"wp:featuredmedia":[{"embeddable":true,"href":"https:\/\/nitu.mx\/index.php\/wp-json\/wp\/v2\/media\/53694"}],"wp:attachment":[{"href":"https:\/\/nitu.mx\/index.php\/wp-json\/wp\/v2\/media?parent=53667"}],"wp:term":[{"taxonomy":"category","embeddable":true,"href":"https:\/\/nitu.mx\/index.php\/wp-json\/wp\/v2\/categories?post=53667"},{"taxonomy":"post_tag","embeddable":true,"href":"https:\/\/nitu.mx\/index.php\/wp-json\/wp\/v2\/tags?post=53667"}],"curies":[{"name":"wp","href":"https:\/\/api.w.org\/{rel}","templated":true}]}}