{"id":53538,"date":"2021-06-30T00:03:36","date_gmt":"2021-06-30T05:03:36","guid":{"rendered":"https:\/\/www.dev.nitu.mx\/?p=53538"},"modified":"2021-06-30T00:16:01","modified_gmt":"2021-06-30T05:16:01","slug":"inauguran-el-yucatan-travel-mart","status":"publish","type":"post","link":"https:\/\/nitu.mx\/index.php\/2021\/06\/30\/inauguran-el-yucatan-travel-mart\/","title":{"rendered":"Inauguran el Yucat\u00e1n Travel Mart"},"content":{"rendered":"<p>El Yucat\u00e1n Travel Mart es un eslab\u00f3n m\u00e1s en los esfuerzos emprendidos desde hace m\u00e1s de un a\u00f1o hacia la recuperaci\u00f3n econ\u00f3mica, en la que se va bien en conectividad, bioseguridad y elogios al trabajo en seguridad, al grado que Estados Unidos nos coloc\u00f3 en la categor\u00eda uno en la alerta de viaje, dijo la secretaria estatal de Fomento Tur\u00edstico, Michelle Friedman Hirsch.<\/p>\n<p>Al inaugurar hoy de manera virtual, la III edici\u00f3n del evento, que ser\u00e1 de manera digital, invit\u00f3 a aprovechar esta gran vitrina para promover \u201cel gran destino que somos, la diversidad de experiencias que tiene Yucat\u00e1n para todos los segmentos, y en especial la que el turista actual demanda.<\/p>\n<p>La funcionaria manifest\u00f3 que contin\u00faan con esmero la organizaci\u00f3n del Tianguis Tur\u00edstico, un evento que ser\u00e1 importante para Yucat\u00e1n y todo el pa\u00eds.<\/p>\n<p>Tambi\u00e9n mencion\u00f3 que en estos d\u00edas van a dar el banderazo, desde Yucat\u00e1n, de la temporada de verano, con la visita del secretario General de la Organizaci\u00f3n Mundial de Turismo, Zarab Pololikashvili, y del Miguel titular de la Secretar\u00eda de Turismo de M\u00e9xico (Sectur), Miguel Torruco Marqu\u00e9s, con los que tendr\u00e1n una gira por la innovadora oferta.<\/p>\n<p>De acuerdo con la Sectur, Pololikashvili visitar\u00e1 las zonas arqueol\u00f3gicas de Uxmal y Chich\u00e9n, y los Pueblos M\u00e1gicos de Man\u00ed e Izamal.<\/p>\n<p>Michelle Fridman mencion\u00f3 las distintas tareas emprendidas para reforzar las medidas y protocolos sanitarios contra la COVID-19, y que hoy d\u00eda, Yucat\u00e1n es reconocido por contar con los mejores protocolos de bioseguridad en toda la cadena productiva.<\/p>\n<p>En ese sentido, se\u00f1al\u00f3 que en la alerta de viaje que emite, Estados Unidos coloca por vez primera en la historia a dos estados mexicanos en la categor\u00eda uno, entre ellos a Yucat\u00e1n, lo que significa que avala el viaje de cualquier estadounidense, sin mayores precauciones, a tierras yucatecas.<\/p>\n<p>De la conectividad, dijo que est\u00e1n en un 75 por ciento de vuelos dom\u00e9sticos y en un cien por ciento, internacionalmente, incluso con dos nuevas rutas este a\u00f1o, la de Dallas y Oakland.<\/p>\n<p>\u201cLa semana pasada atendimos dos eventos relevantes de conectividad, concretando el regreso de las navieras el 6 de julio, y en el Routes Am\u00e9ricas 2021, donde nos reunimos con las principales aerol\u00edneas del continente y obtuvimos la confirmaci\u00f3n del vuelo de Toronto en la temporada de inverno\u201d, a\u00f1adi\u00f3.<\/p>\n<p>De las estrategias para la recuperaci\u00f3n de mercados, dijo que \u00abla 365\u00bb es un \u00e9xito, pues no s\u00f3lo foment\u00f3 el turismo interno, sino que impuls\u00f3 a muchos turisteros yucatecos a desarrollar nuevos productos para estar en esa lista de experiencias. (<a title=\"La edici\u00f3n del Yucat\u00e1n Travel Mart 2021 ser\u00e1 virtual\" href=\"https:\/\/www.dev.nitu.mx\/index.php\/2021\/06\/20\/la-edicion-del-yucatan-travel-mart-2021-sera-virtual\/\" rel=\"bookmark\">La edici\u00f3n del Yucat\u00e1n Travel Mart 2021 ser\u00e1 virtual<\/a>).<\/p>\n<p>\u201cHemos demostrado que en Yucat\u00e1n puedes estar m\u00e1s de un a\u00f1o sin encontrar algo nuevo por toda esa diversidad que se ofrece.<\/p>\n<p>\u00abLas campa\u00f1as Yucat\u00e1n es color y las diversas giras, alianzas con destinos nacionales e internacionales nos ayudaron a recuperar mercados\u201d, a\u00f1adi\u00f3. (Infoqroo).<\/p>\n","protected":false},"excerpt":{"rendered":"<p>El Yucat\u00e1n Travel Mart es un eslab\u00f3n m\u00e1s en los esfuerzos emprendidos desde hace m\u00e1s de un a\u00f1o hacia la recuperaci\u00f3n econ\u00f3mica, en la que se va bien en conectividad, bioseguridad y elogios al trabajo en seguridad, al grado que Estados Unidos nos coloc\u00f3 en la categor\u00eda uno en la alerta de viaje, dijo la [&hellip;]<\/p>\n","protected":false},"author":17,"featured_media":53559,"comment_status":"open","ping_status":"open","sticky":false,"template":"","format":"standard","meta":{"footnotes":""},"categories":[5,12],"tags":[5613,100,301,22388,22350],"yoast_head":"<!-- This site is optimized with the Yoast SEO plugin v22.2 - https:\/\/yoast.com\/wordpress\/plugins\/seo\/ -->\n<title>Inauguran el Yucat\u00e1n Travel Mart - Nitu - Noticias de la Industria Turistica<\/title>\n<meta name=\"robots\" content=\"index, follow, max-snippet:-1, max-image-preview:large, max-video-preview:-1\" \/>\n<link rel=\"canonical\" href=\"https:\/\/nitu.mx\/index.php\/2021\/06\/30\/inauguran-el-yucatan-travel-mart\/\" \/>\n<meta name=\"twitter:card\" content=\"summary_large_image\" \/>\n<meta name=\"twitter:title\" content=\"Inauguran el Yucat\u00e1n Travel Mart - Nitu - Noticias de la Industria Turistica\" \/>\n<meta name=\"twitter:description\" content=\"El Yucat\u00e1n Travel Mart es un eslab\u00f3n m\u00e1s en los esfuerzos emprendidos desde hace m\u00e1s de un a\u00f1o hacia la recuperaci\u00f3n econ\u00f3mica, en la que se va bien en conectividad, bioseguridad y elogios al trabajo en seguridad, al grado que Estados Unidos nos coloc\u00f3 en la categor\u00eda uno en la alerta de viaje, dijo la [&hellip;]\" \/>\n<meta name=\"twitter:image\" content=\"https:\/\/nitu.mx\/wp-content\/uploads\/2021\/06\/Yucata\u0301n-Travel-Mart.jpeg\" \/>\n<meta name=\"twitter:creator\" content=\"@NITUmx\" \/>\n<meta name=\"twitter:site\" content=\"@Arturo_Medina_G\" \/>\n<meta name=\"twitter:label1\" content=\"Escrito por\" \/>\n\t<meta name=\"twitter:data1\" content=\"Redacci\u00f3n\" \/>\n\t<meta name=\"twitter:label2\" content=\"Tiempo de lectura\" \/>\n\t<meta name=\"twitter:data2\" content=\"3 minutos\" \/>\n<script type=\"application\/ld+json\" class=\"yoast-schema-graph\">{\"@context\":\"https:\/\/schema.org\",\"@graph\":[{\"@type\":\"Article\",\"@id\":\"https:\/\/nitu.mx\/index.php\/2021\/06\/30\/inauguran-el-yucatan-travel-mart\/#article\",\"isPartOf\":{\"@id\":\"https:\/\/nitu.mx\/index.php\/2021\/06\/30\/inauguran-el-yucatan-travel-mart\/\"},\"author\":{\"name\":\"Redacci\u00f3n\",\"@id\":\"https:\/\/nitu.mx\/#\/schema\/person\/4a28fe9bd65924f7c90623773daf1b0b\"},\"headline\":\"Inauguran el Yucat\u00e1n Travel Mart\",\"datePublished\":\"2021-06-30T05:03:36+00:00\",\"dateModified\":\"2021-06-30T05:16:01+00:00\",\"mainEntityOfPage\":{\"@id\":\"https:\/\/nitu.mx\/index.php\/2021\/06\/30\/inauguran-el-yucatan-travel-mart\/\"},\"wordCount\":524,\"commentCount\":0,\"publisher\":{\"@id\":\"https:\/\/nitu.mx\/#\/schema\/person\/ae7a53426417292d3dd07b45a33e01bc\"},\"image\":{\"@id\":\"https:\/\/nitu.mx\/index.php\/2021\/06\/30\/inauguran-el-yucatan-travel-mart\/#primaryimage\"},\"thumbnailUrl\":\"https:\/\/nitu.mx\/wp-content\/uploads\/2021\/06\/Yucata\u0301n-Travel-Mart.jpeg\",\"keywords\":[\"alerta de viaje\",\"Estados Unidos\",\"M\u00e9rida\",\"Michelle Friedman Hirsch.\",\"Yucat\u00e1n Travel Mart\"],\"articleSection\":[\"Destinos\",\"Marketing\"],\"inLanguage\":\"es-MX\",\"potentialAction\":[{\"@type\":\"CommentAction\",\"name\":\"Comment\",\"target\":[\"https:\/\/nitu.mx\/index.php\/2021\/06\/30\/inauguran-el-yucatan-travel-mart\/#respond\"]}]},{\"@type\":\"WebPage\",\"@id\":\"https:\/\/nitu.mx\/index.php\/2021\/06\/30\/inauguran-el-yucatan-travel-mart\/\",\"url\":\"https:\/\/nitu.mx\/index.php\/2021\/06\/30\/inauguran-el-yucatan-travel-mart\/\",\"name\":\"Inauguran el Yucat\u00e1n Travel Mart - Nitu - Noticias de la Industria Turistica\",\"isPartOf\":{\"@id\":\"https:\/\/nitu.mx\/#website\"},\"primaryImageOfPage\":{\"@id\":\"https:\/\/nitu.mx\/index.php\/2021\/06\/30\/inauguran-el-yucatan-travel-mart\/#primaryimage\"},\"image\":{\"@id\":\"https:\/\/nitu.mx\/index.php\/2021\/06\/30\/inauguran-el-yucatan-travel-mart\/#primaryimage\"},\"thumbnailUrl\":\"https:\/\/nitu.mx\/wp-content\/uploads\/2021\/06\/Yucata\u0301n-Travel-Mart.jpeg\",\"datePublished\":\"2021-06-30T05:03:36+00:00\",\"dateModified\":\"2021-06-30T05:16:01+00:00\",\"breadcrumb\":{\"@id\":\"https:\/\/nitu.mx\/index.php\/2021\/06\/30\/inauguran-el-yucatan-travel-mart\/#breadcrumb\"},\"inLanguage\":\"es-MX\",\"potentialAction\":[{\"@type\":\"ReadAction\",\"target\":[\"https:\/\/nitu.mx\/index.php\/2021\/06\/30\/inauguran-el-yucatan-travel-mart\/\"]}]},{\"@type\":\"ImageObject\",\"inLanguage\":\"es-MX\",\"@id\":\"https:\/\/nitu.mx\/index.php\/2021\/06\/30\/inauguran-el-yucatan-travel-mart\/#primaryimage\",\"url\":\"https:\/\/nitu.mx\/wp-content\/uploads\/2021\/06\/Yucata\u0301n-Travel-Mart.jpeg\",\"contentUrl\":\"https:\/\/nitu.mx\/wp-content\/uploads\/2021\/06\/Yucata\u0301n-Travel-Mart.jpeg\",\"width\":1045,\"height\":586},{\"@type\":\"BreadcrumbList\",\"@id\":\"https:\/\/nitu.mx\/index.php\/2021\/06\/30\/inauguran-el-yucatan-travel-mart\/#breadcrumb\",\"itemListElement\":[{\"@type\":\"ListItem\",\"position\":1,\"name\":\"Inicio\",\"item\":\"https:\/\/nitu.mx\/\"},{\"@type\":\"ListItem\",\"position\":2,\"name\":\"Inauguran el Yucat\u00e1n Travel Mart\"}]},{\"@type\":\"WebSite\",\"@id\":\"https:\/\/nitu.mx\/#website\",\"url\":\"https:\/\/nitu.mx\/\",\"name\":\"Nitu - Noticias de la Industria Turistica\",\"description\":\"Noticias de la Industria Turistica\",\"publisher\":{\"@id\":\"https:\/\/nitu.mx\/#\/schema\/person\/ae7a53426417292d3dd07b45a33e01bc\"},\"alternateName\":\"Noticias de la Industria Turistica\",\"potentialAction\":[{\"@type\":\"SearchAction\",\"target\":{\"@type\":\"EntryPoint\",\"urlTemplate\":\"https:\/\/nitu.mx\/?s={search_term_string}\"},\"query-input\":\"required name=search_term_string\"}],\"inLanguage\":\"es-MX\"},{\"@type\":[\"Person\",\"Organization\"],\"@id\":\"https:\/\/nitu.mx\/#\/schema\/person\/ae7a53426417292d3dd07b45a33e01bc\",\"name\":\"Arturo Medina\",\"image\":{\"@type\":\"ImageObject\",\"inLanguage\":\"es-MX\",\"@id\":\"https:\/\/nitu.mx\/#\/schema\/person\/image\/\",\"url\":\"https:\/\/nitu.mx\/wp-content\/uploads\/2024\/04\/4A315622-1904-4D5C-B022-878CDC840E04-90x90-1.jpeg\",\"contentUrl\":\"https:\/\/nitu.mx\/wp-content\/uploads\/2024\/04\/4A315622-1904-4D5C-B022-878CDC840E04-90x90-1.jpeg\",\"width\":90,\"height\":90,\"caption\":\"Arturo Medina\"},\"logo\":{\"@id\":\"https:\/\/nitu.mx\/#\/schema\/person\/image\/\"},\"description\":\"Director NITU.mx, Egresado de la Escuela de Periodismo Carlos Septi\u00e9n Garc\u00eda. Periodista y analista especializado en turismo desde hace 35 a\u00f1os, radicado en Canc\u00fan Q.Roo. arturo@nitu.mx\",\"sameAs\":[\"https:\/\/nitu.mx\",\"https:\/\/www.facebook.com\/NITUmx\/\",\"medinacancun\",\"https:\/\/twitter.com\/@Arturo_Medina_G\"]},{\"@type\":\"Person\",\"@id\":\"https:\/\/nitu.mx\/#\/schema\/person\/4a28fe9bd65924f7c90623773daf1b0b\",\"name\":\"Redacci\u00f3n\",\"image\":{\"@type\":\"ImageObject\",\"inLanguage\":\"es-MX\",\"@id\":\"https:\/\/nitu.mx\/#\/schema\/person\/image\/\",\"url\":\"https:\/\/secure.gravatar.com\/avatar\/5dd011c8ccfc5cd7e4c81e42252aab38?s=96&d=mm&r=g\",\"contentUrl\":\"https:\/\/secure.gravatar.com\/avatar\/5dd011c8ccfc5cd7e4c81e42252aab38?s=96&d=mm&r=g\",\"caption\":\"Redacci\u00f3n\"},\"url\":\"https:\/\/nitu.mx\/index.php\/author\/redaccion\/\"}]}<\/script>\n<!-- \/ Yoast SEO plugin. -->","yoast_head_json":{"title":"Inauguran el Yucat\u00e1n Travel Mart - Nitu - Noticias de la Industria Turistica","robots":{"index":"index","follow":"follow","max-snippet":"max-snippet:-1","max-image-preview":"max-image-preview:large","max-video-preview":"max-video-preview:-1"},"canonical":"https:\/\/nitu.mx\/index.php\/2021\/06\/30\/inauguran-el-yucatan-travel-mart\/","twitter_card":"summary_large_image","twitter_title":"Inauguran el Yucat\u00e1n Travel Mart - Nitu - Noticias de la Industria Turistica","twitter_description":"El Yucat\u00e1n Travel Mart es un eslab\u00f3n m\u00e1s en los esfuerzos emprendidos desde hace m\u00e1s de un a\u00f1o hacia la recuperaci\u00f3n econ\u00f3mica, en la que se va bien en conectividad, bioseguridad y elogios al trabajo en seguridad, al grado que Estados Unidos nos coloc\u00f3 en la categor\u00eda uno en la alerta de viaje, dijo la [&hellip;]","twitter_image":"https:\/\/nitu.mx\/wp-content\/uploads\/2021\/06\/Yucata\u0301n-Travel-Mart.jpeg","twitter_creator":"@NITUmx","twitter_site":"@Arturo_Medina_G","twitter_misc":{"Escrito por":"Redacci\u00f3n","Tiempo de lectura":"3 minutos"},"schema":{"@context":"https:\/\/schema.org","@graph":[{"@type":"Article","@id":"https:\/\/nitu.mx\/index.php\/2021\/06\/30\/inauguran-el-yucatan-travel-mart\/#article","isPartOf":{"@id":"https:\/\/nitu.mx\/index.php\/2021\/06\/30\/inauguran-el-yucatan-travel-mart\/"},"author":{"name":"Redacci\u00f3n","@id":"https:\/\/nitu.mx\/#\/schema\/person\/4a28fe9bd65924f7c90623773daf1b0b"},"headline":"Inauguran el Yucat\u00e1n Travel Mart","datePublished":"2021-06-30T05:03:36+00:00","dateModified":"2021-06-30T05:16:01+00:00","mainEntityOfPage":{"@id":"https:\/\/nitu.mx\/index.php\/2021\/06\/30\/inauguran-el-yucatan-travel-mart\/"},"wordCount":524,"commentCount":0,"publisher":{"@id":"https:\/\/nitu.mx\/#\/schema\/person\/ae7a53426417292d3dd07b45a33e01bc"},"image":{"@id":"https:\/\/nitu.mx\/index.php\/2021\/06\/30\/inauguran-el-yucatan-travel-mart\/#primaryimage"},"thumbnailUrl":"https:\/\/nitu.mx\/wp-content\/uploads\/2021\/06\/Yucata\u0301n-Travel-Mart.jpeg","keywords":["alerta de viaje","Estados Unidos","M\u00e9rida","Michelle Friedman Hirsch.","Yucat\u00e1n Travel Mart"],"articleSection":["Destinos","Marketing"],"inLanguage":"es-MX","potentialAction":[{"@type":"CommentAction","name":"Comment","target":["https:\/\/nitu.mx\/index.php\/2021\/06\/30\/inauguran-el-yucatan-travel-mart\/#respond"]}]},{"@type":"WebPage","@id":"https:\/\/nitu.mx\/index.php\/2021\/06\/30\/inauguran-el-yucatan-travel-mart\/","url":"https:\/\/nitu.mx\/index.php\/2021\/06\/30\/inauguran-el-yucatan-travel-mart\/","name":"Inauguran el Yucat\u00e1n Travel Mart - Nitu - Noticias de la Industria Turistica","isPartOf":{"@id":"https:\/\/nitu.mx\/#website"},"primaryImageOfPage":{"@id":"https:\/\/nitu.mx\/index.php\/2021\/06\/30\/inauguran-el-yucatan-travel-mart\/#primaryimage"},"image":{"@id":"https:\/\/nitu.mx\/index.php\/2021\/06\/30\/inauguran-el-yucatan-travel-mart\/#primaryimage"},"thumbnailUrl":"https:\/\/nitu.mx\/wp-content\/uploads\/2021\/06\/Yucata\u0301n-Travel-Mart.jpeg","datePublished":"2021-06-30T05:03:36+00:00","dateModified":"2021-06-30T05:16:01+00:00","breadcrumb":{"@id":"https:\/\/nitu.mx\/index.php\/2021\/06\/30\/inauguran-el-yucatan-travel-mart\/#breadcrumb"},"inLanguage":"es-MX","potentialAction":[{"@type":"ReadAction","target":["https:\/\/nitu.mx\/index.php\/2021\/06\/30\/inauguran-el-yucatan-travel-mart\/"]}]},{"@type":"ImageObject","inLanguage":"es-MX","@id":"https:\/\/nitu.mx\/index.php\/2021\/06\/30\/inauguran-el-yucatan-travel-mart\/#primaryimage","url":"https:\/\/nitu.mx\/wp-content\/uploads\/2021\/06\/Yucata\u0301n-Travel-Mart.jpeg","contentUrl":"https:\/\/nitu.mx\/wp-content\/uploads\/2021\/06\/Yucata\u0301n-Travel-Mart.jpeg","width":1045,"height":586},{"@type":"BreadcrumbList","@id":"https:\/\/nitu.mx\/index.php\/2021\/06\/30\/inauguran-el-yucatan-travel-mart\/#breadcrumb","itemListElement":[{"@type":"ListItem","position":1,"name":"Inicio","item":"https:\/\/nitu.mx\/"},{"@type":"ListItem","position":2,"name":"Inauguran el Yucat\u00e1n Travel Mart"}]},{"@type":"WebSite","@id":"https:\/\/nitu.mx\/#website","url":"https:\/\/nitu.mx\/","name":"Nitu - Noticias de la Industria Turistica","description":"Noticias de la Industria Turistica","publisher":{"@id":"https:\/\/nitu.mx\/#\/schema\/person\/ae7a53426417292d3dd07b45a33e01bc"},"alternateName":"Noticias de la Industria Turistica","potentialAction":[{"@type":"SearchAction","target":{"@type":"EntryPoint","urlTemplate":"https:\/\/nitu.mx\/?s={search_term_string}"},"query-input":"required name=search_term_string"}],"inLanguage":"es-MX"},{"@type":["Person","Organization"],"@id":"https:\/\/nitu.mx\/#\/schema\/person\/ae7a53426417292d3dd07b45a33e01bc","name":"Arturo Medina","image":{"@type":"ImageObject","inLanguage":"es-MX","@id":"https:\/\/nitu.mx\/#\/schema\/person\/image\/","url":"https:\/\/nitu.mx\/wp-content\/uploads\/2024\/04\/4A315622-1904-4D5C-B022-878CDC840E04-90x90-1.jpeg","contentUrl":"https:\/\/nitu.mx\/wp-content\/uploads\/2024\/04\/4A315622-1904-4D5C-B022-878CDC840E04-90x90-1.jpeg","width":90,"height":90,"caption":"Arturo Medina"},"logo":{"@id":"https:\/\/nitu.mx\/#\/schema\/person\/image\/"},"description":"Director NITU.mx, Egresado de la Escuela de Periodismo Carlos Septi\u00e9n Garc\u00eda. Periodista y analista especializado en turismo desde hace 35 a\u00f1os, radicado en Canc\u00fan Q.Roo. arturo@nitu.mx","sameAs":["https:\/\/nitu.mx","https:\/\/www.facebook.com\/NITUmx\/","medinacancun","https:\/\/twitter.com\/@Arturo_Medina_G"]},{"@type":"Person","@id":"https:\/\/nitu.mx\/#\/schema\/person\/4a28fe9bd65924f7c90623773daf1b0b","name":"Redacci\u00f3n","image":{"@type":"ImageObject","inLanguage":"es-MX","@id":"https:\/\/nitu.mx\/#\/schema\/person\/image\/","url":"https:\/\/secure.gravatar.com\/avatar\/5dd011c8ccfc5cd7e4c81e42252aab38?s=96&d=mm&r=g","contentUrl":"https:\/\/secure.gravatar.com\/avatar\/5dd011c8ccfc5cd7e4c81e42252aab38?s=96&d=mm&r=g","caption":"Redacci\u00f3n"},"url":"https:\/\/nitu.mx\/index.php\/author\/redaccion\/"}]}},"views":675,"_links":{"self":[{"href":"https:\/\/nitu.mx\/index.php\/wp-json\/wp\/v2\/posts\/53538"}],"collection":[{"href":"https:\/\/nitu.mx\/index.php\/wp-json\/wp\/v2\/posts"}],"about":[{"href":"https:\/\/nitu.mx\/index.php\/wp-json\/wp\/v2\/types\/post"}],"author":[{"embeddable":true,"href":"https:\/\/nitu.mx\/index.php\/wp-json\/wp\/v2\/users\/17"}],"replies":[{"embeddable":true,"href":"https:\/\/nitu.mx\/index.php\/wp-json\/wp\/v2\/comments?post=53538"}],"version-history":[{"count":2,"href":"https:\/\/nitu.mx\/index.php\/wp-json\/wp\/v2\/posts\/53538\/revisions"}],"predecessor-version":[{"id":53560,"href":"https:\/\/nitu.mx\/index.php\/wp-json\/wp\/v2\/posts\/53538\/revisions\/53560"}],"wp:featuredmedia":[{"embeddable":true,"href":"https:\/\/nitu.mx\/index.php\/wp-json\/wp\/v2\/media\/53559"}],"wp:attachment":[{"href":"https:\/\/nitu.mx\/index.php\/wp-json\/wp\/v2\/media?parent=53538"}],"wp:term":[{"taxonomy":"category","embeddable":true,"href":"https:\/\/nitu.mx\/index.php\/wp-json\/wp\/v2\/categories?post=53538"},{"taxonomy":"post_tag","embeddable":true,"href":"https:\/\/nitu.mx\/index.php\/wp-json\/wp\/v2\/tags?post=53538"}],"curies":[{"name":"wp","href":"https:\/\/api.w.org\/{rel}","templated":true}]}}