{"id":53412,"date":"2021-06-24T20:35:38","date_gmt":"2021-06-25T01:35:38","guid":{"rendered":"https:\/\/www.dev.nitu.mx\/?p=53412"},"modified":"2021-06-25T00:12:02","modified_gmt":"2021-06-25T05:12:02","slug":"espera-sectur-superar-numeros-del-2019-este-verano","status":"publish","type":"post","link":"https:\/\/nitu.mx\/index.php\/2021\/06\/24\/espera-sectur-superar-numeros-del-2019-este-verano\/","title":{"rendered":"Espera Sectur superar n\u00fameros del 2019 este verano"},"content":{"rendered":"<p>Tras la contingencia por Covid-19, la Secretar\u00eda de Turismo (Sectur) espera la llegada de m\u00e1s turistas este verano que en 2019, previo a la pandemia.<\/p>\n<p>De acuerdo con su titular, Miguel Torruco, para esta temporada se espera recibir en el pa\u00eds entre 18.6 y 23.5 millones de viajeros.<\/p>\n<p>Dicha cifra superar\u00eda entre 17 y hasta 48 por ciento los niveles pre-Covid del verano de 2019, donde arribaron a M\u00e9xico 15.9 millones de personas.<\/p>\n<p>Asimismo, en el mejor de los escenarios, Sectur estima una derrama econ\u00f3mica de 56 mil millones de pesos y en el peor escenario de 44 mmdp.<\/p>\n<p>Sin embargo, la derrama estival de este 2021 estar\u00eda 48 por ciento por debajo de lo captado en verano de 2019, detall\u00f3 la dependenciaMientras que la entrada de divisas por turistas internacionales crecer\u00eda 10.12 por ciento, para llegar a un total de 12 mil 200 millones de d\u00f3lares. (<a title=\"Cae M\u00e9xico 2 lugares en el ranking de mercados a\u00e9reos del mundo\" href=\"https:\/\/www.dev.nitu.mx\/index.php\/2021\/06\/23\/cae-mexico-2-lugares-en-el-ranking-de-mercados-aereos-del-mundo\/\" rel=\"bookmark\">Cae M\u00e9xico 2 lugares en el ranking de mercados a\u00e9reos del mundo<\/a>).<\/p>\n","protected":false},"excerpt":{"rendered":"<p>Tras la contingencia por Covid-19, la Secretar\u00eda de Turismo (Sectur) espera la llegada de m\u00e1s turistas este verano que en 2019, previo a la pandemia. De acuerdo con su titular, Miguel Torruco, para esta temporada se espera recibir en el pa\u00eds entre 18.6 y 23.5 millones de viajeros. Dicha cifra superar\u00eda entre 17 y hasta [&hellip;]<\/p>\n","protected":false},"author":17,"featured_media":45077,"comment_status":"open","ping_status":"open","sticky":false,"template":"","format":"standard","meta":{"footnotes":""},"categories":[5],"tags":[910,19217,93],"yoast_head":"<!-- This site is optimized with the Yoast SEO plugin v22.2 - https:\/\/yoast.com\/wordpress\/plugins\/seo\/ -->\n<title>Espera Sectur superar n\u00fameros del 2019 este verano - Nitu - Noticias de la Industria Turistica<\/title>\n<meta name=\"robots\" content=\"index, follow, max-snippet:-1, max-image-preview:large, max-video-preview:-1\" \/>\n<link rel=\"canonical\" href=\"https:\/\/nitu.mx\/index.php\/2021\/06\/24\/espera-sectur-superar-numeros-del-2019-este-verano\/\" \/>\n<meta name=\"twitter:card\" content=\"summary_large_image\" \/>\n<meta name=\"twitter:title\" content=\"Espera Sectur superar n\u00fameros del 2019 este verano - Nitu - Noticias de la Industria Turistica\" \/>\n<meta name=\"twitter:description\" content=\"Tras la contingencia por Covid-19, la Secretar\u00eda de Turismo (Sectur) espera la llegada de m\u00e1s turistas este verano que en 2019, previo a la pandemia. De acuerdo con su titular, Miguel Torruco, para esta temporada se espera recibir en el pa\u00eds entre 18.6 y 23.5 millones de viajeros. Dicha cifra superar\u00eda entre 17 y hasta [&hellip;]\" \/>\n<meta name=\"twitter:image\" content=\"https:\/\/nitu.mx\/wp-content\/uploads\/2020\/08\/Turismo-Me\u0301xico.jpg\" \/>\n<meta name=\"twitter:creator\" content=\"@NITUmx\" \/>\n<meta name=\"twitter:site\" content=\"@Arturo_Medina_G\" \/>\n<meta name=\"twitter:label1\" content=\"Escrito por\" \/>\n\t<meta name=\"twitter:data1\" content=\"Redacci\u00f3n\" \/>\n\t<meta name=\"twitter:label2\" content=\"Tiempo de lectura\" \/>\n\t<meta name=\"twitter:data2\" content=\"1 minuto\" \/>\n<script type=\"application\/ld+json\" class=\"yoast-schema-graph\">{\"@context\":\"https:\/\/schema.org\",\"@graph\":[{\"@type\":\"Article\",\"@id\":\"https:\/\/nitu.mx\/index.php\/2021\/06\/24\/espera-sectur-superar-numeros-del-2019-este-verano\/#article\",\"isPartOf\":{\"@id\":\"https:\/\/nitu.mx\/index.php\/2021\/06\/24\/espera-sectur-superar-numeros-del-2019-este-verano\/\"},\"author\":{\"name\":\"Redacci\u00f3n\",\"@id\":\"https:\/\/nitu.mx\/#\/schema\/person\/4a28fe9bd65924f7c90623773daf1b0b\"},\"headline\":\"Espera Sectur superar n\u00fameros del 2019 este verano\",\"datePublished\":\"2021-06-25T01:35:38+00:00\",\"dateModified\":\"2021-06-25T05:12:02+00:00\",\"mainEntityOfPage\":{\"@id\":\"https:\/\/nitu.mx\/index.php\/2021\/06\/24\/espera-sectur-superar-numeros-del-2019-este-verano\/\"},\"wordCount\":162,\"commentCount\":0,\"publisher\":{\"@id\":\"https:\/\/nitu.mx\/#\/schema\/person\/ae7a53426417292d3dd07b45a33e01bc\"},\"image\":{\"@id\":\"https:\/\/nitu.mx\/index.php\/2021\/06\/24\/espera-sectur-superar-numeros-del-2019-este-verano\/#primaryimage\"},\"thumbnailUrl\":\"https:\/\/nitu.mx\/wp-content\/uploads\/2020\/08\/Turismo-Me\u0301xico.jpg\",\"keywords\":[\"Miguel Torruco\",\"pandemia\",\"Sectur\"],\"articleSection\":[\"Destinos\"],\"inLanguage\":\"es-MX\",\"potentialAction\":[{\"@type\":\"CommentAction\",\"name\":\"Comment\",\"target\":[\"https:\/\/nitu.mx\/index.php\/2021\/06\/24\/espera-sectur-superar-numeros-del-2019-este-verano\/#respond\"]}]},{\"@type\":\"WebPage\",\"@id\":\"https:\/\/nitu.mx\/index.php\/2021\/06\/24\/espera-sectur-superar-numeros-del-2019-este-verano\/\",\"url\":\"https:\/\/nitu.mx\/index.php\/2021\/06\/24\/espera-sectur-superar-numeros-del-2019-este-verano\/\",\"name\":\"Espera Sectur superar n\u00fameros del 2019 este verano - Nitu - Noticias de la Industria Turistica\",\"isPartOf\":{\"@id\":\"https:\/\/nitu.mx\/#website\"},\"primaryImageOfPage\":{\"@id\":\"https:\/\/nitu.mx\/index.php\/2021\/06\/24\/espera-sectur-superar-numeros-del-2019-este-verano\/#primaryimage\"},\"image\":{\"@id\":\"https:\/\/nitu.mx\/index.php\/2021\/06\/24\/espera-sectur-superar-numeros-del-2019-este-verano\/#primaryimage\"},\"thumbnailUrl\":\"https:\/\/nitu.mx\/wp-content\/uploads\/2020\/08\/Turismo-Me\u0301xico.jpg\",\"datePublished\":\"2021-06-25T01:35:38+00:00\",\"dateModified\":\"2021-06-25T05:12:02+00:00\",\"breadcrumb\":{\"@id\":\"https:\/\/nitu.mx\/index.php\/2021\/06\/24\/espera-sectur-superar-numeros-del-2019-este-verano\/#breadcrumb\"},\"inLanguage\":\"es-MX\",\"potentialAction\":[{\"@type\":\"ReadAction\",\"target\":[\"https:\/\/nitu.mx\/index.php\/2021\/06\/24\/espera-sectur-superar-numeros-del-2019-este-verano\/\"]}]},{\"@type\":\"ImageObject\",\"inLanguage\":\"es-MX\",\"@id\":\"https:\/\/nitu.mx\/index.php\/2021\/06\/24\/espera-sectur-superar-numeros-del-2019-este-verano\/#primaryimage\",\"url\":\"https:\/\/nitu.mx\/wp-content\/uploads\/2020\/08\/Turismo-Me\u0301xico.jpg\",\"contentUrl\":\"https:\/\/nitu.mx\/wp-content\/uploads\/2020\/08\/Turismo-Me\u0301xico.jpg\",\"width\":1200,\"height\":675},{\"@type\":\"BreadcrumbList\",\"@id\":\"https:\/\/nitu.mx\/index.php\/2021\/06\/24\/espera-sectur-superar-numeros-del-2019-este-verano\/#breadcrumb\",\"itemListElement\":[{\"@type\":\"ListItem\",\"position\":1,\"name\":\"Inicio\",\"item\":\"https:\/\/nitu.mx\/\"},{\"@type\":\"ListItem\",\"position\":2,\"name\":\"Espera Sectur superar n\u00fameros del 2019 este verano\"}]},{\"@type\":\"WebSite\",\"@id\":\"https:\/\/nitu.mx\/#website\",\"url\":\"https:\/\/nitu.mx\/\",\"name\":\"Nitu - Noticias de la Industria Turistica\",\"description\":\"Noticias de la Industria Turistica\",\"publisher\":{\"@id\":\"https:\/\/nitu.mx\/#\/schema\/person\/ae7a53426417292d3dd07b45a33e01bc\"},\"alternateName\":\"Noticias de la Industria Turistica\",\"potentialAction\":[{\"@type\":\"SearchAction\",\"target\":{\"@type\":\"EntryPoint\",\"urlTemplate\":\"https:\/\/nitu.mx\/?s={search_term_string}\"},\"query-input\":\"required name=search_term_string\"}],\"inLanguage\":\"es-MX\"},{\"@type\":[\"Person\",\"Organization\"],\"@id\":\"https:\/\/nitu.mx\/#\/schema\/person\/ae7a53426417292d3dd07b45a33e01bc\",\"name\":\"Arturo Medina\",\"image\":{\"@type\":\"ImageObject\",\"inLanguage\":\"es-MX\",\"@id\":\"https:\/\/nitu.mx\/#\/schema\/person\/image\/\",\"url\":\"https:\/\/nitu.mx\/wp-content\/uploads\/2024\/04\/4A315622-1904-4D5C-B022-878CDC840E04-90x90-1.jpeg\",\"contentUrl\":\"https:\/\/nitu.mx\/wp-content\/uploads\/2024\/04\/4A315622-1904-4D5C-B022-878CDC840E04-90x90-1.jpeg\",\"width\":90,\"height\":90,\"caption\":\"Arturo Medina\"},\"logo\":{\"@id\":\"https:\/\/nitu.mx\/#\/schema\/person\/image\/\"},\"description\":\"Director NITU.mx, Egresado de la Escuela de Periodismo Carlos Septi\u00e9n Garc\u00eda. Periodista y analista especializado en turismo desde hace 35 a\u00f1os, radicado en Canc\u00fan Q.Roo. arturo@nitu.mx\",\"sameAs\":[\"https:\/\/nitu.mx\",\"https:\/\/www.facebook.com\/NITUmx\/\",\"medinacancun\",\"https:\/\/twitter.com\/@Arturo_Medina_G\"]},{\"@type\":\"Person\",\"@id\":\"https:\/\/nitu.mx\/#\/schema\/person\/4a28fe9bd65924f7c90623773daf1b0b\",\"name\":\"Redacci\u00f3n\",\"image\":{\"@type\":\"ImageObject\",\"inLanguage\":\"es-MX\",\"@id\":\"https:\/\/nitu.mx\/#\/schema\/person\/image\/\",\"url\":\"https:\/\/secure.gravatar.com\/avatar\/5dd011c8ccfc5cd7e4c81e42252aab38?s=96&d=mm&r=g\",\"contentUrl\":\"https:\/\/secure.gravatar.com\/avatar\/5dd011c8ccfc5cd7e4c81e42252aab38?s=96&d=mm&r=g\",\"caption\":\"Redacci\u00f3n\"},\"url\":\"https:\/\/nitu.mx\/index.php\/author\/redaccion\/\"}]}<\/script>\n<!-- \/ Yoast SEO plugin. -->","yoast_head_json":{"title":"Espera Sectur superar n\u00fameros del 2019 este verano - Nitu - Noticias de la Industria Turistica","robots":{"index":"index","follow":"follow","max-snippet":"max-snippet:-1","max-image-preview":"max-image-preview:large","max-video-preview":"max-video-preview:-1"},"canonical":"https:\/\/nitu.mx\/index.php\/2021\/06\/24\/espera-sectur-superar-numeros-del-2019-este-verano\/","twitter_card":"summary_large_image","twitter_title":"Espera Sectur superar n\u00fameros del 2019 este verano - Nitu - Noticias de la Industria Turistica","twitter_description":"Tras la contingencia por Covid-19, la Secretar\u00eda de Turismo (Sectur) espera la llegada de m\u00e1s turistas este verano que en 2019, previo a la pandemia. De acuerdo con su titular, Miguel Torruco, para esta temporada se espera recibir en el pa\u00eds entre 18.6 y 23.5 millones de viajeros. Dicha cifra superar\u00eda entre 17 y hasta [&hellip;]","twitter_image":"https:\/\/nitu.mx\/wp-content\/uploads\/2020\/08\/Turismo-Me\u0301xico.jpg","twitter_creator":"@NITUmx","twitter_site":"@Arturo_Medina_G","twitter_misc":{"Escrito por":"Redacci\u00f3n","Tiempo de lectura":"1 minuto"},"schema":{"@context":"https:\/\/schema.org","@graph":[{"@type":"Article","@id":"https:\/\/nitu.mx\/index.php\/2021\/06\/24\/espera-sectur-superar-numeros-del-2019-este-verano\/#article","isPartOf":{"@id":"https:\/\/nitu.mx\/index.php\/2021\/06\/24\/espera-sectur-superar-numeros-del-2019-este-verano\/"},"author":{"name":"Redacci\u00f3n","@id":"https:\/\/nitu.mx\/#\/schema\/person\/4a28fe9bd65924f7c90623773daf1b0b"},"headline":"Espera Sectur superar n\u00fameros del 2019 este verano","datePublished":"2021-06-25T01:35:38+00:00","dateModified":"2021-06-25T05:12:02+00:00","mainEntityOfPage":{"@id":"https:\/\/nitu.mx\/index.php\/2021\/06\/24\/espera-sectur-superar-numeros-del-2019-este-verano\/"},"wordCount":162,"commentCount":0,"publisher":{"@id":"https:\/\/nitu.mx\/#\/schema\/person\/ae7a53426417292d3dd07b45a33e01bc"},"image":{"@id":"https:\/\/nitu.mx\/index.php\/2021\/06\/24\/espera-sectur-superar-numeros-del-2019-este-verano\/#primaryimage"},"thumbnailUrl":"https:\/\/nitu.mx\/wp-content\/uploads\/2020\/08\/Turismo-Me\u0301xico.jpg","keywords":["Miguel Torruco","pandemia","Sectur"],"articleSection":["Destinos"],"inLanguage":"es-MX","potentialAction":[{"@type":"CommentAction","name":"Comment","target":["https:\/\/nitu.mx\/index.php\/2021\/06\/24\/espera-sectur-superar-numeros-del-2019-este-verano\/#respond"]}]},{"@type":"WebPage","@id":"https:\/\/nitu.mx\/index.php\/2021\/06\/24\/espera-sectur-superar-numeros-del-2019-este-verano\/","url":"https:\/\/nitu.mx\/index.php\/2021\/06\/24\/espera-sectur-superar-numeros-del-2019-este-verano\/","name":"Espera Sectur superar n\u00fameros del 2019 este verano - Nitu - Noticias de la Industria Turistica","isPartOf":{"@id":"https:\/\/nitu.mx\/#website"},"primaryImageOfPage":{"@id":"https:\/\/nitu.mx\/index.php\/2021\/06\/24\/espera-sectur-superar-numeros-del-2019-este-verano\/#primaryimage"},"image":{"@id":"https:\/\/nitu.mx\/index.php\/2021\/06\/24\/espera-sectur-superar-numeros-del-2019-este-verano\/#primaryimage"},"thumbnailUrl":"https:\/\/nitu.mx\/wp-content\/uploads\/2020\/08\/Turismo-Me\u0301xico.jpg","datePublished":"2021-06-25T01:35:38+00:00","dateModified":"2021-06-25T05:12:02+00:00","breadcrumb":{"@id":"https:\/\/nitu.mx\/index.php\/2021\/06\/24\/espera-sectur-superar-numeros-del-2019-este-verano\/#breadcrumb"},"inLanguage":"es-MX","potentialAction":[{"@type":"ReadAction","target":["https:\/\/nitu.mx\/index.php\/2021\/06\/24\/espera-sectur-superar-numeros-del-2019-este-verano\/"]}]},{"@type":"ImageObject","inLanguage":"es-MX","@id":"https:\/\/nitu.mx\/index.php\/2021\/06\/24\/espera-sectur-superar-numeros-del-2019-este-verano\/#primaryimage","url":"https:\/\/nitu.mx\/wp-content\/uploads\/2020\/08\/Turismo-Me\u0301xico.jpg","contentUrl":"https:\/\/nitu.mx\/wp-content\/uploads\/2020\/08\/Turismo-Me\u0301xico.jpg","width":1200,"height":675},{"@type":"BreadcrumbList","@id":"https:\/\/nitu.mx\/index.php\/2021\/06\/24\/espera-sectur-superar-numeros-del-2019-este-verano\/#breadcrumb","itemListElement":[{"@type":"ListItem","position":1,"name":"Inicio","item":"https:\/\/nitu.mx\/"},{"@type":"ListItem","position":2,"name":"Espera Sectur superar n\u00fameros del 2019 este verano"}]},{"@type":"WebSite","@id":"https:\/\/nitu.mx\/#website","url":"https:\/\/nitu.mx\/","name":"Nitu - Noticias de la Industria Turistica","description":"Noticias de la Industria Turistica","publisher":{"@id":"https:\/\/nitu.mx\/#\/schema\/person\/ae7a53426417292d3dd07b45a33e01bc"},"alternateName":"Noticias de la Industria Turistica","potentialAction":[{"@type":"SearchAction","target":{"@type":"EntryPoint","urlTemplate":"https:\/\/nitu.mx\/?s={search_term_string}"},"query-input":"required name=search_term_string"}],"inLanguage":"es-MX"},{"@type":["Person","Organization"],"@id":"https:\/\/nitu.mx\/#\/schema\/person\/ae7a53426417292d3dd07b45a33e01bc","name":"Arturo Medina","image":{"@type":"ImageObject","inLanguage":"es-MX","@id":"https:\/\/nitu.mx\/#\/schema\/person\/image\/","url":"https:\/\/nitu.mx\/wp-content\/uploads\/2024\/04\/4A315622-1904-4D5C-B022-878CDC840E04-90x90-1.jpeg","contentUrl":"https:\/\/nitu.mx\/wp-content\/uploads\/2024\/04\/4A315622-1904-4D5C-B022-878CDC840E04-90x90-1.jpeg","width":90,"height":90,"caption":"Arturo Medina"},"logo":{"@id":"https:\/\/nitu.mx\/#\/schema\/person\/image\/"},"description":"Director NITU.mx, Egresado de la Escuela de Periodismo Carlos Septi\u00e9n Garc\u00eda. Periodista y analista especializado en turismo desde hace 35 a\u00f1os, radicado en Canc\u00fan Q.Roo. arturo@nitu.mx","sameAs":["https:\/\/nitu.mx","https:\/\/www.facebook.com\/NITUmx\/","medinacancun","https:\/\/twitter.com\/@Arturo_Medina_G"]},{"@type":"Person","@id":"https:\/\/nitu.mx\/#\/schema\/person\/4a28fe9bd65924f7c90623773daf1b0b","name":"Redacci\u00f3n","image":{"@type":"ImageObject","inLanguage":"es-MX","@id":"https:\/\/nitu.mx\/#\/schema\/person\/image\/","url":"https:\/\/secure.gravatar.com\/avatar\/5dd011c8ccfc5cd7e4c81e42252aab38?s=96&d=mm&r=g","contentUrl":"https:\/\/secure.gravatar.com\/avatar\/5dd011c8ccfc5cd7e4c81e42252aab38?s=96&d=mm&r=g","caption":"Redacci\u00f3n"},"url":"https:\/\/nitu.mx\/index.php\/author\/redaccion\/"}]}},"views":225,"_links":{"self":[{"href":"https:\/\/nitu.mx\/index.php\/wp-json\/wp\/v2\/posts\/53412"}],"collection":[{"href":"https:\/\/nitu.mx\/index.php\/wp-json\/wp\/v2\/posts"}],"about":[{"href":"https:\/\/nitu.mx\/index.php\/wp-json\/wp\/v2\/types\/post"}],"author":[{"embeddable":true,"href":"https:\/\/nitu.mx\/index.php\/wp-json\/wp\/v2\/users\/17"}],"replies":[{"embeddable":true,"href":"https:\/\/nitu.mx\/index.php\/wp-json\/wp\/v2\/comments?post=53412"}],"version-history":[{"count":2,"href":"https:\/\/nitu.mx\/index.php\/wp-json\/wp\/v2\/posts\/53412\/revisions"}],"predecessor-version":[{"id":53426,"href":"https:\/\/nitu.mx\/index.php\/wp-json\/wp\/v2\/posts\/53412\/revisions\/53426"}],"wp:featuredmedia":[{"embeddable":true,"href":"https:\/\/nitu.mx\/index.php\/wp-json\/wp\/v2\/media\/45077"}],"wp:attachment":[{"href":"https:\/\/nitu.mx\/index.php\/wp-json\/wp\/v2\/media?parent=53412"}],"wp:term":[{"taxonomy":"category","embeddable":true,"href":"https:\/\/nitu.mx\/index.php\/wp-json\/wp\/v2\/categories?post=53412"},{"taxonomy":"post_tag","embeddable":true,"href":"https:\/\/nitu.mx\/index.php\/wp-json\/wp\/v2\/tags?post=53412"}],"curies":[{"name":"wp","href":"https:\/\/api.w.org\/{rel}","templated":true}]}}