{"id":53356,"date":"2021-06-22T22:24:46","date_gmt":"2021-06-23T03:24:46","guid":{"rendered":"https:\/\/www.dev.nitu.mx\/?p=53356"},"modified":"2021-06-23T00:25:43","modified_gmt":"2021-06-23T05:25:43","slug":"recibe-cptq-50-agentes-de-espana-y-portugal-para-conocer-el-caribe-mexicano","status":"publish","type":"post","link":"https:\/\/nitu.mx\/index.php\/2021\/06\/22\/recibe-cptq-50-agentes-de-espana-y-portugal-para-conocer-el-caribe-mexicano\/","title":{"rendered":"Recibe CPTQ 50 agentes de Espa\u00f1a y Portugal para conocer el Caribe Mexicano"},"content":{"rendered":"<p>Cerca de 50 agentes de viajes de Espa\u00f1a y Portugal llegaron a Canc\u00fan invitados por el Consejo de Promoci\u00f3n Tur\u00edstica de Quintana Roo, para conocer los atractivos del Caribe Mexicano y poder recomendarlos a sus clientes para sus pr\u00f3ximas vacaciones, los agentes llegaron a bordo del primer vuelo de la nueva linea a\u00e9rea espa\u00f1ola W2Fly a M\u00e9xico, que conectara Canc\u00fan con Europa con 3 frecuencias semanales,\u00a0los domingos desde Lisboa, y lunes y viernes desde Madrid. Solo para lo que resta de a\u00f1o, la compa\u00f1\u00eda pondr\u00e1 a la venta m\u00e1s de 28.500 plazas a este destino.<\/p>\n<p>Con motivo de este acontecimiento, los pasajeros han sido recibidos en el aeropuerto de Canc\u00fan con el tradicional \u201cbautismo\u201d de agua lanzado por el equipo de bomberos y un espect\u00e1culo especial.<\/p>\n<p>El Ingeniero Dar\u00edo Flota, director general del Consejo de Promoci\u00f3n Tur\u00edstica de\u00a0Quintana Roo, destaca que \u201cesta conexi\u00f3n ayuda a reforzar el posicionamiento del Caribe Mexicano en el mercado europeo y nos permite seguir avanzando en la recuperaci\u00f3n tur\u00edstica. Agradecemos la confianza de la aerol\u00ednea, as\u00ed como de los agentes de viajes que nos visitar\u00e1n, y esperamos que su experiencia en nuestros destinos los ayude a consolidar m\u00e1s clientes para los mismos.&#8221;<\/p>\n<p>NewBlue, el operador vacacional del grupo tur\u00edstico espa\u00f1ol liderado por Gabriel Sub\u00edas, ha preparado una completa agenda de actividades para estos profesionales del sector. Durante su estancia en Quintana Roo, el grupo ser\u00e1 recibido con una fiesta de bienvenida en la playa, disfrutar\u00e1n de excursiones premium organizadas por el receptivo W2M y conocer\u00e1n algunos de los hoteles de la regi\u00f3n (Iberostar, Meli\u00e1, Catalonia y Riu, entre otros)<\/p>\n<div style=\"width: 1320px;\" class=\"wp-video\"><!--[if lt IE 9]><script>document.createElement('video');<\/script><![endif]-->\n<video class=\"wp-video-shortcode\" id=\"video-53356-1\" width=\"1320\" height=\"743\" preload=\"metadata\" controls=\"controls\"><source type=\"video\/mp4\" src=\"https:\/\/www.dev.nitu.mx\/wp-content\/uploads\/2021\/06\/W2M_llegada_v2.mp4?_=1\" \/><a href=\"https:\/\/www.dev.nitu.mx\/wp-content\/uploads\/2021\/06\/W2M_llegada_v2.mp4\">https:\/\/www.dev.nitu.mx\/wp-content\/uploads\/2021\/06\/W2M_llegada_v2.mp4<\/a><\/video><\/div>\n<p>Newblue es una nueva forma de viajar m\u00e1s personalizable a los destinos Caribe e Islas, una experiencia totalmente flexible, \u00fanica y ajustada a las necesidades del cliente. Su amplio abanico de ofertas al destino est\u00e1 disponible en todas las agencias de viaje de Espa\u00f1a y Portugal. (<a title=\"Iberostar estrena dos touroperadores para reforzar su nueva aerol\u00ednea\" href=\"https:\/\/www.dev.nitu.mx\/index.php\/2021\/03\/17\/iberostar-estrena-dos-touroperadores-para-reforzar-su-nueva-aerolinea\/\" rel=\"bookmark\">Iberostar estrena dos touroperadores para reforzar su nueva aerol\u00ednea<\/a>).<\/p>\n<p>\u201cEstamos convencidos que Canc\u00fan va a ser punta de lanza en la recuperaci\u00f3n del turismo tras el a\u00f1o tan cr\u00edtico que nos ha tocado vivir. Desde nuestro grupo tur\u00edstico, vamos a realizar un gran esfuerzo en la promoci\u00f3n de este maravilloso destino\u201d, afirma Alejandro Su\u00e1rez, vicepresidente para las Am\u00e9ricas de W2M.<\/p>\n<p>W2M cuenta con oficina propia en Quintana Roo, con m\u00e1s de 50 profesionales, que le permiten ofrecer todos los servicios receptivos de hoteles, transporte, asistencia, tours, circuitos, grupos y cruceros a todos sus clientes.<\/p>\n","protected":false},"excerpt":{"rendered":"<p>Cerca de 50 agentes de viajes de Espa\u00f1a y Portugal llegaron a Canc\u00fan invitados por el Consejo de Promoci\u00f3n Tur\u00edstica de Quintana Roo, para conocer los atractivos del Caribe Mexicano y poder recomendarlos a sus clientes para sus pr\u00f3ximas vacaciones, los agentes llegaron a bordo del primer vuelo de la nueva linea a\u00e9rea espa\u00f1ola W2Fly [&hellip;]<\/p>\n","protected":false},"author":17,"featured_media":53371,"comment_status":"open","ping_status":"open","sticky":false,"template":"","format":"standard","meta":{"footnotes":""},"categories":[18475],"tags":[8145,1812,21814,22356],"yoast_head":"<!-- This site is optimized with the Yoast SEO plugin v22.2 - https:\/\/yoast.com\/wordpress\/plugins\/seo\/ -->\n<title>Recibe CPTQ 50 agentes de Espa\u00f1a y Portugal para conocer el Caribe Mexicano - Nitu - Noticias de la Industria Turistica<\/title>\n<meta name=\"robots\" content=\"index, follow, max-snippet:-1, max-image-preview:large, max-video-preview:-1\" \/>\n<link rel=\"canonical\" href=\"https:\/\/nitu.mx\/index.php\/2021\/06\/22\/recibe-cptq-50-agentes-de-espana-y-portugal-para-conocer-el-caribe-mexicano\/\" \/>\n<meta name=\"twitter:card\" content=\"summary_large_image\" \/>\n<meta name=\"twitter:title\" content=\"Recibe CPTQ 50 agentes de Espa\u00f1a y Portugal para conocer el Caribe Mexicano - Nitu - Noticias de la Industria Turistica\" \/>\n<meta name=\"twitter:description\" content=\"Cerca de 50 agentes de viajes de Espa\u00f1a y Portugal llegaron a Canc\u00fan invitados por el Consejo de Promoci\u00f3n Tur\u00edstica de Quintana Roo, para conocer los atractivos del Caribe Mexicano y poder recomendarlos a sus clientes para sus pr\u00f3ximas vacaciones, los agentes llegaron a bordo del primer vuelo de la nueva linea a\u00e9rea espa\u00f1ola W2Fly [&hellip;]\" \/>\n<meta name=\"twitter:image\" content=\"https:\/\/nitu.mx\/wp-content\/uploads\/2021\/06\/CPTQ-Agentes-de-viajes-Espa\u00f1a-Portugal.jpg\" \/>\n<meta name=\"twitter:creator\" content=\"@NITUmx\" \/>\n<meta name=\"twitter:site\" content=\"@Arturo_Medina_G\" \/>\n<meta name=\"twitter:label1\" content=\"Escrito por\" \/>\n\t<meta name=\"twitter:data1\" content=\"Redacci\u00f3n\" \/>\n\t<meta name=\"twitter:label2\" content=\"Tiempo de lectura\" \/>\n\t<meta name=\"twitter:data2\" content=\"2 minutos\" \/>\n<script type=\"application\/ld+json\" class=\"yoast-schema-graph\">{\"@context\":\"https:\/\/schema.org\",\"@graph\":[{\"@type\":\"Article\",\"@id\":\"https:\/\/nitu.mx\/index.php\/2021\/06\/22\/recibe-cptq-50-agentes-de-espana-y-portugal-para-conocer-el-caribe-mexicano\/#article\",\"isPartOf\":{\"@id\":\"https:\/\/nitu.mx\/index.php\/2021\/06\/22\/recibe-cptq-50-agentes-de-espana-y-portugal-para-conocer-el-caribe-mexicano\/\"},\"author\":{\"name\":\"Redacci\u00f3n\",\"@id\":\"https:\/\/nitu.mx\/#\/schema\/person\/4a28fe9bd65924f7c90623773daf1b0b\"},\"headline\":\"Recibe CPTQ 50 agentes de Espa\u00f1a y Portugal para conocer el Caribe Mexicano\",\"datePublished\":\"2021-06-23T03:24:46+00:00\",\"dateModified\":\"2021-06-23T05:25:43+00:00\",\"mainEntityOfPage\":{\"@id\":\"https:\/\/nitu.mx\/index.php\/2021\/06\/22\/recibe-cptq-50-agentes-de-espana-y-portugal-para-conocer-el-caribe-mexicano\/\"},\"wordCount\":477,\"commentCount\":0,\"publisher\":{\"@id\":\"https:\/\/nitu.mx\/#\/schema\/person\/ae7a53426417292d3dd07b45a33e01bc\"},\"image\":{\"@id\":\"https:\/\/nitu.mx\/index.php\/2021\/06\/22\/recibe-cptq-50-agentes-de-espana-y-portugal-para-conocer-el-caribe-mexicano\/#primaryimage\"},\"thumbnailUrl\":\"https:\/\/nitu.mx\/wp-content\/uploads\/2021\/06\/CPTQ-Agentes-de-viajes-Espa\u00f1a-Portugal.jpg\",\"keywords\":[\"CPTQ\",\"Dar\u00edo Flota\",\"Newblue\",\"W2Fly\"],\"articleSection\":[\"Caribe Mexicano\"],\"inLanguage\":\"es-MX\",\"potentialAction\":[{\"@type\":\"CommentAction\",\"name\":\"Comment\",\"target\":[\"https:\/\/nitu.mx\/index.php\/2021\/06\/22\/recibe-cptq-50-agentes-de-espana-y-portugal-para-conocer-el-caribe-mexicano\/#respond\"]}]},{\"@type\":\"WebPage\",\"@id\":\"https:\/\/nitu.mx\/index.php\/2021\/06\/22\/recibe-cptq-50-agentes-de-espana-y-portugal-para-conocer-el-caribe-mexicano\/\",\"url\":\"https:\/\/nitu.mx\/index.php\/2021\/06\/22\/recibe-cptq-50-agentes-de-espana-y-portugal-para-conocer-el-caribe-mexicano\/\",\"name\":\"Recibe CPTQ 50 agentes de Espa\u00f1a y Portugal para conocer el Caribe Mexicano - Nitu - Noticias de la Industria Turistica\",\"isPartOf\":{\"@id\":\"https:\/\/nitu.mx\/#website\"},\"primaryImageOfPage\":{\"@id\":\"https:\/\/nitu.mx\/index.php\/2021\/06\/22\/recibe-cptq-50-agentes-de-espana-y-portugal-para-conocer-el-caribe-mexicano\/#primaryimage\"},\"image\":{\"@id\":\"https:\/\/nitu.mx\/index.php\/2021\/06\/22\/recibe-cptq-50-agentes-de-espana-y-portugal-para-conocer-el-caribe-mexicano\/#primaryimage\"},\"thumbnailUrl\":\"https:\/\/nitu.mx\/wp-content\/uploads\/2021\/06\/CPTQ-Agentes-de-viajes-Espa\u00f1a-Portugal.jpg\",\"datePublished\":\"2021-06-23T03:24:46+00:00\",\"dateModified\":\"2021-06-23T05:25:43+00:00\",\"breadcrumb\":{\"@id\":\"https:\/\/nitu.mx\/index.php\/2021\/06\/22\/recibe-cptq-50-agentes-de-espana-y-portugal-para-conocer-el-caribe-mexicano\/#breadcrumb\"},\"inLanguage\":\"es-MX\",\"potentialAction\":[{\"@type\":\"ReadAction\",\"target\":[\"https:\/\/nitu.mx\/index.php\/2021\/06\/22\/recibe-cptq-50-agentes-de-espana-y-portugal-para-conocer-el-caribe-mexicano\/\"]}]},{\"@type\":\"ImageObject\",\"inLanguage\":\"es-MX\",\"@id\":\"https:\/\/nitu.mx\/index.php\/2021\/06\/22\/recibe-cptq-50-agentes-de-espana-y-portugal-para-conocer-el-caribe-mexicano\/#primaryimage\",\"url\":\"https:\/\/nitu.mx\/wp-content\/uploads\/2021\/06\/CPTQ-Agentes-de-viajes-Espa\u00f1a-Portugal.jpg\",\"contentUrl\":\"https:\/\/nitu.mx\/wp-content\/uploads\/2021\/06\/CPTQ-Agentes-de-viajes-Espa\u00f1a-Portugal.jpg\",\"width\":1200,\"height\":675,\"caption\":\"World2Fly\"},{\"@type\":\"BreadcrumbList\",\"@id\":\"https:\/\/nitu.mx\/index.php\/2021\/06\/22\/recibe-cptq-50-agentes-de-espana-y-portugal-para-conocer-el-caribe-mexicano\/#breadcrumb\",\"itemListElement\":[{\"@type\":\"ListItem\",\"position\":1,\"name\":\"Inicio\",\"item\":\"https:\/\/nitu.mx\/\"},{\"@type\":\"ListItem\",\"position\":2,\"name\":\"Recibe CPTQ 50 agentes de Espa\u00f1a y Portugal para conocer el Caribe Mexicano\"}]},{\"@type\":\"WebSite\",\"@id\":\"https:\/\/nitu.mx\/#website\",\"url\":\"https:\/\/nitu.mx\/\",\"name\":\"Nitu - Noticias de la Industria Turistica\",\"description\":\"Noticias de la Industria Turistica\",\"publisher\":{\"@id\":\"https:\/\/nitu.mx\/#\/schema\/person\/ae7a53426417292d3dd07b45a33e01bc\"},\"alternateName\":\"Noticias de la Industria Turistica\",\"potentialAction\":[{\"@type\":\"SearchAction\",\"target\":{\"@type\":\"EntryPoint\",\"urlTemplate\":\"https:\/\/nitu.mx\/?s={search_term_string}\"},\"query-input\":\"required name=search_term_string\"}],\"inLanguage\":\"es-MX\"},{\"@type\":[\"Person\",\"Organization\"],\"@id\":\"https:\/\/nitu.mx\/#\/schema\/person\/ae7a53426417292d3dd07b45a33e01bc\",\"name\":\"Arturo Medina\",\"image\":{\"@type\":\"ImageObject\",\"inLanguage\":\"es-MX\",\"@id\":\"https:\/\/nitu.mx\/#\/schema\/person\/image\/\",\"url\":\"https:\/\/nitu.mx\/wp-content\/uploads\/2024\/04\/4A315622-1904-4D5C-B022-878CDC840E04-90x90-1.jpeg\",\"contentUrl\":\"https:\/\/nitu.mx\/wp-content\/uploads\/2024\/04\/4A315622-1904-4D5C-B022-878CDC840E04-90x90-1.jpeg\",\"width\":90,\"height\":90,\"caption\":\"Arturo Medina\"},\"logo\":{\"@id\":\"https:\/\/nitu.mx\/#\/schema\/person\/image\/\"},\"description\":\"Director NITU.mx, Egresado de la Escuela de Periodismo Carlos Septi\u00e9n Garc\u00eda. Periodista y analista especializado en turismo desde hace 35 a\u00f1os, radicado en Canc\u00fan Q.Roo. arturo@nitu.mx\",\"sameAs\":[\"https:\/\/nitu.mx\",\"https:\/\/www.facebook.com\/NITUmx\/\",\"medinacancun\",\"https:\/\/twitter.com\/@Arturo_Medina_G\"]},{\"@type\":\"Person\",\"@id\":\"https:\/\/nitu.mx\/#\/schema\/person\/4a28fe9bd65924f7c90623773daf1b0b\",\"name\":\"Redacci\u00f3n\",\"image\":{\"@type\":\"ImageObject\",\"inLanguage\":\"es-MX\",\"@id\":\"https:\/\/nitu.mx\/#\/schema\/person\/image\/\",\"url\":\"https:\/\/secure.gravatar.com\/avatar\/5dd011c8ccfc5cd7e4c81e42252aab38?s=96&d=mm&r=g\",\"contentUrl\":\"https:\/\/secure.gravatar.com\/avatar\/5dd011c8ccfc5cd7e4c81e42252aab38?s=96&d=mm&r=g\",\"caption\":\"Redacci\u00f3n\"},\"url\":\"https:\/\/nitu.mx\/index.php\/author\/redaccion\/\"}]}<\/script>\n<!-- \/ Yoast SEO plugin. -->","yoast_head_json":{"title":"Recibe CPTQ 50 agentes de Espa\u00f1a y Portugal para conocer el Caribe Mexicano - Nitu - Noticias de la Industria Turistica","robots":{"index":"index","follow":"follow","max-snippet":"max-snippet:-1","max-image-preview":"max-image-preview:large","max-video-preview":"max-video-preview:-1"},"canonical":"https:\/\/nitu.mx\/index.php\/2021\/06\/22\/recibe-cptq-50-agentes-de-espana-y-portugal-para-conocer-el-caribe-mexicano\/","twitter_card":"summary_large_image","twitter_title":"Recibe CPTQ 50 agentes de Espa\u00f1a y Portugal para conocer el Caribe Mexicano - Nitu - Noticias de la Industria Turistica","twitter_description":"Cerca de 50 agentes de viajes de Espa\u00f1a y Portugal llegaron a Canc\u00fan invitados por el Consejo de Promoci\u00f3n Tur\u00edstica de Quintana Roo, para conocer los atractivos del Caribe Mexicano y poder recomendarlos a sus clientes para sus pr\u00f3ximas vacaciones, los agentes llegaron a bordo del primer vuelo de la nueva linea a\u00e9rea espa\u00f1ola W2Fly [&hellip;]","twitter_image":"https:\/\/nitu.mx\/wp-content\/uploads\/2021\/06\/CPTQ-Agentes-de-viajes-Espa\u00f1a-Portugal.jpg","twitter_creator":"@NITUmx","twitter_site":"@Arturo_Medina_G","twitter_misc":{"Escrito por":"Redacci\u00f3n","Tiempo de lectura":"2 minutos"},"schema":{"@context":"https:\/\/schema.org","@graph":[{"@type":"Article","@id":"https:\/\/nitu.mx\/index.php\/2021\/06\/22\/recibe-cptq-50-agentes-de-espana-y-portugal-para-conocer-el-caribe-mexicano\/#article","isPartOf":{"@id":"https:\/\/nitu.mx\/index.php\/2021\/06\/22\/recibe-cptq-50-agentes-de-espana-y-portugal-para-conocer-el-caribe-mexicano\/"},"author":{"name":"Redacci\u00f3n","@id":"https:\/\/nitu.mx\/#\/schema\/person\/4a28fe9bd65924f7c90623773daf1b0b"},"headline":"Recibe CPTQ 50 agentes de Espa\u00f1a y Portugal para conocer el Caribe Mexicano","datePublished":"2021-06-23T03:24:46+00:00","dateModified":"2021-06-23T05:25:43+00:00","mainEntityOfPage":{"@id":"https:\/\/nitu.mx\/index.php\/2021\/06\/22\/recibe-cptq-50-agentes-de-espana-y-portugal-para-conocer-el-caribe-mexicano\/"},"wordCount":477,"commentCount":0,"publisher":{"@id":"https:\/\/nitu.mx\/#\/schema\/person\/ae7a53426417292d3dd07b45a33e01bc"},"image":{"@id":"https:\/\/nitu.mx\/index.php\/2021\/06\/22\/recibe-cptq-50-agentes-de-espana-y-portugal-para-conocer-el-caribe-mexicano\/#primaryimage"},"thumbnailUrl":"https:\/\/nitu.mx\/wp-content\/uploads\/2021\/06\/CPTQ-Agentes-de-viajes-Espa\u00f1a-Portugal.jpg","keywords":["CPTQ","Dar\u00edo Flota","Newblue","W2Fly"],"articleSection":["Caribe Mexicano"],"inLanguage":"es-MX","potentialAction":[{"@type":"CommentAction","name":"Comment","target":["https:\/\/nitu.mx\/index.php\/2021\/06\/22\/recibe-cptq-50-agentes-de-espana-y-portugal-para-conocer-el-caribe-mexicano\/#respond"]}]},{"@type":"WebPage","@id":"https:\/\/nitu.mx\/index.php\/2021\/06\/22\/recibe-cptq-50-agentes-de-espana-y-portugal-para-conocer-el-caribe-mexicano\/","url":"https:\/\/nitu.mx\/index.php\/2021\/06\/22\/recibe-cptq-50-agentes-de-espana-y-portugal-para-conocer-el-caribe-mexicano\/","name":"Recibe CPTQ 50 agentes de Espa\u00f1a y Portugal para conocer el Caribe Mexicano - Nitu - Noticias de la Industria Turistica","isPartOf":{"@id":"https:\/\/nitu.mx\/#website"},"primaryImageOfPage":{"@id":"https:\/\/nitu.mx\/index.php\/2021\/06\/22\/recibe-cptq-50-agentes-de-espana-y-portugal-para-conocer-el-caribe-mexicano\/#primaryimage"},"image":{"@id":"https:\/\/nitu.mx\/index.php\/2021\/06\/22\/recibe-cptq-50-agentes-de-espana-y-portugal-para-conocer-el-caribe-mexicano\/#primaryimage"},"thumbnailUrl":"https:\/\/nitu.mx\/wp-content\/uploads\/2021\/06\/CPTQ-Agentes-de-viajes-Espa\u00f1a-Portugal.jpg","datePublished":"2021-06-23T03:24:46+00:00","dateModified":"2021-06-23T05:25:43+00:00","breadcrumb":{"@id":"https:\/\/nitu.mx\/index.php\/2021\/06\/22\/recibe-cptq-50-agentes-de-espana-y-portugal-para-conocer-el-caribe-mexicano\/#breadcrumb"},"inLanguage":"es-MX","potentialAction":[{"@type":"ReadAction","target":["https:\/\/nitu.mx\/index.php\/2021\/06\/22\/recibe-cptq-50-agentes-de-espana-y-portugal-para-conocer-el-caribe-mexicano\/"]}]},{"@type":"ImageObject","inLanguage":"es-MX","@id":"https:\/\/nitu.mx\/index.php\/2021\/06\/22\/recibe-cptq-50-agentes-de-espana-y-portugal-para-conocer-el-caribe-mexicano\/#primaryimage","url":"https:\/\/nitu.mx\/wp-content\/uploads\/2021\/06\/CPTQ-Agentes-de-viajes-Espa\u00f1a-Portugal.jpg","contentUrl":"https:\/\/nitu.mx\/wp-content\/uploads\/2021\/06\/CPTQ-Agentes-de-viajes-Espa\u00f1a-Portugal.jpg","width":1200,"height":675,"caption":"World2Fly"},{"@type":"BreadcrumbList","@id":"https:\/\/nitu.mx\/index.php\/2021\/06\/22\/recibe-cptq-50-agentes-de-espana-y-portugal-para-conocer-el-caribe-mexicano\/#breadcrumb","itemListElement":[{"@type":"ListItem","position":1,"name":"Inicio","item":"https:\/\/nitu.mx\/"},{"@type":"ListItem","position":2,"name":"Recibe CPTQ 50 agentes de Espa\u00f1a y Portugal para conocer el Caribe Mexicano"}]},{"@type":"WebSite","@id":"https:\/\/nitu.mx\/#website","url":"https:\/\/nitu.mx\/","name":"Nitu - Noticias de la Industria Turistica","description":"Noticias de la Industria Turistica","publisher":{"@id":"https:\/\/nitu.mx\/#\/schema\/person\/ae7a53426417292d3dd07b45a33e01bc"},"alternateName":"Noticias de la Industria Turistica","potentialAction":[{"@type":"SearchAction","target":{"@type":"EntryPoint","urlTemplate":"https:\/\/nitu.mx\/?s={search_term_string}"},"query-input":"required name=search_term_string"}],"inLanguage":"es-MX"},{"@type":["Person","Organization"],"@id":"https:\/\/nitu.mx\/#\/schema\/person\/ae7a53426417292d3dd07b45a33e01bc","name":"Arturo Medina","image":{"@type":"ImageObject","inLanguage":"es-MX","@id":"https:\/\/nitu.mx\/#\/schema\/person\/image\/","url":"https:\/\/nitu.mx\/wp-content\/uploads\/2024\/04\/4A315622-1904-4D5C-B022-878CDC840E04-90x90-1.jpeg","contentUrl":"https:\/\/nitu.mx\/wp-content\/uploads\/2024\/04\/4A315622-1904-4D5C-B022-878CDC840E04-90x90-1.jpeg","width":90,"height":90,"caption":"Arturo Medina"},"logo":{"@id":"https:\/\/nitu.mx\/#\/schema\/person\/image\/"},"description":"Director NITU.mx, Egresado de la Escuela de Periodismo Carlos Septi\u00e9n Garc\u00eda. Periodista y analista especializado en turismo desde hace 35 a\u00f1os, radicado en Canc\u00fan Q.Roo. arturo@nitu.mx","sameAs":["https:\/\/nitu.mx","https:\/\/www.facebook.com\/NITUmx\/","medinacancun","https:\/\/twitter.com\/@Arturo_Medina_G"]},{"@type":"Person","@id":"https:\/\/nitu.mx\/#\/schema\/person\/4a28fe9bd65924f7c90623773daf1b0b","name":"Redacci\u00f3n","image":{"@type":"ImageObject","inLanguage":"es-MX","@id":"https:\/\/nitu.mx\/#\/schema\/person\/image\/","url":"https:\/\/secure.gravatar.com\/avatar\/5dd011c8ccfc5cd7e4c81e42252aab38?s=96&d=mm&r=g","contentUrl":"https:\/\/secure.gravatar.com\/avatar\/5dd011c8ccfc5cd7e4c81e42252aab38?s=96&d=mm&r=g","caption":"Redacci\u00f3n"},"url":"https:\/\/nitu.mx\/index.php\/author\/redaccion\/"}]}},"views":272,"_links":{"self":[{"href":"https:\/\/nitu.mx\/index.php\/wp-json\/wp\/v2\/posts\/53356"}],"collection":[{"href":"https:\/\/nitu.mx\/index.php\/wp-json\/wp\/v2\/posts"}],"about":[{"href":"https:\/\/nitu.mx\/index.php\/wp-json\/wp\/v2\/types\/post"}],"author":[{"embeddable":true,"href":"https:\/\/nitu.mx\/index.php\/wp-json\/wp\/v2\/users\/17"}],"replies":[{"embeddable":true,"href":"https:\/\/nitu.mx\/index.php\/wp-json\/wp\/v2\/comments?post=53356"}],"version-history":[{"count":5,"href":"https:\/\/nitu.mx\/index.php\/wp-json\/wp\/v2\/posts\/53356\/revisions"}],"predecessor-version":[{"id":53368,"href":"https:\/\/nitu.mx\/index.php\/wp-json\/wp\/v2\/posts\/53356\/revisions\/53368"}],"wp:featuredmedia":[{"embeddable":true,"href":"https:\/\/nitu.mx\/index.php\/wp-json\/wp\/v2\/media\/53371"}],"wp:attachment":[{"href":"https:\/\/nitu.mx\/index.php\/wp-json\/wp\/v2\/media?parent=53356"}],"wp:term":[{"taxonomy":"category","embeddable":true,"href":"https:\/\/nitu.mx\/index.php\/wp-json\/wp\/v2\/categories?post=53356"},{"taxonomy":"post_tag","embeddable":true,"href":"https:\/\/nitu.mx\/index.php\/wp-json\/wp\/v2\/tags?post=53356"}],"curies":[{"name":"wp","href":"https:\/\/api.w.org\/{rel}","templated":true}]}}