{"id":53292,"date":"2021-06-20T21:47:50","date_gmt":"2021-06-21T02:47:50","guid":{"rendered":"https:\/\/www.dev.nitu.mx\/?p=53292"},"modified":"2021-06-20T23:52:41","modified_gmt":"2021-06-21T04:52:41","slug":"la-edicion-del-yucatan-travel-mart-2021-sera-virtual","status":"publish","type":"post","link":"https:\/\/nitu.mx\/index.php\/2021\/06\/20\/la-edicion-del-yucatan-travel-mart-2021-sera-virtual\/","title":{"rendered":"La edici\u00f3n del Yucat\u00e1n Travel Mart 2021 ser\u00e1 virtual"},"content":{"rendered":"<p>Tras una exitosa primera edici\u00f3n en 2020, la entidad se prepara para llevar a cabo, el Yucat\u00e1n Travel Mart 2021. Este evento se realizar\u00e1 de manera virtual del 28 al 30 de junio, en la plataforma\u00a0<a href=\"http:\/\/www.yucatantravelmart.com\/\">www.yucatantravelmart.com<\/a>.<\/p>\n<p>El objetivo del encuentro es generar alianzas comerciales que promuevan un mayor flujo de viajantes y pernocta, estancia promedio y derrama econ\u00f3mica, todo como parte del Plan de Reactivaci\u00f3n Tur\u00edstica trazado por el gobernador Mauricio Vila Dosal.<\/p>\n<p>Esta actividad, desarrollada a trav\u00e9s de la Secretar\u00eda de Fomento Tur\u00edstico (Sefotur), tiene la finalidad de actualizar el portafolio de servicios, crear nuevos paquetes y contar con informaci\u00f3n organizada de tours, experiencias y hoteles, para brindar un mejor servicio a paseantes, adem\u00e1s de generar una mayor exposici\u00f3n del inventario tur\u00edstico e incrementar la cantidad de compradores nacionales interesados en el destino.<\/p>\n<p>El registro cerr\u00f3 con 115 expositores yucatecos que ofrecen productos como transportaci\u00f3n terrestre, destination management companies (DMC), wedding planners, turismo m\u00e9dico, cooperativas, cenotes, haciendas, gu\u00edas de turismo, instituciones de gobierno, ayuntamientos, hoteles, marinas, artesanos y escuelas de kitesurf, entre muchos otros.<\/p>\n<p>De igual forma, el registro de compradores nacionales confirmados es de 104, entre los cuales se encuentran agencias minoristas, receptivos, organizadores de congresos, convenciones, exposiciones e incentivos, o mayoristas, como Megatravel, Juliatours, Euromundo, Travel Shop, Viajes del Corte Ingl\u00e9s, Go es Go y Ferrara Viajes, entre otros.<\/p>\n<p>La titular de la Sefotur, Michelle Fridman Hirsch, coment\u00f3 que la materia prima de este evento es el producto tur\u00edstico que ofrece el estado, el cual, sumado al resto de la cadena de valor a nivel nacional, permite actualizar o generar nuevos productos, promoverlos y crear alianzas, que impulsen esta actividad econ\u00f3mica de gran valor para el estado y el pa\u00eds.<\/p>\n<p>Concretamente, se busca que los empresarios de las seis zonas tur\u00edsticas del estado cierren m\u00e1s negocios, a trav\u00e9s de las oportunidades que brinda la tecnolog\u00eda\u201d, enfatiz\u00f3 la funcionaria, quien a\u00f1adi\u00f3 que, en los d\u00edas que dure este encuentro, se presentar\u00e1 el sinf\u00edn de servicios que tiene la entidad para el mundo.<\/p>\n<p>Es un destino que lo tiene todo, continu\u00f3, desde paradis\u00edacas playas, monumentales sitios arqueol\u00f3gicos, m\u00edsticos cenotes, memorables haciendas, una ciudad capital colonial que transporta a otra \u00e9poca, atractivas rutas ecotur\u00edsticas y m\u00faltiples experiencias culinarias, con una gastronom\u00eda tradicional y contempor\u00e1nea reconocida a nivel internacional.<\/p>\n<p>Subray\u00f3 que prueba de esto es el \u00e9xito del programa #365D\u00edasEnYucat\u00e1n, que tiene como objetivo confirmar que es posible realizar, al menos, una actividad tur\u00edstica completamente diferente en el estado cada d\u00eda del a\u00f1o. (<a title=\"Yucat\u00e1n lanza campa\u00f1a de promoci\u00f3n tur\u00edstica para el mercado local\" href=\"https:\/\/www.dev.nitu.mx\/index.php\/2021\/03\/31\/yucatan-lanza-campana-de-promocion-turistica-para-el-mercado-local\/\" rel=\"bookmark\">Yucat\u00e1n lanza campa\u00f1a de promoci\u00f3n tur\u00edstica para el mercado local<\/a>).<\/p>\n<p>Yucat\u00e1n se ha preparado fuertemente con acciones encaminadas a crear \u201cburbujas sanitarias\u201d, para que quienes lo visiten disfruten de una grata y segura estancia. Entre ellas, se encuentra el certificar a prestadores de servicios en el Programa de Buenas Pr\u00e1cticas Sanitarias Yucat\u00e1n, que involucra estrictas medidas y protocolos de bioseguridad, con el aval internacional Safe Travels, del Consejo Mundial de Viajes y Turismo (WTTC).<\/p>\n","protected":false},"excerpt":{"rendered":"<p>Tras una exitosa primera edici\u00f3n en 2020, la entidad se prepara para llevar a cabo, el Yucat\u00e1n Travel Mart 2021. Este evento se realizar\u00e1 de manera virtual del 28 al 30 de junio, en la plataforma\u00a0www.yucatantravelmart.com. El objetivo del encuentro es generar alianzas comerciales que promuevan un mayor flujo de viajantes y pernocta, estancia promedio [&hellip;]<\/p>\n","protected":false},"author":17,"featured_media":53303,"comment_status":"open","ping_status":"open","sticky":false,"template":"","format":"standard","meta":{"footnotes":""},"categories":[12],"tags":[12599,12989,449,22350],"yoast_head":"<!-- This site is optimized with the Yoast SEO plugin v22.2 - https:\/\/yoast.com\/wordpress\/plugins\/seo\/ -->\n<title>La edici\u00f3n del Yucat\u00e1n Travel Mart 2021 ser\u00e1 virtual - Nitu - Noticias de la Industria Turistica<\/title>\n<meta name=\"robots\" content=\"index, follow, max-snippet:-1, max-image-preview:large, max-video-preview:-1\" \/>\n<link rel=\"canonical\" href=\"https:\/\/nitu.mx\/index.php\/2021\/06\/20\/la-edicion-del-yucatan-travel-mart-2021-sera-virtual\/\" \/>\n<meta name=\"twitter:card\" content=\"summary_large_image\" \/>\n<meta name=\"twitter:title\" content=\"La edici\u00f3n del Yucat\u00e1n Travel Mart 2021 ser\u00e1 virtual - Nitu - Noticias de la Industria Turistica\" \/>\n<meta name=\"twitter:description\" content=\"Tras una exitosa primera edici\u00f3n en 2020, la entidad se prepara para llevar a cabo, el Yucat\u00e1n Travel Mart 2021. Este evento se realizar\u00e1 de manera virtual del 28 al 30 de junio, en la plataforma\u00a0www.yucatantravelmart.com. El objetivo del encuentro es generar alianzas comerciales que promuevan un mayor flujo de viajantes y pernocta, estancia promedio [&hellip;]\" \/>\n<meta name=\"twitter:image\" content=\"https:\/\/nitu.mx\/wp-content\/uploads\/2021\/06\/Yucata\u0301n-Travel-Mart-2021-1.jpg\" \/>\n<meta name=\"twitter:creator\" content=\"@NITUmx\" \/>\n<meta name=\"twitter:site\" content=\"@Arturo_Medina_G\" \/>\n<meta name=\"twitter:label1\" content=\"Escrito por\" \/>\n\t<meta name=\"twitter:data1\" content=\"Redacci\u00f3n\" \/>\n\t<meta name=\"twitter:label2\" content=\"Tiempo de lectura\" \/>\n\t<meta name=\"twitter:data2\" content=\"3 minutos\" \/>\n<script type=\"application\/ld+json\" class=\"yoast-schema-graph\">{\"@context\":\"https:\/\/schema.org\",\"@graph\":[{\"@type\":\"Article\",\"@id\":\"https:\/\/nitu.mx\/index.php\/2021\/06\/20\/la-edicion-del-yucatan-travel-mart-2021-sera-virtual\/#article\",\"isPartOf\":{\"@id\":\"https:\/\/nitu.mx\/index.php\/2021\/06\/20\/la-edicion-del-yucatan-travel-mart-2021-sera-virtual\/\"},\"author\":{\"name\":\"Redacci\u00f3n\",\"@id\":\"https:\/\/nitu.mx\/#\/schema\/person\/4a28fe9bd65924f7c90623773daf1b0b\"},\"headline\":\"La edici\u00f3n del Yucat\u00e1n Travel Mart 2021 ser\u00e1 virtual\",\"datePublished\":\"2021-06-21T02:47:50+00:00\",\"dateModified\":\"2021-06-21T04:52:41+00:00\",\"mainEntityOfPage\":{\"@id\":\"https:\/\/nitu.mx\/index.php\/2021\/06\/20\/la-edicion-del-yucatan-travel-mart-2021-sera-virtual\/\"},\"wordCount\":538,\"commentCount\":0,\"publisher\":{\"@id\":\"https:\/\/nitu.mx\/#\/schema\/person\/ae7a53426417292d3dd07b45a33e01bc\"},\"image\":{\"@id\":\"https:\/\/nitu.mx\/index.php\/2021\/06\/20\/la-edicion-del-yucatan-travel-mart-2021-sera-virtual\/#primaryimage\"},\"thumbnailUrl\":\"https:\/\/nitu.mx\/wp-content\/uploads\/2021\/06\/Yucata\u0301n-Travel-Mart-2021-1.jpg\",\"keywords\":[\"Michelle Fridman\",\"Sefotur\",\"Yucat\u00e1n\",\"Yucat\u00e1n Travel Mart\"],\"articleSection\":[\"Marketing\"],\"inLanguage\":\"es-MX\",\"potentialAction\":[{\"@type\":\"CommentAction\",\"name\":\"Comment\",\"target\":[\"https:\/\/nitu.mx\/index.php\/2021\/06\/20\/la-edicion-del-yucatan-travel-mart-2021-sera-virtual\/#respond\"]}]},{\"@type\":\"WebPage\",\"@id\":\"https:\/\/nitu.mx\/index.php\/2021\/06\/20\/la-edicion-del-yucatan-travel-mart-2021-sera-virtual\/\",\"url\":\"https:\/\/nitu.mx\/index.php\/2021\/06\/20\/la-edicion-del-yucatan-travel-mart-2021-sera-virtual\/\",\"name\":\"La edici\u00f3n del Yucat\u00e1n Travel Mart 2021 ser\u00e1 virtual - Nitu - Noticias de la Industria Turistica\",\"isPartOf\":{\"@id\":\"https:\/\/nitu.mx\/#website\"},\"primaryImageOfPage\":{\"@id\":\"https:\/\/nitu.mx\/index.php\/2021\/06\/20\/la-edicion-del-yucatan-travel-mart-2021-sera-virtual\/#primaryimage\"},\"image\":{\"@id\":\"https:\/\/nitu.mx\/index.php\/2021\/06\/20\/la-edicion-del-yucatan-travel-mart-2021-sera-virtual\/#primaryimage\"},\"thumbnailUrl\":\"https:\/\/nitu.mx\/wp-content\/uploads\/2021\/06\/Yucata\u0301n-Travel-Mart-2021-1.jpg\",\"datePublished\":\"2021-06-21T02:47:50+00:00\",\"dateModified\":\"2021-06-21T04:52:41+00:00\",\"breadcrumb\":{\"@id\":\"https:\/\/nitu.mx\/index.php\/2021\/06\/20\/la-edicion-del-yucatan-travel-mart-2021-sera-virtual\/#breadcrumb\"},\"inLanguage\":\"es-MX\",\"potentialAction\":[{\"@type\":\"ReadAction\",\"target\":[\"https:\/\/nitu.mx\/index.php\/2021\/06\/20\/la-edicion-del-yucatan-travel-mart-2021-sera-virtual\/\"]}]},{\"@type\":\"ImageObject\",\"inLanguage\":\"es-MX\",\"@id\":\"https:\/\/nitu.mx\/index.php\/2021\/06\/20\/la-edicion-del-yucatan-travel-mart-2021-sera-virtual\/#primaryimage\",\"url\":\"https:\/\/nitu.mx\/wp-content\/uploads\/2021\/06\/Yucata\u0301n-Travel-Mart-2021-1.jpg\",\"contentUrl\":\"https:\/\/nitu.mx\/wp-content\/uploads\/2021\/06\/Yucata\u0301n-Travel-Mart-2021-1.jpg\",\"width\":1200,\"height\":675},{\"@type\":\"BreadcrumbList\",\"@id\":\"https:\/\/nitu.mx\/index.php\/2021\/06\/20\/la-edicion-del-yucatan-travel-mart-2021-sera-virtual\/#breadcrumb\",\"itemListElement\":[{\"@type\":\"ListItem\",\"position\":1,\"name\":\"Inicio\",\"item\":\"https:\/\/nitu.mx\/\"},{\"@type\":\"ListItem\",\"position\":2,\"name\":\"La edici\u00f3n del Yucat\u00e1n Travel Mart 2021 ser\u00e1 virtual\"}]},{\"@type\":\"WebSite\",\"@id\":\"https:\/\/nitu.mx\/#website\",\"url\":\"https:\/\/nitu.mx\/\",\"name\":\"Nitu - Noticias de la Industria Turistica\",\"description\":\"Noticias de la Industria Turistica\",\"publisher\":{\"@id\":\"https:\/\/nitu.mx\/#\/schema\/person\/ae7a53426417292d3dd07b45a33e01bc\"},\"alternateName\":\"Noticias de la Industria Turistica\",\"potentialAction\":[{\"@type\":\"SearchAction\",\"target\":{\"@type\":\"EntryPoint\",\"urlTemplate\":\"https:\/\/nitu.mx\/?s={search_term_string}\"},\"query-input\":\"required name=search_term_string\"}],\"inLanguage\":\"es-MX\"},{\"@type\":[\"Person\",\"Organization\"],\"@id\":\"https:\/\/nitu.mx\/#\/schema\/person\/ae7a53426417292d3dd07b45a33e01bc\",\"name\":\"Arturo Medina\",\"image\":{\"@type\":\"ImageObject\",\"inLanguage\":\"es-MX\",\"@id\":\"https:\/\/nitu.mx\/#\/schema\/person\/image\/\",\"url\":\"https:\/\/nitu.mx\/wp-content\/uploads\/2024\/04\/4A315622-1904-4D5C-B022-878CDC840E04-90x90-1.jpeg\",\"contentUrl\":\"https:\/\/nitu.mx\/wp-content\/uploads\/2024\/04\/4A315622-1904-4D5C-B022-878CDC840E04-90x90-1.jpeg\",\"width\":90,\"height\":90,\"caption\":\"Arturo Medina\"},\"logo\":{\"@id\":\"https:\/\/nitu.mx\/#\/schema\/person\/image\/\"},\"description\":\"Director NITU.mx, Egresado de la Escuela de Periodismo Carlos Septi\u00e9n Garc\u00eda. Periodista y analista especializado en turismo desde hace 35 a\u00f1os, radicado en Canc\u00fan Q.Roo. arturo@nitu.mx\",\"sameAs\":[\"https:\/\/nitu.mx\",\"https:\/\/www.facebook.com\/NITUmx\/\",\"medinacancun\",\"https:\/\/twitter.com\/@Arturo_Medina_G\"]},{\"@type\":\"Person\",\"@id\":\"https:\/\/nitu.mx\/#\/schema\/person\/4a28fe9bd65924f7c90623773daf1b0b\",\"name\":\"Redacci\u00f3n\",\"image\":{\"@type\":\"ImageObject\",\"inLanguage\":\"es-MX\",\"@id\":\"https:\/\/nitu.mx\/#\/schema\/person\/image\/\",\"url\":\"https:\/\/secure.gravatar.com\/avatar\/5dd011c8ccfc5cd7e4c81e42252aab38?s=96&d=mm&r=g\",\"contentUrl\":\"https:\/\/secure.gravatar.com\/avatar\/5dd011c8ccfc5cd7e4c81e42252aab38?s=96&d=mm&r=g\",\"caption\":\"Redacci\u00f3n\"},\"url\":\"https:\/\/nitu.mx\/index.php\/author\/redaccion\/\"}]}<\/script>\n<!-- \/ Yoast SEO plugin. -->","yoast_head_json":{"title":"La edici\u00f3n del Yucat\u00e1n Travel Mart 2021 ser\u00e1 virtual - Nitu - Noticias de la Industria Turistica","robots":{"index":"index","follow":"follow","max-snippet":"max-snippet:-1","max-image-preview":"max-image-preview:large","max-video-preview":"max-video-preview:-1"},"canonical":"https:\/\/nitu.mx\/index.php\/2021\/06\/20\/la-edicion-del-yucatan-travel-mart-2021-sera-virtual\/","twitter_card":"summary_large_image","twitter_title":"La edici\u00f3n del Yucat\u00e1n Travel Mart 2021 ser\u00e1 virtual - Nitu - Noticias de la Industria Turistica","twitter_description":"Tras una exitosa primera edici\u00f3n en 2020, la entidad se prepara para llevar a cabo, el Yucat\u00e1n Travel Mart 2021. Este evento se realizar\u00e1 de manera virtual del 28 al 30 de junio, en la plataforma\u00a0www.yucatantravelmart.com. El objetivo del encuentro es generar alianzas comerciales que promuevan un mayor flujo de viajantes y pernocta, estancia promedio [&hellip;]","twitter_image":"https:\/\/nitu.mx\/wp-content\/uploads\/2021\/06\/Yucata\u0301n-Travel-Mart-2021-1.jpg","twitter_creator":"@NITUmx","twitter_site":"@Arturo_Medina_G","twitter_misc":{"Escrito por":"Redacci\u00f3n","Tiempo de lectura":"3 minutos"},"schema":{"@context":"https:\/\/schema.org","@graph":[{"@type":"Article","@id":"https:\/\/nitu.mx\/index.php\/2021\/06\/20\/la-edicion-del-yucatan-travel-mart-2021-sera-virtual\/#article","isPartOf":{"@id":"https:\/\/nitu.mx\/index.php\/2021\/06\/20\/la-edicion-del-yucatan-travel-mart-2021-sera-virtual\/"},"author":{"name":"Redacci\u00f3n","@id":"https:\/\/nitu.mx\/#\/schema\/person\/4a28fe9bd65924f7c90623773daf1b0b"},"headline":"La edici\u00f3n del Yucat\u00e1n Travel Mart 2021 ser\u00e1 virtual","datePublished":"2021-06-21T02:47:50+00:00","dateModified":"2021-06-21T04:52:41+00:00","mainEntityOfPage":{"@id":"https:\/\/nitu.mx\/index.php\/2021\/06\/20\/la-edicion-del-yucatan-travel-mart-2021-sera-virtual\/"},"wordCount":538,"commentCount":0,"publisher":{"@id":"https:\/\/nitu.mx\/#\/schema\/person\/ae7a53426417292d3dd07b45a33e01bc"},"image":{"@id":"https:\/\/nitu.mx\/index.php\/2021\/06\/20\/la-edicion-del-yucatan-travel-mart-2021-sera-virtual\/#primaryimage"},"thumbnailUrl":"https:\/\/nitu.mx\/wp-content\/uploads\/2021\/06\/Yucata\u0301n-Travel-Mart-2021-1.jpg","keywords":["Michelle Fridman","Sefotur","Yucat\u00e1n","Yucat\u00e1n Travel Mart"],"articleSection":["Marketing"],"inLanguage":"es-MX","potentialAction":[{"@type":"CommentAction","name":"Comment","target":["https:\/\/nitu.mx\/index.php\/2021\/06\/20\/la-edicion-del-yucatan-travel-mart-2021-sera-virtual\/#respond"]}]},{"@type":"WebPage","@id":"https:\/\/nitu.mx\/index.php\/2021\/06\/20\/la-edicion-del-yucatan-travel-mart-2021-sera-virtual\/","url":"https:\/\/nitu.mx\/index.php\/2021\/06\/20\/la-edicion-del-yucatan-travel-mart-2021-sera-virtual\/","name":"La edici\u00f3n del Yucat\u00e1n Travel Mart 2021 ser\u00e1 virtual - Nitu - Noticias de la Industria Turistica","isPartOf":{"@id":"https:\/\/nitu.mx\/#website"},"primaryImageOfPage":{"@id":"https:\/\/nitu.mx\/index.php\/2021\/06\/20\/la-edicion-del-yucatan-travel-mart-2021-sera-virtual\/#primaryimage"},"image":{"@id":"https:\/\/nitu.mx\/index.php\/2021\/06\/20\/la-edicion-del-yucatan-travel-mart-2021-sera-virtual\/#primaryimage"},"thumbnailUrl":"https:\/\/nitu.mx\/wp-content\/uploads\/2021\/06\/Yucata\u0301n-Travel-Mart-2021-1.jpg","datePublished":"2021-06-21T02:47:50+00:00","dateModified":"2021-06-21T04:52:41+00:00","breadcrumb":{"@id":"https:\/\/nitu.mx\/index.php\/2021\/06\/20\/la-edicion-del-yucatan-travel-mart-2021-sera-virtual\/#breadcrumb"},"inLanguage":"es-MX","potentialAction":[{"@type":"ReadAction","target":["https:\/\/nitu.mx\/index.php\/2021\/06\/20\/la-edicion-del-yucatan-travel-mart-2021-sera-virtual\/"]}]},{"@type":"ImageObject","inLanguage":"es-MX","@id":"https:\/\/nitu.mx\/index.php\/2021\/06\/20\/la-edicion-del-yucatan-travel-mart-2021-sera-virtual\/#primaryimage","url":"https:\/\/nitu.mx\/wp-content\/uploads\/2021\/06\/Yucata\u0301n-Travel-Mart-2021-1.jpg","contentUrl":"https:\/\/nitu.mx\/wp-content\/uploads\/2021\/06\/Yucata\u0301n-Travel-Mart-2021-1.jpg","width":1200,"height":675},{"@type":"BreadcrumbList","@id":"https:\/\/nitu.mx\/index.php\/2021\/06\/20\/la-edicion-del-yucatan-travel-mart-2021-sera-virtual\/#breadcrumb","itemListElement":[{"@type":"ListItem","position":1,"name":"Inicio","item":"https:\/\/nitu.mx\/"},{"@type":"ListItem","position":2,"name":"La edici\u00f3n del Yucat\u00e1n Travel Mart 2021 ser\u00e1 virtual"}]},{"@type":"WebSite","@id":"https:\/\/nitu.mx\/#website","url":"https:\/\/nitu.mx\/","name":"Nitu - Noticias de la Industria Turistica","description":"Noticias de la Industria Turistica","publisher":{"@id":"https:\/\/nitu.mx\/#\/schema\/person\/ae7a53426417292d3dd07b45a33e01bc"},"alternateName":"Noticias de la Industria Turistica","potentialAction":[{"@type":"SearchAction","target":{"@type":"EntryPoint","urlTemplate":"https:\/\/nitu.mx\/?s={search_term_string}"},"query-input":"required name=search_term_string"}],"inLanguage":"es-MX"},{"@type":["Person","Organization"],"@id":"https:\/\/nitu.mx\/#\/schema\/person\/ae7a53426417292d3dd07b45a33e01bc","name":"Arturo Medina","image":{"@type":"ImageObject","inLanguage":"es-MX","@id":"https:\/\/nitu.mx\/#\/schema\/person\/image\/","url":"https:\/\/nitu.mx\/wp-content\/uploads\/2024\/04\/4A315622-1904-4D5C-B022-878CDC840E04-90x90-1.jpeg","contentUrl":"https:\/\/nitu.mx\/wp-content\/uploads\/2024\/04\/4A315622-1904-4D5C-B022-878CDC840E04-90x90-1.jpeg","width":90,"height":90,"caption":"Arturo Medina"},"logo":{"@id":"https:\/\/nitu.mx\/#\/schema\/person\/image\/"},"description":"Director NITU.mx, Egresado de la Escuela de Periodismo Carlos Septi\u00e9n Garc\u00eda. Periodista y analista especializado en turismo desde hace 35 a\u00f1os, radicado en Canc\u00fan Q.Roo. arturo@nitu.mx","sameAs":["https:\/\/nitu.mx","https:\/\/www.facebook.com\/NITUmx\/","medinacancun","https:\/\/twitter.com\/@Arturo_Medina_G"]},{"@type":"Person","@id":"https:\/\/nitu.mx\/#\/schema\/person\/4a28fe9bd65924f7c90623773daf1b0b","name":"Redacci\u00f3n","image":{"@type":"ImageObject","inLanguage":"es-MX","@id":"https:\/\/nitu.mx\/#\/schema\/person\/image\/","url":"https:\/\/secure.gravatar.com\/avatar\/5dd011c8ccfc5cd7e4c81e42252aab38?s=96&d=mm&r=g","contentUrl":"https:\/\/secure.gravatar.com\/avatar\/5dd011c8ccfc5cd7e4c81e42252aab38?s=96&d=mm&r=g","caption":"Redacci\u00f3n"},"url":"https:\/\/nitu.mx\/index.php\/author\/redaccion\/"}]}},"views":268,"_links":{"self":[{"href":"https:\/\/nitu.mx\/index.php\/wp-json\/wp\/v2\/posts\/53292"}],"collection":[{"href":"https:\/\/nitu.mx\/index.php\/wp-json\/wp\/v2\/posts"}],"about":[{"href":"https:\/\/nitu.mx\/index.php\/wp-json\/wp\/v2\/types\/post"}],"author":[{"embeddable":true,"href":"https:\/\/nitu.mx\/index.php\/wp-json\/wp\/v2\/users\/17"}],"replies":[{"embeddable":true,"href":"https:\/\/nitu.mx\/index.php\/wp-json\/wp\/v2\/comments?post=53292"}],"version-history":[{"count":3,"href":"https:\/\/nitu.mx\/index.php\/wp-json\/wp\/v2\/posts\/53292\/revisions"}],"predecessor-version":[{"id":53301,"href":"https:\/\/nitu.mx\/index.php\/wp-json\/wp\/v2\/posts\/53292\/revisions\/53301"}],"wp:featuredmedia":[{"embeddable":true,"href":"https:\/\/nitu.mx\/index.php\/wp-json\/wp\/v2\/media\/53303"}],"wp:attachment":[{"href":"https:\/\/nitu.mx\/index.php\/wp-json\/wp\/v2\/media?parent=53292"}],"wp:term":[{"taxonomy":"category","embeddable":true,"href":"https:\/\/nitu.mx\/index.php\/wp-json\/wp\/v2\/categories?post=53292"},{"taxonomy":"post_tag","embeddable":true,"href":"https:\/\/nitu.mx\/index.php\/wp-json\/wp\/v2\/tags?post=53292"}],"curies":[{"name":"wp","href":"https:\/\/api.w.org\/{rel}","templated":true}]}}