{"id":53277,"date":"2021-06-20T23:51:38","date_gmt":"2021-06-21T04:51:38","guid":{"rendered":"https:\/\/www.dev.nitu.mx\/?p=53277"},"modified":"2021-06-20T23:52:28","modified_gmt":"2021-06-21T04:52:28","slug":"desmienten-que-menor-estadounidense-perdiera-la-pierna-tras-sufrir-ataque-de-cocodrilo","status":"publish","type":"post","link":"https:\/\/nitu.mx\/index.php\/2021\/06\/20\/desmienten-que-menor-estadounidense-perdiera-la-pierna-tras-sufrir-ataque-de-cocodrilo\/","title":{"rendered":"Desmienten que menor estadounidense perdiera la pierna tras sufrir ataque de cocodrilo"},"content":{"rendered":"<p>Personal de Club Med en Canc\u00fan salv\u00f3 la vida de un menor que jugaba en un jard\u00edn cerca de la laguna y que al acercarse demasiado a un cocodrilo, que habita en el lugar, fue capturado por el reptil. Todo esto ocurri\u00f3 el viernes por la noche y pudo terminar en una tragedia, de no ser por la pronta intervenci\u00f3n de trabajadores del hotel que al percatarse de la situaci\u00f3n sujetaron al Cocodrilo de la cola lo golpearon y jalaron al menor hasta ponerlo a salvo.<\/p>\n<p>Los protocolos del hotel se activaron por lo que una ambulancia de la empresa Live estuvo en el lugar en 11 minutos, los primeros auxilios los practic\u00f3 la enfermera del hotel y luego los para m\u00e9dicos de la ambulancia que llevaron al menor al hospital Amerimed, en donde fue intervenido exitosamente por tres especialistas, urgenci\u00f3logos del hospital, el cirujano pediatra Hector Ortiz Mojica y el cirujano pl\u00e1stico Alejandro Solus Gonzalez.<\/p>\n<p>El paciente tiene una excelente evoluci\u00f3n, tiene la extremidad \u00edntegra con m\u00faltiples suturas, pero con buena fuerza, movilidad y vascularmente normal, con buen llenado capilar, la cirug\u00eda fue un \u00e9xito, la posibilidad de complicaciones existe, fue una herida por mordida de animal y potencialmente se podr\u00eda infectar.<\/p>\n<p>Sin embargo, las fuentes a las que acudi\u00f3 <em><strong>NITU.mx,<\/strong><\/em>\u00a0han confirmado que de ninguna manera se amput\u00f3 la extremidad del menor como se ha publicado en algunos medios, \u00e9l esta bien, incluso nunca estuvo ni en terapia intensiva y pronto regresar\u00e1 a casa.<\/p>\n<p>Fue una situaci\u00f3n de mucho estr\u00e9s para los trabajadores del \u00a0hotel, incluso uno de ellos termin\u00f3 con dos dedos fracturados por la fuerza de los golpes que aplic\u00f3 en su desesperaci\u00f3n de salvar al menor, todos quienes participaron en el rescate han recibido atenci\u00f3n psicol\u00f3gica.<\/p>\n<p>En poco tiempo el paciente podr\u00e1 ser trasladado a su lugar de origen para su rehabilitaci\u00f3n, los padres del menor han externado su agradecimiento al personal del hotel que particip\u00f3, y a riesgo de su propia integridad, para poder salvar al menor que se puso en una zona de peligro.<\/p>\n<div style=\"width: 640px;\" class=\"wp-video\"><!--[if lt IE 9]><script>document.createElement('video');<\/script><![endif]-->\n<video class=\"wp-video-shortcode\" id=\"video-53277-1\" width=\"640\" height=\"352\" autoplay=\"1\" preload=\"auto\" controls=\"controls\"><source type=\"video\/mp4\" src=\"https:\/\/www.dev.nitu.mx\/wp-content\/uploads\/2021\/06\/Cocodrilo-muerde-a-nino-en-la-Zona-Hotelera-de-Cancun.mp4?_=1\" \/><a href=\"https:\/\/www.dev.nitu.mx\/wp-content\/uploads\/2021\/06\/Cocodrilo-muerde-a-nino-en-la-Zona-Hotelera-de-Cancun.mp4\">https:\/\/www.dev.nitu.mx\/wp-content\/uploads\/2021\/06\/Cocodrilo-muerde-a-nino-en-la-Zona-Hotelera-de-Cancun.mp4<\/a><\/video><\/div>\n","protected":false},"excerpt":{"rendered":"<p>Personal de Club Med en Canc\u00fan salv\u00f3 la vida de un menor que jugaba en un jard\u00edn cerca de la laguna y que al acercarse demasiado a un cocodrilo, que habita en el lugar, fue capturado por el reptil. Todo esto ocurri\u00f3 el viernes por la noche y pudo terminar en una tragedia, de no [&hellip;]<\/p>\n","protected":false},"author":2,"featured_media":53285,"comment_status":"open","ping_status":"open","sticky":false,"template":"","format":"standard","meta":{"footnotes":""},"categories":[2],"tags":[43,1367],"yoast_head":"<!-- This site is optimized with the Yoast SEO plugin v22.2 - https:\/\/yoast.com\/wordpress\/plugins\/seo\/ -->\n<title>Desmienten que menor estadounidense perdiera la pierna tras sufrir ataque de cocodrilo - Nitu - Noticias de la Industria Turistica<\/title>\n<meta name=\"robots\" content=\"index, follow, max-snippet:-1, max-image-preview:large, max-video-preview:-1\" \/>\n<link rel=\"canonical\" href=\"https:\/\/nitu.mx\/index.php\/2021\/06\/20\/desmienten-que-menor-estadounidense-perdiera-la-pierna-tras-sufrir-ataque-de-cocodrilo\/\" \/>\n<meta name=\"twitter:card\" content=\"summary_large_image\" \/>\n<meta name=\"twitter:title\" content=\"Desmienten que menor estadounidense perdiera la pierna tras sufrir ataque de cocodrilo - Nitu - Noticias de la Industria Turistica\" \/>\n<meta name=\"twitter:description\" content=\"Personal de Club Med en Canc\u00fan salv\u00f3 la vida de un menor que jugaba en un jard\u00edn cerca de la laguna y que al acercarse demasiado a un cocodrilo, que habita en el lugar, fue capturado por el reptil. Todo esto ocurri\u00f3 el viernes por la noche y pudo terminar en una tragedia, de no [&hellip;]\" \/>\n<meta name=\"twitter:image\" content=\"https:\/\/nitu.mx\/wp-content\/uploads\/2021\/06\/Captura-de-Pantalla-2021-06-20-a-las-21.26.34.png\" \/>\n<meta name=\"twitter:creator\" content=\"@Arturo_Medina_G\" \/>\n<meta name=\"twitter:site\" content=\"@Arturo_Medina_G\" \/>\n<meta name=\"twitter:label1\" content=\"Escrito por\" \/>\n\t<meta name=\"twitter:data1\" content=\"Arturo Medina\" \/>\n\t<meta name=\"twitter:label2\" content=\"Tiempo de lectura\" \/>\n\t<meta name=\"twitter:data2\" content=\"2 minutos\" \/>\n<script type=\"application\/ld+json\" class=\"yoast-schema-graph\">{\"@context\":\"https:\/\/schema.org\",\"@graph\":[{\"@type\":\"Article\",\"@id\":\"https:\/\/nitu.mx\/index.php\/2021\/06\/20\/desmienten-que-menor-estadounidense-perdiera-la-pierna-tras-sufrir-ataque-de-cocodrilo\/#article\",\"isPartOf\":{\"@id\":\"https:\/\/nitu.mx\/index.php\/2021\/06\/20\/desmienten-que-menor-estadounidense-perdiera-la-pierna-tras-sufrir-ataque-de-cocodrilo\/\"},\"author\":{\"name\":\"Arturo Medina\",\"@id\":\"https:\/\/nitu.mx\/#\/schema\/person\/ae7a53426417292d3dd07b45a33e01bc\"},\"headline\":\"Desmienten que menor estadounidense perdiera la pierna tras sufrir ataque de cocodrilo\",\"datePublished\":\"2021-06-21T04:51:38+00:00\",\"dateModified\":\"2021-06-21T04:52:28+00:00\",\"mainEntityOfPage\":{\"@id\":\"https:\/\/nitu.mx\/index.php\/2021\/06\/20\/desmienten-que-menor-estadounidense-perdiera-la-pierna-tras-sufrir-ataque-de-cocodrilo\/\"},\"wordCount\":388,\"commentCount\":0,\"publisher\":{\"@id\":\"https:\/\/nitu.mx\/#\/schema\/person\/ae7a53426417292d3dd07b45a33e01bc\"},\"image\":{\"@id\":\"https:\/\/nitu.mx\/index.php\/2021\/06\/20\/desmienten-que-menor-estadounidense-perdiera-la-pierna-tras-sufrir-ataque-de-cocodrilo\/#primaryimage\"},\"thumbnailUrl\":\"https:\/\/nitu.mx\/wp-content\/uploads\/2021\/06\/Captura-de-Pantalla-2021-06-20-a-las-21.26.34.png\",\"keywords\":[\"Canc\u00fan\",\"Club Med\"],\"articleSection\":[\"Hoteles\"],\"inLanguage\":\"es-MX\",\"potentialAction\":[{\"@type\":\"CommentAction\",\"name\":\"Comment\",\"target\":[\"https:\/\/nitu.mx\/index.php\/2021\/06\/20\/desmienten-que-menor-estadounidense-perdiera-la-pierna-tras-sufrir-ataque-de-cocodrilo\/#respond\"]}]},{\"@type\":\"WebPage\",\"@id\":\"https:\/\/nitu.mx\/index.php\/2021\/06\/20\/desmienten-que-menor-estadounidense-perdiera-la-pierna-tras-sufrir-ataque-de-cocodrilo\/\",\"url\":\"https:\/\/nitu.mx\/index.php\/2021\/06\/20\/desmienten-que-menor-estadounidense-perdiera-la-pierna-tras-sufrir-ataque-de-cocodrilo\/\",\"name\":\"Desmienten que menor estadounidense perdiera la pierna tras sufrir ataque de cocodrilo - Nitu - Noticias de la Industria Turistica\",\"isPartOf\":{\"@id\":\"https:\/\/nitu.mx\/#website\"},\"primaryImageOfPage\":{\"@id\":\"https:\/\/nitu.mx\/index.php\/2021\/06\/20\/desmienten-que-menor-estadounidense-perdiera-la-pierna-tras-sufrir-ataque-de-cocodrilo\/#primaryimage\"},\"image\":{\"@id\":\"https:\/\/nitu.mx\/index.php\/2021\/06\/20\/desmienten-que-menor-estadounidense-perdiera-la-pierna-tras-sufrir-ataque-de-cocodrilo\/#primaryimage\"},\"thumbnailUrl\":\"https:\/\/nitu.mx\/wp-content\/uploads\/2021\/06\/Captura-de-Pantalla-2021-06-20-a-las-21.26.34.png\",\"datePublished\":\"2021-06-21T04:51:38+00:00\",\"dateModified\":\"2021-06-21T04:52:28+00:00\",\"breadcrumb\":{\"@id\":\"https:\/\/nitu.mx\/index.php\/2021\/06\/20\/desmienten-que-menor-estadounidense-perdiera-la-pierna-tras-sufrir-ataque-de-cocodrilo\/#breadcrumb\"},\"inLanguage\":\"es-MX\",\"potentialAction\":[{\"@type\":\"ReadAction\",\"target\":[\"https:\/\/nitu.mx\/index.php\/2021\/06\/20\/desmienten-que-menor-estadounidense-perdiera-la-pierna-tras-sufrir-ataque-de-cocodrilo\/\"]}]},{\"@type\":\"ImageObject\",\"inLanguage\":\"es-MX\",\"@id\":\"https:\/\/nitu.mx\/index.php\/2021\/06\/20\/desmienten-que-menor-estadounidense-perdiera-la-pierna-tras-sufrir-ataque-de-cocodrilo\/#primaryimage\",\"url\":\"https:\/\/nitu.mx\/wp-content\/uploads\/2021\/06\/Captura-de-Pantalla-2021-06-20-a-las-21.26.34.png\",\"contentUrl\":\"https:\/\/nitu.mx\/wp-content\/uploads\/2021\/06\/Captura-de-Pantalla-2021-06-20-a-las-21.26.34.png\",\"width\":854,\"height\":511},{\"@type\":\"BreadcrumbList\",\"@id\":\"https:\/\/nitu.mx\/index.php\/2021\/06\/20\/desmienten-que-menor-estadounidense-perdiera-la-pierna-tras-sufrir-ataque-de-cocodrilo\/#breadcrumb\",\"itemListElement\":[{\"@type\":\"ListItem\",\"position\":1,\"name\":\"Inicio\",\"item\":\"https:\/\/nitu.mx\/\"},{\"@type\":\"ListItem\",\"position\":2,\"name\":\"Desmienten que menor estadounidense perdiera la pierna tras sufrir ataque de cocodrilo\"}]},{\"@type\":\"WebSite\",\"@id\":\"https:\/\/nitu.mx\/#website\",\"url\":\"https:\/\/nitu.mx\/\",\"name\":\"Nitu - Noticias de la Industria Turistica\",\"description\":\"Noticias de la Industria Turistica\",\"publisher\":{\"@id\":\"https:\/\/nitu.mx\/#\/schema\/person\/ae7a53426417292d3dd07b45a33e01bc\"},\"alternateName\":\"Noticias de la Industria Turistica\",\"potentialAction\":[{\"@type\":\"SearchAction\",\"target\":{\"@type\":\"EntryPoint\",\"urlTemplate\":\"https:\/\/nitu.mx\/?s={search_term_string}\"},\"query-input\":\"required name=search_term_string\"}],\"inLanguage\":\"es-MX\"},{\"@type\":[\"Person\",\"Organization\"],\"@id\":\"https:\/\/nitu.mx\/#\/schema\/person\/ae7a53426417292d3dd07b45a33e01bc\",\"name\":\"Arturo Medina\",\"image\":{\"@type\":\"ImageObject\",\"inLanguage\":\"es-MX\",\"@id\":\"https:\/\/nitu.mx\/#\/schema\/person\/image\/\",\"url\":\"https:\/\/nitu.mx\/wp-content\/uploads\/2024\/04\/4A315622-1904-4D5C-B022-878CDC840E04-90x90-1.jpeg\",\"contentUrl\":\"https:\/\/nitu.mx\/wp-content\/uploads\/2024\/04\/4A315622-1904-4D5C-B022-878CDC840E04-90x90-1.jpeg\",\"width\":90,\"height\":90,\"caption\":\"Arturo Medina\"},\"logo\":{\"@id\":\"https:\/\/nitu.mx\/#\/schema\/person\/image\/\"},\"description\":\"Director NITU.mx, Egresado de la Escuela de Periodismo Carlos Septi\u00e9n Garc\u00eda. Periodista y analista especializado en turismo desde hace 35 a\u00f1os, radicado en Canc\u00fan Q.Roo. arturo@nitu.mx\",\"sameAs\":[\"https:\/\/nitu.mx\",\"https:\/\/www.facebook.com\/NITUmx\/\",\"medinacancun\",\"https:\/\/twitter.com\/@Arturo_Medina_G\"],\"url\":\"https:\/\/nitu.mx\/index.php\/author\/arturo-medina\/\"}]}<\/script>\n<!-- \/ Yoast SEO plugin. -->","yoast_head_json":{"title":"Desmienten que menor estadounidense perdiera la pierna tras sufrir ataque de cocodrilo - Nitu - Noticias de la Industria Turistica","robots":{"index":"index","follow":"follow","max-snippet":"max-snippet:-1","max-image-preview":"max-image-preview:large","max-video-preview":"max-video-preview:-1"},"canonical":"https:\/\/nitu.mx\/index.php\/2021\/06\/20\/desmienten-que-menor-estadounidense-perdiera-la-pierna-tras-sufrir-ataque-de-cocodrilo\/","twitter_card":"summary_large_image","twitter_title":"Desmienten que menor estadounidense perdiera la pierna tras sufrir ataque de cocodrilo - Nitu - Noticias de la Industria Turistica","twitter_description":"Personal de Club Med en Canc\u00fan salv\u00f3 la vida de un menor que jugaba en un jard\u00edn cerca de la laguna y que al acercarse demasiado a un cocodrilo, que habita en el lugar, fue capturado por el reptil. Todo esto ocurri\u00f3 el viernes por la noche y pudo terminar en una tragedia, de no [&hellip;]","twitter_image":"https:\/\/nitu.mx\/wp-content\/uploads\/2021\/06\/Captura-de-Pantalla-2021-06-20-a-las-21.26.34.png","twitter_creator":"@Arturo_Medina_G","twitter_site":"@Arturo_Medina_G","twitter_misc":{"Escrito por":"Arturo Medina","Tiempo de lectura":"2 minutos"},"schema":{"@context":"https:\/\/schema.org","@graph":[{"@type":"Article","@id":"https:\/\/nitu.mx\/index.php\/2021\/06\/20\/desmienten-que-menor-estadounidense-perdiera-la-pierna-tras-sufrir-ataque-de-cocodrilo\/#article","isPartOf":{"@id":"https:\/\/nitu.mx\/index.php\/2021\/06\/20\/desmienten-que-menor-estadounidense-perdiera-la-pierna-tras-sufrir-ataque-de-cocodrilo\/"},"author":{"name":"Arturo Medina","@id":"https:\/\/nitu.mx\/#\/schema\/person\/ae7a53426417292d3dd07b45a33e01bc"},"headline":"Desmienten que menor estadounidense perdiera la pierna tras sufrir ataque de cocodrilo","datePublished":"2021-06-21T04:51:38+00:00","dateModified":"2021-06-21T04:52:28+00:00","mainEntityOfPage":{"@id":"https:\/\/nitu.mx\/index.php\/2021\/06\/20\/desmienten-que-menor-estadounidense-perdiera-la-pierna-tras-sufrir-ataque-de-cocodrilo\/"},"wordCount":388,"commentCount":0,"publisher":{"@id":"https:\/\/nitu.mx\/#\/schema\/person\/ae7a53426417292d3dd07b45a33e01bc"},"image":{"@id":"https:\/\/nitu.mx\/index.php\/2021\/06\/20\/desmienten-que-menor-estadounidense-perdiera-la-pierna-tras-sufrir-ataque-de-cocodrilo\/#primaryimage"},"thumbnailUrl":"https:\/\/nitu.mx\/wp-content\/uploads\/2021\/06\/Captura-de-Pantalla-2021-06-20-a-las-21.26.34.png","keywords":["Canc\u00fan","Club Med"],"articleSection":["Hoteles"],"inLanguage":"es-MX","potentialAction":[{"@type":"CommentAction","name":"Comment","target":["https:\/\/nitu.mx\/index.php\/2021\/06\/20\/desmienten-que-menor-estadounidense-perdiera-la-pierna-tras-sufrir-ataque-de-cocodrilo\/#respond"]}]},{"@type":"WebPage","@id":"https:\/\/nitu.mx\/index.php\/2021\/06\/20\/desmienten-que-menor-estadounidense-perdiera-la-pierna-tras-sufrir-ataque-de-cocodrilo\/","url":"https:\/\/nitu.mx\/index.php\/2021\/06\/20\/desmienten-que-menor-estadounidense-perdiera-la-pierna-tras-sufrir-ataque-de-cocodrilo\/","name":"Desmienten que menor estadounidense perdiera la pierna tras sufrir ataque de cocodrilo - Nitu - Noticias de la Industria Turistica","isPartOf":{"@id":"https:\/\/nitu.mx\/#website"},"primaryImageOfPage":{"@id":"https:\/\/nitu.mx\/index.php\/2021\/06\/20\/desmienten-que-menor-estadounidense-perdiera-la-pierna-tras-sufrir-ataque-de-cocodrilo\/#primaryimage"},"image":{"@id":"https:\/\/nitu.mx\/index.php\/2021\/06\/20\/desmienten-que-menor-estadounidense-perdiera-la-pierna-tras-sufrir-ataque-de-cocodrilo\/#primaryimage"},"thumbnailUrl":"https:\/\/nitu.mx\/wp-content\/uploads\/2021\/06\/Captura-de-Pantalla-2021-06-20-a-las-21.26.34.png","datePublished":"2021-06-21T04:51:38+00:00","dateModified":"2021-06-21T04:52:28+00:00","breadcrumb":{"@id":"https:\/\/nitu.mx\/index.php\/2021\/06\/20\/desmienten-que-menor-estadounidense-perdiera-la-pierna-tras-sufrir-ataque-de-cocodrilo\/#breadcrumb"},"inLanguage":"es-MX","potentialAction":[{"@type":"ReadAction","target":["https:\/\/nitu.mx\/index.php\/2021\/06\/20\/desmienten-que-menor-estadounidense-perdiera-la-pierna-tras-sufrir-ataque-de-cocodrilo\/"]}]},{"@type":"ImageObject","inLanguage":"es-MX","@id":"https:\/\/nitu.mx\/index.php\/2021\/06\/20\/desmienten-que-menor-estadounidense-perdiera-la-pierna-tras-sufrir-ataque-de-cocodrilo\/#primaryimage","url":"https:\/\/nitu.mx\/wp-content\/uploads\/2021\/06\/Captura-de-Pantalla-2021-06-20-a-las-21.26.34.png","contentUrl":"https:\/\/nitu.mx\/wp-content\/uploads\/2021\/06\/Captura-de-Pantalla-2021-06-20-a-las-21.26.34.png","width":854,"height":511},{"@type":"BreadcrumbList","@id":"https:\/\/nitu.mx\/index.php\/2021\/06\/20\/desmienten-que-menor-estadounidense-perdiera-la-pierna-tras-sufrir-ataque-de-cocodrilo\/#breadcrumb","itemListElement":[{"@type":"ListItem","position":1,"name":"Inicio","item":"https:\/\/nitu.mx\/"},{"@type":"ListItem","position":2,"name":"Desmienten que menor estadounidense perdiera la pierna tras sufrir ataque de cocodrilo"}]},{"@type":"WebSite","@id":"https:\/\/nitu.mx\/#website","url":"https:\/\/nitu.mx\/","name":"Nitu - Noticias de la Industria Turistica","description":"Noticias de la Industria Turistica","publisher":{"@id":"https:\/\/nitu.mx\/#\/schema\/person\/ae7a53426417292d3dd07b45a33e01bc"},"alternateName":"Noticias de la Industria Turistica","potentialAction":[{"@type":"SearchAction","target":{"@type":"EntryPoint","urlTemplate":"https:\/\/nitu.mx\/?s={search_term_string}"},"query-input":"required name=search_term_string"}],"inLanguage":"es-MX"},{"@type":["Person","Organization"],"@id":"https:\/\/nitu.mx\/#\/schema\/person\/ae7a53426417292d3dd07b45a33e01bc","name":"Arturo Medina","image":{"@type":"ImageObject","inLanguage":"es-MX","@id":"https:\/\/nitu.mx\/#\/schema\/person\/image\/","url":"https:\/\/nitu.mx\/wp-content\/uploads\/2024\/04\/4A315622-1904-4D5C-B022-878CDC840E04-90x90-1.jpeg","contentUrl":"https:\/\/nitu.mx\/wp-content\/uploads\/2024\/04\/4A315622-1904-4D5C-B022-878CDC840E04-90x90-1.jpeg","width":90,"height":90,"caption":"Arturo Medina"},"logo":{"@id":"https:\/\/nitu.mx\/#\/schema\/person\/image\/"},"description":"Director NITU.mx, Egresado de la Escuela de Periodismo Carlos Septi\u00e9n Garc\u00eda. Periodista y analista especializado en turismo desde hace 35 a\u00f1os, radicado en Canc\u00fan Q.Roo. arturo@nitu.mx","sameAs":["https:\/\/nitu.mx","https:\/\/www.facebook.com\/NITUmx\/","medinacancun","https:\/\/twitter.com\/@Arturo_Medina_G"],"url":"https:\/\/nitu.mx\/index.php\/author\/arturo-medina\/"}]}},"views":309,"_links":{"self":[{"href":"https:\/\/nitu.mx\/index.php\/wp-json\/wp\/v2\/posts\/53277"}],"collection":[{"href":"https:\/\/nitu.mx\/index.php\/wp-json\/wp\/v2\/posts"}],"about":[{"href":"https:\/\/nitu.mx\/index.php\/wp-json\/wp\/v2\/types\/post"}],"author":[{"embeddable":true,"href":"https:\/\/nitu.mx\/index.php\/wp-json\/wp\/v2\/users\/2"}],"replies":[{"embeddable":true,"href":"https:\/\/nitu.mx\/index.php\/wp-json\/wp\/v2\/comments?post=53277"}],"version-history":[{"count":5,"href":"https:\/\/nitu.mx\/index.php\/wp-json\/wp\/v2\/posts\/53277\/revisions"}],"predecessor-version":[{"id":53317,"href":"https:\/\/nitu.mx\/index.php\/wp-json\/wp\/v2\/posts\/53277\/revisions\/53317"}],"wp:featuredmedia":[{"embeddable":true,"href":"https:\/\/nitu.mx\/index.php\/wp-json\/wp\/v2\/media\/53285"}],"wp:attachment":[{"href":"https:\/\/nitu.mx\/index.php\/wp-json\/wp\/v2\/media?parent=53277"}],"wp:term":[{"taxonomy":"category","embeddable":true,"href":"https:\/\/nitu.mx\/index.php\/wp-json\/wp\/v2\/categories?post=53277"},{"taxonomy":"post_tag","embeddable":true,"href":"https:\/\/nitu.mx\/index.php\/wp-json\/wp\/v2\/tags?post=53277"}],"curies":[{"name":"wp","href":"https:\/\/api.w.org\/{rel}","templated":true}]}}