{"id":53247,"date":"2021-06-18T00:19:05","date_gmt":"2021-06-18T05:19:05","guid":{"rendered":"https:\/\/www.dev.nitu.mx\/?p=53247"},"modified":"2021-06-18T00:42:43","modified_gmt":"2021-06-18T05:42:43","slug":"red-de-monitoreo-espera-que-sargazo-no-afecte-a-toda-la-costa-quintanarroense","status":"publish","type":"post","link":"https:\/\/nitu.mx\/index.php\/2021\/06\/18\/red-de-monitoreo-espera-que-sargazo-no-afecte-a-toda-la-costa-quintanarroense\/","title":{"rendered":"Red de Monitoreo espera que sargazo no afecte a toda la costa quintanarroense"},"content":{"rendered":"<p>El Director de la Red de Monitoreo del Sargazo, Esteban Amaro Mauricio, dijo que todo parece indicar que la presente ser\u00e1 una temporada cr\u00edtica, con mayor cantidad, incluso a 2018, cuando hubo vol\u00famenes r\u00e9cord,\u00a0 aunque recalc\u00f3 que no toda la costa padece el problema.<\/p>\n<p>Amaro Mauricio explic\u00f3 que esas estimaciones surgieron de acuerdo con los recales de sargazo que tienen a la fecha.<\/p>\n<p>El dirigente record\u00f3 que siempre han tenido sargazo en las costas del estado, pero no en cantidades como las de ahora, y al parecer es algo que est\u00e1 volvi\u00e9ndose c\u00edclico, de cada tres a\u00f1os, pues el primero con grandes vol\u00famenes fue en 2015, luego en 2018 y ahora en 2021.<\/p>\n<p>Entrevistado por Capital Noticias, cuestion\u00f3 la manera c\u00f3mo el problema es atendido, pues si de antemano es sabido que va llegar, act\u00faan tarde, cuando el sargazo ya lleg\u00f3.<\/p>\n<p>\u201cDeber\u00eda ser una labor m\u00e1s preventiva, que correctiva. Comenzar a planear lo de las barreras sargaceras, desde un a\u00f1o antes, contratar empresas que tengan la capacidad y experiencia, no que cada temporada se da la concesi\u00f3n a gente inexperta\u201d, a\u00f1adi\u00f3.<\/p>\n<p>El hidrobi\u00f3logo manifest\u00f3 que este fen\u00f3meno obedece a los cambios clim\u00e1ticos y a la tala excesiva de selva y mangle, entre otras cosas, y comienza a darse desde la costa oeste de \u00c1frica.<\/p>\n<p>Recorre el Atl\u00e1ntico hasta llegar a las Antillas, donde encuentra condiciones para desarrollarse por todos los nutrientes que provienen del Amazonas.<\/p>\n<p>\u201cDe ah\u00ed, impulsado por las corrientes y vientos, comienza el recorrido hacia el Caribe\u201d, a\u00f1adi\u00f3, al mencionar que es todo un sistema complejo, \u201cque es bueno cuando est\u00e1 en el mar, no as\u00ed en la costa, pues al podrirse deja el efecto llamado marea marr\u00f3n, que da\u00f1a a especies marinas e incluso a los corales\u201d. (<a title=\"Colocan en Quintana Roo barreras ante la llegada masiva de sargazo\" href=\"https:\/\/www.dev.nitu.mx\/index.php\/2021\/05\/11\/colocan-en-quintana-roo-barreras-ante-la-llegada-masiva-de-sargazo\/\" rel=\"bookmark\">Colocan en Quintana Roo barreras ante la llegada masiva de sargazo<\/a>).<\/p>\n<p>Esteban Amaro recalc\u00f3 que no hay por qu\u00e9 alarmar a los turistas, sino informarlos adecuadamente, y enfatizar que no todas las playas del estado tienen problema de sargazo.<\/p>\n<p>Adem\u00e1s, enfatiz\u00f3, hay una amplia oferta tur\u00edstica como cenotes, lagunas, zonas arqueol\u00f3gicas y muchos sitios poco promovidos.<\/p>\n<p>Tambi\u00e9n aclar\u00f3 que s\u00f3lo los casos de exposici\u00f3n prolongada con la macro alga puede causar algunas escoriaciones en la piel, en la mucosa y los ojos. (Infoqroo)<\/p>\n","protected":false},"excerpt":{"rendered":"<p>El Director de la Red de Monitoreo del Sargazo, Esteban Amaro Mauricio, dijo que todo parece indicar que la presente ser\u00e1 una temporada cr\u00edtica, con mayor cantidad, incluso a 2018, cuando hubo vol\u00famenes r\u00e9cord,\u00a0 aunque recalc\u00f3 que no toda la costa padece el problema. Amaro Mauricio explic\u00f3 que esas estimaciones surgieron de acuerdo con los [&hellip;]<\/p>\n","protected":false},"author":17,"featured_media":39381,"comment_status":"open","ping_status":"open","sticky":false,"template":"","format":"standard","meta":{"footnotes":""},"categories":[5,6],"tags":[16818,3555,260,15628],"yoast_head":"<!-- This site is optimized with the Yoast SEO plugin v22.2 - https:\/\/yoast.com\/wordpress\/plugins\/seo\/ -->\n<title>Red de Monitoreo espera que sargazo no afecte a toda la costa quintanarroense - Nitu - Noticias de la Industria Turistica<\/title>\n<meta name=\"robots\" content=\"index, follow, max-snippet:-1, max-image-preview:large, max-video-preview:-1\" \/>\n<link rel=\"canonical\" href=\"https:\/\/nitu.mx\/index.php\/2021\/06\/18\/red-de-monitoreo-espera-que-sargazo-no-afecte-a-toda-la-costa-quintanarroense\/\" \/>\n<meta name=\"twitter:card\" content=\"summary_large_image\" \/>\n<meta name=\"twitter:title\" content=\"Red de Monitoreo espera que sargazo no afecte a toda la costa quintanarroense - Nitu - Noticias de la Industria Turistica\" \/>\n<meta name=\"twitter:description\" content=\"El Director de la Red de Monitoreo del Sargazo, Esteban Amaro Mauricio, dijo que todo parece indicar que la presente ser\u00e1 una temporada cr\u00edtica, con mayor cantidad, incluso a 2018, cuando hubo vol\u00famenes r\u00e9cord,\u00a0 aunque recalc\u00f3 que no toda la costa padece el problema. Amaro Mauricio explic\u00f3 que esas estimaciones surgieron de acuerdo con los [&hellip;]\" \/>\n<meta name=\"twitter:image\" content=\"https:\/\/nitu.mx\/wp-content\/uploads\/2020\/01\/Riviera-Maya-sargazo.jpg\" \/>\n<meta name=\"twitter:creator\" content=\"@NITUmx\" \/>\n<meta name=\"twitter:site\" content=\"@Arturo_Medina_G\" \/>\n<meta name=\"twitter:label1\" content=\"Escrito por\" \/>\n\t<meta name=\"twitter:data1\" content=\"Redacci\u00f3n\" \/>\n\t<meta name=\"twitter:label2\" content=\"Tiempo de lectura\" \/>\n\t<meta name=\"twitter:data2\" content=\"2 minutos\" \/>\n<script type=\"application\/ld+json\" class=\"yoast-schema-graph\">{\"@context\":\"https:\/\/schema.org\",\"@graph\":[{\"@type\":\"Article\",\"@id\":\"https:\/\/nitu.mx\/index.php\/2021\/06\/18\/red-de-monitoreo-espera-que-sargazo-no-afecte-a-toda-la-costa-quintanarroense\/#article\",\"isPartOf\":{\"@id\":\"https:\/\/nitu.mx\/index.php\/2021\/06\/18\/red-de-monitoreo-espera-que-sargazo-no-afecte-a-toda-la-costa-quintanarroense\/\"},\"author\":{\"name\":\"Redacci\u00f3n\",\"@id\":\"https:\/\/nitu.mx\/#\/schema\/person\/4a28fe9bd65924f7c90623773daf1b0b\"},\"headline\":\"Red de Monitoreo espera que sargazo no afecte a toda la costa quintanarroense\",\"datePublished\":\"2021-06-18T05:19:05+00:00\",\"dateModified\":\"2021-06-18T05:42:43+00:00\",\"mainEntityOfPage\":{\"@id\":\"https:\/\/nitu.mx\/index.php\/2021\/06\/18\/red-de-monitoreo-espera-que-sargazo-no-afecte-a-toda-la-costa-quintanarroense\/\"},\"wordCount\":409,\"commentCount\":0,\"publisher\":{\"@id\":\"https:\/\/nitu.mx\/#\/schema\/person\/ae7a53426417292d3dd07b45a33e01bc\"},\"image\":{\"@id\":\"https:\/\/nitu.mx\/index.php\/2021\/06\/18\/red-de-monitoreo-espera-que-sargazo-no-afecte-a-toda-la-costa-quintanarroense\/#primaryimage\"},\"thumbnailUrl\":\"https:\/\/nitu.mx\/wp-content\/uploads\/2020\/01\/Riviera-Maya-sargazo.jpg\",\"keywords\":[\"Esteban Amaro Mauricio\",\"playas\",\"Quintana Roo\",\"Red de Monitoreo del Sargazo\"],\"articleSection\":[\"Destinos\",\"M\u00e9xico\"],\"inLanguage\":\"es-MX\",\"potentialAction\":[{\"@type\":\"CommentAction\",\"name\":\"Comment\",\"target\":[\"https:\/\/nitu.mx\/index.php\/2021\/06\/18\/red-de-monitoreo-espera-que-sargazo-no-afecte-a-toda-la-costa-quintanarroense\/#respond\"]}]},{\"@type\":\"WebPage\",\"@id\":\"https:\/\/nitu.mx\/index.php\/2021\/06\/18\/red-de-monitoreo-espera-que-sargazo-no-afecte-a-toda-la-costa-quintanarroense\/\",\"url\":\"https:\/\/nitu.mx\/index.php\/2021\/06\/18\/red-de-monitoreo-espera-que-sargazo-no-afecte-a-toda-la-costa-quintanarroense\/\",\"name\":\"Red de Monitoreo espera que sargazo no afecte a toda la costa quintanarroense - Nitu - Noticias de la Industria Turistica\",\"isPartOf\":{\"@id\":\"https:\/\/nitu.mx\/#website\"},\"primaryImageOfPage\":{\"@id\":\"https:\/\/nitu.mx\/index.php\/2021\/06\/18\/red-de-monitoreo-espera-que-sargazo-no-afecte-a-toda-la-costa-quintanarroense\/#primaryimage\"},\"image\":{\"@id\":\"https:\/\/nitu.mx\/index.php\/2021\/06\/18\/red-de-monitoreo-espera-que-sargazo-no-afecte-a-toda-la-costa-quintanarroense\/#primaryimage\"},\"thumbnailUrl\":\"https:\/\/nitu.mx\/wp-content\/uploads\/2020\/01\/Riviera-Maya-sargazo.jpg\",\"datePublished\":\"2021-06-18T05:19:05+00:00\",\"dateModified\":\"2021-06-18T05:42:43+00:00\",\"breadcrumb\":{\"@id\":\"https:\/\/nitu.mx\/index.php\/2021\/06\/18\/red-de-monitoreo-espera-que-sargazo-no-afecte-a-toda-la-costa-quintanarroense\/#breadcrumb\"},\"inLanguage\":\"es-MX\",\"potentialAction\":[{\"@type\":\"ReadAction\",\"target\":[\"https:\/\/nitu.mx\/index.php\/2021\/06\/18\/red-de-monitoreo-espera-que-sargazo-no-afecte-a-toda-la-costa-quintanarroense\/\"]}]},{\"@type\":\"ImageObject\",\"inLanguage\":\"es-MX\",\"@id\":\"https:\/\/nitu.mx\/index.php\/2021\/06\/18\/red-de-monitoreo-espera-que-sargazo-no-afecte-a-toda-la-costa-quintanarroense\/#primaryimage\",\"url\":\"https:\/\/nitu.mx\/wp-content\/uploads\/2020\/01\/Riviera-Maya-sargazo.jpg\",\"contentUrl\":\"https:\/\/nitu.mx\/wp-content\/uploads\/2020\/01\/Riviera-Maya-sargazo.jpg\",\"width\":850,\"height\":480,\"caption\":\"Riviera Maya sargazo\"},{\"@type\":\"BreadcrumbList\",\"@id\":\"https:\/\/nitu.mx\/index.php\/2021\/06\/18\/red-de-monitoreo-espera-que-sargazo-no-afecte-a-toda-la-costa-quintanarroense\/#breadcrumb\",\"itemListElement\":[{\"@type\":\"ListItem\",\"position\":1,\"name\":\"Inicio\",\"item\":\"https:\/\/nitu.mx\/\"},{\"@type\":\"ListItem\",\"position\":2,\"name\":\"Red de Monitoreo espera que sargazo no afecte a toda la costa quintanarroense\"}]},{\"@type\":\"WebSite\",\"@id\":\"https:\/\/nitu.mx\/#website\",\"url\":\"https:\/\/nitu.mx\/\",\"name\":\"Nitu - Noticias de la Industria Turistica\",\"description\":\"Noticias de la Industria Turistica\",\"publisher\":{\"@id\":\"https:\/\/nitu.mx\/#\/schema\/person\/ae7a53426417292d3dd07b45a33e01bc\"},\"alternateName\":\"Noticias de la Industria Turistica\",\"potentialAction\":[{\"@type\":\"SearchAction\",\"target\":{\"@type\":\"EntryPoint\",\"urlTemplate\":\"https:\/\/nitu.mx\/?s={search_term_string}\"},\"query-input\":\"required name=search_term_string\"}],\"inLanguage\":\"es-MX\"},{\"@type\":[\"Person\",\"Organization\"],\"@id\":\"https:\/\/nitu.mx\/#\/schema\/person\/ae7a53426417292d3dd07b45a33e01bc\",\"name\":\"Arturo Medina\",\"image\":{\"@type\":\"ImageObject\",\"inLanguage\":\"es-MX\",\"@id\":\"https:\/\/nitu.mx\/#\/schema\/person\/image\/\",\"url\":\"https:\/\/nitu.mx\/wp-content\/uploads\/2024\/04\/4A315622-1904-4D5C-B022-878CDC840E04-90x90-1.jpeg\",\"contentUrl\":\"https:\/\/nitu.mx\/wp-content\/uploads\/2024\/04\/4A315622-1904-4D5C-B022-878CDC840E04-90x90-1.jpeg\",\"width\":90,\"height\":90,\"caption\":\"Arturo Medina\"},\"logo\":{\"@id\":\"https:\/\/nitu.mx\/#\/schema\/person\/image\/\"},\"description\":\"Director NITU.mx, Egresado de la Escuela de Periodismo Carlos Septi\u00e9n Garc\u00eda. Periodista y analista especializado en turismo desde hace 35 a\u00f1os, radicado en Canc\u00fan Q.Roo. arturo@nitu.mx\",\"sameAs\":[\"https:\/\/nitu.mx\",\"https:\/\/www.facebook.com\/NITUmx\/\",\"medinacancun\",\"https:\/\/twitter.com\/@Arturo_Medina_G\"]},{\"@type\":\"Person\",\"@id\":\"https:\/\/nitu.mx\/#\/schema\/person\/4a28fe9bd65924f7c90623773daf1b0b\",\"name\":\"Redacci\u00f3n\",\"image\":{\"@type\":\"ImageObject\",\"inLanguage\":\"es-MX\",\"@id\":\"https:\/\/nitu.mx\/#\/schema\/person\/image\/\",\"url\":\"https:\/\/secure.gravatar.com\/avatar\/5dd011c8ccfc5cd7e4c81e42252aab38?s=96&d=mm&r=g\",\"contentUrl\":\"https:\/\/secure.gravatar.com\/avatar\/5dd011c8ccfc5cd7e4c81e42252aab38?s=96&d=mm&r=g\",\"caption\":\"Redacci\u00f3n\"},\"url\":\"https:\/\/nitu.mx\/index.php\/author\/redaccion\/\"}]}<\/script>\n<!-- \/ Yoast SEO plugin. -->","yoast_head_json":{"title":"Red de Monitoreo espera que sargazo no afecte a toda la costa quintanarroense - Nitu - Noticias de la Industria Turistica","robots":{"index":"index","follow":"follow","max-snippet":"max-snippet:-1","max-image-preview":"max-image-preview:large","max-video-preview":"max-video-preview:-1"},"canonical":"https:\/\/nitu.mx\/index.php\/2021\/06\/18\/red-de-monitoreo-espera-que-sargazo-no-afecte-a-toda-la-costa-quintanarroense\/","twitter_card":"summary_large_image","twitter_title":"Red de Monitoreo espera que sargazo no afecte a toda la costa quintanarroense - Nitu - Noticias de la Industria Turistica","twitter_description":"El Director de la Red de Monitoreo del Sargazo, Esteban Amaro Mauricio, dijo que todo parece indicar que la presente ser\u00e1 una temporada cr\u00edtica, con mayor cantidad, incluso a 2018, cuando hubo vol\u00famenes r\u00e9cord,\u00a0 aunque recalc\u00f3 que no toda la costa padece el problema. Amaro Mauricio explic\u00f3 que esas estimaciones surgieron de acuerdo con los [&hellip;]","twitter_image":"https:\/\/nitu.mx\/wp-content\/uploads\/2020\/01\/Riviera-Maya-sargazo.jpg","twitter_creator":"@NITUmx","twitter_site":"@Arturo_Medina_G","twitter_misc":{"Escrito por":"Redacci\u00f3n","Tiempo de lectura":"2 minutos"},"schema":{"@context":"https:\/\/schema.org","@graph":[{"@type":"Article","@id":"https:\/\/nitu.mx\/index.php\/2021\/06\/18\/red-de-monitoreo-espera-que-sargazo-no-afecte-a-toda-la-costa-quintanarroense\/#article","isPartOf":{"@id":"https:\/\/nitu.mx\/index.php\/2021\/06\/18\/red-de-monitoreo-espera-que-sargazo-no-afecte-a-toda-la-costa-quintanarroense\/"},"author":{"name":"Redacci\u00f3n","@id":"https:\/\/nitu.mx\/#\/schema\/person\/4a28fe9bd65924f7c90623773daf1b0b"},"headline":"Red de Monitoreo espera que sargazo no afecte a toda la costa quintanarroense","datePublished":"2021-06-18T05:19:05+00:00","dateModified":"2021-06-18T05:42:43+00:00","mainEntityOfPage":{"@id":"https:\/\/nitu.mx\/index.php\/2021\/06\/18\/red-de-monitoreo-espera-que-sargazo-no-afecte-a-toda-la-costa-quintanarroense\/"},"wordCount":409,"commentCount":0,"publisher":{"@id":"https:\/\/nitu.mx\/#\/schema\/person\/ae7a53426417292d3dd07b45a33e01bc"},"image":{"@id":"https:\/\/nitu.mx\/index.php\/2021\/06\/18\/red-de-monitoreo-espera-que-sargazo-no-afecte-a-toda-la-costa-quintanarroense\/#primaryimage"},"thumbnailUrl":"https:\/\/nitu.mx\/wp-content\/uploads\/2020\/01\/Riviera-Maya-sargazo.jpg","keywords":["Esteban Amaro Mauricio","playas","Quintana Roo","Red de Monitoreo del Sargazo"],"articleSection":["Destinos","M\u00e9xico"],"inLanguage":"es-MX","potentialAction":[{"@type":"CommentAction","name":"Comment","target":["https:\/\/nitu.mx\/index.php\/2021\/06\/18\/red-de-monitoreo-espera-que-sargazo-no-afecte-a-toda-la-costa-quintanarroense\/#respond"]}]},{"@type":"WebPage","@id":"https:\/\/nitu.mx\/index.php\/2021\/06\/18\/red-de-monitoreo-espera-que-sargazo-no-afecte-a-toda-la-costa-quintanarroense\/","url":"https:\/\/nitu.mx\/index.php\/2021\/06\/18\/red-de-monitoreo-espera-que-sargazo-no-afecte-a-toda-la-costa-quintanarroense\/","name":"Red de Monitoreo espera que sargazo no afecte a toda la costa quintanarroense - Nitu - Noticias de la Industria Turistica","isPartOf":{"@id":"https:\/\/nitu.mx\/#website"},"primaryImageOfPage":{"@id":"https:\/\/nitu.mx\/index.php\/2021\/06\/18\/red-de-monitoreo-espera-que-sargazo-no-afecte-a-toda-la-costa-quintanarroense\/#primaryimage"},"image":{"@id":"https:\/\/nitu.mx\/index.php\/2021\/06\/18\/red-de-monitoreo-espera-que-sargazo-no-afecte-a-toda-la-costa-quintanarroense\/#primaryimage"},"thumbnailUrl":"https:\/\/nitu.mx\/wp-content\/uploads\/2020\/01\/Riviera-Maya-sargazo.jpg","datePublished":"2021-06-18T05:19:05+00:00","dateModified":"2021-06-18T05:42:43+00:00","breadcrumb":{"@id":"https:\/\/nitu.mx\/index.php\/2021\/06\/18\/red-de-monitoreo-espera-que-sargazo-no-afecte-a-toda-la-costa-quintanarroense\/#breadcrumb"},"inLanguage":"es-MX","potentialAction":[{"@type":"ReadAction","target":["https:\/\/nitu.mx\/index.php\/2021\/06\/18\/red-de-monitoreo-espera-que-sargazo-no-afecte-a-toda-la-costa-quintanarroense\/"]}]},{"@type":"ImageObject","inLanguage":"es-MX","@id":"https:\/\/nitu.mx\/index.php\/2021\/06\/18\/red-de-monitoreo-espera-que-sargazo-no-afecte-a-toda-la-costa-quintanarroense\/#primaryimage","url":"https:\/\/nitu.mx\/wp-content\/uploads\/2020\/01\/Riviera-Maya-sargazo.jpg","contentUrl":"https:\/\/nitu.mx\/wp-content\/uploads\/2020\/01\/Riviera-Maya-sargazo.jpg","width":850,"height":480,"caption":"Riviera Maya sargazo"},{"@type":"BreadcrumbList","@id":"https:\/\/nitu.mx\/index.php\/2021\/06\/18\/red-de-monitoreo-espera-que-sargazo-no-afecte-a-toda-la-costa-quintanarroense\/#breadcrumb","itemListElement":[{"@type":"ListItem","position":1,"name":"Inicio","item":"https:\/\/nitu.mx\/"},{"@type":"ListItem","position":2,"name":"Red de Monitoreo espera que sargazo no afecte a toda la costa quintanarroense"}]},{"@type":"WebSite","@id":"https:\/\/nitu.mx\/#website","url":"https:\/\/nitu.mx\/","name":"Nitu - Noticias de la Industria Turistica","description":"Noticias de la Industria Turistica","publisher":{"@id":"https:\/\/nitu.mx\/#\/schema\/person\/ae7a53426417292d3dd07b45a33e01bc"},"alternateName":"Noticias de la Industria Turistica","potentialAction":[{"@type":"SearchAction","target":{"@type":"EntryPoint","urlTemplate":"https:\/\/nitu.mx\/?s={search_term_string}"},"query-input":"required name=search_term_string"}],"inLanguage":"es-MX"},{"@type":["Person","Organization"],"@id":"https:\/\/nitu.mx\/#\/schema\/person\/ae7a53426417292d3dd07b45a33e01bc","name":"Arturo Medina","image":{"@type":"ImageObject","inLanguage":"es-MX","@id":"https:\/\/nitu.mx\/#\/schema\/person\/image\/","url":"https:\/\/nitu.mx\/wp-content\/uploads\/2024\/04\/4A315622-1904-4D5C-B022-878CDC840E04-90x90-1.jpeg","contentUrl":"https:\/\/nitu.mx\/wp-content\/uploads\/2024\/04\/4A315622-1904-4D5C-B022-878CDC840E04-90x90-1.jpeg","width":90,"height":90,"caption":"Arturo Medina"},"logo":{"@id":"https:\/\/nitu.mx\/#\/schema\/person\/image\/"},"description":"Director NITU.mx, Egresado de la Escuela de Periodismo Carlos Septi\u00e9n Garc\u00eda. Periodista y analista especializado en turismo desde hace 35 a\u00f1os, radicado en Canc\u00fan Q.Roo. arturo@nitu.mx","sameAs":["https:\/\/nitu.mx","https:\/\/www.facebook.com\/NITUmx\/","medinacancun","https:\/\/twitter.com\/@Arturo_Medina_G"]},{"@type":"Person","@id":"https:\/\/nitu.mx\/#\/schema\/person\/4a28fe9bd65924f7c90623773daf1b0b","name":"Redacci\u00f3n","image":{"@type":"ImageObject","inLanguage":"es-MX","@id":"https:\/\/nitu.mx\/#\/schema\/person\/image\/","url":"https:\/\/secure.gravatar.com\/avatar\/5dd011c8ccfc5cd7e4c81e42252aab38?s=96&d=mm&r=g","contentUrl":"https:\/\/secure.gravatar.com\/avatar\/5dd011c8ccfc5cd7e4c81e42252aab38?s=96&d=mm&r=g","caption":"Redacci\u00f3n"},"url":"https:\/\/nitu.mx\/index.php\/author\/redaccion\/"}]}},"views":340,"_links":{"self":[{"href":"https:\/\/nitu.mx\/index.php\/wp-json\/wp\/v2\/posts\/53247"}],"collection":[{"href":"https:\/\/nitu.mx\/index.php\/wp-json\/wp\/v2\/posts"}],"about":[{"href":"https:\/\/nitu.mx\/index.php\/wp-json\/wp\/v2\/types\/post"}],"author":[{"embeddable":true,"href":"https:\/\/nitu.mx\/index.php\/wp-json\/wp\/v2\/users\/17"}],"replies":[{"embeddable":true,"href":"https:\/\/nitu.mx\/index.php\/wp-json\/wp\/v2\/comments?post=53247"}],"version-history":[{"count":2,"href":"https:\/\/nitu.mx\/index.php\/wp-json\/wp\/v2\/posts\/53247\/revisions"}],"predecessor-version":[{"id":53270,"href":"https:\/\/nitu.mx\/index.php\/wp-json\/wp\/v2\/posts\/53247\/revisions\/53270"}],"wp:featuredmedia":[{"embeddable":true,"href":"https:\/\/nitu.mx\/index.php\/wp-json\/wp\/v2\/media\/39381"}],"wp:attachment":[{"href":"https:\/\/nitu.mx\/index.php\/wp-json\/wp\/v2\/media?parent=53247"}],"wp:term":[{"taxonomy":"category","embeddable":true,"href":"https:\/\/nitu.mx\/index.php\/wp-json\/wp\/v2\/categories?post=53247"},{"taxonomy":"post_tag","embeddable":true,"href":"https:\/\/nitu.mx\/index.php\/wp-json\/wp\/v2\/tags?post=53247"}],"curies":[{"name":"wp","href":"https:\/\/api.w.org\/{rel}","templated":true}]}}