{"id":53012,"date":"2021-06-08T18:35:00","date_gmt":"2021-06-08T23:35:00","guid":{"rendered":"https:\/\/www.dev.nitu.mx\/?p=53012"},"modified":"2021-06-09T00:29:47","modified_gmt":"2021-06-09T05:29:47","slug":"viva-aerobus-apoya-a-afac-en-capacitacion-y-servicios-tecnologicos","status":"publish","type":"post","link":"https:\/\/nitu.mx\/index.php\/2021\/06\/08\/viva-aerobus-apoya-a-afac-en-capacitacion-y-servicios-tecnologicos\/","title":{"rendered":"Viva Aerobus apoya a AFAC en capacitaci\u00f3n y servicios tecnol\u00f3gicos"},"content":{"rendered":"<p>Para apoyar en el licenciamiento, capacitaci\u00f3n y servicios tecnol\u00f3gicos en el manejo de herramientas inform\u00e1ticas, Viva Aerobus firm\u00f3 un Convenio de Colaboraci\u00f3n con la Agencia Federal de Aviaci\u00f3n Civil (AFAC).<\/p>\n<p>Con esta paqueter\u00eda se fortalecer\u00e1 la infraestructura tecnol\u00f3gica de la dependencia federal a cargo de la regulaci\u00f3n a\u00e9rea y a su personal t\u00e9cnico-aeron\u00e1utico, que adem\u00e1s contar\u00e1 con asesor\u00eda t\u00e9cnica y acad\u00e9mica especializada.<\/p>\n<p>En la firma del convenio estuvieron presentes los directores generales de Viva Aerobus, Juan Carlos Zuazua, y de la AFAC, Carlos Antonio Rodr\u00edguez Mungu\u00eda.<\/p>\n<p>Los directivos expresaron su inter\u00e9s en refrendar la buena relaci\u00f3n entre el regulador y la industria para trabajar de forma coordinada ante el reto que implica recuperar la Categor\u00eda 1 en seguridad a\u00e9rea que certifica la Agencia Federal de Aviaci\u00f3n (FAA) de Estados Unidos.<\/p>\n<p>Zuazua coment\u00f3 que la aerol\u00ednea contin\u00faa con su programa de renovaci\u00f3n e incremento de flota a\u00e9rea, misma que ser\u00e1 fundamental para atender la demanda de los servicios a\u00e9reos de la temporada de verano 2021.<\/p>\n<p>\u201cCon lo anterior y trabajando de la mano con la autoridad, se mantendr\u00e1 una industria s\u00f3lida\u201d, resalt\u00f3 el director de Viva Aerobus<\/p>\n<p>Por su parte, el Rodr\u00edguez Mungu\u00eda agradeci\u00f3 el apoyo de la empresa y reiter\u00f3 su compromiso para continuar trabajando en la mejora de los procesos que se tienen al interior de la AFAC, buscando el beneficio para la industria aeron\u00e1utica y en total apego a la normatividad.\u00a0<a title=\"Hoteleros de la Riviera Maya urgen recuperar la Categor\u00eda 1 en seguridad aeroportuaria\" href=\"https:\/\/www.dev.nitu.mx\/index.php\/2021\/05\/28\/hoteleros-de-la-riviera-maya-urgen-recuperar-la-categoria-1-en-seguridad-aeroportuaria\/\" rel=\"bookmark\">(Hoteleros de la Riviera Maya urgen recuperar la Categor\u00eda 1 en seguridad aeroportuaria<\/a>).<\/p>\n","protected":false},"excerpt":{"rendered":"<p>Para apoyar en el licenciamiento, capacitaci\u00f3n y servicios tecnol\u00f3gicos en el manejo de herramientas inform\u00e1ticas, Viva Aerobus firm\u00f3 un Convenio de Colaboraci\u00f3n con la Agencia Federal de Aviaci\u00f3n Civil (AFAC). Con esta paqueter\u00eda se fortalecer\u00e1 la infraestructura tecnol\u00f3gica de la dependencia federal a cargo de la regulaci\u00f3n a\u00e9rea y a su personal t\u00e9cnico-aeron\u00e1utico, que adem\u00e1s [&hellip;]<\/p>\n","protected":false},"author":18,"featured_media":53015,"comment_status":"open","ping_status":"open","sticky":false,"template":"","format":"standard","meta":{"footnotes":""},"categories":[29],"tags":[14341,22250,22198,295,2102],"yoast_head":"<!-- This site is optimized with the Yoast SEO plugin v22.2 - https:\/\/yoast.com\/wordpress\/plugins\/seo\/ -->\n<title>Viva Aerobus apoya a AFAC en capacitaci\u00f3n y servicios tecnol\u00f3gicos - Nitu - Noticias de la Industria Turistica<\/title>\n<meta name=\"robots\" content=\"index, follow, max-snippet:-1, max-image-preview:large, max-video-preview:-1\" \/>\n<link rel=\"canonical\" href=\"https:\/\/nitu.mx\/index.php\/2021\/06\/08\/viva-aerobus-apoya-a-afac-en-capacitacion-y-servicios-tecnologicos\/\" \/>\n<meta name=\"twitter:card\" content=\"summary_large_image\" \/>\n<meta name=\"twitter:title\" content=\"Viva Aerobus apoya a AFAC en capacitaci\u00f3n y servicios tecnol\u00f3gicos - Nitu - Noticias de la Industria Turistica\" \/>\n<meta name=\"twitter:description\" content=\"Para apoyar en el licenciamiento, capacitaci\u00f3n y servicios tecnol\u00f3gicos en el manejo de herramientas inform\u00e1ticas, Viva Aerobus firm\u00f3 un Convenio de Colaboraci\u00f3n con la Agencia Federal de Aviaci\u00f3n Civil (AFAC). Con esta paqueter\u00eda se fortalecer\u00e1 la infraestructura tecnol\u00f3gica de la dependencia federal a cargo de la regulaci\u00f3n a\u00e9rea y a su personal t\u00e9cnico-aeron\u00e1utico, que adem\u00e1s [&hellip;]\" \/>\n<meta name=\"twitter:image\" content=\"https:\/\/nitu.mx\/wp-content\/uploads\/2021\/06\/Viva-Aerobus-y-AFAC.jpg\" \/>\n<meta name=\"twitter:creator\" content=\"@NITUmx\" \/>\n<meta name=\"twitter:site\" content=\"@Arturo_Medina_G\" \/>\n<meta name=\"twitter:label1\" content=\"Escrito por\" \/>\n\t<meta name=\"twitter:data1\" content=\"Guadalupe Sixto\" \/>\n\t<meta name=\"twitter:label2\" content=\"Tiempo de lectura\" \/>\n\t<meta name=\"twitter:data2\" content=\"1 minuto\" \/>\n<script type=\"application\/ld+json\" class=\"yoast-schema-graph\">{\"@context\":\"https:\/\/schema.org\",\"@graph\":[{\"@type\":\"Article\",\"@id\":\"https:\/\/nitu.mx\/index.php\/2021\/06\/08\/viva-aerobus-apoya-a-afac-en-capacitacion-y-servicios-tecnologicos\/#article\",\"isPartOf\":{\"@id\":\"https:\/\/nitu.mx\/index.php\/2021\/06\/08\/viva-aerobus-apoya-a-afac-en-capacitacion-y-servicios-tecnologicos\/\"},\"author\":{\"name\":\"Guadalupe Sixto\",\"@id\":\"https:\/\/nitu.mx\/#\/schema\/person\/3df3082b5e46037e3f13614d28ee0b77\"},\"headline\":\"Viva Aerobus apoya a AFAC en capacitaci\u00f3n y servicios tecnol\u00f3gicos\",\"datePublished\":\"2021-06-08T23:35:00+00:00\",\"dateModified\":\"2021-06-09T05:29:47+00:00\",\"mainEntityOfPage\":{\"@id\":\"https:\/\/nitu.mx\/index.php\/2021\/06\/08\/viva-aerobus-apoya-a-afac-en-capacitacion-y-servicios-tecnologicos\/\"},\"wordCount\":287,\"commentCount\":0,\"publisher\":{\"@id\":\"https:\/\/nitu.mx\/#\/schema\/person\/ae7a53426417292d3dd07b45a33e01bc\"},\"image\":{\"@id\":\"https:\/\/nitu.mx\/index.php\/2021\/06\/08\/viva-aerobus-apoya-a-afac-en-capacitacion-y-servicios-tecnologicos\/#primaryimage\"},\"thumbnailUrl\":\"https:\/\/nitu.mx\/wp-content\/uploads\/2021\/06\/Viva-Aerobus-y-AFAC.jpg\",\"keywords\":[\"AFAC\",\"Carlos Antonio Rodr\u00edguez\",\"Categor\u00eda 1\",\"Juan Carlos Zuazua\",\"Viva Aerobus\"],\"articleSection\":[\"Aerol\u00edneas\"],\"inLanguage\":\"es-MX\",\"potentialAction\":[{\"@type\":\"CommentAction\",\"name\":\"Comment\",\"target\":[\"https:\/\/nitu.mx\/index.php\/2021\/06\/08\/viva-aerobus-apoya-a-afac-en-capacitacion-y-servicios-tecnologicos\/#respond\"]}]},{\"@type\":\"WebPage\",\"@id\":\"https:\/\/nitu.mx\/index.php\/2021\/06\/08\/viva-aerobus-apoya-a-afac-en-capacitacion-y-servicios-tecnologicos\/\",\"url\":\"https:\/\/nitu.mx\/index.php\/2021\/06\/08\/viva-aerobus-apoya-a-afac-en-capacitacion-y-servicios-tecnologicos\/\",\"name\":\"Viva Aerobus apoya a AFAC en capacitaci\u00f3n y servicios tecnol\u00f3gicos - Nitu - Noticias de la Industria Turistica\",\"isPartOf\":{\"@id\":\"https:\/\/nitu.mx\/#website\"},\"primaryImageOfPage\":{\"@id\":\"https:\/\/nitu.mx\/index.php\/2021\/06\/08\/viva-aerobus-apoya-a-afac-en-capacitacion-y-servicios-tecnologicos\/#primaryimage\"},\"image\":{\"@id\":\"https:\/\/nitu.mx\/index.php\/2021\/06\/08\/viva-aerobus-apoya-a-afac-en-capacitacion-y-servicios-tecnologicos\/#primaryimage\"},\"thumbnailUrl\":\"https:\/\/nitu.mx\/wp-content\/uploads\/2021\/06\/Viva-Aerobus-y-AFAC.jpg\",\"datePublished\":\"2021-06-08T23:35:00+00:00\",\"dateModified\":\"2021-06-09T05:29:47+00:00\",\"breadcrumb\":{\"@id\":\"https:\/\/nitu.mx\/index.php\/2021\/06\/08\/viva-aerobus-apoya-a-afac-en-capacitacion-y-servicios-tecnologicos\/#breadcrumb\"},\"inLanguage\":\"es-MX\",\"potentialAction\":[{\"@type\":\"ReadAction\",\"target\":[\"https:\/\/nitu.mx\/index.php\/2021\/06\/08\/viva-aerobus-apoya-a-afac-en-capacitacion-y-servicios-tecnologicos\/\"]}]},{\"@type\":\"ImageObject\",\"inLanguage\":\"es-MX\",\"@id\":\"https:\/\/nitu.mx\/index.php\/2021\/06\/08\/viva-aerobus-apoya-a-afac-en-capacitacion-y-servicios-tecnologicos\/#primaryimage\",\"url\":\"https:\/\/nitu.mx\/wp-content\/uploads\/2021\/06\/Viva-Aerobus-y-AFAC.jpg\",\"contentUrl\":\"https:\/\/nitu.mx\/wp-content\/uploads\/2021\/06\/Viva-Aerobus-y-AFAC.jpg\",\"width\":1200,\"height\":675},{\"@type\":\"BreadcrumbList\",\"@id\":\"https:\/\/nitu.mx\/index.php\/2021\/06\/08\/viva-aerobus-apoya-a-afac-en-capacitacion-y-servicios-tecnologicos\/#breadcrumb\",\"itemListElement\":[{\"@type\":\"ListItem\",\"position\":1,\"name\":\"Inicio\",\"item\":\"https:\/\/nitu.mx\/\"},{\"@type\":\"ListItem\",\"position\":2,\"name\":\"Viva Aerobus apoya a AFAC en capacitaci\u00f3n y servicios tecnol\u00f3gicos\"}]},{\"@type\":\"WebSite\",\"@id\":\"https:\/\/nitu.mx\/#website\",\"url\":\"https:\/\/nitu.mx\/\",\"name\":\"Nitu - Noticias de la Industria Turistica\",\"description\":\"Noticias de la Industria Turistica\",\"publisher\":{\"@id\":\"https:\/\/nitu.mx\/#\/schema\/person\/ae7a53426417292d3dd07b45a33e01bc\"},\"alternateName\":\"Noticias de la Industria Turistica\",\"potentialAction\":[{\"@type\":\"SearchAction\",\"target\":{\"@type\":\"EntryPoint\",\"urlTemplate\":\"https:\/\/nitu.mx\/?s={search_term_string}\"},\"query-input\":\"required name=search_term_string\"}],\"inLanguage\":\"es-MX\"},{\"@type\":[\"Person\",\"Organization\"],\"@id\":\"https:\/\/nitu.mx\/#\/schema\/person\/ae7a53426417292d3dd07b45a33e01bc\",\"name\":\"Arturo Medina\",\"image\":{\"@type\":\"ImageObject\",\"inLanguage\":\"es-MX\",\"@id\":\"https:\/\/nitu.mx\/#\/schema\/person\/image\/\",\"url\":\"https:\/\/nitu.mx\/wp-content\/uploads\/2024\/04\/4A315622-1904-4D5C-B022-878CDC840E04-90x90-1.jpeg\",\"contentUrl\":\"https:\/\/nitu.mx\/wp-content\/uploads\/2024\/04\/4A315622-1904-4D5C-B022-878CDC840E04-90x90-1.jpeg\",\"width\":90,\"height\":90,\"caption\":\"Arturo Medina\"},\"logo\":{\"@id\":\"https:\/\/nitu.mx\/#\/schema\/person\/image\/\"},\"description\":\"Director NITU.mx, Egresado de la Escuela de Periodismo Carlos Septi\u00e9n Garc\u00eda. Periodista y analista especializado en turismo desde hace 35 a\u00f1os, radicado en Canc\u00fan Q.Roo. arturo@nitu.mx\",\"sameAs\":[\"https:\/\/nitu.mx\",\"https:\/\/www.facebook.com\/NITUmx\/\",\"medinacancun\",\"https:\/\/twitter.com\/@Arturo_Medina_G\"]},{\"@type\":\"Person\",\"@id\":\"https:\/\/nitu.mx\/#\/schema\/person\/3df3082b5e46037e3f13614d28ee0b77\",\"name\":\"Guadalupe Sixto\",\"image\":{\"@type\":\"ImageObject\",\"inLanguage\":\"es-MX\",\"@id\":\"https:\/\/nitu.mx\/#\/schema\/person\/image\/\",\"url\":\"https:\/\/secure.gravatar.com\/avatar\/13914e1b0e1919e91f9539de4dc584c4?s=96&d=mm&r=g\",\"contentUrl\":\"https:\/\/secure.gravatar.com\/avatar\/13914e1b0e1919e91f9539de4dc584c4?s=96&d=mm&r=g\",\"caption\":\"Guadalupe Sixto\"},\"url\":\"https:\/\/nitu.mx\/index.php\/author\/gsixto\/\"}]}<\/script>\n<!-- \/ Yoast SEO plugin. -->","yoast_head_json":{"title":"Viva Aerobus apoya a AFAC en capacitaci\u00f3n y servicios tecnol\u00f3gicos - Nitu - Noticias de la Industria Turistica","robots":{"index":"index","follow":"follow","max-snippet":"max-snippet:-1","max-image-preview":"max-image-preview:large","max-video-preview":"max-video-preview:-1"},"canonical":"https:\/\/nitu.mx\/index.php\/2021\/06\/08\/viva-aerobus-apoya-a-afac-en-capacitacion-y-servicios-tecnologicos\/","twitter_card":"summary_large_image","twitter_title":"Viva Aerobus apoya a AFAC en capacitaci\u00f3n y servicios tecnol\u00f3gicos - Nitu - Noticias de la Industria Turistica","twitter_description":"Para apoyar en el licenciamiento, capacitaci\u00f3n y servicios tecnol\u00f3gicos en el manejo de herramientas inform\u00e1ticas, Viva Aerobus firm\u00f3 un Convenio de Colaboraci\u00f3n con la Agencia Federal de Aviaci\u00f3n Civil (AFAC). Con esta paqueter\u00eda se fortalecer\u00e1 la infraestructura tecnol\u00f3gica de la dependencia federal a cargo de la regulaci\u00f3n a\u00e9rea y a su personal t\u00e9cnico-aeron\u00e1utico, que adem\u00e1s [&hellip;]","twitter_image":"https:\/\/nitu.mx\/wp-content\/uploads\/2021\/06\/Viva-Aerobus-y-AFAC.jpg","twitter_creator":"@NITUmx","twitter_site":"@Arturo_Medina_G","twitter_misc":{"Escrito por":"Guadalupe Sixto","Tiempo de lectura":"1 minuto"},"schema":{"@context":"https:\/\/schema.org","@graph":[{"@type":"Article","@id":"https:\/\/nitu.mx\/index.php\/2021\/06\/08\/viva-aerobus-apoya-a-afac-en-capacitacion-y-servicios-tecnologicos\/#article","isPartOf":{"@id":"https:\/\/nitu.mx\/index.php\/2021\/06\/08\/viva-aerobus-apoya-a-afac-en-capacitacion-y-servicios-tecnologicos\/"},"author":{"name":"Guadalupe Sixto","@id":"https:\/\/nitu.mx\/#\/schema\/person\/3df3082b5e46037e3f13614d28ee0b77"},"headline":"Viva Aerobus apoya a AFAC en capacitaci\u00f3n y servicios tecnol\u00f3gicos","datePublished":"2021-06-08T23:35:00+00:00","dateModified":"2021-06-09T05:29:47+00:00","mainEntityOfPage":{"@id":"https:\/\/nitu.mx\/index.php\/2021\/06\/08\/viva-aerobus-apoya-a-afac-en-capacitacion-y-servicios-tecnologicos\/"},"wordCount":287,"commentCount":0,"publisher":{"@id":"https:\/\/nitu.mx\/#\/schema\/person\/ae7a53426417292d3dd07b45a33e01bc"},"image":{"@id":"https:\/\/nitu.mx\/index.php\/2021\/06\/08\/viva-aerobus-apoya-a-afac-en-capacitacion-y-servicios-tecnologicos\/#primaryimage"},"thumbnailUrl":"https:\/\/nitu.mx\/wp-content\/uploads\/2021\/06\/Viva-Aerobus-y-AFAC.jpg","keywords":["AFAC","Carlos Antonio Rodr\u00edguez","Categor\u00eda 1","Juan Carlos Zuazua","Viva Aerobus"],"articleSection":["Aerol\u00edneas"],"inLanguage":"es-MX","potentialAction":[{"@type":"CommentAction","name":"Comment","target":["https:\/\/nitu.mx\/index.php\/2021\/06\/08\/viva-aerobus-apoya-a-afac-en-capacitacion-y-servicios-tecnologicos\/#respond"]}]},{"@type":"WebPage","@id":"https:\/\/nitu.mx\/index.php\/2021\/06\/08\/viva-aerobus-apoya-a-afac-en-capacitacion-y-servicios-tecnologicos\/","url":"https:\/\/nitu.mx\/index.php\/2021\/06\/08\/viva-aerobus-apoya-a-afac-en-capacitacion-y-servicios-tecnologicos\/","name":"Viva Aerobus apoya a AFAC en capacitaci\u00f3n y servicios tecnol\u00f3gicos - Nitu - Noticias de la Industria Turistica","isPartOf":{"@id":"https:\/\/nitu.mx\/#website"},"primaryImageOfPage":{"@id":"https:\/\/nitu.mx\/index.php\/2021\/06\/08\/viva-aerobus-apoya-a-afac-en-capacitacion-y-servicios-tecnologicos\/#primaryimage"},"image":{"@id":"https:\/\/nitu.mx\/index.php\/2021\/06\/08\/viva-aerobus-apoya-a-afac-en-capacitacion-y-servicios-tecnologicos\/#primaryimage"},"thumbnailUrl":"https:\/\/nitu.mx\/wp-content\/uploads\/2021\/06\/Viva-Aerobus-y-AFAC.jpg","datePublished":"2021-06-08T23:35:00+00:00","dateModified":"2021-06-09T05:29:47+00:00","breadcrumb":{"@id":"https:\/\/nitu.mx\/index.php\/2021\/06\/08\/viva-aerobus-apoya-a-afac-en-capacitacion-y-servicios-tecnologicos\/#breadcrumb"},"inLanguage":"es-MX","potentialAction":[{"@type":"ReadAction","target":["https:\/\/nitu.mx\/index.php\/2021\/06\/08\/viva-aerobus-apoya-a-afac-en-capacitacion-y-servicios-tecnologicos\/"]}]},{"@type":"ImageObject","inLanguage":"es-MX","@id":"https:\/\/nitu.mx\/index.php\/2021\/06\/08\/viva-aerobus-apoya-a-afac-en-capacitacion-y-servicios-tecnologicos\/#primaryimage","url":"https:\/\/nitu.mx\/wp-content\/uploads\/2021\/06\/Viva-Aerobus-y-AFAC.jpg","contentUrl":"https:\/\/nitu.mx\/wp-content\/uploads\/2021\/06\/Viva-Aerobus-y-AFAC.jpg","width":1200,"height":675},{"@type":"BreadcrumbList","@id":"https:\/\/nitu.mx\/index.php\/2021\/06\/08\/viva-aerobus-apoya-a-afac-en-capacitacion-y-servicios-tecnologicos\/#breadcrumb","itemListElement":[{"@type":"ListItem","position":1,"name":"Inicio","item":"https:\/\/nitu.mx\/"},{"@type":"ListItem","position":2,"name":"Viva Aerobus apoya a AFAC en capacitaci\u00f3n y servicios tecnol\u00f3gicos"}]},{"@type":"WebSite","@id":"https:\/\/nitu.mx\/#website","url":"https:\/\/nitu.mx\/","name":"Nitu - Noticias de la Industria Turistica","description":"Noticias de la Industria Turistica","publisher":{"@id":"https:\/\/nitu.mx\/#\/schema\/person\/ae7a53426417292d3dd07b45a33e01bc"},"alternateName":"Noticias de la Industria Turistica","potentialAction":[{"@type":"SearchAction","target":{"@type":"EntryPoint","urlTemplate":"https:\/\/nitu.mx\/?s={search_term_string}"},"query-input":"required name=search_term_string"}],"inLanguage":"es-MX"},{"@type":["Person","Organization"],"@id":"https:\/\/nitu.mx\/#\/schema\/person\/ae7a53426417292d3dd07b45a33e01bc","name":"Arturo Medina","image":{"@type":"ImageObject","inLanguage":"es-MX","@id":"https:\/\/nitu.mx\/#\/schema\/person\/image\/","url":"https:\/\/nitu.mx\/wp-content\/uploads\/2024\/04\/4A315622-1904-4D5C-B022-878CDC840E04-90x90-1.jpeg","contentUrl":"https:\/\/nitu.mx\/wp-content\/uploads\/2024\/04\/4A315622-1904-4D5C-B022-878CDC840E04-90x90-1.jpeg","width":90,"height":90,"caption":"Arturo Medina"},"logo":{"@id":"https:\/\/nitu.mx\/#\/schema\/person\/image\/"},"description":"Director NITU.mx, Egresado de la Escuela de Periodismo Carlos Septi\u00e9n Garc\u00eda. Periodista y analista especializado en turismo desde hace 35 a\u00f1os, radicado en Canc\u00fan Q.Roo. arturo@nitu.mx","sameAs":["https:\/\/nitu.mx","https:\/\/www.facebook.com\/NITUmx\/","medinacancun","https:\/\/twitter.com\/@Arturo_Medina_G"]},{"@type":"Person","@id":"https:\/\/nitu.mx\/#\/schema\/person\/3df3082b5e46037e3f13614d28ee0b77","name":"Guadalupe Sixto","image":{"@type":"ImageObject","inLanguage":"es-MX","@id":"https:\/\/nitu.mx\/#\/schema\/person\/image\/","url":"https:\/\/secure.gravatar.com\/avatar\/13914e1b0e1919e91f9539de4dc584c4?s=96&d=mm&r=g","contentUrl":"https:\/\/secure.gravatar.com\/avatar\/13914e1b0e1919e91f9539de4dc584c4?s=96&d=mm&r=g","caption":"Guadalupe Sixto"},"url":"https:\/\/nitu.mx\/index.php\/author\/gsixto\/"}]}},"views":246,"_links":{"self":[{"href":"https:\/\/nitu.mx\/index.php\/wp-json\/wp\/v2\/posts\/53012"}],"collection":[{"href":"https:\/\/nitu.mx\/index.php\/wp-json\/wp\/v2\/posts"}],"about":[{"href":"https:\/\/nitu.mx\/index.php\/wp-json\/wp\/v2\/types\/post"}],"author":[{"embeddable":true,"href":"https:\/\/nitu.mx\/index.php\/wp-json\/wp\/v2\/users\/18"}],"replies":[{"embeddable":true,"href":"https:\/\/nitu.mx\/index.php\/wp-json\/wp\/v2\/comments?post=53012"}],"version-history":[{"count":2,"href":"https:\/\/nitu.mx\/index.php\/wp-json\/wp\/v2\/posts\/53012\/revisions"}],"predecessor-version":[{"id":53014,"href":"https:\/\/nitu.mx\/index.php\/wp-json\/wp\/v2\/posts\/53012\/revisions\/53014"}],"wp:featuredmedia":[{"embeddable":true,"href":"https:\/\/nitu.mx\/index.php\/wp-json\/wp\/v2\/media\/53015"}],"wp:attachment":[{"href":"https:\/\/nitu.mx\/index.php\/wp-json\/wp\/v2\/media?parent=53012"}],"wp:term":[{"taxonomy":"category","embeddable":true,"href":"https:\/\/nitu.mx\/index.php\/wp-json\/wp\/v2\/categories?post=53012"},{"taxonomy":"post_tag","embeddable":true,"href":"https:\/\/nitu.mx\/index.php\/wp-json\/wp\/v2\/tags?post=53012"}],"curies":[{"name":"wp","href":"https:\/\/api.w.org\/{rel}","templated":true}]}}