{"id":52940,"date":"2021-06-03T23:50:25","date_gmt":"2021-06-04T04:50:25","guid":{"rendered":"https:\/\/www.dev.nitu.mx\/?p=52940"},"modified":"2021-06-04T00:23:24","modified_gmt":"2021-06-04T05:23:24","slug":"volaris-reporta-crecimiento-de-12-en-trafico-de-pasajeros","status":"publish","type":"post","link":"https:\/\/nitu.mx\/index.php\/2021\/06\/03\/volaris-reporta-crecimiento-de-12-en-trafico-de-pasajeros\/","title":{"rendered":"Volaris reporta crecimiento de 12% en tr\u00e1fico de pasajeros"},"content":{"rendered":"<p>Durante el mes de mayo de este a\u00f1o, Volaris transport\u00f3 un total de 2.16 millones de pasajeros, lo que se traduce en un crecimiento anual de 12% en comparaci\u00f3n con la etapa prepandemia.<\/p>\n<p>A trav\u00e9s de un comunicado de prensa, Intercam Banco inform\u00f3 que el tr\u00e1fico de pasajeros nacional increment\u00f3 780.6% a\u00f1o contra a\u00f1o, 9.1% en comparaci\u00f3n con 2019; mientras el internacional lo hizo en 24.6% en contraste con el mismo a\u00f1o. Los vuelos nacionales representan 79.4% del total.<\/p>\n<p>\u201cLos incrementos respecto a mayo 2020 se deben en parte a la base comparable impactada por la pandemia, pero surgen principalmente por un excelente desempe\u00f1o y una recuperaci\u00f3n eficiente de la aerol\u00ednea, lo cual se refleja en que los indicadores inclusive son superiores a los de mayo 2019. Esperamos que estos alentadores resultados persistan durante el 2021, aparejados a la reactivaci\u00f3n del turismo\u201d, comunic\u00f3 Intercam Banco.<\/p>\n<p>Si bien este mes no se vio afectado por la baja de categor\u00eda uno a categor\u00eda dos en la aviaci\u00f3n mexicana por parte de la Administraci\u00f3n Federal de Aviaci\u00f3n\u200b (FAA), el incremento de los vuelos internacionales podr\u00eda no ser tan elevado como lo originalmente anticipado. Sin embargo, la empresa \u201cconsidera que tiene oportunidades atractivas de crecimiento dom\u00e9sticas y hacia Centroam\u00e9rica\u201d.<\/p>\n<p>Respecto a los indicadores operativos se report\u00f3 que, la demanda medida en pasajeros milla transportados (RPMs) fue 17.1% mayor a la de 2019, mientras que la capacidad medida en asientos disponibles por milla (ASMs) increment\u00f3 17.3% en contraposici\u00f3n del mismo periodo.<\/p>\n<p>La expectativa es que la aerol\u00ednea mantenga una recuperaci\u00f3n m\u00e1s r\u00e1pida que la de su competencia,\u00a0 debido a su modelo de bajo costo y su enfoque en pasajeros VFR, lo que le permite mantener una elevada participaci\u00f3n en el mercado. (<a title=\"Volaris planea una optimizaci\u00f3n del capital de trabajo por 100 mdd\" href=\"https:\/\/www.dev.nitu.mx\/index.php\/2021\/04\/15\/volaris-planea-una-optimizacion-del-capital-de-trabajo-por-100-mdd\/\" rel=\"bookmark\">Volaris planea una optimizaci\u00f3n del capital de trabajo por 100 mdd<\/a>).<\/p>\n<p>Cabe recordar que las medidas restrictivas de viaje se han reducido y contin\u00faan los avances en la distribuci\u00f3n de vacunas, con lo que se prev\u00e9 que la recuperaci\u00f3n de la aerol\u00ednea contin\u00fae. (Inmobiliare).<\/p>\n","protected":false},"excerpt":{"rendered":"<p>Durante el mes de mayo de este a\u00f1o, Volaris transport\u00f3 un total de 2.16 millones de pasajeros, lo que se traduce en un crecimiento anual de 12% en comparaci\u00f3n con la etapa prepandemia. A trav\u00e9s de un comunicado de prensa, Intercam Banco inform\u00f3 que el tr\u00e1fico de pasajeros nacional increment\u00f3 780.6% a\u00f1o contra a\u00f1o, 9.1% [&hellip;]<\/p>\n","protected":false},"author":17,"featured_media":44151,"comment_status":"open","ping_status":"open","sticky":false,"template":"","format":"standard","meta":{"footnotes":""},"categories":[29,6],"tags":[7447,22238,131],"yoast_head":"<!-- This site is optimized with the Yoast SEO plugin v22.2 - https:\/\/yoast.com\/wordpress\/plugins\/seo\/ -->\n<title>Volaris reporta crecimiento de 12% en tr\u00e1fico de pasajeros - Nitu - Noticias de la Industria Turistica<\/title>\n<meta name=\"robots\" content=\"index, follow, max-snippet:-1, max-image-preview:large, max-video-preview:-1\" \/>\n<link rel=\"canonical\" href=\"https:\/\/nitu.mx\/index.php\/2021\/06\/03\/volaris-reporta-crecimiento-de-12-en-trafico-de-pasajeros\/\" \/>\n<meta name=\"twitter:card\" content=\"summary_large_image\" \/>\n<meta name=\"twitter:title\" content=\"Volaris reporta crecimiento de 12% en tr\u00e1fico de pasajeros - Nitu - Noticias de la Industria Turistica\" \/>\n<meta name=\"twitter:description\" content=\"Durante el mes de mayo de este a\u00f1o, Volaris transport\u00f3 un total de 2.16 millones de pasajeros, lo que se traduce en un crecimiento anual de 12% en comparaci\u00f3n con la etapa prepandemia. A trav\u00e9s de un comunicado de prensa, Intercam Banco inform\u00f3 que el tr\u00e1fico de pasajeros nacional increment\u00f3 780.6% a\u00f1o contra a\u00f1o, 9.1% [&hellip;]\" \/>\n<meta name=\"twitter:image\" content=\"https:\/\/nitu.mx\/wp-content\/uploads\/2020\/07\/VOLARIS-CDMX.jpg\" \/>\n<meta name=\"twitter:creator\" content=\"@NITUmx\" \/>\n<meta name=\"twitter:site\" content=\"@Arturo_Medina_G\" \/>\n<meta name=\"twitter:label1\" content=\"Escrito por\" \/>\n\t<meta name=\"twitter:data1\" content=\"Redacci\u00f3n\" \/>\n\t<meta name=\"twitter:label2\" content=\"Tiempo de lectura\" \/>\n\t<meta name=\"twitter:data2\" content=\"2 minutos\" \/>\n<script type=\"application\/ld+json\" class=\"yoast-schema-graph\">{\"@context\":\"https:\/\/schema.org\",\"@graph\":[{\"@type\":\"Article\",\"@id\":\"https:\/\/nitu.mx\/index.php\/2021\/06\/03\/volaris-reporta-crecimiento-de-12-en-trafico-de-pasajeros\/#article\",\"isPartOf\":{\"@id\":\"https:\/\/nitu.mx\/index.php\/2021\/06\/03\/volaris-reporta-crecimiento-de-12-en-trafico-de-pasajeros\/\"},\"author\":{\"name\":\"Redacci\u00f3n\",\"@id\":\"https:\/\/nitu.mx\/#\/schema\/person\/4a28fe9bd65924f7c90623773daf1b0b\"},\"headline\":\"Volaris reporta crecimiento de 12% en tr\u00e1fico de pasajeros\",\"datePublished\":\"2021-06-04T04:50:25+00:00\",\"dateModified\":\"2021-06-04T05:23:24+00:00\",\"mainEntityOfPage\":{\"@id\":\"https:\/\/nitu.mx\/index.php\/2021\/06\/03\/volaris-reporta-crecimiento-de-12-en-trafico-de-pasajeros\/\"},\"wordCount\":357,\"commentCount\":0,\"publisher\":{\"@id\":\"https:\/\/nitu.mx\/#\/schema\/person\/ae7a53426417292d3dd07b45a33e01bc\"},\"image\":{\"@id\":\"https:\/\/nitu.mx\/index.php\/2021\/06\/03\/volaris-reporta-crecimiento-de-12-en-trafico-de-pasajeros\/#primaryimage\"},\"thumbnailUrl\":\"https:\/\/nitu.mx\/wp-content\/uploads\/2020\/07\/VOLARIS-CDMX.jpg\",\"keywords\":[\"FAA\",\"Intercam Banco\",\"Volaris\"],\"articleSection\":[\"Aerol\u00edneas\",\"M\u00e9xico\"],\"inLanguage\":\"es-MX\",\"potentialAction\":[{\"@type\":\"CommentAction\",\"name\":\"Comment\",\"target\":[\"https:\/\/nitu.mx\/index.php\/2021\/06\/03\/volaris-reporta-crecimiento-de-12-en-trafico-de-pasajeros\/#respond\"]}]},{\"@type\":\"WebPage\",\"@id\":\"https:\/\/nitu.mx\/index.php\/2021\/06\/03\/volaris-reporta-crecimiento-de-12-en-trafico-de-pasajeros\/\",\"url\":\"https:\/\/nitu.mx\/index.php\/2021\/06\/03\/volaris-reporta-crecimiento-de-12-en-trafico-de-pasajeros\/\",\"name\":\"Volaris reporta crecimiento de 12% en tr\u00e1fico de pasajeros - Nitu - Noticias de la Industria Turistica\",\"isPartOf\":{\"@id\":\"https:\/\/nitu.mx\/#website\"},\"primaryImageOfPage\":{\"@id\":\"https:\/\/nitu.mx\/index.php\/2021\/06\/03\/volaris-reporta-crecimiento-de-12-en-trafico-de-pasajeros\/#primaryimage\"},\"image\":{\"@id\":\"https:\/\/nitu.mx\/index.php\/2021\/06\/03\/volaris-reporta-crecimiento-de-12-en-trafico-de-pasajeros\/#primaryimage\"},\"thumbnailUrl\":\"https:\/\/nitu.mx\/wp-content\/uploads\/2020\/07\/VOLARIS-CDMX.jpg\",\"datePublished\":\"2021-06-04T04:50:25+00:00\",\"dateModified\":\"2021-06-04T05:23:24+00:00\",\"breadcrumb\":{\"@id\":\"https:\/\/nitu.mx\/index.php\/2021\/06\/03\/volaris-reporta-crecimiento-de-12-en-trafico-de-pasajeros\/#breadcrumb\"},\"inLanguage\":\"es-MX\",\"potentialAction\":[{\"@type\":\"ReadAction\",\"target\":[\"https:\/\/nitu.mx\/index.php\/2021\/06\/03\/volaris-reporta-crecimiento-de-12-en-trafico-de-pasajeros\/\"]}]},{\"@type\":\"ImageObject\",\"inLanguage\":\"es-MX\",\"@id\":\"https:\/\/nitu.mx\/index.php\/2021\/06\/03\/volaris-reporta-crecimiento-de-12-en-trafico-de-pasajeros\/#primaryimage\",\"url\":\"https:\/\/nitu.mx\/wp-content\/uploads\/2020\/07\/VOLARIS-CDMX.jpg\",\"contentUrl\":\"https:\/\/nitu.mx\/wp-content\/uploads\/2020\/07\/VOLARIS-CDMX.jpg\",\"width\":850,\"height\":480,\"caption\":\"Volaris\"},{\"@type\":\"BreadcrumbList\",\"@id\":\"https:\/\/nitu.mx\/index.php\/2021\/06\/03\/volaris-reporta-crecimiento-de-12-en-trafico-de-pasajeros\/#breadcrumb\",\"itemListElement\":[{\"@type\":\"ListItem\",\"position\":1,\"name\":\"Inicio\",\"item\":\"https:\/\/nitu.mx\/\"},{\"@type\":\"ListItem\",\"position\":2,\"name\":\"Volaris reporta crecimiento de 12% en tr\u00e1fico de pasajeros\"}]},{\"@type\":\"WebSite\",\"@id\":\"https:\/\/nitu.mx\/#website\",\"url\":\"https:\/\/nitu.mx\/\",\"name\":\"Nitu - Noticias de la Industria Turistica\",\"description\":\"Noticias de la Industria Turistica\",\"publisher\":{\"@id\":\"https:\/\/nitu.mx\/#\/schema\/person\/ae7a53426417292d3dd07b45a33e01bc\"},\"alternateName\":\"Noticias de la Industria Turistica\",\"potentialAction\":[{\"@type\":\"SearchAction\",\"target\":{\"@type\":\"EntryPoint\",\"urlTemplate\":\"https:\/\/nitu.mx\/?s={search_term_string}\"},\"query-input\":\"required name=search_term_string\"}],\"inLanguage\":\"es-MX\"},{\"@type\":[\"Person\",\"Organization\"],\"@id\":\"https:\/\/nitu.mx\/#\/schema\/person\/ae7a53426417292d3dd07b45a33e01bc\",\"name\":\"Arturo Medina\",\"image\":{\"@type\":\"ImageObject\",\"inLanguage\":\"es-MX\",\"@id\":\"https:\/\/nitu.mx\/#\/schema\/person\/image\/\",\"url\":\"https:\/\/nitu.mx\/wp-content\/uploads\/2024\/04\/4A315622-1904-4D5C-B022-878CDC840E04-90x90-1.jpeg\",\"contentUrl\":\"https:\/\/nitu.mx\/wp-content\/uploads\/2024\/04\/4A315622-1904-4D5C-B022-878CDC840E04-90x90-1.jpeg\",\"width\":90,\"height\":90,\"caption\":\"Arturo Medina\"},\"logo\":{\"@id\":\"https:\/\/nitu.mx\/#\/schema\/person\/image\/\"},\"description\":\"Director NITU.mx, Egresado de la Escuela de Periodismo Carlos Septi\u00e9n Garc\u00eda. Periodista y analista especializado en turismo desde hace 35 a\u00f1os, radicado en Canc\u00fan Q.Roo. arturo@nitu.mx\",\"sameAs\":[\"https:\/\/nitu.mx\",\"https:\/\/www.facebook.com\/NITUmx\/\",\"medinacancun\",\"https:\/\/twitter.com\/@Arturo_Medina_G\"]},{\"@type\":\"Person\",\"@id\":\"https:\/\/nitu.mx\/#\/schema\/person\/4a28fe9bd65924f7c90623773daf1b0b\",\"name\":\"Redacci\u00f3n\",\"image\":{\"@type\":\"ImageObject\",\"inLanguage\":\"es-MX\",\"@id\":\"https:\/\/nitu.mx\/#\/schema\/person\/image\/\",\"url\":\"https:\/\/secure.gravatar.com\/avatar\/5dd011c8ccfc5cd7e4c81e42252aab38?s=96&d=mm&r=g\",\"contentUrl\":\"https:\/\/secure.gravatar.com\/avatar\/5dd011c8ccfc5cd7e4c81e42252aab38?s=96&d=mm&r=g\",\"caption\":\"Redacci\u00f3n\"},\"url\":\"https:\/\/nitu.mx\/index.php\/author\/redaccion\/\"}]}<\/script>\n<!-- \/ Yoast SEO plugin. -->","yoast_head_json":{"title":"Volaris reporta crecimiento de 12% en tr\u00e1fico de pasajeros - Nitu - Noticias de la Industria Turistica","robots":{"index":"index","follow":"follow","max-snippet":"max-snippet:-1","max-image-preview":"max-image-preview:large","max-video-preview":"max-video-preview:-1"},"canonical":"https:\/\/nitu.mx\/index.php\/2021\/06\/03\/volaris-reporta-crecimiento-de-12-en-trafico-de-pasajeros\/","twitter_card":"summary_large_image","twitter_title":"Volaris reporta crecimiento de 12% en tr\u00e1fico de pasajeros - Nitu - Noticias de la Industria Turistica","twitter_description":"Durante el mes de mayo de este a\u00f1o, Volaris transport\u00f3 un total de 2.16 millones de pasajeros, lo que se traduce en un crecimiento anual de 12% en comparaci\u00f3n con la etapa prepandemia. A trav\u00e9s de un comunicado de prensa, Intercam Banco inform\u00f3 que el tr\u00e1fico de pasajeros nacional increment\u00f3 780.6% a\u00f1o contra a\u00f1o, 9.1% [&hellip;]","twitter_image":"https:\/\/nitu.mx\/wp-content\/uploads\/2020\/07\/VOLARIS-CDMX.jpg","twitter_creator":"@NITUmx","twitter_site":"@Arturo_Medina_G","twitter_misc":{"Escrito por":"Redacci\u00f3n","Tiempo de lectura":"2 minutos"},"schema":{"@context":"https:\/\/schema.org","@graph":[{"@type":"Article","@id":"https:\/\/nitu.mx\/index.php\/2021\/06\/03\/volaris-reporta-crecimiento-de-12-en-trafico-de-pasajeros\/#article","isPartOf":{"@id":"https:\/\/nitu.mx\/index.php\/2021\/06\/03\/volaris-reporta-crecimiento-de-12-en-trafico-de-pasajeros\/"},"author":{"name":"Redacci\u00f3n","@id":"https:\/\/nitu.mx\/#\/schema\/person\/4a28fe9bd65924f7c90623773daf1b0b"},"headline":"Volaris reporta crecimiento de 12% en tr\u00e1fico de pasajeros","datePublished":"2021-06-04T04:50:25+00:00","dateModified":"2021-06-04T05:23:24+00:00","mainEntityOfPage":{"@id":"https:\/\/nitu.mx\/index.php\/2021\/06\/03\/volaris-reporta-crecimiento-de-12-en-trafico-de-pasajeros\/"},"wordCount":357,"commentCount":0,"publisher":{"@id":"https:\/\/nitu.mx\/#\/schema\/person\/ae7a53426417292d3dd07b45a33e01bc"},"image":{"@id":"https:\/\/nitu.mx\/index.php\/2021\/06\/03\/volaris-reporta-crecimiento-de-12-en-trafico-de-pasajeros\/#primaryimage"},"thumbnailUrl":"https:\/\/nitu.mx\/wp-content\/uploads\/2020\/07\/VOLARIS-CDMX.jpg","keywords":["FAA","Intercam Banco","Volaris"],"articleSection":["Aerol\u00edneas","M\u00e9xico"],"inLanguage":"es-MX","potentialAction":[{"@type":"CommentAction","name":"Comment","target":["https:\/\/nitu.mx\/index.php\/2021\/06\/03\/volaris-reporta-crecimiento-de-12-en-trafico-de-pasajeros\/#respond"]}]},{"@type":"WebPage","@id":"https:\/\/nitu.mx\/index.php\/2021\/06\/03\/volaris-reporta-crecimiento-de-12-en-trafico-de-pasajeros\/","url":"https:\/\/nitu.mx\/index.php\/2021\/06\/03\/volaris-reporta-crecimiento-de-12-en-trafico-de-pasajeros\/","name":"Volaris reporta crecimiento de 12% en tr\u00e1fico de pasajeros - Nitu - Noticias de la Industria Turistica","isPartOf":{"@id":"https:\/\/nitu.mx\/#website"},"primaryImageOfPage":{"@id":"https:\/\/nitu.mx\/index.php\/2021\/06\/03\/volaris-reporta-crecimiento-de-12-en-trafico-de-pasajeros\/#primaryimage"},"image":{"@id":"https:\/\/nitu.mx\/index.php\/2021\/06\/03\/volaris-reporta-crecimiento-de-12-en-trafico-de-pasajeros\/#primaryimage"},"thumbnailUrl":"https:\/\/nitu.mx\/wp-content\/uploads\/2020\/07\/VOLARIS-CDMX.jpg","datePublished":"2021-06-04T04:50:25+00:00","dateModified":"2021-06-04T05:23:24+00:00","breadcrumb":{"@id":"https:\/\/nitu.mx\/index.php\/2021\/06\/03\/volaris-reporta-crecimiento-de-12-en-trafico-de-pasajeros\/#breadcrumb"},"inLanguage":"es-MX","potentialAction":[{"@type":"ReadAction","target":["https:\/\/nitu.mx\/index.php\/2021\/06\/03\/volaris-reporta-crecimiento-de-12-en-trafico-de-pasajeros\/"]}]},{"@type":"ImageObject","inLanguage":"es-MX","@id":"https:\/\/nitu.mx\/index.php\/2021\/06\/03\/volaris-reporta-crecimiento-de-12-en-trafico-de-pasajeros\/#primaryimage","url":"https:\/\/nitu.mx\/wp-content\/uploads\/2020\/07\/VOLARIS-CDMX.jpg","contentUrl":"https:\/\/nitu.mx\/wp-content\/uploads\/2020\/07\/VOLARIS-CDMX.jpg","width":850,"height":480,"caption":"Volaris"},{"@type":"BreadcrumbList","@id":"https:\/\/nitu.mx\/index.php\/2021\/06\/03\/volaris-reporta-crecimiento-de-12-en-trafico-de-pasajeros\/#breadcrumb","itemListElement":[{"@type":"ListItem","position":1,"name":"Inicio","item":"https:\/\/nitu.mx\/"},{"@type":"ListItem","position":2,"name":"Volaris reporta crecimiento de 12% en tr\u00e1fico de pasajeros"}]},{"@type":"WebSite","@id":"https:\/\/nitu.mx\/#website","url":"https:\/\/nitu.mx\/","name":"Nitu - Noticias de la Industria Turistica","description":"Noticias de la Industria Turistica","publisher":{"@id":"https:\/\/nitu.mx\/#\/schema\/person\/ae7a53426417292d3dd07b45a33e01bc"},"alternateName":"Noticias de la Industria Turistica","potentialAction":[{"@type":"SearchAction","target":{"@type":"EntryPoint","urlTemplate":"https:\/\/nitu.mx\/?s={search_term_string}"},"query-input":"required name=search_term_string"}],"inLanguage":"es-MX"},{"@type":["Person","Organization"],"@id":"https:\/\/nitu.mx\/#\/schema\/person\/ae7a53426417292d3dd07b45a33e01bc","name":"Arturo Medina","image":{"@type":"ImageObject","inLanguage":"es-MX","@id":"https:\/\/nitu.mx\/#\/schema\/person\/image\/","url":"https:\/\/nitu.mx\/wp-content\/uploads\/2024\/04\/4A315622-1904-4D5C-B022-878CDC840E04-90x90-1.jpeg","contentUrl":"https:\/\/nitu.mx\/wp-content\/uploads\/2024\/04\/4A315622-1904-4D5C-B022-878CDC840E04-90x90-1.jpeg","width":90,"height":90,"caption":"Arturo Medina"},"logo":{"@id":"https:\/\/nitu.mx\/#\/schema\/person\/image\/"},"description":"Director NITU.mx, Egresado de la Escuela de Periodismo Carlos Septi\u00e9n Garc\u00eda. Periodista y analista especializado en turismo desde hace 35 a\u00f1os, radicado en Canc\u00fan Q.Roo. arturo@nitu.mx","sameAs":["https:\/\/nitu.mx","https:\/\/www.facebook.com\/NITUmx\/","medinacancun","https:\/\/twitter.com\/@Arturo_Medina_G"]},{"@type":"Person","@id":"https:\/\/nitu.mx\/#\/schema\/person\/4a28fe9bd65924f7c90623773daf1b0b","name":"Redacci\u00f3n","image":{"@type":"ImageObject","inLanguage":"es-MX","@id":"https:\/\/nitu.mx\/#\/schema\/person\/image\/","url":"https:\/\/secure.gravatar.com\/avatar\/5dd011c8ccfc5cd7e4c81e42252aab38?s=96&d=mm&r=g","contentUrl":"https:\/\/secure.gravatar.com\/avatar\/5dd011c8ccfc5cd7e4c81e42252aab38?s=96&d=mm&r=g","caption":"Redacci\u00f3n"},"url":"https:\/\/nitu.mx\/index.php\/author\/redaccion\/"}]}},"views":273,"_links":{"self":[{"href":"https:\/\/nitu.mx\/index.php\/wp-json\/wp\/v2\/posts\/52940"}],"collection":[{"href":"https:\/\/nitu.mx\/index.php\/wp-json\/wp\/v2\/posts"}],"about":[{"href":"https:\/\/nitu.mx\/index.php\/wp-json\/wp\/v2\/types\/post"}],"author":[{"embeddable":true,"href":"https:\/\/nitu.mx\/index.php\/wp-json\/wp\/v2\/users\/17"}],"replies":[{"embeddable":true,"href":"https:\/\/nitu.mx\/index.php\/wp-json\/wp\/v2\/comments?post=52940"}],"version-history":[{"count":2,"href":"https:\/\/nitu.mx\/index.php\/wp-json\/wp\/v2\/posts\/52940\/revisions"}],"predecessor-version":[{"id":52951,"href":"https:\/\/nitu.mx\/index.php\/wp-json\/wp\/v2\/posts\/52940\/revisions\/52951"}],"wp:featuredmedia":[{"embeddable":true,"href":"https:\/\/nitu.mx\/index.php\/wp-json\/wp\/v2\/media\/44151"}],"wp:attachment":[{"href":"https:\/\/nitu.mx\/index.php\/wp-json\/wp\/v2\/media?parent=52940"}],"wp:term":[{"taxonomy":"category","embeddable":true,"href":"https:\/\/nitu.mx\/index.php\/wp-json\/wp\/v2\/categories?post=52940"},{"taxonomy":"post_tag","embeddable":true,"href":"https:\/\/nitu.mx\/index.php\/wp-json\/wp\/v2\/tags?post=52940"}],"curies":[{"name":"wp","href":"https:\/\/api.w.org\/{rel}","templated":true}]}}