{"id":52904,"date":"2021-06-02T15:44:18","date_gmt":"2021-06-02T20:44:18","guid":{"rendered":"https:\/\/www.dev.nitu.mx\/?p=52904"},"modified":"2021-06-03T00:30:41","modified_gmt":"2021-06-03T05:30:41","slug":"viva-air-aterriza-en-cancun-con-su-nueva-ruta-directa-de-medellin","status":"publish","type":"post","link":"https:\/\/nitu.mx\/index.php\/2021\/06\/02\/viva-air-aterriza-en-cancun-con-su-nueva-ruta-directa-de-medellin\/","title":{"rendered":"Viva Air aterriza en Canc\u00fan con su nueva ruta directa de Medell\u00edn"},"content":{"rendered":"<p>Tal como informamos en NITU.mx, este 2 de junio lleg\u00f3 a Canc\u00fan la aerol\u00ednea colombiana Viva Air con la nueva ruta directa de Medell\u00edn, con lo que este aeropuerto inicia sus funciones como su nuevo Hub internacional.<\/p>\n<p>La aerol\u00ednea de bajo costo se propuso hacer de Medell\u00edn el centro de conexiones para la regi\u00f3n, desde donde tambi\u00e9n operar\u00e1 vuelos a Ciudad de M\u00e9xico y Orlando, y de aqu\u00ed a tres a\u00f1os estima abrir 15 nuevas rutas internacionales a todo el continente.<\/p>\n<p>A partir de hoy, los colombianos pueden volar a Canc\u00fan desde la capital de Antioquia con tres vuelos semanales, los d\u00edas martes, jueves y domingo. La compa\u00f1\u00eda a\u00e9rea estima que en el primer a\u00f1o de operaciones, esta ruta movilice 35 mil pasajeros.<\/p>\n<p>El presidente y CEO de Grupo Viva, F\u00e9lix Antelo, destac\u00f3 que el Hub Medell\u00edn busca poner conexiones al alcance de todas las personas, con su modelo \u2018Efecto Viva\u2019 que ofrece tarifas reducidas hasta 40 por ciento respecto al promedio.<\/p>\n<p>\u201cLa consolidaci\u00f3n de este proyecto cambiar\u00e1 la historia Medell\u00edn, del Aeropuerto Jos\u00e9 Mar\u00eda C\u00f3rdova, y har\u00e1 de la capital de Antioquia el eje de las conexiones del pa\u00eds y el continente, con vuelos r\u00e1pidos, puntuales, accesibles para todos y en aviones nuevos\u201d, dijo el ejecutivo.<\/p>\n<p>Por su parte, Sara Ram\u00edrez Retrepo, gerente general de Airplan, coment\u00f3: \u201cFelicitamos a Viva, celebramos con ella la apertura de la ruta directa a Canc\u00fan, un destino m\u00e1gico, y recibiremos con todas las medidas de bioseguridad, ya que contamos con los sellos de calidad &#8220;Check in Certificado\u201d y \u201cSafeGuard\u201d como una garant\u00eda de protecci\u00f3n de la salud y la vida en esta \u00e9poca de pandemia, a todos los viajeros internacionales\u201d.<\/p>\n<p>Viajar a trav\u00e9s de este nuevo hub evita a los viajeros pasar por el congestionado aeropuerto El Dorado en Bogot\u00e1, lo que facilita los procesos de conexi\u00f3n a una red de destinos diversificados, adem\u00e1s permite la llegada a una de las ciudades de m\u00e1s desarrollo econ\u00f3mico de la regi\u00f3n.<\/p>\n<p>Viva Air tambi\u00e9n inici\u00f3 la ruta Bogot\u00e1 \u2013 Ciudad de M\u00e9xico, \u00a0pr\u00f3ximamente operar\u00e1 Medell\u00edn \u2013 Orlando para el 10 de junio, y Medell\u00edn \u2013 Ciudad de M\u00e9xico a principios de agosto con cuatro vuelos por semana.\u00a0(<a title=\"Viva Air anuncia nueva ruta a Canc\u00fan desde Medell\u00edn\" href=\"https:\/\/www.dev.nitu.mx\/index.php\/2021\/02\/23\/viva-air-anuncia-nueva-ruta-a-cancun-desde-medellin\/\" rel=\"bookmark\">Viva Air anuncia nueva ruta a Canc\u00fan desde Medell\u00edn<\/a>).<\/p>\n","protected":false},"excerpt":{"rendered":"<p>Tal como informamos en NITU.mx, este 2 de junio lleg\u00f3 a Canc\u00fan la aerol\u00ednea colombiana Viva Air con la nueva ruta directa de Medell\u00edn, con lo que este aeropuerto inicia sus funciones como su nuevo Hub internacional. La aerol\u00ednea de bajo costo se propuso hacer de Medell\u00edn el centro de conexiones para la regi\u00f3n, desde [&hellip;]<\/p>\n","protected":false},"author":18,"featured_media":52908,"comment_status":"open","ping_status":"open","sticky":false,"template":"","format":"standard","meta":{"footnotes":""},"categories":[29],"tags":[918,43,224,22222,3151,21698],"yoast_head":"<!-- This site is optimized with the Yoast SEO plugin v22.2 - https:\/\/yoast.com\/wordpress\/plugins\/seo\/ -->\n<title>Viva Air aterriza en Canc\u00fan con su nueva ruta directa de Medell\u00edn - Nitu - Noticias de la Industria Turistica<\/title>\n<meta name=\"robots\" content=\"index, follow, max-snippet:-1, max-image-preview:large, max-video-preview:-1\" \/>\n<link rel=\"canonical\" href=\"https:\/\/nitu.mx\/index.php\/2021\/06\/02\/viva-air-aterriza-en-cancun-con-su-nueva-ruta-directa-de-medellin\/\" \/>\n<meta name=\"twitter:card\" content=\"summary_large_image\" \/>\n<meta name=\"twitter:title\" content=\"Viva Air aterriza en Canc\u00fan con su nueva ruta directa de Medell\u00edn - Nitu - Noticias de la Industria Turistica\" \/>\n<meta name=\"twitter:description\" content=\"Tal como informamos en NITU.mx, este 2 de junio lleg\u00f3 a Canc\u00fan la aerol\u00ednea colombiana Viva Air con la nueva ruta directa de Medell\u00edn, con lo que este aeropuerto inicia sus funciones como su nuevo Hub internacional. La aerol\u00ednea de bajo costo se propuso hacer de Medell\u00edn el centro de conexiones para la regi\u00f3n, desde [&hellip;]\" \/>\n<meta name=\"twitter:image\" content=\"https:\/\/nitu.mx\/wp-content\/uploads\/2021\/06\/Viva-Air-Colombia.jpg\" \/>\n<meta name=\"twitter:creator\" content=\"@NITUmx\" \/>\n<meta name=\"twitter:site\" content=\"@Arturo_Medina_G\" \/>\n<meta name=\"twitter:label1\" content=\"Escrito por\" \/>\n\t<meta name=\"twitter:data1\" content=\"Guadalupe Sixto\" \/>\n\t<meta name=\"twitter:label2\" content=\"Tiempo de lectura\" \/>\n\t<meta name=\"twitter:data2\" content=\"2 minutos\" \/>\n<script type=\"application\/ld+json\" class=\"yoast-schema-graph\">{\"@context\":\"https:\/\/schema.org\",\"@graph\":[{\"@type\":\"Article\",\"@id\":\"https:\/\/nitu.mx\/index.php\/2021\/06\/02\/viva-air-aterriza-en-cancun-con-su-nueva-ruta-directa-de-medellin\/#article\",\"isPartOf\":{\"@id\":\"https:\/\/nitu.mx\/index.php\/2021\/06\/02\/viva-air-aterriza-en-cancun-con-su-nueva-ruta-directa-de-medellin\/\"},\"author\":{\"name\":\"Guadalupe Sixto\",\"@id\":\"https:\/\/nitu.mx\/#\/schema\/person\/3df3082b5e46037e3f13614d28ee0b77\"},\"headline\":\"Viva Air aterriza en Canc\u00fan con su nueva ruta directa de Medell\u00edn\",\"datePublished\":\"2021-06-02T20:44:18+00:00\",\"dateModified\":\"2021-06-03T05:30:41+00:00\",\"mainEntityOfPage\":{\"@id\":\"https:\/\/nitu.mx\/index.php\/2021\/06\/02\/viva-air-aterriza-en-cancun-con-su-nueva-ruta-directa-de-medellin\/\"},\"wordCount\":419,\"commentCount\":0,\"publisher\":{\"@id\":\"https:\/\/nitu.mx\/#\/schema\/person\/ae7a53426417292d3dd07b45a33e01bc\"},\"image\":{\"@id\":\"https:\/\/nitu.mx\/index.php\/2021\/06\/02\/viva-air-aterriza-en-cancun-con-su-nueva-ruta-directa-de-medellin\/#primaryimage\"},\"thumbnailUrl\":\"https:\/\/nitu.mx\/wp-content\/uploads\/2021\/06\/Viva-Air-Colombia.jpg\",\"keywords\":[\"Bogot\u00e1\",\"Canc\u00fan\",\"Colombia\",\"F\u00e9lix Antelo\",\"Medell\u00edn\",\"Viva Air\"],\"articleSection\":[\"Aerol\u00edneas\"],\"inLanguage\":\"es-MX\",\"potentialAction\":[{\"@type\":\"CommentAction\",\"name\":\"Comment\",\"target\":[\"https:\/\/nitu.mx\/index.php\/2021\/06\/02\/viva-air-aterriza-en-cancun-con-su-nueva-ruta-directa-de-medellin\/#respond\"]}]},{\"@type\":\"WebPage\",\"@id\":\"https:\/\/nitu.mx\/index.php\/2021\/06\/02\/viva-air-aterriza-en-cancun-con-su-nueva-ruta-directa-de-medellin\/\",\"url\":\"https:\/\/nitu.mx\/index.php\/2021\/06\/02\/viva-air-aterriza-en-cancun-con-su-nueva-ruta-directa-de-medellin\/\",\"name\":\"Viva Air aterriza en Canc\u00fan con su nueva ruta directa de Medell\u00edn - Nitu - Noticias de la Industria Turistica\",\"isPartOf\":{\"@id\":\"https:\/\/nitu.mx\/#website\"},\"primaryImageOfPage\":{\"@id\":\"https:\/\/nitu.mx\/index.php\/2021\/06\/02\/viva-air-aterriza-en-cancun-con-su-nueva-ruta-directa-de-medellin\/#primaryimage\"},\"image\":{\"@id\":\"https:\/\/nitu.mx\/index.php\/2021\/06\/02\/viva-air-aterriza-en-cancun-con-su-nueva-ruta-directa-de-medellin\/#primaryimage\"},\"thumbnailUrl\":\"https:\/\/nitu.mx\/wp-content\/uploads\/2021\/06\/Viva-Air-Colombia.jpg\",\"datePublished\":\"2021-06-02T20:44:18+00:00\",\"dateModified\":\"2021-06-03T05:30:41+00:00\",\"breadcrumb\":{\"@id\":\"https:\/\/nitu.mx\/index.php\/2021\/06\/02\/viva-air-aterriza-en-cancun-con-su-nueva-ruta-directa-de-medellin\/#breadcrumb\"},\"inLanguage\":\"es-MX\",\"potentialAction\":[{\"@type\":\"ReadAction\",\"target\":[\"https:\/\/nitu.mx\/index.php\/2021\/06\/02\/viva-air-aterriza-en-cancun-con-su-nueva-ruta-directa-de-medellin\/\"]}]},{\"@type\":\"ImageObject\",\"inLanguage\":\"es-MX\",\"@id\":\"https:\/\/nitu.mx\/index.php\/2021\/06\/02\/viva-air-aterriza-en-cancun-con-su-nueva-ruta-directa-de-medellin\/#primaryimage\",\"url\":\"https:\/\/nitu.mx\/wp-content\/uploads\/2021\/06\/Viva-Air-Colombia.jpg\",\"contentUrl\":\"https:\/\/nitu.mx\/wp-content\/uploads\/2021\/06\/Viva-Air-Colombia.jpg\",\"width\":1200,\"height\":675},{\"@type\":\"BreadcrumbList\",\"@id\":\"https:\/\/nitu.mx\/index.php\/2021\/06\/02\/viva-air-aterriza-en-cancun-con-su-nueva-ruta-directa-de-medellin\/#breadcrumb\",\"itemListElement\":[{\"@type\":\"ListItem\",\"position\":1,\"name\":\"Inicio\",\"item\":\"https:\/\/nitu.mx\/\"},{\"@type\":\"ListItem\",\"position\":2,\"name\":\"Viva Air aterriza en Canc\u00fan con su nueva ruta directa de Medell\u00edn\"}]},{\"@type\":\"WebSite\",\"@id\":\"https:\/\/nitu.mx\/#website\",\"url\":\"https:\/\/nitu.mx\/\",\"name\":\"Nitu - Noticias de la Industria Turistica\",\"description\":\"Noticias de la Industria Turistica\",\"publisher\":{\"@id\":\"https:\/\/nitu.mx\/#\/schema\/person\/ae7a53426417292d3dd07b45a33e01bc\"},\"alternateName\":\"Noticias de la Industria Turistica\",\"potentialAction\":[{\"@type\":\"SearchAction\",\"target\":{\"@type\":\"EntryPoint\",\"urlTemplate\":\"https:\/\/nitu.mx\/?s={search_term_string}\"},\"query-input\":\"required name=search_term_string\"}],\"inLanguage\":\"es-MX\"},{\"@type\":[\"Person\",\"Organization\"],\"@id\":\"https:\/\/nitu.mx\/#\/schema\/person\/ae7a53426417292d3dd07b45a33e01bc\",\"name\":\"Arturo Medina\",\"image\":{\"@type\":\"ImageObject\",\"inLanguage\":\"es-MX\",\"@id\":\"https:\/\/nitu.mx\/#\/schema\/person\/image\/\",\"url\":\"https:\/\/nitu.mx\/wp-content\/uploads\/2024\/04\/4A315622-1904-4D5C-B022-878CDC840E04-90x90-1.jpeg\",\"contentUrl\":\"https:\/\/nitu.mx\/wp-content\/uploads\/2024\/04\/4A315622-1904-4D5C-B022-878CDC840E04-90x90-1.jpeg\",\"width\":90,\"height\":90,\"caption\":\"Arturo Medina\"},\"logo\":{\"@id\":\"https:\/\/nitu.mx\/#\/schema\/person\/image\/\"},\"description\":\"Director NITU.mx, Egresado de la Escuela de Periodismo Carlos Septi\u00e9n Garc\u00eda. Periodista y analista especializado en turismo desde hace 35 a\u00f1os, radicado en Canc\u00fan Q.Roo. arturo@nitu.mx\",\"sameAs\":[\"https:\/\/nitu.mx\",\"https:\/\/www.facebook.com\/NITUmx\/\",\"medinacancun\",\"https:\/\/twitter.com\/@Arturo_Medina_G\"]},{\"@type\":\"Person\",\"@id\":\"https:\/\/nitu.mx\/#\/schema\/person\/3df3082b5e46037e3f13614d28ee0b77\",\"name\":\"Guadalupe Sixto\",\"image\":{\"@type\":\"ImageObject\",\"inLanguage\":\"es-MX\",\"@id\":\"https:\/\/nitu.mx\/#\/schema\/person\/image\/\",\"url\":\"https:\/\/secure.gravatar.com\/avatar\/13914e1b0e1919e91f9539de4dc584c4?s=96&d=mm&r=g\",\"contentUrl\":\"https:\/\/secure.gravatar.com\/avatar\/13914e1b0e1919e91f9539de4dc584c4?s=96&d=mm&r=g\",\"caption\":\"Guadalupe Sixto\"},\"url\":\"https:\/\/nitu.mx\/index.php\/author\/gsixto\/\"}]}<\/script>\n<!-- \/ Yoast SEO plugin. -->","yoast_head_json":{"title":"Viva Air aterriza en Canc\u00fan con su nueva ruta directa de Medell\u00edn - Nitu - Noticias de la Industria Turistica","robots":{"index":"index","follow":"follow","max-snippet":"max-snippet:-1","max-image-preview":"max-image-preview:large","max-video-preview":"max-video-preview:-1"},"canonical":"https:\/\/nitu.mx\/index.php\/2021\/06\/02\/viva-air-aterriza-en-cancun-con-su-nueva-ruta-directa-de-medellin\/","twitter_card":"summary_large_image","twitter_title":"Viva Air aterriza en Canc\u00fan con su nueva ruta directa de Medell\u00edn - Nitu - Noticias de la Industria Turistica","twitter_description":"Tal como informamos en NITU.mx, este 2 de junio lleg\u00f3 a Canc\u00fan la aerol\u00ednea colombiana Viva Air con la nueva ruta directa de Medell\u00edn, con lo que este aeropuerto inicia sus funciones como su nuevo Hub internacional. La aerol\u00ednea de bajo costo se propuso hacer de Medell\u00edn el centro de conexiones para la regi\u00f3n, desde [&hellip;]","twitter_image":"https:\/\/nitu.mx\/wp-content\/uploads\/2021\/06\/Viva-Air-Colombia.jpg","twitter_creator":"@NITUmx","twitter_site":"@Arturo_Medina_G","twitter_misc":{"Escrito por":"Guadalupe Sixto","Tiempo de lectura":"2 minutos"},"schema":{"@context":"https:\/\/schema.org","@graph":[{"@type":"Article","@id":"https:\/\/nitu.mx\/index.php\/2021\/06\/02\/viva-air-aterriza-en-cancun-con-su-nueva-ruta-directa-de-medellin\/#article","isPartOf":{"@id":"https:\/\/nitu.mx\/index.php\/2021\/06\/02\/viva-air-aterriza-en-cancun-con-su-nueva-ruta-directa-de-medellin\/"},"author":{"name":"Guadalupe Sixto","@id":"https:\/\/nitu.mx\/#\/schema\/person\/3df3082b5e46037e3f13614d28ee0b77"},"headline":"Viva Air aterriza en Canc\u00fan con su nueva ruta directa de Medell\u00edn","datePublished":"2021-06-02T20:44:18+00:00","dateModified":"2021-06-03T05:30:41+00:00","mainEntityOfPage":{"@id":"https:\/\/nitu.mx\/index.php\/2021\/06\/02\/viva-air-aterriza-en-cancun-con-su-nueva-ruta-directa-de-medellin\/"},"wordCount":419,"commentCount":0,"publisher":{"@id":"https:\/\/nitu.mx\/#\/schema\/person\/ae7a53426417292d3dd07b45a33e01bc"},"image":{"@id":"https:\/\/nitu.mx\/index.php\/2021\/06\/02\/viva-air-aterriza-en-cancun-con-su-nueva-ruta-directa-de-medellin\/#primaryimage"},"thumbnailUrl":"https:\/\/nitu.mx\/wp-content\/uploads\/2021\/06\/Viva-Air-Colombia.jpg","keywords":["Bogot\u00e1","Canc\u00fan","Colombia","F\u00e9lix Antelo","Medell\u00edn","Viva Air"],"articleSection":["Aerol\u00edneas"],"inLanguage":"es-MX","potentialAction":[{"@type":"CommentAction","name":"Comment","target":["https:\/\/nitu.mx\/index.php\/2021\/06\/02\/viva-air-aterriza-en-cancun-con-su-nueva-ruta-directa-de-medellin\/#respond"]}]},{"@type":"WebPage","@id":"https:\/\/nitu.mx\/index.php\/2021\/06\/02\/viva-air-aterriza-en-cancun-con-su-nueva-ruta-directa-de-medellin\/","url":"https:\/\/nitu.mx\/index.php\/2021\/06\/02\/viva-air-aterriza-en-cancun-con-su-nueva-ruta-directa-de-medellin\/","name":"Viva Air aterriza en Canc\u00fan con su nueva ruta directa de Medell\u00edn - Nitu - Noticias de la Industria Turistica","isPartOf":{"@id":"https:\/\/nitu.mx\/#website"},"primaryImageOfPage":{"@id":"https:\/\/nitu.mx\/index.php\/2021\/06\/02\/viva-air-aterriza-en-cancun-con-su-nueva-ruta-directa-de-medellin\/#primaryimage"},"image":{"@id":"https:\/\/nitu.mx\/index.php\/2021\/06\/02\/viva-air-aterriza-en-cancun-con-su-nueva-ruta-directa-de-medellin\/#primaryimage"},"thumbnailUrl":"https:\/\/nitu.mx\/wp-content\/uploads\/2021\/06\/Viva-Air-Colombia.jpg","datePublished":"2021-06-02T20:44:18+00:00","dateModified":"2021-06-03T05:30:41+00:00","breadcrumb":{"@id":"https:\/\/nitu.mx\/index.php\/2021\/06\/02\/viva-air-aterriza-en-cancun-con-su-nueva-ruta-directa-de-medellin\/#breadcrumb"},"inLanguage":"es-MX","potentialAction":[{"@type":"ReadAction","target":["https:\/\/nitu.mx\/index.php\/2021\/06\/02\/viva-air-aterriza-en-cancun-con-su-nueva-ruta-directa-de-medellin\/"]}]},{"@type":"ImageObject","inLanguage":"es-MX","@id":"https:\/\/nitu.mx\/index.php\/2021\/06\/02\/viva-air-aterriza-en-cancun-con-su-nueva-ruta-directa-de-medellin\/#primaryimage","url":"https:\/\/nitu.mx\/wp-content\/uploads\/2021\/06\/Viva-Air-Colombia.jpg","contentUrl":"https:\/\/nitu.mx\/wp-content\/uploads\/2021\/06\/Viva-Air-Colombia.jpg","width":1200,"height":675},{"@type":"BreadcrumbList","@id":"https:\/\/nitu.mx\/index.php\/2021\/06\/02\/viva-air-aterriza-en-cancun-con-su-nueva-ruta-directa-de-medellin\/#breadcrumb","itemListElement":[{"@type":"ListItem","position":1,"name":"Inicio","item":"https:\/\/nitu.mx\/"},{"@type":"ListItem","position":2,"name":"Viva Air aterriza en Canc\u00fan con su nueva ruta directa de Medell\u00edn"}]},{"@type":"WebSite","@id":"https:\/\/nitu.mx\/#website","url":"https:\/\/nitu.mx\/","name":"Nitu - Noticias de la Industria Turistica","description":"Noticias de la Industria Turistica","publisher":{"@id":"https:\/\/nitu.mx\/#\/schema\/person\/ae7a53426417292d3dd07b45a33e01bc"},"alternateName":"Noticias de la Industria Turistica","potentialAction":[{"@type":"SearchAction","target":{"@type":"EntryPoint","urlTemplate":"https:\/\/nitu.mx\/?s={search_term_string}"},"query-input":"required name=search_term_string"}],"inLanguage":"es-MX"},{"@type":["Person","Organization"],"@id":"https:\/\/nitu.mx\/#\/schema\/person\/ae7a53426417292d3dd07b45a33e01bc","name":"Arturo Medina","image":{"@type":"ImageObject","inLanguage":"es-MX","@id":"https:\/\/nitu.mx\/#\/schema\/person\/image\/","url":"https:\/\/nitu.mx\/wp-content\/uploads\/2024\/04\/4A315622-1904-4D5C-B022-878CDC840E04-90x90-1.jpeg","contentUrl":"https:\/\/nitu.mx\/wp-content\/uploads\/2024\/04\/4A315622-1904-4D5C-B022-878CDC840E04-90x90-1.jpeg","width":90,"height":90,"caption":"Arturo Medina"},"logo":{"@id":"https:\/\/nitu.mx\/#\/schema\/person\/image\/"},"description":"Director NITU.mx, Egresado de la Escuela de Periodismo Carlos Septi\u00e9n Garc\u00eda. Periodista y analista especializado en turismo desde hace 35 a\u00f1os, radicado en Canc\u00fan Q.Roo. arturo@nitu.mx","sameAs":["https:\/\/nitu.mx","https:\/\/www.facebook.com\/NITUmx\/","medinacancun","https:\/\/twitter.com\/@Arturo_Medina_G"]},{"@type":"Person","@id":"https:\/\/nitu.mx\/#\/schema\/person\/3df3082b5e46037e3f13614d28ee0b77","name":"Guadalupe Sixto","image":{"@type":"ImageObject","inLanguage":"es-MX","@id":"https:\/\/nitu.mx\/#\/schema\/person\/image\/","url":"https:\/\/secure.gravatar.com\/avatar\/13914e1b0e1919e91f9539de4dc584c4?s=96&d=mm&r=g","contentUrl":"https:\/\/secure.gravatar.com\/avatar\/13914e1b0e1919e91f9539de4dc584c4?s=96&d=mm&r=g","caption":"Guadalupe Sixto"},"url":"https:\/\/nitu.mx\/index.php\/author\/gsixto\/"}]}},"views":390,"_links":{"self":[{"href":"https:\/\/nitu.mx\/index.php\/wp-json\/wp\/v2\/posts\/52904"}],"collection":[{"href":"https:\/\/nitu.mx\/index.php\/wp-json\/wp\/v2\/posts"}],"about":[{"href":"https:\/\/nitu.mx\/index.php\/wp-json\/wp\/v2\/types\/post"}],"author":[{"embeddable":true,"href":"https:\/\/nitu.mx\/index.php\/wp-json\/wp\/v2\/users\/18"}],"replies":[{"embeddable":true,"href":"https:\/\/nitu.mx\/index.php\/wp-json\/wp\/v2\/comments?post=52904"}],"version-history":[{"count":3,"href":"https:\/\/nitu.mx\/index.php\/wp-json\/wp\/v2\/posts\/52904\/revisions"}],"predecessor-version":[{"id":52907,"href":"https:\/\/nitu.mx\/index.php\/wp-json\/wp\/v2\/posts\/52904\/revisions\/52907"}],"wp:featuredmedia":[{"embeddable":true,"href":"https:\/\/nitu.mx\/index.php\/wp-json\/wp\/v2\/media\/52908"}],"wp:attachment":[{"href":"https:\/\/nitu.mx\/index.php\/wp-json\/wp\/v2\/media?parent=52904"}],"wp:term":[{"taxonomy":"category","embeddable":true,"href":"https:\/\/nitu.mx\/index.php\/wp-json\/wp\/v2\/categories?post=52904"},{"taxonomy":"post_tag","embeddable":true,"href":"https:\/\/nitu.mx\/index.php\/wp-json\/wp\/v2\/tags?post=52904"}],"curies":[{"name":"wp","href":"https:\/\/api.w.org\/{rel}","templated":true}]}}