{"id":52858,"date":"2021-05-31T22:50:50","date_gmt":"2021-06-01T03:50:50","guid":{"rendered":"https:\/\/www.dev.nitu.mx\/?p=52858"},"modified":"2021-06-01T00:09:22","modified_gmt":"2021-06-01T05:09:22","slug":"zarpa-de-fort-lauderdale-el-26-de-junio-primer-crucero-al-caribe","status":"publish","type":"post","link":"https:\/\/nitu.mx\/index.php\/2021\/05\/31\/zarpa-de-fort-lauderdale-el-26-de-junio-primer-crucero-al-caribe\/","title":{"rendered":"Zarpa de Fort Lauderdale el 26 de junio primer crucero al Caribe"},"content":{"rendered":"<p>Los Centros para el Control y la Prevenci\u00f3n de Enfermedades en los Estados Unidos, \u00a0anunciaron que permitir\u00edan a\u00a0Celebrity Cruises\u00a0convertirse en la primera l\u00ednea de cruceros en recibir la aprobaci\u00f3n para zarpar con pasajeros de pago a bordo.\u00a0Celebrity Edge partir\u00e1 de Fort Lauderdale el 26 de junio y llevar\u00e1 a los pasajeros en un viaje de siete noches por el Caribe.<\/p>\n<p>De acuerdo al\u00a0sitio web oficial de\u00a0los CDC, los protocolos de cobertura facial actualizados brindan a las l\u00edneas de cruceros m\u00e1s discreci\u00f3n con respecto a los viajeros completamente vacunados y agrega consideraciones discrecionales para los barcos con al menos el 95 por ciento de la tripulaci\u00f3n y los pasajeros completamente vacunados.<\/p>\n<p>Los pasajeros y tripulaci\u00f3n que viajen en cruceros y est\u00e9n completamente vacunados ya no deben usar cubrebocas durante las actividades al aire libre y el servicio prolongado de comidas.\u00a0La instituci\u00f3n tambi\u00e9n menciona que los empleados vacunados no tienen que usar m\u00e1scaras o mantener la distancia f\u00edsica en \u00e1reas del barco que son inaccesibles para los pasajeros.<\/p>\n<p>Cada barco tambi\u00e9n puede designar \u00e1reas como solo accesibles para pasajeros y tripulantes completamente vacunados donde no se requieren m\u00e1scaras y distancia f\u00edsica.\u00a0Los viajeros en embarcaciones con al menos el 95 por ciento de la tripulaci\u00f3n y los pasajeros completamente vacunados no tienen que usar una m\u00e1scara ni mantener la distancia f\u00edsica en ninguna \u00e1rea.<\/p>\n<p>En cuanto a los viajeros que no han recibido una vacuna completa, los CDC a\u00fan recomiendan usar una m\u00e1scara si est\u00e1n en interiores o en un \u00e1rea concurrida. (<a title=\"CDC: Los cruceros pueden comenzar a navegar fuera de EU a partir de julio\" href=\"https:\/\/www.dev.nitu.mx\/index.php\/2021\/04\/30\/cdc-los-cruceros-pueden-comenzar-a-navegar-fuera-de-eu-a-partir-de-julio\/\" rel=\"bookmark\">CDC: Los cruceros pueden comenzar a navegar fuera de EU a partir de julio<\/a>).<\/p>\n<p>Tras la presi\u00f3n social y medi\u00e1tica, la agencia\u00a0public\u00f3 a principios de este mayo los requisitos para los cruceros de prueba con\u00a0pasajeros voluntarios. Estos cruceros de prueba tienen como objetivo la reanudaci\u00f3n de actividades de manera segura.<\/p>\n","protected":false},"excerpt":{"rendered":"<p>Los Centros para el Control y la Prevenci\u00f3n de Enfermedades en los Estados Unidos, \u00a0anunciaron que permitir\u00edan a\u00a0Celebrity Cruises\u00a0convertirse en la primera l\u00ednea de cruceros en recibir la aprobaci\u00f3n para zarpar con pasajeros de pago a bordo.\u00a0Celebrity Edge partir\u00e1 de Fort Lauderdale el 26 de junio y llevar\u00e1 a los pasajeros en un viaje de [&hellip;]<\/p>\n","protected":false},"author":17,"featured_media":52866,"comment_status":"open","ping_status":"open","sticky":false,"template":"","format":"standard","meta":{"footnotes":""},"categories":[4],"tags":[19170,7504,3593],"yoast_head":"<!-- This site is optimized with the Yoast SEO plugin v22.2 - https:\/\/yoast.com\/wordpress\/plugins\/seo\/ -->\n<title>Zarpa de Fort Lauderdale el 26 de junio primer crucero al Caribe - Nitu - Noticias de la Industria Turistica<\/title>\n<meta name=\"robots\" content=\"index, follow, max-snippet:-1, max-image-preview:large, max-video-preview:-1\" \/>\n<link rel=\"canonical\" href=\"https:\/\/nitu.mx\/index.php\/2021\/05\/31\/zarpa-de-fort-lauderdale-el-26-de-junio-primer-crucero-al-caribe\/\" \/>\n<meta name=\"twitter:card\" content=\"summary_large_image\" \/>\n<meta name=\"twitter:title\" content=\"Zarpa de Fort Lauderdale el 26 de junio primer crucero al Caribe - Nitu - Noticias de la Industria Turistica\" \/>\n<meta name=\"twitter:description\" content=\"Los Centros para el Control y la Prevenci\u00f3n de Enfermedades en los Estados Unidos, \u00a0anunciaron que permitir\u00edan a\u00a0Celebrity Cruises\u00a0convertirse en la primera l\u00ednea de cruceros en recibir la aprobaci\u00f3n para zarpar con pasajeros de pago a bordo.\u00a0Celebrity Edge partir\u00e1 de Fort Lauderdale el 26 de junio y llevar\u00e1 a los pasajeros en un viaje de [&hellip;]\" \/>\n<meta name=\"twitter:image\" content=\"https:\/\/nitu.mx\/wp-content\/uploads\/2021\/05\/celebrity-cruises-edge.jpg\" \/>\n<meta name=\"twitter:creator\" content=\"@NITUmx\" \/>\n<meta name=\"twitter:site\" content=\"@Arturo_Medina_G\" \/>\n<meta name=\"twitter:label1\" content=\"Escrito por\" \/>\n\t<meta name=\"twitter:data1\" content=\"Redacci\u00f3n\" \/>\n\t<meta name=\"twitter:label2\" content=\"Tiempo de lectura\" \/>\n\t<meta name=\"twitter:data2\" content=\"2 minutos\" \/>\n<script type=\"application\/ld+json\" class=\"yoast-schema-graph\">{\"@context\":\"https:\/\/schema.org\",\"@graph\":[{\"@type\":\"Article\",\"@id\":\"https:\/\/nitu.mx\/index.php\/2021\/05\/31\/zarpa-de-fort-lauderdale-el-26-de-junio-primer-crucero-al-caribe\/#article\",\"isPartOf\":{\"@id\":\"https:\/\/nitu.mx\/index.php\/2021\/05\/31\/zarpa-de-fort-lauderdale-el-26-de-junio-primer-crucero-al-caribe\/\"},\"author\":{\"name\":\"Redacci\u00f3n\",\"@id\":\"https:\/\/nitu.mx\/#\/schema\/person\/4a28fe9bd65924f7c90623773daf1b0b\"},\"headline\":\"Zarpa de Fort Lauderdale el 26 de junio primer crucero al Caribe\",\"datePublished\":\"2021-06-01T03:50:50+00:00\",\"dateModified\":\"2021-06-01T05:09:22+00:00\",\"mainEntityOfPage\":{\"@id\":\"https:\/\/nitu.mx\/index.php\/2021\/05\/31\/zarpa-de-fort-lauderdale-el-26-de-junio-primer-crucero-al-caribe\/\"},\"wordCount\":342,\"commentCount\":0,\"publisher\":{\"@id\":\"https:\/\/nitu.mx\/#\/schema\/person\/ae7a53426417292d3dd07b45a33e01bc\"},\"image\":{\"@id\":\"https:\/\/nitu.mx\/index.php\/2021\/05\/31\/zarpa-de-fort-lauderdale-el-26-de-junio-primer-crucero-al-caribe\/#primaryimage\"},\"thumbnailUrl\":\"https:\/\/nitu.mx\/wp-content\/uploads\/2021\/05\/celebrity-cruises-edge.jpg\",\"keywords\":[\"CDC\",\"Celebrity Cruises\",\"Fort Laudardale\"],\"articleSection\":[\"Cruceros\"],\"inLanguage\":\"es-MX\",\"potentialAction\":[{\"@type\":\"CommentAction\",\"name\":\"Comment\",\"target\":[\"https:\/\/nitu.mx\/index.php\/2021\/05\/31\/zarpa-de-fort-lauderdale-el-26-de-junio-primer-crucero-al-caribe\/#respond\"]}]},{\"@type\":\"WebPage\",\"@id\":\"https:\/\/nitu.mx\/index.php\/2021\/05\/31\/zarpa-de-fort-lauderdale-el-26-de-junio-primer-crucero-al-caribe\/\",\"url\":\"https:\/\/nitu.mx\/index.php\/2021\/05\/31\/zarpa-de-fort-lauderdale-el-26-de-junio-primer-crucero-al-caribe\/\",\"name\":\"Zarpa de Fort Lauderdale el 26 de junio primer crucero al Caribe - Nitu - Noticias de la Industria Turistica\",\"isPartOf\":{\"@id\":\"https:\/\/nitu.mx\/#website\"},\"primaryImageOfPage\":{\"@id\":\"https:\/\/nitu.mx\/index.php\/2021\/05\/31\/zarpa-de-fort-lauderdale-el-26-de-junio-primer-crucero-al-caribe\/#primaryimage\"},\"image\":{\"@id\":\"https:\/\/nitu.mx\/index.php\/2021\/05\/31\/zarpa-de-fort-lauderdale-el-26-de-junio-primer-crucero-al-caribe\/#primaryimage\"},\"thumbnailUrl\":\"https:\/\/nitu.mx\/wp-content\/uploads\/2021\/05\/celebrity-cruises-edge.jpg\",\"datePublished\":\"2021-06-01T03:50:50+00:00\",\"dateModified\":\"2021-06-01T05:09:22+00:00\",\"breadcrumb\":{\"@id\":\"https:\/\/nitu.mx\/index.php\/2021\/05\/31\/zarpa-de-fort-lauderdale-el-26-de-junio-primer-crucero-al-caribe\/#breadcrumb\"},\"inLanguage\":\"es-MX\",\"potentialAction\":[{\"@type\":\"ReadAction\",\"target\":[\"https:\/\/nitu.mx\/index.php\/2021\/05\/31\/zarpa-de-fort-lauderdale-el-26-de-junio-primer-crucero-al-caribe\/\"]}]},{\"@type\":\"ImageObject\",\"inLanguage\":\"es-MX\",\"@id\":\"https:\/\/nitu.mx\/index.php\/2021\/05\/31\/zarpa-de-fort-lauderdale-el-26-de-junio-primer-crucero-al-caribe\/#primaryimage\",\"url\":\"https:\/\/nitu.mx\/wp-content\/uploads\/2021\/05\/celebrity-cruises-edge.jpg\",\"contentUrl\":\"https:\/\/nitu.mx\/wp-content\/uploads\/2021\/05\/celebrity-cruises-edge.jpg\",\"width\":1200,\"height\":675,\"caption\":\"Celebrity Cruises\"},{\"@type\":\"BreadcrumbList\",\"@id\":\"https:\/\/nitu.mx\/index.php\/2021\/05\/31\/zarpa-de-fort-lauderdale-el-26-de-junio-primer-crucero-al-caribe\/#breadcrumb\",\"itemListElement\":[{\"@type\":\"ListItem\",\"position\":1,\"name\":\"Inicio\",\"item\":\"https:\/\/nitu.mx\/\"},{\"@type\":\"ListItem\",\"position\":2,\"name\":\"Zarpa de Fort Lauderdale el 26 de junio primer crucero al Caribe\"}]},{\"@type\":\"WebSite\",\"@id\":\"https:\/\/nitu.mx\/#website\",\"url\":\"https:\/\/nitu.mx\/\",\"name\":\"Nitu - Noticias de la Industria Turistica\",\"description\":\"Noticias de la Industria Turistica\",\"publisher\":{\"@id\":\"https:\/\/nitu.mx\/#\/schema\/person\/ae7a53426417292d3dd07b45a33e01bc\"},\"alternateName\":\"Noticias de la Industria Turistica\",\"potentialAction\":[{\"@type\":\"SearchAction\",\"target\":{\"@type\":\"EntryPoint\",\"urlTemplate\":\"https:\/\/nitu.mx\/?s={search_term_string}\"},\"query-input\":\"required name=search_term_string\"}],\"inLanguage\":\"es-MX\"},{\"@type\":[\"Person\",\"Organization\"],\"@id\":\"https:\/\/nitu.mx\/#\/schema\/person\/ae7a53426417292d3dd07b45a33e01bc\",\"name\":\"Arturo Medina\",\"image\":{\"@type\":\"ImageObject\",\"inLanguage\":\"es-MX\",\"@id\":\"https:\/\/nitu.mx\/#\/schema\/person\/image\/\",\"url\":\"https:\/\/nitu.mx\/wp-content\/uploads\/2024\/04\/4A315622-1904-4D5C-B022-878CDC840E04-90x90-1.jpeg\",\"contentUrl\":\"https:\/\/nitu.mx\/wp-content\/uploads\/2024\/04\/4A315622-1904-4D5C-B022-878CDC840E04-90x90-1.jpeg\",\"width\":90,\"height\":90,\"caption\":\"Arturo Medina\"},\"logo\":{\"@id\":\"https:\/\/nitu.mx\/#\/schema\/person\/image\/\"},\"description\":\"Director NITU.mx, Egresado de la Escuela de Periodismo Carlos Septi\u00e9n Garc\u00eda. Periodista y analista especializado en turismo desde hace 35 a\u00f1os, radicado en Canc\u00fan Q.Roo. arturo@nitu.mx\",\"sameAs\":[\"https:\/\/nitu.mx\",\"https:\/\/www.facebook.com\/NITUmx\/\",\"medinacancun\",\"https:\/\/twitter.com\/@Arturo_Medina_G\"]},{\"@type\":\"Person\",\"@id\":\"https:\/\/nitu.mx\/#\/schema\/person\/4a28fe9bd65924f7c90623773daf1b0b\",\"name\":\"Redacci\u00f3n\",\"image\":{\"@type\":\"ImageObject\",\"inLanguage\":\"es-MX\",\"@id\":\"https:\/\/nitu.mx\/#\/schema\/person\/image\/\",\"url\":\"https:\/\/secure.gravatar.com\/avatar\/5dd011c8ccfc5cd7e4c81e42252aab38?s=96&d=mm&r=g\",\"contentUrl\":\"https:\/\/secure.gravatar.com\/avatar\/5dd011c8ccfc5cd7e4c81e42252aab38?s=96&d=mm&r=g\",\"caption\":\"Redacci\u00f3n\"},\"url\":\"https:\/\/nitu.mx\/index.php\/author\/redaccion\/\"}]}<\/script>\n<!-- \/ Yoast SEO plugin. -->","yoast_head_json":{"title":"Zarpa de Fort Lauderdale el 26 de junio primer crucero al Caribe - Nitu - Noticias de la Industria Turistica","robots":{"index":"index","follow":"follow","max-snippet":"max-snippet:-1","max-image-preview":"max-image-preview:large","max-video-preview":"max-video-preview:-1"},"canonical":"https:\/\/nitu.mx\/index.php\/2021\/05\/31\/zarpa-de-fort-lauderdale-el-26-de-junio-primer-crucero-al-caribe\/","twitter_card":"summary_large_image","twitter_title":"Zarpa de Fort Lauderdale el 26 de junio primer crucero al Caribe - Nitu - Noticias de la Industria Turistica","twitter_description":"Los Centros para el Control y la Prevenci\u00f3n de Enfermedades en los Estados Unidos, \u00a0anunciaron que permitir\u00edan a\u00a0Celebrity Cruises\u00a0convertirse en la primera l\u00ednea de cruceros en recibir la aprobaci\u00f3n para zarpar con pasajeros de pago a bordo.\u00a0Celebrity Edge partir\u00e1 de Fort Lauderdale el 26 de junio y llevar\u00e1 a los pasajeros en un viaje de [&hellip;]","twitter_image":"https:\/\/nitu.mx\/wp-content\/uploads\/2021\/05\/celebrity-cruises-edge.jpg","twitter_creator":"@NITUmx","twitter_site":"@Arturo_Medina_G","twitter_misc":{"Escrito por":"Redacci\u00f3n","Tiempo de lectura":"2 minutos"},"schema":{"@context":"https:\/\/schema.org","@graph":[{"@type":"Article","@id":"https:\/\/nitu.mx\/index.php\/2021\/05\/31\/zarpa-de-fort-lauderdale-el-26-de-junio-primer-crucero-al-caribe\/#article","isPartOf":{"@id":"https:\/\/nitu.mx\/index.php\/2021\/05\/31\/zarpa-de-fort-lauderdale-el-26-de-junio-primer-crucero-al-caribe\/"},"author":{"name":"Redacci\u00f3n","@id":"https:\/\/nitu.mx\/#\/schema\/person\/4a28fe9bd65924f7c90623773daf1b0b"},"headline":"Zarpa de Fort Lauderdale el 26 de junio primer crucero al Caribe","datePublished":"2021-06-01T03:50:50+00:00","dateModified":"2021-06-01T05:09:22+00:00","mainEntityOfPage":{"@id":"https:\/\/nitu.mx\/index.php\/2021\/05\/31\/zarpa-de-fort-lauderdale-el-26-de-junio-primer-crucero-al-caribe\/"},"wordCount":342,"commentCount":0,"publisher":{"@id":"https:\/\/nitu.mx\/#\/schema\/person\/ae7a53426417292d3dd07b45a33e01bc"},"image":{"@id":"https:\/\/nitu.mx\/index.php\/2021\/05\/31\/zarpa-de-fort-lauderdale-el-26-de-junio-primer-crucero-al-caribe\/#primaryimage"},"thumbnailUrl":"https:\/\/nitu.mx\/wp-content\/uploads\/2021\/05\/celebrity-cruises-edge.jpg","keywords":["CDC","Celebrity Cruises","Fort Laudardale"],"articleSection":["Cruceros"],"inLanguage":"es-MX","potentialAction":[{"@type":"CommentAction","name":"Comment","target":["https:\/\/nitu.mx\/index.php\/2021\/05\/31\/zarpa-de-fort-lauderdale-el-26-de-junio-primer-crucero-al-caribe\/#respond"]}]},{"@type":"WebPage","@id":"https:\/\/nitu.mx\/index.php\/2021\/05\/31\/zarpa-de-fort-lauderdale-el-26-de-junio-primer-crucero-al-caribe\/","url":"https:\/\/nitu.mx\/index.php\/2021\/05\/31\/zarpa-de-fort-lauderdale-el-26-de-junio-primer-crucero-al-caribe\/","name":"Zarpa de Fort Lauderdale el 26 de junio primer crucero al Caribe - Nitu - Noticias de la Industria Turistica","isPartOf":{"@id":"https:\/\/nitu.mx\/#website"},"primaryImageOfPage":{"@id":"https:\/\/nitu.mx\/index.php\/2021\/05\/31\/zarpa-de-fort-lauderdale-el-26-de-junio-primer-crucero-al-caribe\/#primaryimage"},"image":{"@id":"https:\/\/nitu.mx\/index.php\/2021\/05\/31\/zarpa-de-fort-lauderdale-el-26-de-junio-primer-crucero-al-caribe\/#primaryimage"},"thumbnailUrl":"https:\/\/nitu.mx\/wp-content\/uploads\/2021\/05\/celebrity-cruises-edge.jpg","datePublished":"2021-06-01T03:50:50+00:00","dateModified":"2021-06-01T05:09:22+00:00","breadcrumb":{"@id":"https:\/\/nitu.mx\/index.php\/2021\/05\/31\/zarpa-de-fort-lauderdale-el-26-de-junio-primer-crucero-al-caribe\/#breadcrumb"},"inLanguage":"es-MX","potentialAction":[{"@type":"ReadAction","target":["https:\/\/nitu.mx\/index.php\/2021\/05\/31\/zarpa-de-fort-lauderdale-el-26-de-junio-primer-crucero-al-caribe\/"]}]},{"@type":"ImageObject","inLanguage":"es-MX","@id":"https:\/\/nitu.mx\/index.php\/2021\/05\/31\/zarpa-de-fort-lauderdale-el-26-de-junio-primer-crucero-al-caribe\/#primaryimage","url":"https:\/\/nitu.mx\/wp-content\/uploads\/2021\/05\/celebrity-cruises-edge.jpg","contentUrl":"https:\/\/nitu.mx\/wp-content\/uploads\/2021\/05\/celebrity-cruises-edge.jpg","width":1200,"height":675,"caption":"Celebrity Cruises"},{"@type":"BreadcrumbList","@id":"https:\/\/nitu.mx\/index.php\/2021\/05\/31\/zarpa-de-fort-lauderdale-el-26-de-junio-primer-crucero-al-caribe\/#breadcrumb","itemListElement":[{"@type":"ListItem","position":1,"name":"Inicio","item":"https:\/\/nitu.mx\/"},{"@type":"ListItem","position":2,"name":"Zarpa de Fort Lauderdale el 26 de junio primer crucero al Caribe"}]},{"@type":"WebSite","@id":"https:\/\/nitu.mx\/#website","url":"https:\/\/nitu.mx\/","name":"Nitu - Noticias de la Industria Turistica","description":"Noticias de la Industria Turistica","publisher":{"@id":"https:\/\/nitu.mx\/#\/schema\/person\/ae7a53426417292d3dd07b45a33e01bc"},"alternateName":"Noticias de la Industria Turistica","potentialAction":[{"@type":"SearchAction","target":{"@type":"EntryPoint","urlTemplate":"https:\/\/nitu.mx\/?s={search_term_string}"},"query-input":"required name=search_term_string"}],"inLanguage":"es-MX"},{"@type":["Person","Organization"],"@id":"https:\/\/nitu.mx\/#\/schema\/person\/ae7a53426417292d3dd07b45a33e01bc","name":"Arturo Medina","image":{"@type":"ImageObject","inLanguage":"es-MX","@id":"https:\/\/nitu.mx\/#\/schema\/person\/image\/","url":"https:\/\/nitu.mx\/wp-content\/uploads\/2024\/04\/4A315622-1904-4D5C-B022-878CDC840E04-90x90-1.jpeg","contentUrl":"https:\/\/nitu.mx\/wp-content\/uploads\/2024\/04\/4A315622-1904-4D5C-B022-878CDC840E04-90x90-1.jpeg","width":90,"height":90,"caption":"Arturo Medina"},"logo":{"@id":"https:\/\/nitu.mx\/#\/schema\/person\/image\/"},"description":"Director NITU.mx, Egresado de la Escuela de Periodismo Carlos Septi\u00e9n Garc\u00eda. Periodista y analista especializado en turismo desde hace 35 a\u00f1os, radicado en Canc\u00fan Q.Roo. arturo@nitu.mx","sameAs":["https:\/\/nitu.mx","https:\/\/www.facebook.com\/NITUmx\/","medinacancun","https:\/\/twitter.com\/@Arturo_Medina_G"]},{"@type":"Person","@id":"https:\/\/nitu.mx\/#\/schema\/person\/4a28fe9bd65924f7c90623773daf1b0b","name":"Redacci\u00f3n","image":{"@type":"ImageObject","inLanguage":"es-MX","@id":"https:\/\/nitu.mx\/#\/schema\/person\/image\/","url":"https:\/\/secure.gravatar.com\/avatar\/5dd011c8ccfc5cd7e4c81e42252aab38?s=96&d=mm&r=g","contentUrl":"https:\/\/secure.gravatar.com\/avatar\/5dd011c8ccfc5cd7e4c81e42252aab38?s=96&d=mm&r=g","caption":"Redacci\u00f3n"},"url":"https:\/\/nitu.mx\/index.php\/author\/redaccion\/"}]}},"views":310,"_links":{"self":[{"href":"https:\/\/nitu.mx\/index.php\/wp-json\/wp\/v2\/posts\/52858"}],"collection":[{"href":"https:\/\/nitu.mx\/index.php\/wp-json\/wp\/v2\/posts"}],"about":[{"href":"https:\/\/nitu.mx\/index.php\/wp-json\/wp\/v2\/types\/post"}],"author":[{"embeddable":true,"href":"https:\/\/nitu.mx\/index.php\/wp-json\/wp\/v2\/users\/17"}],"replies":[{"embeddable":true,"href":"https:\/\/nitu.mx\/index.php\/wp-json\/wp\/v2\/comments?post=52858"}],"version-history":[{"count":3,"href":"https:\/\/nitu.mx\/index.php\/wp-json\/wp\/v2\/posts\/52858\/revisions"}],"predecessor-version":[{"id":52868,"href":"https:\/\/nitu.mx\/index.php\/wp-json\/wp\/v2\/posts\/52858\/revisions\/52868"}],"wp:featuredmedia":[{"embeddable":true,"href":"https:\/\/nitu.mx\/index.php\/wp-json\/wp\/v2\/media\/52866"}],"wp:attachment":[{"href":"https:\/\/nitu.mx\/index.php\/wp-json\/wp\/v2\/media?parent=52858"}],"wp:term":[{"taxonomy":"category","embeddable":true,"href":"https:\/\/nitu.mx\/index.php\/wp-json\/wp\/v2\/categories?post=52858"},{"taxonomy":"post_tag","embeddable":true,"href":"https:\/\/nitu.mx\/index.php\/wp-json\/wp\/v2\/tags?post=52858"}],"curies":[{"name":"wp","href":"https:\/\/api.w.org\/{rel}","templated":true}]}}