{"id":52750,"date":"2021-05-27T00:34:19","date_gmt":"2021-05-27T05:34:19","guid":{"rendered":"https:\/\/www.dev.nitu.mx\/?p=52750"},"modified":"2021-05-27T23:52:51","modified_gmt":"2021-05-28T04:52:51","slug":"el-crecimiento-de-casos-covid-19-en-cancun-no-es-en-los-hoteles-cintron","status":"publish","type":"post","link":"https:\/\/nitu.mx\/index.php\/2021\/05\/27\/el-crecimiento-de-casos-covid-19-en-cancun-no-es-en-los-hoteles-cintron\/","title":{"rendered":"El crecimiento de casos COVID-19 en Canc\u00fan no es en los hoteles: Cintr\u00f3n"},"content":{"rendered":"<p>Los hoteles de la Asociaci\u00f3n de Hoteles de Canc\u00fan, Puerto Morelos e Isla Mujeres no han sido causantes del aumento de casos de COVID-19 de las ultimas semanas, asegur\u00f3 Roberto Cintr\u00f3n, presidente del organismo, Roberto Cintr\u00f3n en una platica con <em><strong>NITU.mx<\/strong><\/em>; asegur\u00f3 que los hoteles han cumplido con todos los protocolos y son pr\u00e1cticamente una burbuja sanitaria, tambi\u00e9n dijo que un muestreo con m\u00e1s de 25 mil trabajadores se puede concluir tan solo un indice de 0.14% de contagios, y un promedio similar en cuanto a los turistas \u00a0que hayan dado positivo en las pruebas practicadas para poder abordar sus vuelos de regreso a EUA.<\/p>\n<p>Roberto Cintr\u00f3n explico que se ha comentado se ha dicho se ha dado a entender por varios medios que la ocupaci\u00f3n, cercana al 60%, ha influido en la &#8220;tercera ola de contagios&#8221; que sufre Quintana Roo, nosotros hemos respondidos que nuestros colaboradores y hu\u00e9spedes estamos en una burbuja sanitaria por lo que nuestro riesgo es m\u00ednimo, asegur\u00f3.<\/p>\n<p>El l\u00edder hotelero dijo que gracia a todos los protocolos que han practicado y que siguen haci\u00e9ndolo y lo estrictos que son con sus colaboradores y con los turistas se ha logrado contener, &#8220;el arte esta en hacer sentir al turista que esta dentro de una vacaci\u00f3n, pero que se sigan cumpliendo las reglas de sanidad que est\u00e1n establecidas&#8221;<\/p>\n<p>Hemos detectado colaboradores positivos a COVID-19 muy a tiempo y vemos que sean atendidos, eso si, no han sido tantos y ni siquiera podr\u00edamos establece que el contagio se dio en nuestras instalaciones destaco Cintr\u00f3n.<\/p>\n<p>En cuanto a datos duros, Cintr\u00f3n dijo a NITU.mx que se tomaron como referencia a dos de las cadenas que tienen casi 25 colaboradores entre los dos, no solo en Canc\u00fan si no tambi\u00e9n en Riviera Maya, el 0.14% han sido detectados positivos a COVID-19 a todos lo largo de la pandemia, as\u00ed que es un porcentaje \u00ednfimo, por lo que la ocupaci\u00f3n hospitalaria en estos momentos, no es atribuible a la hoteler\u00eda.<\/p>\n<p>Por otro lado, Se tiene tambi\u00e9n detectado el total de pruebas COVID-19 que han realizado estas cadenas a turistas que lo solicitan por el requisito para regresar a su lugar de origen, y el numero de casos positivos es baj\u00edsimo, muy similar a los colaboradores, 0.14% \u00a0 solo en una cadena se ha realizado 206 mil pruebas y solo 126 han salido positivas.<\/p>\n<p>Pero ademas, aclara Roberto Cintr\u00f3n, nadie puede asegurar que los que dieron positivo se contagiaron aqu\u00ed, por el tema de los periodos de incubaci\u00f3n, tendr\u00edan que haberse contagiado el primer d\u00eda de su estancia para dar positivo al examen.<\/p>\n<p>Canc\u00fan ha sido un ejemplo de c\u00f3mo operar con el virus, nos sentimos orgullosos cuando nos se\u00f1alan que si en sus pa\u00edses hubieran tomado medidas similares el turismo no hubiera sufrido tanto. Nosotros no somos permisivos, cuidamos al turista y a nuestros colaboradores. (<a title=\"Caribe Mexicano permanece en sem\u00e1foro naranja y Sedetur anuncia nuevas medidas\" href=\"https:\/\/www.dev.nitu.mx\/index.php\/2021\/05\/14\/caribe-mexicano-permanece-en-semaforo-naranja-y-sedetur-anuncia-nuevas-medidas\/\" rel=\"bookmark\">Caribe Mexicano permanece en sem\u00e1foro naranja y Sedetur anuncia nuevas medidas<\/a>).<\/p>\n<p>Nosotros hemos solicitado que en los hospitales COVID se detecte el sector econ\u00f3mico al que pertenecen para determinar en donde est\u00e1n gener\u00e1ndose los contagios. &#8221; los n\u00fameros no mienten, en los hoteles no es&#8221;.<\/p>\n<p>Me parece que deber\u00edamos estar pensando en vacunar a todos el sector tur\u00edstico, en lugar de satanizar a los trabajadores tur\u00edsticos. Hemos insistido con la autoridad para que algunas vacunas que han sobrado de algunos sectores se pudieran adquirir para el gremio, pero no sucedi\u00f3<\/p>\n<p>En otros temas dijo que es muy triste la degradaci\u00f3n de Mexico a grado 2 de seguridad a\u00e9rea, era un tema que se venia hablando desde hace un par de meses, ya sab\u00edamos, se aseguraba que si no se actuaba nos degradar\u00edan, as\u00ed que mas que una degradaci\u00f3n en es un premio a la holgazaner\u00eda.<\/p>\n<p>Es una gran afectaci\u00f3n a todo el sector turismo en plena recuperaci\u00f3n econ\u00f3mica, no pueden las lineas meras nuevas rutas, es un hecho que nos afecta, al igual que los c\u00f3digos compartidos que afecta a muchos destinos. Es una muy grave noticia, ya un comprimo de la Secretaria de Turismo publico ayer mismo un compromiso para trabajar en solucionar los puntos pendientes y volver a nivel 1.<\/p>\n<p>Para finalizar, Roberto Cintr\u00f3n dijo que platicara con la Secretaria de Turismo para buscar una nueva fecha para el Tianguis Tur\u00edstico de M\u00e9xico, que fue programado justo en la semana de el D\u00ed de Acci\u00f3n de Gracias en los Estados Unidos, d\u00eda festivo que une m\u00e1s a las familias que la navidad, por lo que podr\u00edan ausentarse del Tianguis algo que no queremos que suceda. Sin duda, traer\u00eda un gran beneficio, porque odian garantizar que los TTOO y los Product Managers viniera a la feria m\u00e1s importante de M\u00e9xico.<\/p>\n<p><a href=\"https:\/\/fb.watch\/5LwAebqTaM\/\" target=\"_blank\" rel=\"noopener\">https:\/\/fb.watch\/5LwAebqTaM\/<\/a><\/p>\n","protected":false},"excerpt":{"rendered":"<p>Los hoteles de la Asociaci\u00f3n de Hoteles de Canc\u00fan, Puerto Morelos e Isla Mujeres no han sido causantes del aumento de casos de COVID-19 de las ultimas semanas, asegur\u00f3 Roberto Cintr\u00f3n, presidente del organismo, Roberto Cintr\u00f3n en una platica con NITU.mx; asegur\u00f3 que los hoteles han cumplido con todos los protocolos y son pr\u00e1cticamente una [&hellip;]<\/p>\n","protected":false},"author":2,"featured_media":52752,"comment_status":"open","ping_status":"open","sticky":false,"template":"","format":"standard","meta":{"footnotes":""},"categories":[2],"tags":[18361,43,260,1130],"yoast_head":"<!-- This site is optimized with the Yoast SEO plugin v22.2 - https:\/\/yoast.com\/wordpress\/plugins\/seo\/ -->\n<title>El crecimiento de casos COVID-19 en Canc\u00fan no es en los hoteles: Cintr\u00f3n - Nitu - Noticias de la Industria Turistica<\/title>\n<meta name=\"robots\" content=\"index, follow, max-snippet:-1, max-image-preview:large, max-video-preview:-1\" \/>\n<link rel=\"canonical\" href=\"https:\/\/nitu.mx\/index.php\/2021\/05\/27\/el-crecimiento-de-casos-covid-19-en-cancun-no-es-en-los-hoteles-cintron\/\" \/>\n<meta name=\"twitter:card\" content=\"summary_large_image\" \/>\n<meta name=\"twitter:title\" content=\"El crecimiento de casos COVID-19 en Canc\u00fan no es en los hoteles: Cintr\u00f3n - Nitu - Noticias de la Industria Turistica\" \/>\n<meta name=\"twitter:description\" content=\"Los hoteles de la Asociaci\u00f3n de Hoteles de Canc\u00fan, Puerto Morelos e Isla Mujeres no han sido causantes del aumento de casos de COVID-19 de las ultimas semanas, asegur\u00f3 Roberto Cintr\u00f3n, presidente del organismo, Roberto Cintr\u00f3n en una platica con NITU.mx; asegur\u00f3 que los hoteles han cumplido con todos los protocolos y son pr\u00e1cticamente una [&hellip;]\" \/>\n<meta name=\"twitter:image\" content=\"https:\/\/nitu.mx\/wp-content\/uploads\/2021\/05\/Captura-de-Pantalla-2021-05-26-a-las-20.14.19.png\" \/>\n<meta name=\"twitter:creator\" content=\"@Arturo_Medina_G\" \/>\n<meta name=\"twitter:site\" content=\"@Arturo_Medina_G\" \/>\n<meta name=\"twitter:label1\" content=\"Escrito por\" \/>\n\t<meta name=\"twitter:data1\" content=\"Arturo Medina\" \/>\n\t<meta name=\"twitter:label2\" content=\"Tiempo de lectura\" \/>\n\t<meta name=\"twitter:data2\" content=\"4 minutos\" \/>\n<script type=\"application\/ld+json\" class=\"yoast-schema-graph\">{\"@context\":\"https:\/\/schema.org\",\"@graph\":[{\"@type\":\"Article\",\"@id\":\"https:\/\/nitu.mx\/index.php\/2021\/05\/27\/el-crecimiento-de-casos-covid-19-en-cancun-no-es-en-los-hoteles-cintron\/#article\",\"isPartOf\":{\"@id\":\"https:\/\/nitu.mx\/index.php\/2021\/05\/27\/el-crecimiento-de-casos-covid-19-en-cancun-no-es-en-los-hoteles-cintron\/\"},\"author\":{\"name\":\"Arturo Medina\",\"@id\":\"https:\/\/nitu.mx\/#\/schema\/person\/ae7a53426417292d3dd07b45a33e01bc\"},\"headline\":\"El crecimiento de casos COVID-19 en Canc\u00fan no es en los hoteles: Cintr\u00f3n\",\"datePublished\":\"2021-05-27T05:34:19+00:00\",\"dateModified\":\"2021-05-28T04:52:51+00:00\",\"mainEntityOfPage\":{\"@id\":\"https:\/\/nitu.mx\/index.php\/2021\/05\/27\/el-crecimiento-de-casos-covid-19-en-cancun-no-es-en-los-hoteles-cintron\/\"},\"wordCount\":844,\"commentCount\":0,\"publisher\":{\"@id\":\"https:\/\/nitu.mx\/#\/schema\/person\/ae7a53426417292d3dd07b45a33e01bc\"},\"image\":{\"@id\":\"https:\/\/nitu.mx\/index.php\/2021\/05\/27\/el-crecimiento-de-casos-covid-19-en-cancun-no-es-en-los-hoteles-cintron\/#primaryimage\"},\"thumbnailUrl\":\"https:\/\/nitu.mx\/wp-content\/uploads\/2021\/05\/Captura-de-Pantalla-2021-05-26-a-las-20.14.19.png\",\"keywords\":[\"AHCPM&amp;IM\",\"Canc\u00fan\",\"Quintana Roo\",\"Roberto Cintr\u00f3n\"],\"articleSection\":[\"Hoteles\"],\"inLanguage\":\"es-MX\",\"potentialAction\":[{\"@type\":\"CommentAction\",\"name\":\"Comment\",\"target\":[\"https:\/\/nitu.mx\/index.php\/2021\/05\/27\/el-crecimiento-de-casos-covid-19-en-cancun-no-es-en-los-hoteles-cintron\/#respond\"]}]},{\"@type\":\"WebPage\",\"@id\":\"https:\/\/nitu.mx\/index.php\/2021\/05\/27\/el-crecimiento-de-casos-covid-19-en-cancun-no-es-en-los-hoteles-cintron\/\",\"url\":\"https:\/\/nitu.mx\/index.php\/2021\/05\/27\/el-crecimiento-de-casos-covid-19-en-cancun-no-es-en-los-hoteles-cintron\/\",\"name\":\"El crecimiento de casos COVID-19 en Canc\u00fan no es en los hoteles: Cintr\u00f3n - Nitu - Noticias de la Industria Turistica\",\"isPartOf\":{\"@id\":\"https:\/\/nitu.mx\/#website\"},\"primaryImageOfPage\":{\"@id\":\"https:\/\/nitu.mx\/index.php\/2021\/05\/27\/el-crecimiento-de-casos-covid-19-en-cancun-no-es-en-los-hoteles-cintron\/#primaryimage\"},\"image\":{\"@id\":\"https:\/\/nitu.mx\/index.php\/2021\/05\/27\/el-crecimiento-de-casos-covid-19-en-cancun-no-es-en-los-hoteles-cintron\/#primaryimage\"},\"thumbnailUrl\":\"https:\/\/nitu.mx\/wp-content\/uploads\/2021\/05\/Captura-de-Pantalla-2021-05-26-a-las-20.14.19.png\",\"datePublished\":\"2021-05-27T05:34:19+00:00\",\"dateModified\":\"2021-05-28T04:52:51+00:00\",\"breadcrumb\":{\"@id\":\"https:\/\/nitu.mx\/index.php\/2021\/05\/27\/el-crecimiento-de-casos-covid-19-en-cancun-no-es-en-los-hoteles-cintron\/#breadcrumb\"},\"inLanguage\":\"es-MX\",\"potentialAction\":[{\"@type\":\"ReadAction\",\"target\":[\"https:\/\/nitu.mx\/index.php\/2021\/05\/27\/el-crecimiento-de-casos-covid-19-en-cancun-no-es-en-los-hoteles-cintron\/\"]}]},{\"@type\":\"ImageObject\",\"inLanguage\":\"es-MX\",\"@id\":\"https:\/\/nitu.mx\/index.php\/2021\/05\/27\/el-crecimiento-de-casos-covid-19-en-cancun-no-es-en-los-hoteles-cintron\/#primaryimage\",\"url\":\"https:\/\/nitu.mx\/wp-content\/uploads\/2021\/05\/Captura-de-Pantalla-2021-05-26-a-las-20.14.19.png\",\"contentUrl\":\"https:\/\/nitu.mx\/wp-content\/uploads\/2021\/05\/Captura-de-Pantalla-2021-05-26-a-las-20.14.19.png\",\"width\":683,\"height\":383},{\"@type\":\"BreadcrumbList\",\"@id\":\"https:\/\/nitu.mx\/index.php\/2021\/05\/27\/el-crecimiento-de-casos-covid-19-en-cancun-no-es-en-los-hoteles-cintron\/#breadcrumb\",\"itemListElement\":[{\"@type\":\"ListItem\",\"position\":1,\"name\":\"Inicio\",\"item\":\"https:\/\/nitu.mx\/\"},{\"@type\":\"ListItem\",\"position\":2,\"name\":\"El crecimiento de casos COVID-19 en Canc\u00fan no es en los hoteles: Cintr\u00f3n\"}]},{\"@type\":\"WebSite\",\"@id\":\"https:\/\/nitu.mx\/#website\",\"url\":\"https:\/\/nitu.mx\/\",\"name\":\"Nitu - Noticias de la Industria Turistica\",\"description\":\"Noticias de la Industria Turistica\",\"publisher\":{\"@id\":\"https:\/\/nitu.mx\/#\/schema\/person\/ae7a53426417292d3dd07b45a33e01bc\"},\"alternateName\":\"Noticias de la Industria Turistica\",\"potentialAction\":[{\"@type\":\"SearchAction\",\"target\":{\"@type\":\"EntryPoint\",\"urlTemplate\":\"https:\/\/nitu.mx\/?s={search_term_string}\"},\"query-input\":\"required name=search_term_string\"}],\"inLanguage\":\"es-MX\"},{\"@type\":[\"Person\",\"Organization\"],\"@id\":\"https:\/\/nitu.mx\/#\/schema\/person\/ae7a53426417292d3dd07b45a33e01bc\",\"name\":\"Arturo Medina\",\"image\":{\"@type\":\"ImageObject\",\"inLanguage\":\"es-MX\",\"@id\":\"https:\/\/nitu.mx\/#\/schema\/person\/image\/\",\"url\":\"https:\/\/nitu.mx\/wp-content\/uploads\/2024\/04\/4A315622-1904-4D5C-B022-878CDC840E04-90x90-1.jpeg\",\"contentUrl\":\"https:\/\/nitu.mx\/wp-content\/uploads\/2024\/04\/4A315622-1904-4D5C-B022-878CDC840E04-90x90-1.jpeg\",\"width\":90,\"height\":90,\"caption\":\"Arturo Medina\"},\"logo\":{\"@id\":\"https:\/\/nitu.mx\/#\/schema\/person\/image\/\"},\"description\":\"Director NITU.mx, Egresado de la Escuela de Periodismo Carlos Septi\u00e9n Garc\u00eda. Periodista y analista especializado en turismo desde hace 35 a\u00f1os, radicado en Canc\u00fan Q.Roo. arturo@nitu.mx\",\"sameAs\":[\"https:\/\/nitu.mx\",\"https:\/\/www.facebook.com\/NITUmx\/\",\"medinacancun\",\"https:\/\/twitter.com\/@Arturo_Medina_G\"],\"url\":\"https:\/\/nitu.mx\/index.php\/author\/arturo-medina\/\"}]}<\/script>\n<!-- \/ Yoast SEO plugin. -->","yoast_head_json":{"title":"El crecimiento de casos COVID-19 en Canc\u00fan no es en los hoteles: Cintr\u00f3n - Nitu - Noticias de la Industria Turistica","robots":{"index":"index","follow":"follow","max-snippet":"max-snippet:-1","max-image-preview":"max-image-preview:large","max-video-preview":"max-video-preview:-1"},"canonical":"https:\/\/nitu.mx\/index.php\/2021\/05\/27\/el-crecimiento-de-casos-covid-19-en-cancun-no-es-en-los-hoteles-cintron\/","twitter_card":"summary_large_image","twitter_title":"El crecimiento de casos COVID-19 en Canc\u00fan no es en los hoteles: Cintr\u00f3n - Nitu - Noticias de la Industria Turistica","twitter_description":"Los hoteles de la Asociaci\u00f3n de Hoteles de Canc\u00fan, Puerto Morelos e Isla Mujeres no han sido causantes del aumento de casos de COVID-19 de las ultimas semanas, asegur\u00f3 Roberto Cintr\u00f3n, presidente del organismo, Roberto Cintr\u00f3n en una platica con NITU.mx; asegur\u00f3 que los hoteles han cumplido con todos los protocolos y son pr\u00e1cticamente una [&hellip;]","twitter_image":"https:\/\/nitu.mx\/wp-content\/uploads\/2021\/05\/Captura-de-Pantalla-2021-05-26-a-las-20.14.19.png","twitter_creator":"@Arturo_Medina_G","twitter_site":"@Arturo_Medina_G","twitter_misc":{"Escrito por":"Arturo Medina","Tiempo de lectura":"4 minutos"},"schema":{"@context":"https:\/\/schema.org","@graph":[{"@type":"Article","@id":"https:\/\/nitu.mx\/index.php\/2021\/05\/27\/el-crecimiento-de-casos-covid-19-en-cancun-no-es-en-los-hoteles-cintron\/#article","isPartOf":{"@id":"https:\/\/nitu.mx\/index.php\/2021\/05\/27\/el-crecimiento-de-casos-covid-19-en-cancun-no-es-en-los-hoteles-cintron\/"},"author":{"name":"Arturo Medina","@id":"https:\/\/nitu.mx\/#\/schema\/person\/ae7a53426417292d3dd07b45a33e01bc"},"headline":"El crecimiento de casos COVID-19 en Canc\u00fan no es en los hoteles: Cintr\u00f3n","datePublished":"2021-05-27T05:34:19+00:00","dateModified":"2021-05-28T04:52:51+00:00","mainEntityOfPage":{"@id":"https:\/\/nitu.mx\/index.php\/2021\/05\/27\/el-crecimiento-de-casos-covid-19-en-cancun-no-es-en-los-hoteles-cintron\/"},"wordCount":844,"commentCount":0,"publisher":{"@id":"https:\/\/nitu.mx\/#\/schema\/person\/ae7a53426417292d3dd07b45a33e01bc"},"image":{"@id":"https:\/\/nitu.mx\/index.php\/2021\/05\/27\/el-crecimiento-de-casos-covid-19-en-cancun-no-es-en-los-hoteles-cintron\/#primaryimage"},"thumbnailUrl":"https:\/\/nitu.mx\/wp-content\/uploads\/2021\/05\/Captura-de-Pantalla-2021-05-26-a-las-20.14.19.png","keywords":["AHCPM&amp;IM","Canc\u00fan","Quintana Roo","Roberto Cintr\u00f3n"],"articleSection":["Hoteles"],"inLanguage":"es-MX","potentialAction":[{"@type":"CommentAction","name":"Comment","target":["https:\/\/nitu.mx\/index.php\/2021\/05\/27\/el-crecimiento-de-casos-covid-19-en-cancun-no-es-en-los-hoteles-cintron\/#respond"]}]},{"@type":"WebPage","@id":"https:\/\/nitu.mx\/index.php\/2021\/05\/27\/el-crecimiento-de-casos-covid-19-en-cancun-no-es-en-los-hoteles-cintron\/","url":"https:\/\/nitu.mx\/index.php\/2021\/05\/27\/el-crecimiento-de-casos-covid-19-en-cancun-no-es-en-los-hoteles-cintron\/","name":"El crecimiento de casos COVID-19 en Canc\u00fan no es en los hoteles: Cintr\u00f3n - Nitu - Noticias de la Industria Turistica","isPartOf":{"@id":"https:\/\/nitu.mx\/#website"},"primaryImageOfPage":{"@id":"https:\/\/nitu.mx\/index.php\/2021\/05\/27\/el-crecimiento-de-casos-covid-19-en-cancun-no-es-en-los-hoteles-cintron\/#primaryimage"},"image":{"@id":"https:\/\/nitu.mx\/index.php\/2021\/05\/27\/el-crecimiento-de-casos-covid-19-en-cancun-no-es-en-los-hoteles-cintron\/#primaryimage"},"thumbnailUrl":"https:\/\/nitu.mx\/wp-content\/uploads\/2021\/05\/Captura-de-Pantalla-2021-05-26-a-las-20.14.19.png","datePublished":"2021-05-27T05:34:19+00:00","dateModified":"2021-05-28T04:52:51+00:00","breadcrumb":{"@id":"https:\/\/nitu.mx\/index.php\/2021\/05\/27\/el-crecimiento-de-casos-covid-19-en-cancun-no-es-en-los-hoteles-cintron\/#breadcrumb"},"inLanguage":"es-MX","potentialAction":[{"@type":"ReadAction","target":["https:\/\/nitu.mx\/index.php\/2021\/05\/27\/el-crecimiento-de-casos-covid-19-en-cancun-no-es-en-los-hoteles-cintron\/"]}]},{"@type":"ImageObject","inLanguage":"es-MX","@id":"https:\/\/nitu.mx\/index.php\/2021\/05\/27\/el-crecimiento-de-casos-covid-19-en-cancun-no-es-en-los-hoteles-cintron\/#primaryimage","url":"https:\/\/nitu.mx\/wp-content\/uploads\/2021\/05\/Captura-de-Pantalla-2021-05-26-a-las-20.14.19.png","contentUrl":"https:\/\/nitu.mx\/wp-content\/uploads\/2021\/05\/Captura-de-Pantalla-2021-05-26-a-las-20.14.19.png","width":683,"height":383},{"@type":"BreadcrumbList","@id":"https:\/\/nitu.mx\/index.php\/2021\/05\/27\/el-crecimiento-de-casos-covid-19-en-cancun-no-es-en-los-hoteles-cintron\/#breadcrumb","itemListElement":[{"@type":"ListItem","position":1,"name":"Inicio","item":"https:\/\/nitu.mx\/"},{"@type":"ListItem","position":2,"name":"El crecimiento de casos COVID-19 en Canc\u00fan no es en los hoteles: Cintr\u00f3n"}]},{"@type":"WebSite","@id":"https:\/\/nitu.mx\/#website","url":"https:\/\/nitu.mx\/","name":"Nitu - Noticias de la Industria Turistica","description":"Noticias de la Industria Turistica","publisher":{"@id":"https:\/\/nitu.mx\/#\/schema\/person\/ae7a53426417292d3dd07b45a33e01bc"},"alternateName":"Noticias de la Industria Turistica","potentialAction":[{"@type":"SearchAction","target":{"@type":"EntryPoint","urlTemplate":"https:\/\/nitu.mx\/?s={search_term_string}"},"query-input":"required name=search_term_string"}],"inLanguage":"es-MX"},{"@type":["Person","Organization"],"@id":"https:\/\/nitu.mx\/#\/schema\/person\/ae7a53426417292d3dd07b45a33e01bc","name":"Arturo Medina","image":{"@type":"ImageObject","inLanguage":"es-MX","@id":"https:\/\/nitu.mx\/#\/schema\/person\/image\/","url":"https:\/\/nitu.mx\/wp-content\/uploads\/2024\/04\/4A315622-1904-4D5C-B022-878CDC840E04-90x90-1.jpeg","contentUrl":"https:\/\/nitu.mx\/wp-content\/uploads\/2024\/04\/4A315622-1904-4D5C-B022-878CDC840E04-90x90-1.jpeg","width":90,"height":90,"caption":"Arturo Medina"},"logo":{"@id":"https:\/\/nitu.mx\/#\/schema\/person\/image\/"},"description":"Director NITU.mx, Egresado de la Escuela de Periodismo Carlos Septi\u00e9n Garc\u00eda. Periodista y analista especializado en turismo desde hace 35 a\u00f1os, radicado en Canc\u00fan Q.Roo. arturo@nitu.mx","sameAs":["https:\/\/nitu.mx","https:\/\/www.facebook.com\/NITUmx\/","medinacancun","https:\/\/twitter.com\/@Arturo_Medina_G"],"url":"https:\/\/nitu.mx\/index.php\/author\/arturo-medina\/"}]}},"views":249,"_links":{"self":[{"href":"https:\/\/nitu.mx\/index.php\/wp-json\/wp\/v2\/posts\/52750"}],"collection":[{"href":"https:\/\/nitu.mx\/index.php\/wp-json\/wp\/v2\/posts"}],"about":[{"href":"https:\/\/nitu.mx\/index.php\/wp-json\/wp\/v2\/types\/post"}],"author":[{"embeddable":true,"href":"https:\/\/nitu.mx\/index.php\/wp-json\/wp\/v2\/users\/2"}],"replies":[{"embeddable":true,"href":"https:\/\/nitu.mx\/index.php\/wp-json\/wp\/v2\/comments?post=52750"}],"version-history":[{"count":6,"href":"https:\/\/nitu.mx\/index.php\/wp-json\/wp\/v2\/posts\/52750\/revisions"}],"predecessor-version":[{"id":52812,"href":"https:\/\/nitu.mx\/index.php\/wp-json\/wp\/v2\/posts\/52750\/revisions\/52812"}],"wp:featuredmedia":[{"embeddable":true,"href":"https:\/\/nitu.mx\/index.php\/wp-json\/wp\/v2\/media\/52752"}],"wp:attachment":[{"href":"https:\/\/nitu.mx\/index.php\/wp-json\/wp\/v2\/media?parent=52750"}],"wp:term":[{"taxonomy":"category","embeddable":true,"href":"https:\/\/nitu.mx\/index.php\/wp-json\/wp\/v2\/categories?post=52750"},{"taxonomy":"post_tag","embeddable":true,"href":"https:\/\/nitu.mx\/index.php\/wp-json\/wp\/v2\/tags?post=52750"}],"curies":[{"name":"wp","href":"https:\/\/api.w.org\/{rel}","templated":true}]}}