{"id":52744,"date":"2021-05-26T11:06:41","date_gmt":"2021-05-26T16:06:41","guid":{"rendered":"https:\/\/www.dev.nitu.mx\/?p=52744"},"modified":"2021-05-27T00:35:34","modified_gmt":"2021-05-27T05:35:34","slug":"turismo-internacional-desbordara-en-cancun-y-riviera-maya-siteminder","status":"publish","type":"post","link":"https:\/\/nitu.mx\/index.php\/2021\/05\/26\/turismo-internacional-desbordara-en-cancun-y-riviera-maya-siteminder\/","title":{"rendered":"Turismo internacional desbordar\u00e1 en Canc\u00fan y Riviera Maya: SiteMinder"},"content":{"rendered":"<p>De acuerdo con el World Hotel Index de SiteMinder, la pr\u00f3xima temporada de verano es esperanzadora para el Caribe mexicano pues prev\u00e9 un fuerte repunte de viajeros internacionales en Canc\u00fan y Riviera Maya, as\u00ed como estancias m\u00e1s largas.<\/p>\n<p>La plataforma tecnol\u00f3gica para hoteleros revel\u00f3 cuatro tendencias que se esperan la siguiente temporada vacacional en M\u00e9xico, en donde el turismo estadounidense seguir\u00e1 como uno de los principales motores por la cercan\u00eda y conectividad, as\u00ed como la amplia cobertura de vacunaci\u00f3n.<\/p>\n<p>Basado en el reciente informe de Skyscanner, de 2019 a 2021, Canc\u00fan subi\u00f3 42 lugares para colocarse en la cuarta posici\u00f3n de los destinos globales m\u00e1s buscados.<\/p>\n<p>Este dato se a\u00f1ade al reporte de SiteMinder que revela que los turistas internacionales en hoteles mexicanos representar\u00e1n m\u00e1s de 70 por ciento de los hu\u00e9spedes, contra 48 por ciento que fue en 2019.<\/p>\n<p>La estancia de los turistas estadounidenses en M\u00e9xico ha aumentado 21 por ciento, comparado con los niveles previos a la pandemia, lo cual habla del inter\u00e9s de salir del confinamiento de m\u00e1s de 400 d\u00edas para disfrutar espacios al aire libre.<\/p>\n<p>En este sentido, la Riviera Maya, particularmente Playa del Carmen, est\u00e1 en niveles de reservas de 122 por ciento comparado con 2019, mientras que Ciudad de M\u00e9xico apenas est\u00e1 en 68 por ciento.<\/p>\n<p>Otra tendencia que present\u00f3 SiteMinder en su estudio es que se redujo el tiempo para hacer las reservaciones, ya que 54 por ciento de las que se hicieron en las \u00faltimas dos semanas son para viajes en mayo y junio, y solo 20 por ciento son para estancias m\u00e1s all\u00e1 de septiembre.<\/p>\n<p>Finalmente, el informe arroj\u00f3 que 63 por ciento de los viajeros internacionales que planean viajar a M\u00e9xico consideran que aplicar estrictos protocolos de higiene es el factor m\u00e1s importante para elegir el alojamiento.\u00a0<a title=\"SiteMinder suma a Trivago para ayudar a hoteleros a asegurar ingresos\" href=\"https:\/\/www.dev.nitu.mx\/index.php\/2021\/05\/04\/siteminder-suma-a-trivago-para-ayudar-a-hoteleros-a-asegurar-ingresos\/\" rel=\"bookmark\">(SiteMinder suma a Trivago para ayudar a hoteleros a asegurar ingresos<\/a>).<\/p>\n","protected":false},"excerpt":{"rendered":"<p>De acuerdo con el World Hotel Index de SiteMinder, la pr\u00f3xima temporada de verano es esperanzadora para el Caribe mexicano pues prev\u00e9 un fuerte repunte de viajeros internacionales en Canc\u00fan y Riviera Maya, as\u00ed como estancias m\u00e1s largas. La plataforma tecnol\u00f3gica para hoteleros revel\u00f3 cuatro tendencias que se esperan la siguiente temporada vacacional en M\u00e9xico, [&hellip;]<\/p>\n","protected":false},"author":18,"featured_media":47701,"comment_status":"open","ping_status":"open","sticky":false,"template":"","format":"standard","meta":{"footnotes":""},"categories":[21403,2],"tags":[43,83,80,5481,7557],"yoast_head":"<!-- This site is optimized with the Yoast SEO plugin v22.2 - https:\/\/yoast.com\/wordpress\/plugins\/seo\/ -->\n<title>Turismo internacional desbordar\u00e1 en Canc\u00fan y Riviera Maya: SiteMinder - Nitu - Noticias de la Industria Turistica<\/title>\n<meta name=\"robots\" content=\"index, follow, max-snippet:-1, max-image-preview:large, max-video-preview:-1\" \/>\n<link rel=\"canonical\" href=\"https:\/\/nitu.mx\/index.php\/2021\/05\/26\/turismo-internacional-desbordara-en-cancun-y-riviera-maya-siteminder\/\" \/>\n<meta name=\"twitter:card\" content=\"summary_large_image\" \/>\n<meta name=\"twitter:title\" content=\"Turismo internacional desbordar\u00e1 en Canc\u00fan y Riviera Maya: SiteMinder - Nitu - Noticias de la Industria Turistica\" \/>\n<meta name=\"twitter:description\" content=\"De acuerdo con el World Hotel Index de SiteMinder, la pr\u00f3xima temporada de verano es esperanzadora para el Caribe mexicano pues prev\u00e9 un fuerte repunte de viajeros internacionales en Canc\u00fan y Riviera Maya, as\u00ed como estancias m\u00e1s largas. La plataforma tecnol\u00f3gica para hoteleros revel\u00f3 cuatro tendencias que se esperan la siguiente temporada vacacional en M\u00e9xico, [&hellip;]\" \/>\n<meta name=\"twitter:image\" content=\"https:\/\/nitu.mx\/wp-content\/uploads\/2020\/10\/Cancun-eventos.jpg\" \/>\n<meta name=\"twitter:creator\" content=\"@NITUmx\" \/>\n<meta name=\"twitter:site\" content=\"@Arturo_Medina_G\" \/>\n<meta name=\"twitter:label1\" content=\"Escrito por\" \/>\n\t<meta name=\"twitter:data1\" content=\"Guadalupe Sixto\" \/>\n\t<meta name=\"twitter:label2\" content=\"Tiempo de lectura\" \/>\n\t<meta name=\"twitter:data2\" content=\"2 minutos\" \/>\n<script type=\"application\/ld+json\" class=\"yoast-schema-graph\">{\"@context\":\"https:\/\/schema.org\",\"@graph\":[{\"@type\":\"Article\",\"@id\":\"https:\/\/nitu.mx\/index.php\/2021\/05\/26\/turismo-internacional-desbordara-en-cancun-y-riviera-maya-siteminder\/#article\",\"isPartOf\":{\"@id\":\"https:\/\/nitu.mx\/index.php\/2021\/05\/26\/turismo-internacional-desbordara-en-cancun-y-riviera-maya-siteminder\/\"},\"author\":{\"name\":\"Guadalupe Sixto\",\"@id\":\"https:\/\/nitu.mx\/#\/schema\/person\/3df3082b5e46037e3f13614d28ee0b77\"},\"headline\":\"Turismo internacional desbordar\u00e1 en Canc\u00fan y Riviera Maya: SiteMinder\",\"datePublished\":\"2021-05-26T16:06:41+00:00\",\"dateModified\":\"2021-05-27T05:35:34+00:00\",\"mainEntityOfPage\":{\"@id\":\"https:\/\/nitu.mx\/index.php\/2021\/05\/26\/turismo-internacional-desbordara-en-cancun-y-riviera-maya-siteminder\/\"},\"wordCount\":328,\"commentCount\":0,\"publisher\":{\"@id\":\"https:\/\/nitu.mx\/#\/schema\/person\/ae7a53426417292d3dd07b45a33e01bc\"},\"image\":{\"@id\":\"https:\/\/nitu.mx\/index.php\/2021\/05\/26\/turismo-internacional-desbordara-en-cancun-y-riviera-maya-siteminder\/#primaryimage\"},\"thumbnailUrl\":\"https:\/\/nitu.mx\/wp-content\/uploads\/2020\/10\/Cancun-eventos.jpg\",\"keywords\":[\"Canc\u00fan\",\"Caribe mexicano\",\"Riviera Maya\",\"SiteMinder\",\"Turismo internacional\"],\"articleSection\":[\"Canc\u00fan\",\"Hoteles\"],\"inLanguage\":\"es-MX\",\"potentialAction\":[{\"@type\":\"CommentAction\",\"name\":\"Comment\",\"target\":[\"https:\/\/nitu.mx\/index.php\/2021\/05\/26\/turismo-internacional-desbordara-en-cancun-y-riviera-maya-siteminder\/#respond\"]}]},{\"@type\":\"WebPage\",\"@id\":\"https:\/\/nitu.mx\/index.php\/2021\/05\/26\/turismo-internacional-desbordara-en-cancun-y-riviera-maya-siteminder\/\",\"url\":\"https:\/\/nitu.mx\/index.php\/2021\/05\/26\/turismo-internacional-desbordara-en-cancun-y-riviera-maya-siteminder\/\",\"name\":\"Turismo internacional desbordar\u00e1 en Canc\u00fan y Riviera Maya: SiteMinder - Nitu - Noticias de la Industria Turistica\",\"isPartOf\":{\"@id\":\"https:\/\/nitu.mx\/#website\"},\"primaryImageOfPage\":{\"@id\":\"https:\/\/nitu.mx\/index.php\/2021\/05\/26\/turismo-internacional-desbordara-en-cancun-y-riviera-maya-siteminder\/#primaryimage\"},\"image\":{\"@id\":\"https:\/\/nitu.mx\/index.php\/2021\/05\/26\/turismo-internacional-desbordara-en-cancun-y-riviera-maya-siteminder\/#primaryimage\"},\"thumbnailUrl\":\"https:\/\/nitu.mx\/wp-content\/uploads\/2020\/10\/Cancun-eventos.jpg\",\"datePublished\":\"2021-05-26T16:06:41+00:00\",\"dateModified\":\"2021-05-27T05:35:34+00:00\",\"breadcrumb\":{\"@id\":\"https:\/\/nitu.mx\/index.php\/2021\/05\/26\/turismo-internacional-desbordara-en-cancun-y-riviera-maya-siteminder\/#breadcrumb\"},\"inLanguage\":\"es-MX\",\"potentialAction\":[{\"@type\":\"ReadAction\",\"target\":[\"https:\/\/nitu.mx\/index.php\/2021\/05\/26\/turismo-internacional-desbordara-en-cancun-y-riviera-maya-siteminder\/\"]}]},{\"@type\":\"ImageObject\",\"inLanguage\":\"es-MX\",\"@id\":\"https:\/\/nitu.mx\/index.php\/2021\/05\/26\/turismo-internacional-desbordara-en-cancun-y-riviera-maya-siteminder\/#primaryimage\",\"url\":\"https:\/\/nitu.mx\/wp-content\/uploads\/2020\/10\/Cancun-eventos.jpg\",\"contentUrl\":\"https:\/\/nitu.mx\/wp-content\/uploads\/2020\/10\/Cancun-eventos.jpg\",\"width\":1200,\"height\":675,\"caption\":\"Caribe Mexicano SiteMinder\"},{\"@type\":\"BreadcrumbList\",\"@id\":\"https:\/\/nitu.mx\/index.php\/2021\/05\/26\/turismo-internacional-desbordara-en-cancun-y-riviera-maya-siteminder\/#breadcrumb\",\"itemListElement\":[{\"@type\":\"ListItem\",\"position\":1,\"name\":\"Inicio\",\"item\":\"https:\/\/nitu.mx\/\"},{\"@type\":\"ListItem\",\"position\":2,\"name\":\"Turismo internacional desbordar\u00e1 en Canc\u00fan y Riviera Maya: SiteMinder\"}]},{\"@type\":\"WebSite\",\"@id\":\"https:\/\/nitu.mx\/#website\",\"url\":\"https:\/\/nitu.mx\/\",\"name\":\"Nitu - Noticias de la Industria Turistica\",\"description\":\"Noticias de la Industria Turistica\",\"publisher\":{\"@id\":\"https:\/\/nitu.mx\/#\/schema\/person\/ae7a53426417292d3dd07b45a33e01bc\"},\"alternateName\":\"Noticias de la Industria Turistica\",\"potentialAction\":[{\"@type\":\"SearchAction\",\"target\":{\"@type\":\"EntryPoint\",\"urlTemplate\":\"https:\/\/nitu.mx\/?s={search_term_string}\"},\"query-input\":\"required name=search_term_string\"}],\"inLanguage\":\"es-MX\"},{\"@type\":[\"Person\",\"Organization\"],\"@id\":\"https:\/\/nitu.mx\/#\/schema\/person\/ae7a53426417292d3dd07b45a33e01bc\",\"name\":\"Arturo Medina\",\"image\":{\"@type\":\"ImageObject\",\"inLanguage\":\"es-MX\",\"@id\":\"https:\/\/nitu.mx\/#\/schema\/person\/image\/\",\"url\":\"https:\/\/nitu.mx\/wp-content\/uploads\/2024\/04\/4A315622-1904-4D5C-B022-878CDC840E04-90x90-1.jpeg\",\"contentUrl\":\"https:\/\/nitu.mx\/wp-content\/uploads\/2024\/04\/4A315622-1904-4D5C-B022-878CDC840E04-90x90-1.jpeg\",\"width\":90,\"height\":90,\"caption\":\"Arturo Medina\"},\"logo\":{\"@id\":\"https:\/\/nitu.mx\/#\/schema\/person\/image\/\"},\"description\":\"Director NITU.mx, Egresado de la Escuela de Periodismo Carlos Septi\u00e9n Garc\u00eda. Periodista y analista especializado en turismo desde hace 35 a\u00f1os, radicado en Canc\u00fan Q.Roo. arturo@nitu.mx\",\"sameAs\":[\"https:\/\/nitu.mx\",\"https:\/\/www.facebook.com\/NITUmx\/\",\"medinacancun\",\"https:\/\/twitter.com\/@Arturo_Medina_G\"]},{\"@type\":\"Person\",\"@id\":\"https:\/\/nitu.mx\/#\/schema\/person\/3df3082b5e46037e3f13614d28ee0b77\",\"name\":\"Guadalupe Sixto\",\"image\":{\"@type\":\"ImageObject\",\"inLanguage\":\"es-MX\",\"@id\":\"https:\/\/nitu.mx\/#\/schema\/person\/image\/\",\"url\":\"https:\/\/secure.gravatar.com\/avatar\/13914e1b0e1919e91f9539de4dc584c4?s=96&d=mm&r=g\",\"contentUrl\":\"https:\/\/secure.gravatar.com\/avatar\/13914e1b0e1919e91f9539de4dc584c4?s=96&d=mm&r=g\",\"caption\":\"Guadalupe Sixto\"},\"url\":\"https:\/\/nitu.mx\/index.php\/author\/gsixto\/\"}]}<\/script>\n<!-- \/ Yoast SEO plugin. -->","yoast_head_json":{"title":"Turismo internacional desbordar\u00e1 en Canc\u00fan y Riviera Maya: SiteMinder - Nitu - Noticias de la Industria Turistica","robots":{"index":"index","follow":"follow","max-snippet":"max-snippet:-1","max-image-preview":"max-image-preview:large","max-video-preview":"max-video-preview:-1"},"canonical":"https:\/\/nitu.mx\/index.php\/2021\/05\/26\/turismo-internacional-desbordara-en-cancun-y-riviera-maya-siteminder\/","twitter_card":"summary_large_image","twitter_title":"Turismo internacional desbordar\u00e1 en Canc\u00fan y Riviera Maya: SiteMinder - Nitu - Noticias de la Industria Turistica","twitter_description":"De acuerdo con el World Hotel Index de SiteMinder, la pr\u00f3xima temporada de verano es esperanzadora para el Caribe mexicano pues prev\u00e9 un fuerte repunte de viajeros internacionales en Canc\u00fan y Riviera Maya, as\u00ed como estancias m\u00e1s largas. La plataforma tecnol\u00f3gica para hoteleros revel\u00f3 cuatro tendencias que se esperan la siguiente temporada vacacional en M\u00e9xico, [&hellip;]","twitter_image":"https:\/\/nitu.mx\/wp-content\/uploads\/2020\/10\/Cancun-eventos.jpg","twitter_creator":"@NITUmx","twitter_site":"@Arturo_Medina_G","twitter_misc":{"Escrito por":"Guadalupe Sixto","Tiempo de lectura":"2 minutos"},"schema":{"@context":"https:\/\/schema.org","@graph":[{"@type":"Article","@id":"https:\/\/nitu.mx\/index.php\/2021\/05\/26\/turismo-internacional-desbordara-en-cancun-y-riviera-maya-siteminder\/#article","isPartOf":{"@id":"https:\/\/nitu.mx\/index.php\/2021\/05\/26\/turismo-internacional-desbordara-en-cancun-y-riviera-maya-siteminder\/"},"author":{"name":"Guadalupe Sixto","@id":"https:\/\/nitu.mx\/#\/schema\/person\/3df3082b5e46037e3f13614d28ee0b77"},"headline":"Turismo internacional desbordar\u00e1 en Canc\u00fan y Riviera Maya: SiteMinder","datePublished":"2021-05-26T16:06:41+00:00","dateModified":"2021-05-27T05:35:34+00:00","mainEntityOfPage":{"@id":"https:\/\/nitu.mx\/index.php\/2021\/05\/26\/turismo-internacional-desbordara-en-cancun-y-riviera-maya-siteminder\/"},"wordCount":328,"commentCount":0,"publisher":{"@id":"https:\/\/nitu.mx\/#\/schema\/person\/ae7a53426417292d3dd07b45a33e01bc"},"image":{"@id":"https:\/\/nitu.mx\/index.php\/2021\/05\/26\/turismo-internacional-desbordara-en-cancun-y-riviera-maya-siteminder\/#primaryimage"},"thumbnailUrl":"https:\/\/nitu.mx\/wp-content\/uploads\/2020\/10\/Cancun-eventos.jpg","keywords":["Canc\u00fan","Caribe mexicano","Riviera Maya","SiteMinder","Turismo internacional"],"articleSection":["Canc\u00fan","Hoteles"],"inLanguage":"es-MX","potentialAction":[{"@type":"CommentAction","name":"Comment","target":["https:\/\/nitu.mx\/index.php\/2021\/05\/26\/turismo-internacional-desbordara-en-cancun-y-riviera-maya-siteminder\/#respond"]}]},{"@type":"WebPage","@id":"https:\/\/nitu.mx\/index.php\/2021\/05\/26\/turismo-internacional-desbordara-en-cancun-y-riviera-maya-siteminder\/","url":"https:\/\/nitu.mx\/index.php\/2021\/05\/26\/turismo-internacional-desbordara-en-cancun-y-riviera-maya-siteminder\/","name":"Turismo internacional desbordar\u00e1 en Canc\u00fan y Riviera Maya: SiteMinder - Nitu - Noticias de la Industria Turistica","isPartOf":{"@id":"https:\/\/nitu.mx\/#website"},"primaryImageOfPage":{"@id":"https:\/\/nitu.mx\/index.php\/2021\/05\/26\/turismo-internacional-desbordara-en-cancun-y-riviera-maya-siteminder\/#primaryimage"},"image":{"@id":"https:\/\/nitu.mx\/index.php\/2021\/05\/26\/turismo-internacional-desbordara-en-cancun-y-riviera-maya-siteminder\/#primaryimage"},"thumbnailUrl":"https:\/\/nitu.mx\/wp-content\/uploads\/2020\/10\/Cancun-eventos.jpg","datePublished":"2021-05-26T16:06:41+00:00","dateModified":"2021-05-27T05:35:34+00:00","breadcrumb":{"@id":"https:\/\/nitu.mx\/index.php\/2021\/05\/26\/turismo-internacional-desbordara-en-cancun-y-riviera-maya-siteminder\/#breadcrumb"},"inLanguage":"es-MX","potentialAction":[{"@type":"ReadAction","target":["https:\/\/nitu.mx\/index.php\/2021\/05\/26\/turismo-internacional-desbordara-en-cancun-y-riviera-maya-siteminder\/"]}]},{"@type":"ImageObject","inLanguage":"es-MX","@id":"https:\/\/nitu.mx\/index.php\/2021\/05\/26\/turismo-internacional-desbordara-en-cancun-y-riviera-maya-siteminder\/#primaryimage","url":"https:\/\/nitu.mx\/wp-content\/uploads\/2020\/10\/Cancun-eventos.jpg","contentUrl":"https:\/\/nitu.mx\/wp-content\/uploads\/2020\/10\/Cancun-eventos.jpg","width":1200,"height":675,"caption":"Caribe Mexicano SiteMinder"},{"@type":"BreadcrumbList","@id":"https:\/\/nitu.mx\/index.php\/2021\/05\/26\/turismo-internacional-desbordara-en-cancun-y-riviera-maya-siteminder\/#breadcrumb","itemListElement":[{"@type":"ListItem","position":1,"name":"Inicio","item":"https:\/\/nitu.mx\/"},{"@type":"ListItem","position":2,"name":"Turismo internacional desbordar\u00e1 en Canc\u00fan y Riviera Maya: SiteMinder"}]},{"@type":"WebSite","@id":"https:\/\/nitu.mx\/#website","url":"https:\/\/nitu.mx\/","name":"Nitu - Noticias de la Industria Turistica","description":"Noticias de la Industria Turistica","publisher":{"@id":"https:\/\/nitu.mx\/#\/schema\/person\/ae7a53426417292d3dd07b45a33e01bc"},"alternateName":"Noticias de la Industria Turistica","potentialAction":[{"@type":"SearchAction","target":{"@type":"EntryPoint","urlTemplate":"https:\/\/nitu.mx\/?s={search_term_string}"},"query-input":"required name=search_term_string"}],"inLanguage":"es-MX"},{"@type":["Person","Organization"],"@id":"https:\/\/nitu.mx\/#\/schema\/person\/ae7a53426417292d3dd07b45a33e01bc","name":"Arturo Medina","image":{"@type":"ImageObject","inLanguage":"es-MX","@id":"https:\/\/nitu.mx\/#\/schema\/person\/image\/","url":"https:\/\/nitu.mx\/wp-content\/uploads\/2024\/04\/4A315622-1904-4D5C-B022-878CDC840E04-90x90-1.jpeg","contentUrl":"https:\/\/nitu.mx\/wp-content\/uploads\/2024\/04\/4A315622-1904-4D5C-B022-878CDC840E04-90x90-1.jpeg","width":90,"height":90,"caption":"Arturo Medina"},"logo":{"@id":"https:\/\/nitu.mx\/#\/schema\/person\/image\/"},"description":"Director NITU.mx, Egresado de la Escuela de Periodismo Carlos Septi\u00e9n Garc\u00eda. Periodista y analista especializado en turismo desde hace 35 a\u00f1os, radicado en Canc\u00fan Q.Roo. arturo@nitu.mx","sameAs":["https:\/\/nitu.mx","https:\/\/www.facebook.com\/NITUmx\/","medinacancun","https:\/\/twitter.com\/@Arturo_Medina_G"]},{"@type":"Person","@id":"https:\/\/nitu.mx\/#\/schema\/person\/3df3082b5e46037e3f13614d28ee0b77","name":"Guadalupe Sixto","image":{"@type":"ImageObject","inLanguage":"es-MX","@id":"https:\/\/nitu.mx\/#\/schema\/person\/image\/","url":"https:\/\/secure.gravatar.com\/avatar\/13914e1b0e1919e91f9539de4dc584c4?s=96&d=mm&r=g","contentUrl":"https:\/\/secure.gravatar.com\/avatar\/13914e1b0e1919e91f9539de4dc584c4?s=96&d=mm&r=g","caption":"Guadalupe Sixto"},"url":"https:\/\/nitu.mx\/index.php\/author\/gsixto\/"}]}},"views":543,"_links":{"self":[{"href":"https:\/\/nitu.mx\/index.php\/wp-json\/wp\/v2\/posts\/52744"}],"collection":[{"href":"https:\/\/nitu.mx\/index.php\/wp-json\/wp\/v2\/posts"}],"about":[{"href":"https:\/\/nitu.mx\/index.php\/wp-json\/wp\/v2\/types\/post"}],"author":[{"embeddable":true,"href":"https:\/\/nitu.mx\/index.php\/wp-json\/wp\/v2\/users\/18"}],"replies":[{"embeddable":true,"href":"https:\/\/nitu.mx\/index.php\/wp-json\/wp\/v2\/comments?post=52744"}],"version-history":[{"count":2,"href":"https:\/\/nitu.mx\/index.php\/wp-json\/wp\/v2\/posts\/52744\/revisions"}],"predecessor-version":[{"id":52746,"href":"https:\/\/nitu.mx\/index.php\/wp-json\/wp\/v2\/posts\/52744\/revisions\/52746"}],"wp:featuredmedia":[{"embeddable":true,"href":"https:\/\/nitu.mx\/index.php\/wp-json\/wp\/v2\/media\/47701"}],"wp:attachment":[{"href":"https:\/\/nitu.mx\/index.php\/wp-json\/wp\/v2\/media?parent=52744"}],"wp:term":[{"taxonomy":"category","embeddable":true,"href":"https:\/\/nitu.mx\/index.php\/wp-json\/wp\/v2\/categories?post=52744"},{"taxonomy":"post_tag","embeddable":true,"href":"https:\/\/nitu.mx\/index.php\/wp-json\/wp\/v2\/tags?post=52744"}],"curies":[{"name":"wp","href":"https:\/\/api.w.org\/{rel}","templated":true}]}}