{"id":52709,"date":"2021-05-25T15:53:49","date_gmt":"2021-05-25T20:53:49","guid":{"rendered":"https:\/\/www.dev.nitu.mx\/?p=52709"},"modified":"2021-05-25T16:36:33","modified_gmt":"2021-05-25T21:36:33","slug":"aerolineas-reaccionan-a-la-degradacion-de-mexico-en-seguridad-aerea","status":"publish","type":"post","link":"https:\/\/nitu.mx\/index.php\/2021\/05\/25\/aerolineas-reaccionan-a-la-degradacion-de-mexico-en-seguridad-aerea\/","title":{"rendered":"Aerol\u00edneas reaccionan a la degradaci\u00f3n de M\u00e9xico en seguridad a\u00e9rea"},"content":{"rendered":"<p>Luego de que la Administraci\u00f3n Federal de Aviaci\u00f3n (FAA, por sus siglas en ingl\u00e9s) de Estados Unidos degradara a M\u00e9xico a Categor\u00eda 2 en seguridad a\u00e9rea, las aerol\u00edneas nacionales dieron a conocer sus posturas.<\/p>\n<p>Como informamos en <em><strong>NITU.mx<\/strong><\/em>, la autoridad a\u00e9rea estadounidense rebaj\u00f3 la calificaci\u00f3n luego de una evaluaci\u00f3n a la Agencia Federal de Aviaci\u00f3n Civil (AFAC) en la que identific\u00f3 varias \u00e1reas de incumplimiento de los est\u00e1ndares m\u00ednimos de la Organizaci\u00f3n de Aviaci\u00f3n Civil Internacional.<\/p>\n<p>Las compa\u00f1\u00edas a\u00e9reas podr\u00e1n continuar con sus vuelos entre ambos pa\u00edses, pero proh\u00edbe nuevos servicios y rutas, y las l\u00edneas a\u00e9reas estadounidenses no podr\u00e1n comercializar y vender boletos en c\u00f3digos compartidos en vuelos hacia M\u00e9xico.<\/p>\n<p>Aerom\u00e9xico, Volaris y Viva Aerobus reiteraron su compromiso con la seguridad de sus operaciones para pasajeros y tripulaciones, y aseguran que la degradaci\u00f3n de esta Categor\u00eda de la FAA hacia M\u00e9xico, no hace referencia a su trabajo, que est\u00e1 sujeto a est\u00e1ndares internacionales continuamente evaluados.<\/p>\n<p>La aerol\u00ednea bandera de M\u00e9xico inform\u00f3 que sus operaciones no tendr\u00e1n afectaciones, pues todas las reservaciones, vouchers y boletos as\u00ed como Puntos Premier siguen vigentes. Los clientes pueden comprar sus vuelos en la p\u00e1gina web, app m\u00f3vil, call center y agencias de viajes.<\/p>\n<p>Volaris reiter\u00f3 que el proceso que sigue la FAA es para auditar peri\u00f3dicamente a las autoridades aeron\u00e1uticas de los otros pa\u00edses, en este caso la AFAC en M\u00e9xico, por lo que la decisi\u00f3n concierne \u00fanicamente a agencias regulatorias.<\/p>\n<p>La aerol\u00ednea de bajo costo confirm\u00f3 que su operaci\u00f3n seguir\u00e1 sin afectaci\u00f3n hacia Estados Unidos y enfocar\u00e1 sus esfuerzos en la recuperaci\u00f3n del mercado nacional y hacia regiones como Centro y Sudam\u00e9rica.<\/p>\n<p>El c\u00f3digo compartido que tiene con Frontier, que representa solo 0.4 por ciento de su ocupaci\u00f3n podr\u00eda ser suspendido eventualmente. En caso de darse esa situaci\u00f3n, Volaris proteger\u00e1 a los clientes para efectuar sus cambios sin cargo alguno.<\/p>\n<p>Por su parte, Viva Aerobus reconoci\u00f3 el seguimiento que se ha dado a las 28 observaciones de la FAA, que seg\u00fan AFAC han sido atendidas en su totalidad, entre ellas la contrataci\u00f3n de personal calificado, la reciente reforma a la Ley de Aviaci\u00f3n Civil y el avance del programa de capacitaci\u00f3n, que ser\u00e1n clave para la recuperaci\u00f3n de la Categor\u00eda 1.<\/p>\n<p>Actualmente, 14 por ciento de la operaci\u00f3n de la compa\u00f1\u00eda a\u00e9rea corresponde a m\u00e1s de 20 rutas entre M\u00e9xico y Estados Unidos, los cuales no tendr\u00e1n afectaciones ni cambios en los itinerarios, y tambi\u00e9n se\u00f1al\u00f3 que pondr\u00e1 \u00e9nfasis en crecer en el mercado dom\u00e9stico.\u00a0<a title=\"Degrada FAA de EUA a M\u00e9xico a categor\u00eda 2 de seguridad a\u00e9rea\" href=\"https:\/\/www.dev.nitu.mx\/index.php\/2021\/05\/25\/degrada-faa-de-eua-a-mexico-a-categoria-2-de-seguridad-aerea\/\" rel=\"bookmark\">(Degrada FAA de EUA a M\u00e9xico a categor\u00eda 2 de seguridad a\u00e9rea<\/a>).<\/p>\n","protected":false},"excerpt":{"rendered":"<p>Luego de que la Administraci\u00f3n Federal de Aviaci\u00f3n (FAA, por sus siglas en ingl\u00e9s) de Estados Unidos degradara a M\u00e9xico a Categor\u00eda 2 en seguridad a\u00e9rea, las aerol\u00edneas nacionales dieron a conocer sus posturas. Como informamos en NITU.mx, la autoridad a\u00e9rea estadounidense rebaj\u00f3 la calificaci\u00f3n luego de una evaluaci\u00f3n a la Agencia Federal de Aviaci\u00f3n [&hellip;]<\/p>\n","protected":false},"author":18,"featured_media":7574,"comment_status":"open","ping_status":"open","sticky":false,"template":"","format":"standard","meta":{"footnotes":""},"categories":[29],"tags":[30,7447,22190,2102,131],"yoast_head":"<!-- This site is optimized with the Yoast SEO plugin v22.2 - https:\/\/yoast.com\/wordpress\/plugins\/seo\/ -->\n<title>Aerol\u00edneas reaccionan a la degradaci\u00f3n de M\u00e9xico en seguridad a\u00e9rea - Nitu - Noticias de la Industria Turistica<\/title>\n<meta name=\"robots\" content=\"index, follow, max-snippet:-1, max-image-preview:large, max-video-preview:-1\" \/>\n<link rel=\"canonical\" href=\"https:\/\/nitu.mx\/index.php\/2021\/05\/25\/aerolineas-reaccionan-a-la-degradacion-de-mexico-en-seguridad-aerea\/\" \/>\n<meta name=\"twitter:card\" content=\"summary_large_image\" \/>\n<meta name=\"twitter:title\" content=\"Aerol\u00edneas reaccionan a la degradaci\u00f3n de M\u00e9xico en seguridad a\u00e9rea - Nitu - Noticias de la Industria Turistica\" \/>\n<meta name=\"twitter:description\" content=\"Luego de que la Administraci\u00f3n Federal de Aviaci\u00f3n (FAA, por sus siglas en ingl\u00e9s) de Estados Unidos degradara a M\u00e9xico a Categor\u00eda 2 en seguridad a\u00e9rea, las aerol\u00edneas nacionales dieron a conocer sus posturas. Como informamos en NITU.mx, la autoridad a\u00e9rea estadounidense rebaj\u00f3 la calificaci\u00f3n luego de una evaluaci\u00f3n a la Agencia Federal de Aviaci\u00f3n [&hellip;]\" \/>\n<meta name=\"twitter:image\" content=\"https:\/\/nitu.mx\/wp-content\/uploads\/2017\/03\/aicm-slots.jpg\" \/>\n<meta name=\"twitter:creator\" content=\"@NITUmx\" \/>\n<meta name=\"twitter:site\" content=\"@Arturo_Medina_G\" \/>\n<meta name=\"twitter:label1\" content=\"Escrito por\" \/>\n\t<meta name=\"twitter:data1\" content=\"Guadalupe Sixto\" \/>\n\t<meta name=\"twitter:label2\" content=\"Tiempo de lectura\" \/>\n\t<meta name=\"twitter:data2\" content=\"2 minutos\" \/>\n<script type=\"application\/ld+json\" class=\"yoast-schema-graph\">{\"@context\":\"https:\/\/schema.org\",\"@graph\":[{\"@type\":\"Article\",\"@id\":\"https:\/\/nitu.mx\/index.php\/2021\/05\/25\/aerolineas-reaccionan-a-la-degradacion-de-mexico-en-seguridad-aerea\/#article\",\"isPartOf\":{\"@id\":\"https:\/\/nitu.mx\/index.php\/2021\/05\/25\/aerolineas-reaccionan-a-la-degradacion-de-mexico-en-seguridad-aerea\/\"},\"author\":{\"name\":\"Guadalupe Sixto\",\"@id\":\"https:\/\/nitu.mx\/#\/schema\/person\/3df3082b5e46037e3f13614d28ee0b77\"},\"headline\":\"Aerol\u00edneas reaccionan a la degradaci\u00f3n de M\u00e9xico en seguridad a\u00e9rea\",\"datePublished\":\"2021-05-25T20:53:49+00:00\",\"dateModified\":\"2021-05-25T21:36:33+00:00\",\"mainEntityOfPage\":{\"@id\":\"https:\/\/nitu.mx\/index.php\/2021\/05\/25\/aerolineas-reaccionan-a-la-degradacion-de-mexico-en-seguridad-aerea\/\"},\"wordCount\":500,\"commentCount\":0,\"publisher\":{\"@id\":\"https:\/\/nitu.mx\/#\/schema\/person\/ae7a53426417292d3dd07b45a33e01bc\"},\"image\":{\"@id\":\"https:\/\/nitu.mx\/index.php\/2021\/05\/25\/aerolineas-reaccionan-a-la-degradacion-de-mexico-en-seguridad-aerea\/#primaryimage\"},\"thumbnailUrl\":\"https:\/\/nitu.mx\/wp-content\/uploads\/2017\/03\/aicm-slots.jpg\",\"keywords\":[\"Aerom\u00e9xico\",\"FAA\",\"seguridad a\u00e9rea\",\"Viva Aerobus\",\"Volaris\"],\"articleSection\":[\"Aerol\u00edneas\"],\"inLanguage\":\"es-MX\",\"potentialAction\":[{\"@type\":\"CommentAction\",\"name\":\"Comment\",\"target\":[\"https:\/\/nitu.mx\/index.php\/2021\/05\/25\/aerolineas-reaccionan-a-la-degradacion-de-mexico-en-seguridad-aerea\/#respond\"]}]},{\"@type\":\"WebPage\",\"@id\":\"https:\/\/nitu.mx\/index.php\/2021\/05\/25\/aerolineas-reaccionan-a-la-degradacion-de-mexico-en-seguridad-aerea\/\",\"url\":\"https:\/\/nitu.mx\/index.php\/2021\/05\/25\/aerolineas-reaccionan-a-la-degradacion-de-mexico-en-seguridad-aerea\/\",\"name\":\"Aerol\u00edneas reaccionan a la degradaci\u00f3n de M\u00e9xico en seguridad a\u00e9rea - Nitu - Noticias de la Industria Turistica\",\"isPartOf\":{\"@id\":\"https:\/\/nitu.mx\/#website\"},\"primaryImageOfPage\":{\"@id\":\"https:\/\/nitu.mx\/index.php\/2021\/05\/25\/aerolineas-reaccionan-a-la-degradacion-de-mexico-en-seguridad-aerea\/#primaryimage\"},\"image\":{\"@id\":\"https:\/\/nitu.mx\/index.php\/2021\/05\/25\/aerolineas-reaccionan-a-la-degradacion-de-mexico-en-seguridad-aerea\/#primaryimage\"},\"thumbnailUrl\":\"https:\/\/nitu.mx\/wp-content\/uploads\/2017\/03\/aicm-slots.jpg\",\"datePublished\":\"2021-05-25T20:53:49+00:00\",\"dateModified\":\"2021-05-25T21:36:33+00:00\",\"breadcrumb\":{\"@id\":\"https:\/\/nitu.mx\/index.php\/2021\/05\/25\/aerolineas-reaccionan-a-la-degradacion-de-mexico-en-seguridad-aerea\/#breadcrumb\"},\"inLanguage\":\"es-MX\",\"potentialAction\":[{\"@type\":\"ReadAction\",\"target\":[\"https:\/\/nitu.mx\/index.php\/2021\/05\/25\/aerolineas-reaccionan-a-la-degradacion-de-mexico-en-seguridad-aerea\/\"]}]},{\"@type\":\"ImageObject\",\"inLanguage\":\"es-MX\",\"@id\":\"https:\/\/nitu.mx\/index.php\/2021\/05\/25\/aerolineas-reaccionan-a-la-degradacion-de-mexico-en-seguridad-aerea\/#primaryimage\",\"url\":\"https:\/\/nitu.mx\/wp-content\/uploads\/2017\/03\/aicm-slots.jpg\",\"contentUrl\":\"https:\/\/nitu.mx\/wp-content\/uploads\/2017\/03\/aicm-slots.jpg\",\"width\":850,\"height\":480,\"caption\":\"AICM SCT IATA DGAC cofece, convenio bilateral cancelaciones Canaero\"},{\"@type\":\"BreadcrumbList\",\"@id\":\"https:\/\/nitu.mx\/index.php\/2021\/05\/25\/aerolineas-reaccionan-a-la-degradacion-de-mexico-en-seguridad-aerea\/#breadcrumb\",\"itemListElement\":[{\"@type\":\"ListItem\",\"position\":1,\"name\":\"Inicio\",\"item\":\"https:\/\/nitu.mx\/\"},{\"@type\":\"ListItem\",\"position\":2,\"name\":\"Aerol\u00edneas reaccionan a la degradaci\u00f3n de M\u00e9xico en seguridad a\u00e9rea\"}]},{\"@type\":\"WebSite\",\"@id\":\"https:\/\/nitu.mx\/#website\",\"url\":\"https:\/\/nitu.mx\/\",\"name\":\"Nitu - Noticias de la Industria Turistica\",\"description\":\"Noticias de la Industria Turistica\",\"publisher\":{\"@id\":\"https:\/\/nitu.mx\/#\/schema\/person\/ae7a53426417292d3dd07b45a33e01bc\"},\"alternateName\":\"Noticias de la Industria Turistica\",\"potentialAction\":[{\"@type\":\"SearchAction\",\"target\":{\"@type\":\"EntryPoint\",\"urlTemplate\":\"https:\/\/nitu.mx\/?s={search_term_string}\"},\"query-input\":\"required name=search_term_string\"}],\"inLanguage\":\"es-MX\"},{\"@type\":[\"Person\",\"Organization\"],\"@id\":\"https:\/\/nitu.mx\/#\/schema\/person\/ae7a53426417292d3dd07b45a33e01bc\",\"name\":\"Arturo Medina\",\"image\":{\"@type\":\"ImageObject\",\"inLanguage\":\"es-MX\",\"@id\":\"https:\/\/nitu.mx\/#\/schema\/person\/image\/\",\"url\":\"https:\/\/nitu.mx\/wp-content\/uploads\/2024\/04\/4A315622-1904-4D5C-B022-878CDC840E04-90x90-1.jpeg\",\"contentUrl\":\"https:\/\/nitu.mx\/wp-content\/uploads\/2024\/04\/4A315622-1904-4D5C-B022-878CDC840E04-90x90-1.jpeg\",\"width\":90,\"height\":90,\"caption\":\"Arturo Medina\"},\"logo\":{\"@id\":\"https:\/\/nitu.mx\/#\/schema\/person\/image\/\"},\"description\":\"Director NITU.mx, Egresado de la Escuela de Periodismo Carlos Septi\u00e9n Garc\u00eda. Periodista y analista especializado en turismo desde hace 35 a\u00f1os, radicado en Canc\u00fan Q.Roo. arturo@nitu.mx\",\"sameAs\":[\"https:\/\/nitu.mx\",\"https:\/\/www.facebook.com\/NITUmx\/\",\"medinacancun\",\"https:\/\/twitter.com\/@Arturo_Medina_G\"]},{\"@type\":\"Person\",\"@id\":\"https:\/\/nitu.mx\/#\/schema\/person\/3df3082b5e46037e3f13614d28ee0b77\",\"name\":\"Guadalupe Sixto\",\"image\":{\"@type\":\"ImageObject\",\"inLanguage\":\"es-MX\",\"@id\":\"https:\/\/nitu.mx\/#\/schema\/person\/image\/\",\"url\":\"https:\/\/secure.gravatar.com\/avatar\/13914e1b0e1919e91f9539de4dc584c4?s=96&d=mm&r=g\",\"contentUrl\":\"https:\/\/secure.gravatar.com\/avatar\/13914e1b0e1919e91f9539de4dc584c4?s=96&d=mm&r=g\",\"caption\":\"Guadalupe Sixto\"},\"url\":\"https:\/\/nitu.mx\/index.php\/author\/gsixto\/\"}]}<\/script>\n<!-- \/ Yoast SEO plugin. -->","yoast_head_json":{"title":"Aerol\u00edneas reaccionan a la degradaci\u00f3n de M\u00e9xico en seguridad a\u00e9rea - Nitu - Noticias de la Industria Turistica","robots":{"index":"index","follow":"follow","max-snippet":"max-snippet:-1","max-image-preview":"max-image-preview:large","max-video-preview":"max-video-preview:-1"},"canonical":"https:\/\/nitu.mx\/index.php\/2021\/05\/25\/aerolineas-reaccionan-a-la-degradacion-de-mexico-en-seguridad-aerea\/","twitter_card":"summary_large_image","twitter_title":"Aerol\u00edneas reaccionan a la degradaci\u00f3n de M\u00e9xico en seguridad a\u00e9rea - Nitu - Noticias de la Industria Turistica","twitter_description":"Luego de que la Administraci\u00f3n Federal de Aviaci\u00f3n (FAA, por sus siglas en ingl\u00e9s) de Estados Unidos degradara a M\u00e9xico a Categor\u00eda 2 en seguridad a\u00e9rea, las aerol\u00edneas nacionales dieron a conocer sus posturas. Como informamos en NITU.mx, la autoridad a\u00e9rea estadounidense rebaj\u00f3 la calificaci\u00f3n luego de una evaluaci\u00f3n a la Agencia Federal de Aviaci\u00f3n [&hellip;]","twitter_image":"https:\/\/nitu.mx\/wp-content\/uploads\/2017\/03\/aicm-slots.jpg","twitter_creator":"@NITUmx","twitter_site":"@Arturo_Medina_G","twitter_misc":{"Escrito por":"Guadalupe Sixto","Tiempo de lectura":"2 minutos"},"schema":{"@context":"https:\/\/schema.org","@graph":[{"@type":"Article","@id":"https:\/\/nitu.mx\/index.php\/2021\/05\/25\/aerolineas-reaccionan-a-la-degradacion-de-mexico-en-seguridad-aerea\/#article","isPartOf":{"@id":"https:\/\/nitu.mx\/index.php\/2021\/05\/25\/aerolineas-reaccionan-a-la-degradacion-de-mexico-en-seguridad-aerea\/"},"author":{"name":"Guadalupe Sixto","@id":"https:\/\/nitu.mx\/#\/schema\/person\/3df3082b5e46037e3f13614d28ee0b77"},"headline":"Aerol\u00edneas reaccionan a la degradaci\u00f3n de M\u00e9xico en seguridad a\u00e9rea","datePublished":"2021-05-25T20:53:49+00:00","dateModified":"2021-05-25T21:36:33+00:00","mainEntityOfPage":{"@id":"https:\/\/nitu.mx\/index.php\/2021\/05\/25\/aerolineas-reaccionan-a-la-degradacion-de-mexico-en-seguridad-aerea\/"},"wordCount":500,"commentCount":0,"publisher":{"@id":"https:\/\/nitu.mx\/#\/schema\/person\/ae7a53426417292d3dd07b45a33e01bc"},"image":{"@id":"https:\/\/nitu.mx\/index.php\/2021\/05\/25\/aerolineas-reaccionan-a-la-degradacion-de-mexico-en-seguridad-aerea\/#primaryimage"},"thumbnailUrl":"https:\/\/nitu.mx\/wp-content\/uploads\/2017\/03\/aicm-slots.jpg","keywords":["Aerom\u00e9xico","FAA","seguridad a\u00e9rea","Viva Aerobus","Volaris"],"articleSection":["Aerol\u00edneas"],"inLanguage":"es-MX","potentialAction":[{"@type":"CommentAction","name":"Comment","target":["https:\/\/nitu.mx\/index.php\/2021\/05\/25\/aerolineas-reaccionan-a-la-degradacion-de-mexico-en-seguridad-aerea\/#respond"]}]},{"@type":"WebPage","@id":"https:\/\/nitu.mx\/index.php\/2021\/05\/25\/aerolineas-reaccionan-a-la-degradacion-de-mexico-en-seguridad-aerea\/","url":"https:\/\/nitu.mx\/index.php\/2021\/05\/25\/aerolineas-reaccionan-a-la-degradacion-de-mexico-en-seguridad-aerea\/","name":"Aerol\u00edneas reaccionan a la degradaci\u00f3n de M\u00e9xico en seguridad a\u00e9rea - Nitu - Noticias de la Industria Turistica","isPartOf":{"@id":"https:\/\/nitu.mx\/#website"},"primaryImageOfPage":{"@id":"https:\/\/nitu.mx\/index.php\/2021\/05\/25\/aerolineas-reaccionan-a-la-degradacion-de-mexico-en-seguridad-aerea\/#primaryimage"},"image":{"@id":"https:\/\/nitu.mx\/index.php\/2021\/05\/25\/aerolineas-reaccionan-a-la-degradacion-de-mexico-en-seguridad-aerea\/#primaryimage"},"thumbnailUrl":"https:\/\/nitu.mx\/wp-content\/uploads\/2017\/03\/aicm-slots.jpg","datePublished":"2021-05-25T20:53:49+00:00","dateModified":"2021-05-25T21:36:33+00:00","breadcrumb":{"@id":"https:\/\/nitu.mx\/index.php\/2021\/05\/25\/aerolineas-reaccionan-a-la-degradacion-de-mexico-en-seguridad-aerea\/#breadcrumb"},"inLanguage":"es-MX","potentialAction":[{"@type":"ReadAction","target":["https:\/\/nitu.mx\/index.php\/2021\/05\/25\/aerolineas-reaccionan-a-la-degradacion-de-mexico-en-seguridad-aerea\/"]}]},{"@type":"ImageObject","inLanguage":"es-MX","@id":"https:\/\/nitu.mx\/index.php\/2021\/05\/25\/aerolineas-reaccionan-a-la-degradacion-de-mexico-en-seguridad-aerea\/#primaryimage","url":"https:\/\/nitu.mx\/wp-content\/uploads\/2017\/03\/aicm-slots.jpg","contentUrl":"https:\/\/nitu.mx\/wp-content\/uploads\/2017\/03\/aicm-slots.jpg","width":850,"height":480,"caption":"AICM SCT IATA DGAC cofece, convenio bilateral cancelaciones Canaero"},{"@type":"BreadcrumbList","@id":"https:\/\/nitu.mx\/index.php\/2021\/05\/25\/aerolineas-reaccionan-a-la-degradacion-de-mexico-en-seguridad-aerea\/#breadcrumb","itemListElement":[{"@type":"ListItem","position":1,"name":"Inicio","item":"https:\/\/nitu.mx\/"},{"@type":"ListItem","position":2,"name":"Aerol\u00edneas reaccionan a la degradaci\u00f3n de M\u00e9xico en seguridad a\u00e9rea"}]},{"@type":"WebSite","@id":"https:\/\/nitu.mx\/#website","url":"https:\/\/nitu.mx\/","name":"Nitu - Noticias de la Industria Turistica","description":"Noticias de la Industria Turistica","publisher":{"@id":"https:\/\/nitu.mx\/#\/schema\/person\/ae7a53426417292d3dd07b45a33e01bc"},"alternateName":"Noticias de la Industria Turistica","potentialAction":[{"@type":"SearchAction","target":{"@type":"EntryPoint","urlTemplate":"https:\/\/nitu.mx\/?s={search_term_string}"},"query-input":"required name=search_term_string"}],"inLanguage":"es-MX"},{"@type":["Person","Organization"],"@id":"https:\/\/nitu.mx\/#\/schema\/person\/ae7a53426417292d3dd07b45a33e01bc","name":"Arturo Medina","image":{"@type":"ImageObject","inLanguage":"es-MX","@id":"https:\/\/nitu.mx\/#\/schema\/person\/image\/","url":"https:\/\/nitu.mx\/wp-content\/uploads\/2024\/04\/4A315622-1904-4D5C-B022-878CDC840E04-90x90-1.jpeg","contentUrl":"https:\/\/nitu.mx\/wp-content\/uploads\/2024\/04\/4A315622-1904-4D5C-B022-878CDC840E04-90x90-1.jpeg","width":90,"height":90,"caption":"Arturo Medina"},"logo":{"@id":"https:\/\/nitu.mx\/#\/schema\/person\/image\/"},"description":"Director NITU.mx, Egresado de la Escuela de Periodismo Carlos Septi\u00e9n Garc\u00eda. Periodista y analista especializado en turismo desde hace 35 a\u00f1os, radicado en Canc\u00fan Q.Roo. arturo@nitu.mx","sameAs":["https:\/\/nitu.mx","https:\/\/www.facebook.com\/NITUmx\/","medinacancun","https:\/\/twitter.com\/@Arturo_Medina_G"]},{"@type":"Person","@id":"https:\/\/nitu.mx\/#\/schema\/person\/3df3082b5e46037e3f13614d28ee0b77","name":"Guadalupe Sixto","image":{"@type":"ImageObject","inLanguage":"es-MX","@id":"https:\/\/nitu.mx\/#\/schema\/person\/image\/","url":"https:\/\/secure.gravatar.com\/avatar\/13914e1b0e1919e91f9539de4dc584c4?s=96&d=mm&r=g","contentUrl":"https:\/\/secure.gravatar.com\/avatar\/13914e1b0e1919e91f9539de4dc584c4?s=96&d=mm&r=g","caption":"Guadalupe Sixto"},"url":"https:\/\/nitu.mx\/index.php\/author\/gsixto\/"}]}},"views":408,"_links":{"self":[{"href":"https:\/\/nitu.mx\/index.php\/wp-json\/wp\/v2\/posts\/52709"}],"collection":[{"href":"https:\/\/nitu.mx\/index.php\/wp-json\/wp\/v2\/posts"}],"about":[{"href":"https:\/\/nitu.mx\/index.php\/wp-json\/wp\/v2\/types\/post"}],"author":[{"embeddable":true,"href":"https:\/\/nitu.mx\/index.php\/wp-json\/wp\/v2\/users\/18"}],"replies":[{"embeddable":true,"href":"https:\/\/nitu.mx\/index.php\/wp-json\/wp\/v2\/comments?post=52709"}],"version-history":[{"count":4,"href":"https:\/\/nitu.mx\/index.php\/wp-json\/wp\/v2\/posts\/52709\/revisions"}],"predecessor-version":[{"id":52713,"href":"https:\/\/nitu.mx\/index.php\/wp-json\/wp\/v2\/posts\/52709\/revisions\/52713"}],"wp:featuredmedia":[{"embeddable":true,"href":"https:\/\/nitu.mx\/index.php\/wp-json\/wp\/v2\/media\/7574"}],"wp:attachment":[{"href":"https:\/\/nitu.mx\/index.php\/wp-json\/wp\/v2\/media?parent=52709"}],"wp:term":[{"taxonomy":"category","embeddable":true,"href":"https:\/\/nitu.mx\/index.php\/wp-json\/wp\/v2\/categories?post=52709"},{"taxonomy":"post_tag","embeddable":true,"href":"https:\/\/nitu.mx\/index.php\/wp-json\/wp\/v2\/tags?post=52709"}],"curies":[{"name":"wp","href":"https:\/\/api.w.org\/{rel}","templated":true}]}}