{"id":52687,"date":"2021-05-24T22:54:11","date_gmt":"2021-05-25T03:54:11","guid":{"rendered":"https:\/\/www.dev.nitu.mx\/?p=52687"},"modified":"2021-05-24T23:54:50","modified_gmt":"2021-05-25T04:54:50","slug":"tianguis-turistico-se-mueve-a-noviembre-para-garantizar-mas-asistencia","status":"publish","type":"post","link":"https:\/\/nitu.mx\/index.php\/2021\/05\/24\/tianguis-turistico-se-mueve-a-noviembre-para-garantizar-mas-asistencia\/","title":{"rendered":"Tianguis Tur\u00edstico se mueve a noviembre para garantizar mayor asistencia"},"content":{"rendered":"<p>Una vez m\u00e1s, la Secretar\u00eda de Turismo y el gobierno de Yucat\u00e1n modificaron la fecha del Tianguis Tur\u00edstico, que ahora est\u00e1 programado para realizarse del 21 al 24 de noviembre en M\u00e9rida, con la garant\u00eda de que ser\u00e1 un evento seguro en biosanidad.<\/p>\n<p>El titular de Sectur, Miguel Torruco, y el gobernador Mauricio Vila, explicaron que el objetivo de mover la edici\u00f3n 45 del Tianguis Tur\u00edstico para noviembre, en lugar de septiembre como estaba en la agenda, es tener m\u00e1s posibilidades de asistencia.<\/p>\n<p>Lo anterior est\u00e1 basado en los avances de la vacuna contra el Covid-19 en M\u00e9xico y en el mundo, lo que garantiza que acudan m\u00e1s compradores internacionales; as\u00ed se cumplir\u00e1 el principal objetivo del encuentro de negocios que es impulsar la promoci\u00f3n y comercializaci\u00f3n de los diferentes destinos.<\/p>\n<p>Torruco Marqu\u00e9s puso como ejemplo la pasada edici\u00f3n de Fitur en Madrid, Espa\u00f1a, de c\u00f3mo se pueden realizar las ferias de turismo m\u00e1s importantes bajo las medidas biosanitarias establecidas por las autoridades.<\/p>\n<p>\u201cEn el caso de M\u00e9xico, la Secretar\u00eda de Turismo federal y el gobierno de Yucat\u00e1n seguimos trabajando para realizar la 45 edici\u00f3n del Tianguis Tur\u00edstico, que tendr\u00e1 lugar en M\u00e9rida. Este evento tuvo que ser suspendido en marzo de 2020 y aplazado para septiembre del presente a\u00f1o. No obstante, tanto el gobernador Mauricio Vila, como un servidor, hemos decidido que esta nueva edici\u00f3n del Tianguis Tur\u00edstico se realice del 21 al 24 de noviembre pr\u00f3ximo\u201d, coment\u00f3 Miguel Torruco.<\/p>\n<blockquote class=\"twitter-tweet\" data-width=\"550\" data-dnt=\"true\">\n<p lang=\"es\" dir=\"ltr\">Con el objetivo de llevar a cabo un <a href=\"https:\/\/twitter.com\/hashtag\/TianguisTur%C3%ADstico?src=hash&amp;ref_src=twsrc%5Etfw\">#TianguisTur\u00edstico<\/a> presencial seguro, en materia de bio-sanidad, anunciamos con el gobernador de Yucat\u00e1n, <a href=\"https:\/\/twitter.com\/MauVila?ref_src=twsrc%5Etfw\">@MauVila<\/a>, que el evento se celebrar\u00e1 en M\u00e9rida del 21 al 24 de noviembre del presente a\u00f1o. <a href=\"https:\/\/t.co\/FFiR7FQwbb\">pic.twitter.com\/FFiR7FQwbb<\/a><\/p>\n<p>&mdash; MiguelTorrucoMarqu\u00e9s (@TorrucoTurismo) <a href=\"https:\/\/twitter.com\/TorrucoTurismo\/status\/1396944751560101891?ref_src=twsrc%5Etfw\">May 24, 2021<\/a><\/p><\/blockquote>\n<p><script async src=\"https:\/\/platform.twitter.com\/widgets.js\" charset=\"utf-8\"><\/script><\/p>\n<p>Por su parte, el mandatario estatal asegur\u00f3 que ser\u00e1 un evento exitoso y acorde a las tendencias que esperamos, adem\u00e1s ser\u00e1 un parteaguas de la recuperaci\u00f3n tur\u00edstica.<\/p>\n<p>El Tianguis Tur\u00edstico en M\u00e9rida se realizar\u00e1 en condiciones de bioseguridad, con todos los protocolos y medidas sanitarias para cuidar la salud de los asistentes.<\/p>\n<p>Adem\u00e1s, se trabaja en la log\u00edstica que permita que el evento sea un \u00e1rea libre de esta enfermedad. Previamente, los asistentes deber\u00e1n realizarse una prueba de ant\u00edgenos que en caso de ser negativa permitir\u00e1 acceso al evento.<\/p>\n<p>Tambi\u00e9n, a trav\u00e9s de los canales oficiales del Tianguis Tur\u00edstico se informar\u00e1 a los participantes sobre las medidas que se llevar\u00e1n a cabo durante el evento.\u00a0<a title=\"Tianguis Tur\u00edstico de M\u00e9rida cambia de fecha a septiembre de 2021\" href=\"https:\/\/www.dev.nitu.mx\/index.php\/2020\/11\/09\/tianguis-turistico-de-merida-cambia-de-fecha-a-septiembre-de-2021\/\" rel=\"bookmark\">(Tianguis Tur\u00edstico de M\u00e9rida cambia de fecha a septiembre de 2021<\/a>).<\/p>\n","protected":false},"excerpt":{"rendered":"<p>Una vez m\u00e1s, la Secretar\u00eda de Turismo y el gobierno de Yucat\u00e1n modificaron la fecha del Tianguis Tur\u00edstico, que ahora est\u00e1 programado para realizarse del 21 al 24 de noviembre en M\u00e9rida, con la garant\u00eda de que ser\u00e1 un evento seguro en biosanidad. El titular de Sectur, Miguel Torruco, y el gobernador Mauricio Vila, explicaron [&hellip;]<\/p>\n","protected":false},"author":17,"featured_media":40780,"comment_status":"open","ping_status":"open","sticky":false,"template":"","format":"standard","meta":{"footnotes":""},"categories":[5,6],"tags":[12225,301,910,1064,449],"yoast_head":"<!-- This site is optimized with the Yoast SEO plugin v22.2 - https:\/\/yoast.com\/wordpress\/plugins\/seo\/ -->\n<title>Tianguis Tur\u00edstico se mueve a noviembre para garantizar mayor asistencia - Nitu - Noticias de la Industria Turistica<\/title>\n<meta name=\"robots\" content=\"index, follow, max-snippet:-1, max-image-preview:large, max-video-preview:-1\" \/>\n<link rel=\"canonical\" href=\"https:\/\/nitu.mx\/index.php\/2021\/05\/24\/tianguis-turistico-se-mueve-a-noviembre-para-garantizar-mas-asistencia\/\" \/>\n<meta name=\"twitter:card\" content=\"summary_large_image\" \/>\n<meta name=\"twitter:title\" content=\"Tianguis Tur\u00edstico se mueve a noviembre para garantizar mayor asistencia - Nitu - Noticias de la Industria Turistica\" \/>\n<meta name=\"twitter:description\" content=\"Una vez m\u00e1s, la Secretar\u00eda de Turismo y el gobierno de Yucat\u00e1n modificaron la fecha del Tianguis Tur\u00edstico, que ahora est\u00e1 programado para realizarse del 21 al 24 de noviembre en M\u00e9rida, con la garant\u00eda de que ser\u00e1 un evento seguro en biosanidad. El titular de Sectur, Miguel Torruco, y el gobernador Mauricio Vila, explicaron [&hellip;]\" \/>\n<meta name=\"twitter:image\" content=\"https:\/\/nitu.mx\/wp-content\/uploads\/2020\/03\/Merida-Tianguis-Turistico.jpg\" \/>\n<meta name=\"twitter:creator\" content=\"@NITUmx\" \/>\n<meta name=\"twitter:site\" content=\"@Arturo_Medina_G\" \/>\n<meta name=\"twitter:label1\" content=\"Escrito por\" \/>\n\t<meta name=\"twitter:data1\" content=\"Redacci\u00f3n\" \/>\n\t<meta name=\"twitter:label2\" content=\"Tiempo de lectura\" \/>\n\t<meta name=\"twitter:data2\" content=\"2 minutos\" \/>\n<script type=\"application\/ld+json\" class=\"yoast-schema-graph\">{\"@context\":\"https:\/\/schema.org\",\"@graph\":[{\"@type\":\"Article\",\"@id\":\"https:\/\/nitu.mx\/index.php\/2021\/05\/24\/tianguis-turistico-se-mueve-a-noviembre-para-garantizar-mas-asistencia\/#article\",\"isPartOf\":{\"@id\":\"https:\/\/nitu.mx\/index.php\/2021\/05\/24\/tianguis-turistico-se-mueve-a-noviembre-para-garantizar-mas-asistencia\/\"},\"author\":{\"name\":\"Redacci\u00f3n\",\"@id\":\"https:\/\/nitu.mx\/#\/schema\/person\/4a28fe9bd65924f7c90623773daf1b0b\"},\"headline\":\"Tianguis Tur\u00edstico se mueve a noviembre para garantizar mayor asistencia\",\"datePublished\":\"2021-05-25T03:54:11+00:00\",\"dateModified\":\"2021-05-25T04:54:50+00:00\",\"mainEntityOfPage\":{\"@id\":\"https:\/\/nitu.mx\/index.php\/2021\/05\/24\/tianguis-turistico-se-mueve-a-noviembre-para-garantizar-mas-asistencia\/\"},\"wordCount\":419,\"commentCount\":0,\"publisher\":{\"@id\":\"https:\/\/nitu.mx\/#\/schema\/person\/ae7a53426417292d3dd07b45a33e01bc\"},\"image\":{\"@id\":\"https:\/\/nitu.mx\/index.php\/2021\/05\/24\/tianguis-turistico-se-mueve-a-noviembre-para-garantizar-mas-asistencia\/#primaryimage\"},\"thumbnailUrl\":\"https:\/\/nitu.mx\/wp-content\/uploads\/2020\/03\/Merida-Tianguis-Turistico.jpg\",\"keywords\":[\"Mauricio Vila\",\"M\u00e9rida\",\"Miguel Torruco\",\"Tianguis Tur\u00edstico\",\"Yucat\u00e1n\"],\"articleSection\":[\"Destinos\",\"M\u00e9xico\"],\"inLanguage\":\"es-MX\",\"potentialAction\":[{\"@type\":\"CommentAction\",\"name\":\"Comment\",\"target\":[\"https:\/\/nitu.mx\/index.php\/2021\/05\/24\/tianguis-turistico-se-mueve-a-noviembre-para-garantizar-mas-asistencia\/#respond\"]}]},{\"@type\":\"WebPage\",\"@id\":\"https:\/\/nitu.mx\/index.php\/2021\/05\/24\/tianguis-turistico-se-mueve-a-noviembre-para-garantizar-mas-asistencia\/\",\"url\":\"https:\/\/nitu.mx\/index.php\/2021\/05\/24\/tianguis-turistico-se-mueve-a-noviembre-para-garantizar-mas-asistencia\/\",\"name\":\"Tianguis Tur\u00edstico se mueve a noviembre para garantizar mayor asistencia - Nitu - Noticias de la Industria Turistica\",\"isPartOf\":{\"@id\":\"https:\/\/nitu.mx\/#website\"},\"primaryImageOfPage\":{\"@id\":\"https:\/\/nitu.mx\/index.php\/2021\/05\/24\/tianguis-turistico-se-mueve-a-noviembre-para-garantizar-mas-asistencia\/#primaryimage\"},\"image\":{\"@id\":\"https:\/\/nitu.mx\/index.php\/2021\/05\/24\/tianguis-turistico-se-mueve-a-noviembre-para-garantizar-mas-asistencia\/#primaryimage\"},\"thumbnailUrl\":\"https:\/\/nitu.mx\/wp-content\/uploads\/2020\/03\/Merida-Tianguis-Turistico.jpg\",\"datePublished\":\"2021-05-25T03:54:11+00:00\",\"dateModified\":\"2021-05-25T04:54:50+00:00\",\"breadcrumb\":{\"@id\":\"https:\/\/nitu.mx\/index.php\/2021\/05\/24\/tianguis-turistico-se-mueve-a-noviembre-para-garantizar-mas-asistencia\/#breadcrumb\"},\"inLanguage\":\"es-MX\",\"potentialAction\":[{\"@type\":\"ReadAction\",\"target\":[\"https:\/\/nitu.mx\/index.php\/2021\/05\/24\/tianguis-turistico-se-mueve-a-noviembre-para-garantizar-mas-asistencia\/\"]}]},{\"@type\":\"ImageObject\",\"inLanguage\":\"es-MX\",\"@id\":\"https:\/\/nitu.mx\/index.php\/2021\/05\/24\/tianguis-turistico-se-mueve-a-noviembre-para-garantizar-mas-asistencia\/#primaryimage\",\"url\":\"https:\/\/nitu.mx\/wp-content\/uploads\/2020\/03\/Merida-Tianguis-Turistico.jpg\",\"contentUrl\":\"https:\/\/nitu.mx\/wp-content\/uploads\/2020\/03\/Merida-Tianguis-Turistico.jpg\",\"width\":850,\"height\":480,\"caption\":\"Merida Tianguis Turistico\"},{\"@type\":\"BreadcrumbList\",\"@id\":\"https:\/\/nitu.mx\/index.php\/2021\/05\/24\/tianguis-turistico-se-mueve-a-noviembre-para-garantizar-mas-asistencia\/#breadcrumb\",\"itemListElement\":[{\"@type\":\"ListItem\",\"position\":1,\"name\":\"Inicio\",\"item\":\"https:\/\/nitu.mx\/\"},{\"@type\":\"ListItem\",\"position\":2,\"name\":\"Tianguis Tur\u00edstico se mueve a noviembre para garantizar mayor asistencia\"}]},{\"@type\":\"WebSite\",\"@id\":\"https:\/\/nitu.mx\/#website\",\"url\":\"https:\/\/nitu.mx\/\",\"name\":\"Nitu - Noticias de la Industria Turistica\",\"description\":\"Noticias de la Industria Turistica\",\"publisher\":{\"@id\":\"https:\/\/nitu.mx\/#\/schema\/person\/ae7a53426417292d3dd07b45a33e01bc\"},\"alternateName\":\"Noticias de la Industria Turistica\",\"potentialAction\":[{\"@type\":\"SearchAction\",\"target\":{\"@type\":\"EntryPoint\",\"urlTemplate\":\"https:\/\/nitu.mx\/?s={search_term_string}\"},\"query-input\":\"required name=search_term_string\"}],\"inLanguage\":\"es-MX\"},{\"@type\":[\"Person\",\"Organization\"],\"@id\":\"https:\/\/nitu.mx\/#\/schema\/person\/ae7a53426417292d3dd07b45a33e01bc\",\"name\":\"Arturo Medina\",\"image\":{\"@type\":\"ImageObject\",\"inLanguage\":\"es-MX\",\"@id\":\"https:\/\/nitu.mx\/#\/schema\/person\/image\/\",\"url\":\"https:\/\/nitu.mx\/wp-content\/uploads\/2024\/04\/4A315622-1904-4D5C-B022-878CDC840E04-90x90-1.jpeg\",\"contentUrl\":\"https:\/\/nitu.mx\/wp-content\/uploads\/2024\/04\/4A315622-1904-4D5C-B022-878CDC840E04-90x90-1.jpeg\",\"width\":90,\"height\":90,\"caption\":\"Arturo Medina\"},\"logo\":{\"@id\":\"https:\/\/nitu.mx\/#\/schema\/person\/image\/\"},\"description\":\"Director NITU.mx, Egresado de la Escuela de Periodismo Carlos Septi\u00e9n Garc\u00eda. Periodista y analista especializado en turismo desde hace 35 a\u00f1os, radicado en Canc\u00fan Q.Roo. arturo@nitu.mx\",\"sameAs\":[\"https:\/\/nitu.mx\",\"https:\/\/www.facebook.com\/NITUmx\/\",\"medinacancun\",\"https:\/\/twitter.com\/@Arturo_Medina_G\"]},{\"@type\":\"Person\",\"@id\":\"https:\/\/nitu.mx\/#\/schema\/person\/4a28fe9bd65924f7c90623773daf1b0b\",\"name\":\"Redacci\u00f3n\",\"image\":{\"@type\":\"ImageObject\",\"inLanguage\":\"es-MX\",\"@id\":\"https:\/\/nitu.mx\/#\/schema\/person\/image\/\",\"url\":\"https:\/\/secure.gravatar.com\/avatar\/5dd011c8ccfc5cd7e4c81e42252aab38?s=96&d=mm&r=g\",\"contentUrl\":\"https:\/\/secure.gravatar.com\/avatar\/5dd011c8ccfc5cd7e4c81e42252aab38?s=96&d=mm&r=g\",\"caption\":\"Redacci\u00f3n\"},\"url\":\"https:\/\/nitu.mx\/index.php\/author\/redaccion\/\"}]}<\/script>\n<!-- \/ Yoast SEO plugin. -->","yoast_head_json":{"title":"Tianguis Tur\u00edstico se mueve a noviembre para garantizar mayor asistencia - Nitu - Noticias de la Industria Turistica","robots":{"index":"index","follow":"follow","max-snippet":"max-snippet:-1","max-image-preview":"max-image-preview:large","max-video-preview":"max-video-preview:-1"},"canonical":"https:\/\/nitu.mx\/index.php\/2021\/05\/24\/tianguis-turistico-se-mueve-a-noviembre-para-garantizar-mas-asistencia\/","twitter_card":"summary_large_image","twitter_title":"Tianguis Tur\u00edstico se mueve a noviembre para garantizar mayor asistencia - Nitu - Noticias de la Industria Turistica","twitter_description":"Una vez m\u00e1s, la Secretar\u00eda de Turismo y el gobierno de Yucat\u00e1n modificaron la fecha del Tianguis Tur\u00edstico, que ahora est\u00e1 programado para realizarse del 21 al 24 de noviembre en M\u00e9rida, con la garant\u00eda de que ser\u00e1 un evento seguro en biosanidad. El titular de Sectur, Miguel Torruco, y el gobernador Mauricio Vila, explicaron [&hellip;]","twitter_image":"https:\/\/nitu.mx\/wp-content\/uploads\/2020\/03\/Merida-Tianguis-Turistico.jpg","twitter_creator":"@NITUmx","twitter_site":"@Arturo_Medina_G","twitter_misc":{"Escrito por":"Redacci\u00f3n","Tiempo de lectura":"2 minutos"},"schema":{"@context":"https:\/\/schema.org","@graph":[{"@type":"Article","@id":"https:\/\/nitu.mx\/index.php\/2021\/05\/24\/tianguis-turistico-se-mueve-a-noviembre-para-garantizar-mas-asistencia\/#article","isPartOf":{"@id":"https:\/\/nitu.mx\/index.php\/2021\/05\/24\/tianguis-turistico-se-mueve-a-noviembre-para-garantizar-mas-asistencia\/"},"author":{"name":"Redacci\u00f3n","@id":"https:\/\/nitu.mx\/#\/schema\/person\/4a28fe9bd65924f7c90623773daf1b0b"},"headline":"Tianguis Tur\u00edstico se mueve a noviembre para garantizar mayor asistencia","datePublished":"2021-05-25T03:54:11+00:00","dateModified":"2021-05-25T04:54:50+00:00","mainEntityOfPage":{"@id":"https:\/\/nitu.mx\/index.php\/2021\/05\/24\/tianguis-turistico-se-mueve-a-noviembre-para-garantizar-mas-asistencia\/"},"wordCount":419,"commentCount":0,"publisher":{"@id":"https:\/\/nitu.mx\/#\/schema\/person\/ae7a53426417292d3dd07b45a33e01bc"},"image":{"@id":"https:\/\/nitu.mx\/index.php\/2021\/05\/24\/tianguis-turistico-se-mueve-a-noviembre-para-garantizar-mas-asistencia\/#primaryimage"},"thumbnailUrl":"https:\/\/nitu.mx\/wp-content\/uploads\/2020\/03\/Merida-Tianguis-Turistico.jpg","keywords":["Mauricio Vila","M\u00e9rida","Miguel Torruco","Tianguis Tur\u00edstico","Yucat\u00e1n"],"articleSection":["Destinos","M\u00e9xico"],"inLanguage":"es-MX","potentialAction":[{"@type":"CommentAction","name":"Comment","target":["https:\/\/nitu.mx\/index.php\/2021\/05\/24\/tianguis-turistico-se-mueve-a-noviembre-para-garantizar-mas-asistencia\/#respond"]}]},{"@type":"WebPage","@id":"https:\/\/nitu.mx\/index.php\/2021\/05\/24\/tianguis-turistico-se-mueve-a-noviembre-para-garantizar-mas-asistencia\/","url":"https:\/\/nitu.mx\/index.php\/2021\/05\/24\/tianguis-turistico-se-mueve-a-noviembre-para-garantizar-mas-asistencia\/","name":"Tianguis Tur\u00edstico se mueve a noviembre para garantizar mayor asistencia - Nitu - Noticias de la Industria Turistica","isPartOf":{"@id":"https:\/\/nitu.mx\/#website"},"primaryImageOfPage":{"@id":"https:\/\/nitu.mx\/index.php\/2021\/05\/24\/tianguis-turistico-se-mueve-a-noviembre-para-garantizar-mas-asistencia\/#primaryimage"},"image":{"@id":"https:\/\/nitu.mx\/index.php\/2021\/05\/24\/tianguis-turistico-se-mueve-a-noviembre-para-garantizar-mas-asistencia\/#primaryimage"},"thumbnailUrl":"https:\/\/nitu.mx\/wp-content\/uploads\/2020\/03\/Merida-Tianguis-Turistico.jpg","datePublished":"2021-05-25T03:54:11+00:00","dateModified":"2021-05-25T04:54:50+00:00","breadcrumb":{"@id":"https:\/\/nitu.mx\/index.php\/2021\/05\/24\/tianguis-turistico-se-mueve-a-noviembre-para-garantizar-mas-asistencia\/#breadcrumb"},"inLanguage":"es-MX","potentialAction":[{"@type":"ReadAction","target":["https:\/\/nitu.mx\/index.php\/2021\/05\/24\/tianguis-turistico-se-mueve-a-noviembre-para-garantizar-mas-asistencia\/"]}]},{"@type":"ImageObject","inLanguage":"es-MX","@id":"https:\/\/nitu.mx\/index.php\/2021\/05\/24\/tianguis-turistico-se-mueve-a-noviembre-para-garantizar-mas-asistencia\/#primaryimage","url":"https:\/\/nitu.mx\/wp-content\/uploads\/2020\/03\/Merida-Tianguis-Turistico.jpg","contentUrl":"https:\/\/nitu.mx\/wp-content\/uploads\/2020\/03\/Merida-Tianguis-Turistico.jpg","width":850,"height":480,"caption":"Merida Tianguis Turistico"},{"@type":"BreadcrumbList","@id":"https:\/\/nitu.mx\/index.php\/2021\/05\/24\/tianguis-turistico-se-mueve-a-noviembre-para-garantizar-mas-asistencia\/#breadcrumb","itemListElement":[{"@type":"ListItem","position":1,"name":"Inicio","item":"https:\/\/nitu.mx\/"},{"@type":"ListItem","position":2,"name":"Tianguis Tur\u00edstico se mueve a noviembre para garantizar mayor asistencia"}]},{"@type":"WebSite","@id":"https:\/\/nitu.mx\/#website","url":"https:\/\/nitu.mx\/","name":"Nitu - Noticias de la Industria Turistica","description":"Noticias de la Industria Turistica","publisher":{"@id":"https:\/\/nitu.mx\/#\/schema\/person\/ae7a53426417292d3dd07b45a33e01bc"},"alternateName":"Noticias de la Industria Turistica","potentialAction":[{"@type":"SearchAction","target":{"@type":"EntryPoint","urlTemplate":"https:\/\/nitu.mx\/?s={search_term_string}"},"query-input":"required name=search_term_string"}],"inLanguage":"es-MX"},{"@type":["Person","Organization"],"@id":"https:\/\/nitu.mx\/#\/schema\/person\/ae7a53426417292d3dd07b45a33e01bc","name":"Arturo Medina","image":{"@type":"ImageObject","inLanguage":"es-MX","@id":"https:\/\/nitu.mx\/#\/schema\/person\/image\/","url":"https:\/\/nitu.mx\/wp-content\/uploads\/2024\/04\/4A315622-1904-4D5C-B022-878CDC840E04-90x90-1.jpeg","contentUrl":"https:\/\/nitu.mx\/wp-content\/uploads\/2024\/04\/4A315622-1904-4D5C-B022-878CDC840E04-90x90-1.jpeg","width":90,"height":90,"caption":"Arturo Medina"},"logo":{"@id":"https:\/\/nitu.mx\/#\/schema\/person\/image\/"},"description":"Director NITU.mx, Egresado de la Escuela de Periodismo Carlos Septi\u00e9n Garc\u00eda. Periodista y analista especializado en turismo desde hace 35 a\u00f1os, radicado en Canc\u00fan Q.Roo. arturo@nitu.mx","sameAs":["https:\/\/nitu.mx","https:\/\/www.facebook.com\/NITUmx\/","medinacancun","https:\/\/twitter.com\/@Arturo_Medina_G"]},{"@type":"Person","@id":"https:\/\/nitu.mx\/#\/schema\/person\/4a28fe9bd65924f7c90623773daf1b0b","name":"Redacci\u00f3n","image":{"@type":"ImageObject","inLanguage":"es-MX","@id":"https:\/\/nitu.mx\/#\/schema\/person\/image\/","url":"https:\/\/secure.gravatar.com\/avatar\/5dd011c8ccfc5cd7e4c81e42252aab38?s=96&d=mm&r=g","contentUrl":"https:\/\/secure.gravatar.com\/avatar\/5dd011c8ccfc5cd7e4c81e42252aab38?s=96&d=mm&r=g","caption":"Redacci\u00f3n"},"url":"https:\/\/nitu.mx\/index.php\/author\/redaccion\/"}]}},"views":497,"_links":{"self":[{"href":"https:\/\/nitu.mx\/index.php\/wp-json\/wp\/v2\/posts\/52687"}],"collection":[{"href":"https:\/\/nitu.mx\/index.php\/wp-json\/wp\/v2\/posts"}],"about":[{"href":"https:\/\/nitu.mx\/index.php\/wp-json\/wp\/v2\/types\/post"}],"author":[{"embeddable":true,"href":"https:\/\/nitu.mx\/index.php\/wp-json\/wp\/v2\/users\/17"}],"replies":[{"embeddable":true,"href":"https:\/\/nitu.mx\/index.php\/wp-json\/wp\/v2\/comments?post=52687"}],"version-history":[{"count":5,"href":"https:\/\/nitu.mx\/index.php\/wp-json\/wp\/v2\/posts\/52687\/revisions"}],"predecessor-version":[{"id":52706,"href":"https:\/\/nitu.mx\/index.php\/wp-json\/wp\/v2\/posts\/52687\/revisions\/52706"}],"wp:featuredmedia":[{"embeddable":true,"href":"https:\/\/nitu.mx\/index.php\/wp-json\/wp\/v2\/media\/40780"}],"wp:attachment":[{"href":"https:\/\/nitu.mx\/index.php\/wp-json\/wp\/v2\/media?parent=52687"}],"wp:term":[{"taxonomy":"category","embeddable":true,"href":"https:\/\/nitu.mx\/index.php\/wp-json\/wp\/v2\/categories?post=52687"},{"taxonomy":"post_tag","embeddable":true,"href":"https:\/\/nitu.mx\/index.php\/wp-json\/wp\/v2\/tags?post=52687"}],"curies":[{"name":"wp","href":"https:\/\/api.w.org\/{rel}","templated":true}]}}