{"id":52576,"date":"2021-05-20T22:35:26","date_gmt":"2021-05-21T03:35:26","guid":{"rendered":"https:\/\/www.dev.nitu.mx\/?p=52576"},"modified":"2021-05-20T23:31:40","modified_gmt":"2021-05-21T04:31:40","slug":"confirman-en-fitur-llegada-de-world2fly-en-verano","status":"publish","type":"post","link":"https:\/\/nitu.mx\/index.php\/2021\/05\/20\/confirman-en-fitur-llegada-de-world2fly-en-verano\/","title":{"rendered":"Confirman en FITUR llegada de World2fly en verano"},"content":{"rendered":"<p>Tal como lo anunciara <em><strong>NITU.mx<\/strong><\/em> en febrero, la linea a\u00e9rea World2fly a confirmado su llegada al Canc\u00fan desde Madrid y Lisboa\u00a0<a title=\"Pospone aterrizaje en Canc\u00fan World2Fly hasta el verano\" href=\"https:\/\/www.dev.nitu.mx\/index.php\/2021\/02\/22\/pospone-aterrizaje-en-cancun-world2fly-hasta-el-verano\/\" rel=\"bookmark\">(Pospone aterrizaje en Canc\u00fan World2Fly hasta el verano<\/a>). En el marco de la Feria Internacional de Turismo de Espa\u00f1a, FITUR 2021 \u201cEspecial Recuperaci\u00f3n Turismo\u201d la delegaci\u00f3n del Caribe Mexicano sostuvo reuniones con representantes de la aerol\u00ednea \u00a0World2Fly \u00a0quienes anunciaron la llegada de dos vuelos al Caribe Mexicano: desde Madrid y Lisboa.<\/p>\n<p>\u201cEstamos muy contentos por la llegada de una nueva aerol\u00ednea que reforzar\u00e1 la conectividad a\u00e9rea con Europa, desde Espa\u00f1a y Portugal, World2fly nos ha comunicado la decisi\u00f3n de iniciar sus operaciones con el vuelo Madrid-Canc\u00fan a partir del 21 de junio y desde Lisboa a partir del 11 de julio\u201d, coment\u00f3 el director general del Consejo de Promoci\u00f3n Tur\u00edstica de Quintana Roo, Dar\u00edo Flota Ocampo.<\/p>\n<p>Por su parte Bruno Claeys, director general de la aerol\u00ednea World2fly mencion\u00f3 \u201cEstamos muy felices con este nuevo proyecto y deseando empezar a volar a Canc\u00fan para que nuestros clientes puedan disfrutar de este maravilloso pa\u00eds\u201d.<\/p>\n<p>El vuelo de Madrid tendr\u00e1 dos frecuencias a la semana con un Airbus A350 con capacidad para 432 pasajeros y el vuelo de Lisboa a Canc\u00fan llegar\u00e1 una vez por semana con un A 330 con capacidad para 388 pasajeros.<\/p>\n<p>Hasta 2019, el 42% de los pasajeros espa\u00f1oles que llegaron a M\u00e9xico visitaron Quintana Roo; en 2020 ante la pandemia, este n\u00famero se vio afectado, a\u00fan as\u00ed de 100,028 pasajeros que llegaron a M\u00e9xico 23,432 visitaron Quintana Roo. De acuerdo con informaci\u00f3n del \u00e1rea de Planeaci\u00f3n Estrat\u00e9gica del CPTQ, el turista espa\u00f1ol tiene una estancia promedio de 8 noches y prefieren viajar en pareja adquiriendo un paquete con agencia de viajes tradicional.<\/p>\n","protected":false},"excerpt":{"rendered":"<p>Tal como lo anunciara NITU.mx en febrero, la linea a\u00e9rea World2fly a confirmado su llegada al Canc\u00fan desde Madrid y Lisboa\u00a0(Pospone aterrizaje en Canc\u00fan World2Fly hasta el verano). En el marco de la Feria Internacional de Turismo de Espa\u00f1a, FITUR 2021 \u201cEspecial Recuperaci\u00f3n Turismo\u201d la delegaci\u00f3n del Caribe Mexicano sostuvo reuniones con representantes de la [&hellip;]<\/p>\n","protected":false},"author":17,"featured_media":52577,"comment_status":"open","ping_status":"open","sticky":false,"template":"","format":"standard","meta":{"footnotes":""},"categories":[29],"tags":[8145,1812,2703,21679],"yoast_head":"<!-- This site is optimized with the Yoast SEO plugin v22.2 - https:\/\/yoast.com\/wordpress\/plugins\/seo\/ -->\n<title>Confirman en FITUR llegada de World2fly en verano - Nitu - Noticias de la Industria Turistica<\/title>\n<meta name=\"robots\" content=\"index, follow, max-snippet:-1, max-image-preview:large, max-video-preview:-1\" \/>\n<link rel=\"canonical\" href=\"https:\/\/nitu.mx\/index.php\/2021\/05\/20\/confirman-en-fitur-llegada-de-world2fly-en-verano\/\" \/>\n<meta name=\"twitter:card\" content=\"summary_large_image\" \/>\n<meta name=\"twitter:title\" content=\"Confirman en FITUR llegada de World2fly en verano - Nitu - Noticias de la Industria Turistica\" \/>\n<meta name=\"twitter:description\" content=\"Tal como lo anunciara NITU.mx en febrero, la linea a\u00e9rea World2fly a confirmado su llegada al Canc\u00fan desde Madrid y Lisboa\u00a0(Pospone aterrizaje en Canc\u00fan World2Fly hasta el verano). En el marco de la Feria Internacional de Turismo de Espa\u00f1a, FITUR 2021 \u201cEspecial Recuperaci\u00f3n Turismo\u201d la delegaci\u00f3n del Caribe Mexicano sostuvo reuniones con representantes de la [&hellip;]\" \/>\n<meta name=\"twitter:image\" content=\"https:\/\/nitu.mx\/wp-content\/uploads\/2021\/05\/w2ly.jpeg\" \/>\n<meta name=\"twitter:creator\" content=\"@NITUmx\" \/>\n<meta name=\"twitter:site\" content=\"@Arturo_Medina_G\" \/>\n<meta name=\"twitter:label1\" content=\"Escrito por\" \/>\n\t<meta name=\"twitter:data1\" content=\"Redacci\u00f3n\" \/>\n\t<meta name=\"twitter:label2\" content=\"Tiempo de lectura\" \/>\n\t<meta name=\"twitter:data2\" content=\"2 minutos\" \/>\n<script type=\"application\/ld+json\" class=\"yoast-schema-graph\">{\"@context\":\"https:\/\/schema.org\",\"@graph\":[{\"@type\":\"Article\",\"@id\":\"https:\/\/nitu.mx\/index.php\/2021\/05\/20\/confirman-en-fitur-llegada-de-world2fly-en-verano\/#article\",\"isPartOf\":{\"@id\":\"https:\/\/nitu.mx\/index.php\/2021\/05\/20\/confirman-en-fitur-llegada-de-world2fly-en-verano\/\"},\"author\":{\"name\":\"Redacci\u00f3n\",\"@id\":\"https:\/\/nitu.mx\/#\/schema\/person\/4a28fe9bd65924f7c90623773daf1b0b\"},\"headline\":\"Confirman en FITUR llegada de World2fly en verano\",\"datePublished\":\"2021-05-21T03:35:26+00:00\",\"dateModified\":\"2021-05-21T04:31:40+00:00\",\"mainEntityOfPage\":{\"@id\":\"https:\/\/nitu.mx\/index.php\/2021\/05\/20\/confirman-en-fitur-llegada-de-world2fly-en-verano\/\"},\"wordCount\":316,\"commentCount\":0,\"publisher\":{\"@id\":\"https:\/\/nitu.mx\/#\/schema\/person\/ae7a53426417292d3dd07b45a33e01bc\"},\"image\":{\"@id\":\"https:\/\/nitu.mx\/index.php\/2021\/05\/20\/confirman-en-fitur-llegada-de-world2fly-en-verano\/#primaryimage\"},\"thumbnailUrl\":\"https:\/\/nitu.mx\/wp-content\/uploads\/2021\/05\/w2ly.jpeg\",\"keywords\":[\"CPTQ\",\"Dar\u00edo Flota\",\"FITUR\",\"World2Fly\"],\"articleSection\":[\"Aerol\u00edneas\"],\"inLanguage\":\"es-MX\",\"potentialAction\":[{\"@type\":\"CommentAction\",\"name\":\"Comment\",\"target\":[\"https:\/\/nitu.mx\/index.php\/2021\/05\/20\/confirman-en-fitur-llegada-de-world2fly-en-verano\/#respond\"]}]},{\"@type\":\"WebPage\",\"@id\":\"https:\/\/nitu.mx\/index.php\/2021\/05\/20\/confirman-en-fitur-llegada-de-world2fly-en-verano\/\",\"url\":\"https:\/\/nitu.mx\/index.php\/2021\/05\/20\/confirman-en-fitur-llegada-de-world2fly-en-verano\/\",\"name\":\"Confirman en FITUR llegada de World2fly en verano - Nitu - Noticias de la Industria Turistica\",\"isPartOf\":{\"@id\":\"https:\/\/nitu.mx\/#website\"},\"primaryImageOfPage\":{\"@id\":\"https:\/\/nitu.mx\/index.php\/2021\/05\/20\/confirman-en-fitur-llegada-de-world2fly-en-verano\/#primaryimage\"},\"image\":{\"@id\":\"https:\/\/nitu.mx\/index.php\/2021\/05\/20\/confirman-en-fitur-llegada-de-world2fly-en-verano\/#primaryimage\"},\"thumbnailUrl\":\"https:\/\/nitu.mx\/wp-content\/uploads\/2021\/05\/w2ly.jpeg\",\"datePublished\":\"2021-05-21T03:35:26+00:00\",\"dateModified\":\"2021-05-21T04:31:40+00:00\",\"breadcrumb\":{\"@id\":\"https:\/\/nitu.mx\/index.php\/2021\/05\/20\/confirman-en-fitur-llegada-de-world2fly-en-verano\/#breadcrumb\"},\"inLanguage\":\"es-MX\",\"potentialAction\":[{\"@type\":\"ReadAction\",\"target\":[\"https:\/\/nitu.mx\/index.php\/2021\/05\/20\/confirman-en-fitur-llegada-de-world2fly-en-verano\/\"]}]},{\"@type\":\"ImageObject\",\"inLanguage\":\"es-MX\",\"@id\":\"https:\/\/nitu.mx\/index.php\/2021\/05\/20\/confirman-en-fitur-llegada-de-world2fly-en-verano\/#primaryimage\",\"url\":\"https:\/\/nitu.mx\/wp-content\/uploads\/2021\/05\/w2ly.jpeg\",\"contentUrl\":\"https:\/\/nitu.mx\/wp-content\/uploads\/2021\/05\/w2ly.jpeg\",\"width\":269,\"height\":187},{\"@type\":\"BreadcrumbList\",\"@id\":\"https:\/\/nitu.mx\/index.php\/2021\/05\/20\/confirman-en-fitur-llegada-de-world2fly-en-verano\/#breadcrumb\",\"itemListElement\":[{\"@type\":\"ListItem\",\"position\":1,\"name\":\"Inicio\",\"item\":\"https:\/\/nitu.mx\/\"},{\"@type\":\"ListItem\",\"position\":2,\"name\":\"Confirman en FITUR llegada de World2fly en verano\"}]},{\"@type\":\"WebSite\",\"@id\":\"https:\/\/nitu.mx\/#website\",\"url\":\"https:\/\/nitu.mx\/\",\"name\":\"Nitu - Noticias de la Industria Turistica\",\"description\":\"Noticias de la Industria Turistica\",\"publisher\":{\"@id\":\"https:\/\/nitu.mx\/#\/schema\/person\/ae7a53426417292d3dd07b45a33e01bc\"},\"alternateName\":\"Noticias de la Industria Turistica\",\"potentialAction\":[{\"@type\":\"SearchAction\",\"target\":{\"@type\":\"EntryPoint\",\"urlTemplate\":\"https:\/\/nitu.mx\/?s={search_term_string}\"},\"query-input\":\"required name=search_term_string\"}],\"inLanguage\":\"es-MX\"},{\"@type\":[\"Person\",\"Organization\"],\"@id\":\"https:\/\/nitu.mx\/#\/schema\/person\/ae7a53426417292d3dd07b45a33e01bc\",\"name\":\"Arturo Medina\",\"image\":{\"@type\":\"ImageObject\",\"inLanguage\":\"es-MX\",\"@id\":\"https:\/\/nitu.mx\/#\/schema\/person\/image\/\",\"url\":\"https:\/\/nitu.mx\/wp-content\/uploads\/2024\/04\/4A315622-1904-4D5C-B022-878CDC840E04-90x90-1.jpeg\",\"contentUrl\":\"https:\/\/nitu.mx\/wp-content\/uploads\/2024\/04\/4A315622-1904-4D5C-B022-878CDC840E04-90x90-1.jpeg\",\"width\":90,\"height\":90,\"caption\":\"Arturo Medina\"},\"logo\":{\"@id\":\"https:\/\/nitu.mx\/#\/schema\/person\/image\/\"},\"description\":\"Director NITU.mx, Egresado de la Escuela de Periodismo Carlos Septi\u00e9n Garc\u00eda. Periodista y analista especializado en turismo desde hace 35 a\u00f1os, radicado en Canc\u00fan Q.Roo. arturo@nitu.mx\",\"sameAs\":[\"https:\/\/nitu.mx\",\"https:\/\/www.facebook.com\/NITUmx\/\",\"medinacancun\",\"https:\/\/twitter.com\/@Arturo_Medina_G\"]},{\"@type\":\"Person\",\"@id\":\"https:\/\/nitu.mx\/#\/schema\/person\/4a28fe9bd65924f7c90623773daf1b0b\",\"name\":\"Redacci\u00f3n\",\"image\":{\"@type\":\"ImageObject\",\"inLanguage\":\"es-MX\",\"@id\":\"https:\/\/nitu.mx\/#\/schema\/person\/image\/\",\"url\":\"https:\/\/secure.gravatar.com\/avatar\/5dd011c8ccfc5cd7e4c81e42252aab38?s=96&d=mm&r=g\",\"contentUrl\":\"https:\/\/secure.gravatar.com\/avatar\/5dd011c8ccfc5cd7e4c81e42252aab38?s=96&d=mm&r=g\",\"caption\":\"Redacci\u00f3n\"},\"url\":\"https:\/\/nitu.mx\/index.php\/author\/redaccion\/\"}]}<\/script>\n<!-- \/ Yoast SEO plugin. -->","yoast_head_json":{"title":"Confirman en FITUR llegada de World2fly en verano - Nitu - Noticias de la Industria Turistica","robots":{"index":"index","follow":"follow","max-snippet":"max-snippet:-1","max-image-preview":"max-image-preview:large","max-video-preview":"max-video-preview:-1"},"canonical":"https:\/\/nitu.mx\/index.php\/2021\/05\/20\/confirman-en-fitur-llegada-de-world2fly-en-verano\/","twitter_card":"summary_large_image","twitter_title":"Confirman en FITUR llegada de World2fly en verano - Nitu - Noticias de la Industria Turistica","twitter_description":"Tal como lo anunciara NITU.mx en febrero, la linea a\u00e9rea World2fly a confirmado su llegada al Canc\u00fan desde Madrid y Lisboa\u00a0(Pospone aterrizaje en Canc\u00fan World2Fly hasta el verano). En el marco de la Feria Internacional de Turismo de Espa\u00f1a, FITUR 2021 \u201cEspecial Recuperaci\u00f3n Turismo\u201d la delegaci\u00f3n del Caribe Mexicano sostuvo reuniones con representantes de la [&hellip;]","twitter_image":"https:\/\/nitu.mx\/wp-content\/uploads\/2021\/05\/w2ly.jpeg","twitter_creator":"@NITUmx","twitter_site":"@Arturo_Medina_G","twitter_misc":{"Escrito por":"Redacci\u00f3n","Tiempo de lectura":"2 minutos"},"schema":{"@context":"https:\/\/schema.org","@graph":[{"@type":"Article","@id":"https:\/\/nitu.mx\/index.php\/2021\/05\/20\/confirman-en-fitur-llegada-de-world2fly-en-verano\/#article","isPartOf":{"@id":"https:\/\/nitu.mx\/index.php\/2021\/05\/20\/confirman-en-fitur-llegada-de-world2fly-en-verano\/"},"author":{"name":"Redacci\u00f3n","@id":"https:\/\/nitu.mx\/#\/schema\/person\/4a28fe9bd65924f7c90623773daf1b0b"},"headline":"Confirman en FITUR llegada de World2fly en verano","datePublished":"2021-05-21T03:35:26+00:00","dateModified":"2021-05-21T04:31:40+00:00","mainEntityOfPage":{"@id":"https:\/\/nitu.mx\/index.php\/2021\/05\/20\/confirman-en-fitur-llegada-de-world2fly-en-verano\/"},"wordCount":316,"commentCount":0,"publisher":{"@id":"https:\/\/nitu.mx\/#\/schema\/person\/ae7a53426417292d3dd07b45a33e01bc"},"image":{"@id":"https:\/\/nitu.mx\/index.php\/2021\/05\/20\/confirman-en-fitur-llegada-de-world2fly-en-verano\/#primaryimage"},"thumbnailUrl":"https:\/\/nitu.mx\/wp-content\/uploads\/2021\/05\/w2ly.jpeg","keywords":["CPTQ","Dar\u00edo Flota","FITUR","World2Fly"],"articleSection":["Aerol\u00edneas"],"inLanguage":"es-MX","potentialAction":[{"@type":"CommentAction","name":"Comment","target":["https:\/\/nitu.mx\/index.php\/2021\/05\/20\/confirman-en-fitur-llegada-de-world2fly-en-verano\/#respond"]}]},{"@type":"WebPage","@id":"https:\/\/nitu.mx\/index.php\/2021\/05\/20\/confirman-en-fitur-llegada-de-world2fly-en-verano\/","url":"https:\/\/nitu.mx\/index.php\/2021\/05\/20\/confirman-en-fitur-llegada-de-world2fly-en-verano\/","name":"Confirman en FITUR llegada de World2fly en verano - Nitu - Noticias de la Industria Turistica","isPartOf":{"@id":"https:\/\/nitu.mx\/#website"},"primaryImageOfPage":{"@id":"https:\/\/nitu.mx\/index.php\/2021\/05\/20\/confirman-en-fitur-llegada-de-world2fly-en-verano\/#primaryimage"},"image":{"@id":"https:\/\/nitu.mx\/index.php\/2021\/05\/20\/confirman-en-fitur-llegada-de-world2fly-en-verano\/#primaryimage"},"thumbnailUrl":"https:\/\/nitu.mx\/wp-content\/uploads\/2021\/05\/w2ly.jpeg","datePublished":"2021-05-21T03:35:26+00:00","dateModified":"2021-05-21T04:31:40+00:00","breadcrumb":{"@id":"https:\/\/nitu.mx\/index.php\/2021\/05\/20\/confirman-en-fitur-llegada-de-world2fly-en-verano\/#breadcrumb"},"inLanguage":"es-MX","potentialAction":[{"@type":"ReadAction","target":["https:\/\/nitu.mx\/index.php\/2021\/05\/20\/confirman-en-fitur-llegada-de-world2fly-en-verano\/"]}]},{"@type":"ImageObject","inLanguage":"es-MX","@id":"https:\/\/nitu.mx\/index.php\/2021\/05\/20\/confirman-en-fitur-llegada-de-world2fly-en-verano\/#primaryimage","url":"https:\/\/nitu.mx\/wp-content\/uploads\/2021\/05\/w2ly.jpeg","contentUrl":"https:\/\/nitu.mx\/wp-content\/uploads\/2021\/05\/w2ly.jpeg","width":269,"height":187},{"@type":"BreadcrumbList","@id":"https:\/\/nitu.mx\/index.php\/2021\/05\/20\/confirman-en-fitur-llegada-de-world2fly-en-verano\/#breadcrumb","itemListElement":[{"@type":"ListItem","position":1,"name":"Inicio","item":"https:\/\/nitu.mx\/"},{"@type":"ListItem","position":2,"name":"Confirman en FITUR llegada de World2fly en verano"}]},{"@type":"WebSite","@id":"https:\/\/nitu.mx\/#website","url":"https:\/\/nitu.mx\/","name":"Nitu - Noticias de la Industria Turistica","description":"Noticias de la Industria Turistica","publisher":{"@id":"https:\/\/nitu.mx\/#\/schema\/person\/ae7a53426417292d3dd07b45a33e01bc"},"alternateName":"Noticias de la Industria Turistica","potentialAction":[{"@type":"SearchAction","target":{"@type":"EntryPoint","urlTemplate":"https:\/\/nitu.mx\/?s={search_term_string}"},"query-input":"required name=search_term_string"}],"inLanguage":"es-MX"},{"@type":["Person","Organization"],"@id":"https:\/\/nitu.mx\/#\/schema\/person\/ae7a53426417292d3dd07b45a33e01bc","name":"Arturo Medina","image":{"@type":"ImageObject","inLanguage":"es-MX","@id":"https:\/\/nitu.mx\/#\/schema\/person\/image\/","url":"https:\/\/nitu.mx\/wp-content\/uploads\/2024\/04\/4A315622-1904-4D5C-B022-878CDC840E04-90x90-1.jpeg","contentUrl":"https:\/\/nitu.mx\/wp-content\/uploads\/2024\/04\/4A315622-1904-4D5C-B022-878CDC840E04-90x90-1.jpeg","width":90,"height":90,"caption":"Arturo Medina"},"logo":{"@id":"https:\/\/nitu.mx\/#\/schema\/person\/image\/"},"description":"Director NITU.mx, Egresado de la Escuela de Periodismo Carlos Septi\u00e9n Garc\u00eda. Periodista y analista especializado en turismo desde hace 35 a\u00f1os, radicado en Canc\u00fan Q.Roo. arturo@nitu.mx","sameAs":["https:\/\/nitu.mx","https:\/\/www.facebook.com\/NITUmx\/","medinacancun","https:\/\/twitter.com\/@Arturo_Medina_G"]},{"@type":"Person","@id":"https:\/\/nitu.mx\/#\/schema\/person\/4a28fe9bd65924f7c90623773daf1b0b","name":"Redacci\u00f3n","image":{"@type":"ImageObject","inLanguage":"es-MX","@id":"https:\/\/nitu.mx\/#\/schema\/person\/image\/","url":"https:\/\/secure.gravatar.com\/avatar\/5dd011c8ccfc5cd7e4c81e42252aab38?s=96&d=mm&r=g","contentUrl":"https:\/\/secure.gravatar.com\/avatar\/5dd011c8ccfc5cd7e4c81e42252aab38?s=96&d=mm&r=g","caption":"Redacci\u00f3n"},"url":"https:\/\/nitu.mx\/index.php\/author\/redaccion\/"}]}},"views":322,"_links":{"self":[{"href":"https:\/\/nitu.mx\/index.php\/wp-json\/wp\/v2\/posts\/52576"}],"collection":[{"href":"https:\/\/nitu.mx\/index.php\/wp-json\/wp\/v2\/posts"}],"about":[{"href":"https:\/\/nitu.mx\/index.php\/wp-json\/wp\/v2\/types\/post"}],"author":[{"embeddable":true,"href":"https:\/\/nitu.mx\/index.php\/wp-json\/wp\/v2\/users\/17"}],"replies":[{"embeddable":true,"href":"https:\/\/nitu.mx\/index.php\/wp-json\/wp\/v2\/comments?post=52576"}],"version-history":[{"count":2,"href":"https:\/\/nitu.mx\/index.php\/wp-json\/wp\/v2\/posts\/52576\/revisions"}],"predecessor-version":[{"id":52580,"href":"https:\/\/nitu.mx\/index.php\/wp-json\/wp\/v2\/posts\/52576\/revisions\/52580"}],"wp:featuredmedia":[{"embeddable":true,"href":"https:\/\/nitu.mx\/index.php\/wp-json\/wp\/v2\/media\/52577"}],"wp:attachment":[{"href":"https:\/\/nitu.mx\/index.php\/wp-json\/wp\/v2\/media?parent=52576"}],"wp:term":[{"taxonomy":"category","embeddable":true,"href":"https:\/\/nitu.mx\/index.php\/wp-json\/wp\/v2\/categories?post=52576"},{"taxonomy":"post_tag","embeddable":true,"href":"https:\/\/nitu.mx\/index.php\/wp-json\/wp\/v2\/tags?post=52576"}],"curies":[{"name":"wp","href":"https:\/\/api.w.org\/{rel}","templated":true}]}}