{"id":52528,"date":"2021-05-19T23:38:16","date_gmt":"2021-05-20T04:38:16","guid":{"rendered":"https:\/\/www.dev.nitu.mx\/?p=52528"},"modified":"2021-05-20T00:21:13","modified_gmt":"2021-05-20T05:21:13","slug":"miguel-torruco-sostiene-nutrida-agenda-de-trabajo-en-fitur","status":"publish","type":"post","link":"https:\/\/nitu.mx\/index.php\/2021\/05\/19\/miguel-torruco-sostiene-nutrida-agenda-de-trabajo-en-fitur\/","title":{"rendered":"Miguel Torruco sostiene nutrida agenda de trabajo en FITUR"},"content":{"rendered":"<p>Al iniciar hoy en Madrid la edici\u00f3n 41 de la Feria Internacional de Turismo, mejor conocida como FITUR, M\u00e9xico obtuvo un reconocimiento por la creaci\u00f3n de la \u201cRuta del Pescado de Moctezuma\u201d.<\/p>\n<p>El galard\u00f3n lo recibi\u00f3 el secretario de Turismo del Gobierno de M\u00e9xico, Miguel Torruco Marqu\u00e9s, quien afirm\u00f3 que este \u201cPremio a la Excelencia Tur\u00edstica\u201d, en la categor\u00eda de \u201cMenci\u00f3n Verde\u201d, que otorga el Grupo Excelencias, ser\u00e1 compartido con las comunidades ind\u00edgenas de las culturas totonaca, otom\u00ed y n\u00e1huatl, principales beneficiarias y protagonistas de esta singular ruta, quienes han dado importantes lecciones en materia de protecci\u00f3n y conservaci\u00f3n de la naturaleza.<\/p>\n<blockquote class=\"twitter-tweet\" data-width=\"550\" data-dnt=\"true\">\n<p lang=\"es\" dir=\"ltr\">\ud83c\udfc6La Ruta del Pescado de Moctezuma recibe el \u201cPremio a la Excelencia Tur\u00edstica\u201d en la categor\u00eda \u201cMenci\u00f3n Verde\u201d. Es un gran honor que este  producto tur\u00edstico del proyecto \u2018Caminos del Renacimiento Mexicano\u2019, sea galardonado con reconocimiento a nivel internacional. \ud83c\uddf2\ud83c\uddfd<a href=\"https:\/\/twitter.com\/hashtag\/FITUR2021?src=hash&amp;ref_src=twsrc%5Etfw\">#FITUR2021<\/a> <a href=\"https:\/\/t.co\/zSDQcC8iS3\">pic.twitter.com\/zSDQcC8iS3<\/a><\/p>\n<p>&mdash; MiguelTorrucoMarqu\u00e9s (@TorrucoTurismo) <a href=\"https:\/\/twitter.com\/TorrucoTurismo\/status\/1395073444228870154?ref_src=twsrc%5Etfw\">May 19, 2021<\/a><\/p><\/blockquote>\n<p><script async src=\"https:\/\/platform.twitter.com\/widgets.js\" charset=\"utf-8\"><\/script><\/p>\n<p>\u201cPor ello, este significativo reconocimiento tambi\u00e9n lo recibimos en nombre de nuestros ancestros mexicas\u201d, dijo y a\u00f1adi\u00f3 que este proyecto que ha sido dise\u00f1ado con la visi\u00f3n de un turismo sostenible, comunitario, ind\u00edgena y de naturaleza, involucra a seis entidades federativas, 31 municipios, ocho Pueblos M\u00e1gicos, cinco Patrimonios de la Humanidad y cinco diferentes ecosistemas.<\/p>\n<p>Sostuvo que el desarrollo de productos tur\u00edsticos atractivos, novedoso y originales es fundamental para competir por los m\u00e1s de mil 400 millones de turistas que se ven\u00edan desplazando cada a\u00f1o por todo el mundo, los cuales cada vez est\u00e1n m\u00e1s informados y son m\u00e1s exigentes.<\/p>\n<p>\u201cAgradezco este importante premio que nos otorga Grupo Excelencias, que preside Jos\u00e9 Carlos Santiago. Nos enorgullece y nos estimula a seguir creando nuevos y mejores productos tur\u00edsticos\u201d, asegur\u00f3.<\/p>\n<p>Por la ma\u00f1ana de este d\u00eda, el titular de la Secretar\u00eda de Turismo del Gobierno de M\u00e9xico (Sectur) asisti\u00f3 a la inauguraci\u00f3n oficial de FITUR en el Recinto Ferial de Madrid (Ifema). Ah\u00ed salud\u00f3 a los reyes de Espa\u00f1a, Felipe VI y do\u00f1a Letizia, a quienes transmiti\u00f3 un saludo cordial del presidente de M\u00e9xico, Andr\u00e9s Manuel L\u00f3pez Obrador, y de todo el sector tur\u00edstico del pa\u00eds.<\/p>\n<blockquote class=\"twitter-tweet\" data-width=\"550\" data-dnt=\"true\">\n<p lang=\"es\" dir=\"ltr\">\ud83c\uddf2\ud83c\uddfd\ud83e\udd1d\ud83c\uddea\ud83c\uddf8Arranc\u00f3 la 41\u00ba edici\u00f3n de <a href=\"https:\/\/twitter.com\/hashtag\/FITUR?src=hash&amp;ref_src=twsrc%5Etfw\">#FITUR<\/a> con la presencia de <a href=\"https:\/\/t.co\/wiDLSbrSSS\">https:\/\/t.co\/wiDLSbrSSS<\/a>. los Reyes de Espa\u00f1a, a quienes tuve el gran honor de transmitir un saludo cordial del Presidente <a href=\"https:\/\/twitter.com\/lopezobrador_?ref_src=twsrc%5Etfw\">@lopezobrador_<\/a> y de todo el sector tur\u00edstico de M\u00e9xico.<a href=\"https:\/\/twitter.com\/hashtag\/M%C3%A9xicoEnFitur?src=hash&amp;ref_src=twsrc%5Etfw\">#M\u00e9xicoEnFitur<\/a> \ud83c\uddf2\ud83c\uddfd<a href=\"https:\/\/twitter.com\/hashtag\/SomosReencuentro?src=hash&amp;ref_src=twsrc%5Etfw\">#SomosReencuentro<\/a> <a href=\"https:\/\/t.co\/9F838Hh0Uw\">pic.twitter.com\/9F838Hh0Uw<\/a><\/p>\n<p>&mdash; MiguelTorrucoMarqu\u00e9s (@TorrucoTurismo) <a href=\"https:\/\/twitter.com\/TorrucoTurismo\/status\/1395033353880014848?ref_src=twsrc%5Etfw\">May 19, 2021<\/a><\/p><\/blockquote>\n<p><script async src=\"https:\/\/platform.twitter.com\/widgets.js\" charset=\"utf-8\"><\/script><\/p>\n<p>Posteriormente, encabez\u00f3 la inauguraci\u00f3n y corte de list\u00f3n del pabell\u00f3n de M\u00e9xico en la Feria, en compa\u00f1\u00eda de la embajadora de M\u00e9xico en Espa\u00f1a, Mar\u00eda Carmen O\u00f1ate Mu\u00f1oz; y el secretario general de la Organizaci\u00f3n Mundial del Turismo (OMT), Zurab Pololikashvili; as\u00ed como de funcionarios de diversos estados del pa\u00eds.<\/p>\n<p>\u201cFelicito al gobierno de Espa\u00f1a por la puesta en marcha de Fitur 2021, que marca el inicio de la recuperaci\u00f3n de la industria tur\u00edstica de este pa\u00eds. Mis mejores deseos para este a\u00f1o, que estoy convencido ser\u00e1 de crecimiento para la actividad tur\u00edstica mundial\u201d, expres\u00f3 el funcionario mexicano.<\/p>\n<blockquote class=\"twitter-tweet\" data-width=\"550\" data-dnt=\"true\">\n<p lang=\"es\" dir=\"ltr\">El secretario de <a href=\"https:\/\/twitter.com\/SECTUR_mx?ref_src=twsrc%5Etfw\">@SECTUR_mx<\/a> \ud83c\uddf2\ud83c\uddfd Miguel Torruco Marqu\u00e9s <a href=\"https:\/\/twitter.com\/TorrucoTurismo?ref_src=twsrc%5Etfw\">@TorrucoTurismo<\/a>, en compa\u00f1\u00eda de la embajadora de M\u00e9xico en Espa\u00f1a y Zurab Pololikashvili <a href=\"https:\/\/twitter.com\/pololikashvili?ref_src=twsrc%5Etfw\">@pololikashvili<\/a> srio gral de la <a href=\"https:\/\/twitter.com\/UNWTO?ref_src=twsrc%5Etfw\">@UNWTO<\/a> inaugura oficialmente el pabell\u00f3n M\u00e9xico en la <a href=\"https:\/\/twitter.com\/fitur_madrid?ref_src=twsrc%5Etfw\">@fitur_madrid<\/a> <a href=\"https:\/\/twitter.com\/hashtag\/M%C3%A9xicoEnFitur?src=hash&amp;ref_src=twsrc%5Etfw\">#M\u00e9xicoEnFitur<\/a> <a href=\"https:\/\/twitter.com\/hashtag\/FITUR2021?src=hash&amp;ref_src=twsrc%5Etfw\">#FITUR2021<\/a> <a href=\"https:\/\/t.co\/3hfBjXclMQ\">pic.twitter.com\/3hfBjXclMQ<\/a><\/p>\n<p>&mdash; Embajada de M\u00e9xico en Espa\u00f1a (@EmbaMexEsp) <a href=\"https:\/\/twitter.com\/EmbaMexEsp\/status\/1394959643357630464?ref_src=twsrc%5Etfw\">May 19, 2021<\/a><\/p><\/blockquote>\n<p><script async src=\"https:\/\/platform.twitter.com\/widgets.js\" charset=\"utf-8\"><\/script><\/p>\n<p>Entre sus actividades de hoy el secretario Torruco Marqu\u00e9s tambi\u00e9n sostuvo una reuni\u00f3n de trabajo con el ministro de Turismo y Deportes de Argentina, Mat\u00edas Daniel Lammens N\u00fa\u00f1ez; y entreg\u00f3, en nombre del estado de Guerrero, un reconocimiento a Juan Antonio Hern\u00e1ndez Venegas, presidente de Mundo Imperial, como el m\u00e1s importante desarrollador tur\u00edstico de la entidad.<\/p>\n<p>El titular de Sectur afirm\u00f3 que este reconocimiento se otorga de manera merecida a Hern\u00e1ndez Venegas, ya que se trata de un empresario visionario, generador de empleos y gran impulsor del turismo de Guerrero.<\/p>\n<p>\u201cSin duda, la fortaleza de nuestra actividad tur\u00edstica es obra de la sensibilidad, talento, confianza y amor por M\u00e9xico de los verdaderos protagonistas del quehacer tur\u00edstico: el sector privado, y un claro ejemplo de ello est\u00e1 representado en la importante labor realizada por Juan Antonio, a lo largo de su vida profesional\u201d, extern\u00f3.<\/p>\n<p>Asimismo, estuvo en el corte del list\u00f3n del pabell\u00f3n del Caribe Mexicano; y comi\u00f3 con empresarios espa\u00f1oles, propietarios e inversionistas de hoteles de cadena en nuestro pa\u00eds. \u201cEscuchamos sus inquietudes y dimos respuesta a sus peticiones. Hay confianza y futuras inversiones, ya que M\u00e9xico se mantiene como una naci\u00f3n muy atractiva para la inversi\u00f3n nacional y extranjera\u201d, puntualiz\u00f3 el secretario Torruco Marqu\u00e9s. (<a title=\"Inaugura secretario Torruco Pabell\u00f3n de Caribe Mexicano en FITUR\" href=\"https:\/\/www.dev.nitu.mx\/index.php\/2021\/05\/19\/inaugura-secretario-torruco-pabellon-de-caribe-mexicano-en-fitur\/\" rel=\"bookmark\">Inaugura secretario Torruco Pabell\u00f3n de Caribe Mexicano en FITUR<\/a>).<\/p>\n<blockquote class=\"twitter-tweet\" data-width=\"550\" data-dnt=\"true\">\n<p lang=\"es\" dir=\"ltr\">Con la distinguida presencia de la Embajadora de M\u00e9xico en Espa\u00f1a, Mar\u00eda Carmen O\u00f1ate Mu\u00f1oz, tuvimos el honor de cortar el list\u00f3n del Pabell\u00f3n del <a href=\"https:\/\/twitter.com\/hashtag\/CaribeMexicano?src=hash&amp;ref_src=twsrc%5Etfw\">#CaribeMexicano<\/a> en <a href=\"https:\/\/twitter.com\/hashtag\/FITUR2021?src=hash&amp;ref_src=twsrc%5Etfw\">#FITUR2021<\/a>. \u00a1Mucho \u00e9xito! \ud83c\udfd6\ufe0f<a href=\"https:\/\/twitter.com\/hashtag\/M%C3%A9xicoEnFitur?src=hash&amp;ref_src=twsrc%5Etfw\">#M\u00e9xicoEnFitur<\/a> <a href=\"https:\/\/twitter.com\/EmbaMexEsp?ref_src=twsrc%5Etfw\">@EmbaMexEsp<\/a> @CaribeMexico <a href=\"https:\/\/t.co\/joI8sYVFuZ\">pic.twitter.com\/joI8sYVFuZ<\/a><\/p>\n<p>&mdash; MiguelTorrucoMarqu\u00e9s (@TorrucoTurismo) <a href=\"https:\/\/twitter.com\/TorrucoTurismo\/status\/1394992531251859458?ref_src=twsrc%5Etfw\">May 19, 2021<\/a><\/p><\/blockquote>\n<p><script async src=\"https:\/\/platform.twitter.com\/widgets.js\" charset=\"utf-8\"><\/script><\/p>\n","protected":false},"excerpt":{"rendered":"<p>Al iniciar hoy en Madrid la edici\u00f3n 41 de la Feria Internacional de Turismo, mejor conocida como FITUR, M\u00e9xico obtuvo un reconocimiento por la creaci\u00f3n de la \u201cRuta del Pescado de Moctezuma\u201d. El galard\u00f3n lo recibi\u00f3 el secretario de Turismo del Gobierno de M\u00e9xico, Miguel Torruco Marqu\u00e9s, quien afirm\u00f3 que este \u201cPremio a la Excelencia [&hellip;]<\/p>\n","protected":false},"author":17,"featured_media":52529,"comment_status":"open","ping_status":"open","sticky":false,"template":"","format":"standard","meta":{"footnotes":""},"categories":[12],"tags":[2703,1238,1960,4230],"yoast_head":"<!-- This site is optimized with the Yoast SEO plugin v22.2 - https:\/\/yoast.com\/wordpress\/plugins\/seo\/ -->\n<title>Miguel Torruco sostiene nutrida agenda de trabajo en FITUR - Nitu - Noticias de la Industria Turistica<\/title>\n<meta name=\"robots\" content=\"index, follow, max-snippet:-1, max-image-preview:large, max-video-preview:-1\" \/>\n<link rel=\"canonical\" href=\"https:\/\/nitu.mx\/index.php\/2021\/05\/19\/miguel-torruco-sostiene-nutrida-agenda-de-trabajo-en-fitur\/\" \/>\n<meta name=\"twitter:card\" content=\"summary_large_image\" \/>\n<meta name=\"twitter:title\" content=\"Miguel Torruco sostiene nutrida agenda de trabajo en FITUR - Nitu - Noticias de la Industria Turistica\" \/>\n<meta name=\"twitter:description\" content=\"Al iniciar hoy en Madrid la edici\u00f3n 41 de la Feria Internacional de Turismo, mejor conocida como FITUR, M\u00e9xico obtuvo un reconocimiento por la creaci\u00f3n de la \u201cRuta del Pescado de Moctezuma\u201d. El galard\u00f3n lo recibi\u00f3 el secretario de Turismo del Gobierno de M\u00e9xico, Miguel Torruco Marqu\u00e9s, quien afirm\u00f3 que este \u201cPremio a la Excelencia [&hellip;]\" \/>\n<meta name=\"twitter:image\" content=\"https:\/\/nitu.mx\/wp-content\/uploads\/2021\/05\/MEXICO-TORRUCO-FITUR.jpg\" \/>\n<meta name=\"twitter:creator\" content=\"@NITUmx\" \/>\n<meta name=\"twitter:site\" content=\"@Arturo_Medina_G\" \/>\n<meta name=\"twitter:label1\" content=\"Escrito por\" \/>\n\t<meta name=\"twitter:data1\" content=\"Redacci\u00f3n\" \/>\n\t<meta name=\"twitter:label2\" content=\"Tiempo de lectura\" \/>\n\t<meta name=\"twitter:data2\" content=\"4 minutos\" \/>\n<script type=\"application\/ld+json\" class=\"yoast-schema-graph\">{\"@context\":\"https:\/\/schema.org\",\"@graph\":[{\"@type\":\"Article\",\"@id\":\"https:\/\/nitu.mx\/index.php\/2021\/05\/19\/miguel-torruco-sostiene-nutrida-agenda-de-trabajo-en-fitur\/#article\",\"isPartOf\":{\"@id\":\"https:\/\/nitu.mx\/index.php\/2021\/05\/19\/miguel-torruco-sostiene-nutrida-agenda-de-trabajo-en-fitur\/\"},\"author\":{\"name\":\"Redacci\u00f3n\",\"@id\":\"https:\/\/nitu.mx\/#\/schema\/person\/4a28fe9bd65924f7c90623773daf1b0b\"},\"headline\":\"Miguel Torruco sostiene nutrida agenda de trabajo en FITUR\",\"datePublished\":\"2021-05-20T04:38:16+00:00\",\"dateModified\":\"2021-05-20T05:21:13+00:00\",\"mainEntityOfPage\":{\"@id\":\"https:\/\/nitu.mx\/index.php\/2021\/05\/19\/miguel-torruco-sostiene-nutrida-agenda-de-trabajo-en-fitur\/\"},\"wordCount\":715,\"commentCount\":0,\"publisher\":{\"@id\":\"https:\/\/nitu.mx\/#\/schema\/person\/ae7a53426417292d3dd07b45a33e01bc\"},\"image\":{\"@id\":\"https:\/\/nitu.mx\/index.php\/2021\/05\/19\/miguel-torruco-sostiene-nutrida-agenda-de-trabajo-en-fitur\/#primaryimage\"},\"thumbnailUrl\":\"https:\/\/nitu.mx\/wp-content\/uploads\/2021\/05\/MEXICO-TORRUCO-FITUR.jpg\",\"keywords\":[\"FITUR\",\"Miguel Torruco Marqu\u00e9s\",\"OMT\",\"Zurab Pololikashvili\"],\"articleSection\":[\"Marketing\"],\"inLanguage\":\"es-MX\",\"potentialAction\":[{\"@type\":\"CommentAction\",\"name\":\"Comment\",\"target\":[\"https:\/\/nitu.mx\/index.php\/2021\/05\/19\/miguel-torruco-sostiene-nutrida-agenda-de-trabajo-en-fitur\/#respond\"]}]},{\"@type\":\"WebPage\",\"@id\":\"https:\/\/nitu.mx\/index.php\/2021\/05\/19\/miguel-torruco-sostiene-nutrida-agenda-de-trabajo-en-fitur\/\",\"url\":\"https:\/\/nitu.mx\/index.php\/2021\/05\/19\/miguel-torruco-sostiene-nutrida-agenda-de-trabajo-en-fitur\/\",\"name\":\"Miguel Torruco sostiene nutrida agenda de trabajo en FITUR - Nitu - Noticias de la Industria Turistica\",\"isPartOf\":{\"@id\":\"https:\/\/nitu.mx\/#website\"},\"primaryImageOfPage\":{\"@id\":\"https:\/\/nitu.mx\/index.php\/2021\/05\/19\/miguel-torruco-sostiene-nutrida-agenda-de-trabajo-en-fitur\/#primaryimage\"},\"image\":{\"@id\":\"https:\/\/nitu.mx\/index.php\/2021\/05\/19\/miguel-torruco-sostiene-nutrida-agenda-de-trabajo-en-fitur\/#primaryimage\"},\"thumbnailUrl\":\"https:\/\/nitu.mx\/wp-content\/uploads\/2021\/05\/MEXICO-TORRUCO-FITUR.jpg\",\"datePublished\":\"2021-05-20T04:38:16+00:00\",\"dateModified\":\"2021-05-20T05:21:13+00:00\",\"breadcrumb\":{\"@id\":\"https:\/\/nitu.mx\/index.php\/2021\/05\/19\/miguel-torruco-sostiene-nutrida-agenda-de-trabajo-en-fitur\/#breadcrumb\"},\"inLanguage\":\"es-MX\",\"potentialAction\":[{\"@type\":\"ReadAction\",\"target\":[\"https:\/\/nitu.mx\/index.php\/2021\/05\/19\/miguel-torruco-sostiene-nutrida-agenda-de-trabajo-en-fitur\/\"]}]},{\"@type\":\"ImageObject\",\"inLanguage\":\"es-MX\",\"@id\":\"https:\/\/nitu.mx\/index.php\/2021\/05\/19\/miguel-torruco-sostiene-nutrida-agenda-de-trabajo-en-fitur\/#primaryimage\",\"url\":\"https:\/\/nitu.mx\/wp-content\/uploads\/2021\/05\/MEXICO-TORRUCO-FITUR.jpg\",\"contentUrl\":\"https:\/\/nitu.mx\/wp-content\/uploads\/2021\/05\/MEXICO-TORRUCO-FITUR.jpg\",\"width\":1200,\"height\":675},{\"@type\":\"BreadcrumbList\",\"@id\":\"https:\/\/nitu.mx\/index.php\/2021\/05\/19\/miguel-torruco-sostiene-nutrida-agenda-de-trabajo-en-fitur\/#breadcrumb\",\"itemListElement\":[{\"@type\":\"ListItem\",\"position\":1,\"name\":\"Inicio\",\"item\":\"https:\/\/nitu.mx\/\"},{\"@type\":\"ListItem\",\"position\":2,\"name\":\"Miguel Torruco sostiene nutrida agenda de trabajo en FITUR\"}]},{\"@type\":\"WebSite\",\"@id\":\"https:\/\/nitu.mx\/#website\",\"url\":\"https:\/\/nitu.mx\/\",\"name\":\"Nitu - Noticias de la Industria Turistica\",\"description\":\"Noticias de la Industria Turistica\",\"publisher\":{\"@id\":\"https:\/\/nitu.mx\/#\/schema\/person\/ae7a53426417292d3dd07b45a33e01bc\"},\"alternateName\":\"Noticias de la Industria Turistica\",\"potentialAction\":[{\"@type\":\"SearchAction\",\"target\":{\"@type\":\"EntryPoint\",\"urlTemplate\":\"https:\/\/nitu.mx\/?s={search_term_string}\"},\"query-input\":\"required name=search_term_string\"}],\"inLanguage\":\"es-MX\"},{\"@type\":[\"Person\",\"Organization\"],\"@id\":\"https:\/\/nitu.mx\/#\/schema\/person\/ae7a53426417292d3dd07b45a33e01bc\",\"name\":\"Arturo Medina\",\"image\":{\"@type\":\"ImageObject\",\"inLanguage\":\"es-MX\",\"@id\":\"https:\/\/nitu.mx\/#\/schema\/person\/image\/\",\"url\":\"https:\/\/nitu.mx\/wp-content\/uploads\/2024\/04\/4A315622-1904-4D5C-B022-878CDC840E04-90x90-1.jpeg\",\"contentUrl\":\"https:\/\/nitu.mx\/wp-content\/uploads\/2024\/04\/4A315622-1904-4D5C-B022-878CDC840E04-90x90-1.jpeg\",\"width\":90,\"height\":90,\"caption\":\"Arturo Medina\"},\"logo\":{\"@id\":\"https:\/\/nitu.mx\/#\/schema\/person\/image\/\"},\"description\":\"Director NITU.mx, Egresado de la Escuela de Periodismo Carlos Septi\u00e9n Garc\u00eda. Periodista y analista especializado en turismo desde hace 35 a\u00f1os, radicado en Canc\u00fan Q.Roo. arturo@nitu.mx\",\"sameAs\":[\"https:\/\/nitu.mx\",\"https:\/\/www.facebook.com\/NITUmx\/\",\"medinacancun\",\"https:\/\/twitter.com\/@Arturo_Medina_G\"]},{\"@type\":\"Person\",\"@id\":\"https:\/\/nitu.mx\/#\/schema\/person\/4a28fe9bd65924f7c90623773daf1b0b\",\"name\":\"Redacci\u00f3n\",\"image\":{\"@type\":\"ImageObject\",\"inLanguage\":\"es-MX\",\"@id\":\"https:\/\/nitu.mx\/#\/schema\/person\/image\/\",\"url\":\"https:\/\/secure.gravatar.com\/avatar\/5dd011c8ccfc5cd7e4c81e42252aab38?s=96&d=mm&r=g\",\"contentUrl\":\"https:\/\/secure.gravatar.com\/avatar\/5dd011c8ccfc5cd7e4c81e42252aab38?s=96&d=mm&r=g\",\"caption\":\"Redacci\u00f3n\"},\"url\":\"https:\/\/nitu.mx\/index.php\/author\/redaccion\/\"}]}<\/script>\n<!-- \/ Yoast SEO plugin. -->","yoast_head_json":{"title":"Miguel Torruco sostiene nutrida agenda de trabajo en FITUR - Nitu - Noticias de la Industria Turistica","robots":{"index":"index","follow":"follow","max-snippet":"max-snippet:-1","max-image-preview":"max-image-preview:large","max-video-preview":"max-video-preview:-1"},"canonical":"https:\/\/nitu.mx\/index.php\/2021\/05\/19\/miguel-torruco-sostiene-nutrida-agenda-de-trabajo-en-fitur\/","twitter_card":"summary_large_image","twitter_title":"Miguel Torruco sostiene nutrida agenda de trabajo en FITUR - Nitu - Noticias de la Industria Turistica","twitter_description":"Al iniciar hoy en Madrid la edici\u00f3n 41 de la Feria Internacional de Turismo, mejor conocida como FITUR, M\u00e9xico obtuvo un reconocimiento por la creaci\u00f3n de la \u201cRuta del Pescado de Moctezuma\u201d. El galard\u00f3n lo recibi\u00f3 el secretario de Turismo del Gobierno de M\u00e9xico, Miguel Torruco Marqu\u00e9s, quien afirm\u00f3 que este \u201cPremio a la Excelencia [&hellip;]","twitter_image":"https:\/\/nitu.mx\/wp-content\/uploads\/2021\/05\/MEXICO-TORRUCO-FITUR.jpg","twitter_creator":"@NITUmx","twitter_site":"@Arturo_Medina_G","twitter_misc":{"Escrito por":"Redacci\u00f3n","Tiempo de lectura":"4 minutos"},"schema":{"@context":"https:\/\/schema.org","@graph":[{"@type":"Article","@id":"https:\/\/nitu.mx\/index.php\/2021\/05\/19\/miguel-torruco-sostiene-nutrida-agenda-de-trabajo-en-fitur\/#article","isPartOf":{"@id":"https:\/\/nitu.mx\/index.php\/2021\/05\/19\/miguel-torruco-sostiene-nutrida-agenda-de-trabajo-en-fitur\/"},"author":{"name":"Redacci\u00f3n","@id":"https:\/\/nitu.mx\/#\/schema\/person\/4a28fe9bd65924f7c90623773daf1b0b"},"headline":"Miguel Torruco sostiene nutrida agenda de trabajo en FITUR","datePublished":"2021-05-20T04:38:16+00:00","dateModified":"2021-05-20T05:21:13+00:00","mainEntityOfPage":{"@id":"https:\/\/nitu.mx\/index.php\/2021\/05\/19\/miguel-torruco-sostiene-nutrida-agenda-de-trabajo-en-fitur\/"},"wordCount":715,"commentCount":0,"publisher":{"@id":"https:\/\/nitu.mx\/#\/schema\/person\/ae7a53426417292d3dd07b45a33e01bc"},"image":{"@id":"https:\/\/nitu.mx\/index.php\/2021\/05\/19\/miguel-torruco-sostiene-nutrida-agenda-de-trabajo-en-fitur\/#primaryimage"},"thumbnailUrl":"https:\/\/nitu.mx\/wp-content\/uploads\/2021\/05\/MEXICO-TORRUCO-FITUR.jpg","keywords":["FITUR","Miguel Torruco Marqu\u00e9s","OMT","Zurab Pololikashvili"],"articleSection":["Marketing"],"inLanguage":"es-MX","potentialAction":[{"@type":"CommentAction","name":"Comment","target":["https:\/\/nitu.mx\/index.php\/2021\/05\/19\/miguel-torruco-sostiene-nutrida-agenda-de-trabajo-en-fitur\/#respond"]}]},{"@type":"WebPage","@id":"https:\/\/nitu.mx\/index.php\/2021\/05\/19\/miguel-torruco-sostiene-nutrida-agenda-de-trabajo-en-fitur\/","url":"https:\/\/nitu.mx\/index.php\/2021\/05\/19\/miguel-torruco-sostiene-nutrida-agenda-de-trabajo-en-fitur\/","name":"Miguel Torruco sostiene nutrida agenda de trabajo en FITUR - Nitu - Noticias de la Industria Turistica","isPartOf":{"@id":"https:\/\/nitu.mx\/#website"},"primaryImageOfPage":{"@id":"https:\/\/nitu.mx\/index.php\/2021\/05\/19\/miguel-torruco-sostiene-nutrida-agenda-de-trabajo-en-fitur\/#primaryimage"},"image":{"@id":"https:\/\/nitu.mx\/index.php\/2021\/05\/19\/miguel-torruco-sostiene-nutrida-agenda-de-trabajo-en-fitur\/#primaryimage"},"thumbnailUrl":"https:\/\/nitu.mx\/wp-content\/uploads\/2021\/05\/MEXICO-TORRUCO-FITUR.jpg","datePublished":"2021-05-20T04:38:16+00:00","dateModified":"2021-05-20T05:21:13+00:00","breadcrumb":{"@id":"https:\/\/nitu.mx\/index.php\/2021\/05\/19\/miguel-torruco-sostiene-nutrida-agenda-de-trabajo-en-fitur\/#breadcrumb"},"inLanguage":"es-MX","potentialAction":[{"@type":"ReadAction","target":["https:\/\/nitu.mx\/index.php\/2021\/05\/19\/miguel-torruco-sostiene-nutrida-agenda-de-trabajo-en-fitur\/"]}]},{"@type":"ImageObject","inLanguage":"es-MX","@id":"https:\/\/nitu.mx\/index.php\/2021\/05\/19\/miguel-torruco-sostiene-nutrida-agenda-de-trabajo-en-fitur\/#primaryimage","url":"https:\/\/nitu.mx\/wp-content\/uploads\/2021\/05\/MEXICO-TORRUCO-FITUR.jpg","contentUrl":"https:\/\/nitu.mx\/wp-content\/uploads\/2021\/05\/MEXICO-TORRUCO-FITUR.jpg","width":1200,"height":675},{"@type":"BreadcrumbList","@id":"https:\/\/nitu.mx\/index.php\/2021\/05\/19\/miguel-torruco-sostiene-nutrida-agenda-de-trabajo-en-fitur\/#breadcrumb","itemListElement":[{"@type":"ListItem","position":1,"name":"Inicio","item":"https:\/\/nitu.mx\/"},{"@type":"ListItem","position":2,"name":"Miguel Torruco sostiene nutrida agenda de trabajo en FITUR"}]},{"@type":"WebSite","@id":"https:\/\/nitu.mx\/#website","url":"https:\/\/nitu.mx\/","name":"Nitu - Noticias de la Industria Turistica","description":"Noticias de la Industria Turistica","publisher":{"@id":"https:\/\/nitu.mx\/#\/schema\/person\/ae7a53426417292d3dd07b45a33e01bc"},"alternateName":"Noticias de la Industria Turistica","potentialAction":[{"@type":"SearchAction","target":{"@type":"EntryPoint","urlTemplate":"https:\/\/nitu.mx\/?s={search_term_string}"},"query-input":"required name=search_term_string"}],"inLanguage":"es-MX"},{"@type":["Person","Organization"],"@id":"https:\/\/nitu.mx\/#\/schema\/person\/ae7a53426417292d3dd07b45a33e01bc","name":"Arturo Medina","image":{"@type":"ImageObject","inLanguage":"es-MX","@id":"https:\/\/nitu.mx\/#\/schema\/person\/image\/","url":"https:\/\/nitu.mx\/wp-content\/uploads\/2024\/04\/4A315622-1904-4D5C-B022-878CDC840E04-90x90-1.jpeg","contentUrl":"https:\/\/nitu.mx\/wp-content\/uploads\/2024\/04\/4A315622-1904-4D5C-B022-878CDC840E04-90x90-1.jpeg","width":90,"height":90,"caption":"Arturo Medina"},"logo":{"@id":"https:\/\/nitu.mx\/#\/schema\/person\/image\/"},"description":"Director NITU.mx, Egresado de la Escuela de Periodismo Carlos Septi\u00e9n Garc\u00eda. Periodista y analista especializado en turismo desde hace 35 a\u00f1os, radicado en Canc\u00fan Q.Roo. arturo@nitu.mx","sameAs":["https:\/\/nitu.mx","https:\/\/www.facebook.com\/NITUmx\/","medinacancun","https:\/\/twitter.com\/@Arturo_Medina_G"]},{"@type":"Person","@id":"https:\/\/nitu.mx\/#\/schema\/person\/4a28fe9bd65924f7c90623773daf1b0b","name":"Redacci\u00f3n","image":{"@type":"ImageObject","inLanguage":"es-MX","@id":"https:\/\/nitu.mx\/#\/schema\/person\/image\/","url":"https:\/\/secure.gravatar.com\/avatar\/5dd011c8ccfc5cd7e4c81e42252aab38?s=96&d=mm&r=g","contentUrl":"https:\/\/secure.gravatar.com\/avatar\/5dd011c8ccfc5cd7e4c81e42252aab38?s=96&d=mm&r=g","caption":"Redacci\u00f3n"},"url":"https:\/\/nitu.mx\/index.php\/author\/redaccion\/"}]}},"views":250,"_links":{"self":[{"href":"https:\/\/nitu.mx\/index.php\/wp-json\/wp\/v2\/posts\/52528"}],"collection":[{"href":"https:\/\/nitu.mx\/index.php\/wp-json\/wp\/v2\/posts"}],"about":[{"href":"https:\/\/nitu.mx\/index.php\/wp-json\/wp\/v2\/types\/post"}],"author":[{"embeddable":true,"href":"https:\/\/nitu.mx\/index.php\/wp-json\/wp\/v2\/users\/17"}],"replies":[{"embeddable":true,"href":"https:\/\/nitu.mx\/index.php\/wp-json\/wp\/v2\/comments?post=52528"}],"version-history":[{"count":2,"href":"https:\/\/nitu.mx\/index.php\/wp-json\/wp\/v2\/posts\/52528\/revisions"}],"predecessor-version":[{"id":52531,"href":"https:\/\/nitu.mx\/index.php\/wp-json\/wp\/v2\/posts\/52528\/revisions\/52531"}],"wp:featuredmedia":[{"embeddable":true,"href":"https:\/\/nitu.mx\/index.php\/wp-json\/wp\/v2\/media\/52529"}],"wp:attachment":[{"href":"https:\/\/nitu.mx\/index.php\/wp-json\/wp\/v2\/media?parent=52528"}],"wp:term":[{"taxonomy":"category","embeddable":true,"href":"https:\/\/nitu.mx\/index.php\/wp-json\/wp\/v2\/categories?post=52528"},{"taxonomy":"post_tag","embeddable":true,"href":"https:\/\/nitu.mx\/index.php\/wp-json\/wp\/v2\/tags?post=52528"}],"curies":[{"name":"wp","href":"https:\/\/api.w.org\/{rel}","templated":true}]}}