{"id":52518,"date":"2021-05-19T23:58:45","date_gmt":"2021-05-20T04:58:45","guid":{"rendered":"https:\/\/www.dev.nitu.mx\/?p=52518"},"modified":"2021-05-20T00:21:36","modified_gmt":"2021-05-20T05:21:36","slug":"lanzan-my-vacation-app-turistica-de-quintana-roo","status":"publish","type":"post","link":"https:\/\/nitu.mx\/index.php\/2021\/05\/19\/lanzan-my-vacation-app-turistica-de-quintana-roo\/","title":{"rendered":"Lanzan My Vacation, App tur\u00edstica de Quintana Roo"},"content":{"rendered":"<p>Con el objetivo de brindar una gu\u00eda tur\u00edstica completa de manera digital, tal y como lo solicita el mercado tur\u00edstico actual, surge My Vacation\u00ae una App que promueve m\u00e1s de 5 mil sitios de inter\u00e9s, tours, centros gastron\u00f3micos, compras, golf y todo tipo de servicios tur\u00edsticos de los principales destinos de Quintana Roo.<\/p>\n<p>Con 26 a\u00f1os de experiencia editorial en diversos mercados incluido el de gu\u00edas tur\u00edsticas, Grupo Ideas e Im\u00e1genes cre\u00f3 est\u00e1 App, como una respuesta a las necesidades de los empresarios para promover sus servicios con la finalidad de ofrecer informaci\u00f3n detallada para el viajero durante su estancia en los principales destinos del Caribe Mexicano y posteriormente de todo el estado de Quintana Roo.<\/p>\n<p>Anastasia Casciano directora de Grupo Ideas e Im\u00e1genes se\u00f1al\u00f3 que a la fecha la App contiene 22 categor\u00edas generales y m\u00e1s de 120 subcategor\u00edas con alrededor de 5 mil establecimientos que permiten al turista consultar, planear, reservar y visitar los atractivos en nuestro Estado.<\/p>\n<p>Esta App cuenta con importantes alianzas como es Grupo ADO en cuyas estaciones y unidades por medio de un c\u00f3digo QR los turistas podr\u00e1n descargarla. De igual forma estos c\u00f3digos se localizan en cuartos de hotel, restaurantes, establecimientos comerciales, aeropuerto, y puntos de informaci\u00f3n tur\u00edsticas.<\/p>\n<p>Por su parte, Carlos S\u00e1mano, gerente de marketing de Marina Puerto Canc\u00fan, se\u00f1al\u00f3 que el centro comercial se uni\u00f3 al proyecto al ver su calidad y beneficio para el turista actual, \u00e1vido de medios digitales de utilidad.<\/p>\n<p>Hasta el momento ofrece contenido de restaurantes, tours, actividades, compras, entretenimiento, mapas, golf, salud, transportaci\u00f3n, servicios de informaci\u00f3n tur\u00edstica como emergencias, consulados, casas de cambio e iglesias, entre otros.<\/p>\n<p>La App busca ser la gu\u00eda tur\u00edstica gratuita m\u00e1s completa del destino, y estar en la palma de la mano de todos los visitantes.<\/p>\n<p>Actualmente cuenta con informaci\u00f3n de Canc\u00fan, Playa del Carmen, Isla Mujeres, Puerto Morelos, Riviera Maya, Cozumel y Tulum. En su segunda etapa abarcar\u00e1 informaci\u00f3n de Holbox, Bacalar, Mahahual y Chetumal. Ser\u00e1 durante su tercera etapa que se desarrollar\u00e1 la aplicaci\u00f3n para Yucat\u00e1n y Campeche, cubriendo as\u00ed toda la Pen\u00ednsula de Yucat\u00e1n.<\/p>\n<p>Esperan tener 25 mil descargas para finales del 2021 y 50 mil descargas para verano de 2022. Ya est\u00e1 disponible para descargar sin costo desde las tiendas de AppStore y GooglePlay.<\/p>\n<p>La App se puede encontrar en idiomas ingl\u00e9s y espa\u00f1ol. Adem\u00e1s cuenta con el respaldo de la Secretaria de Turismo Estatal y otros organismos oficiales que promueven el turismo, ya que todo esfuerzo de promoci\u00f3n suma para que el destino recupere y supere los niveles de venta previos a la pandemia.<\/p>\n<p>Grupo Ideas e Im\u00e1genes es un grupo editorial con 26 a\u00f1os de experiencia en el desarrollo de medios de comunicaci\u00f3n enfocados a nichos de mercado muy segmentados. Uno de sus productos l\u00edderes es la revista LivingHabitat\u00ae, medio oficial de los residenciales m\u00e1s Canc\u00fan, Residencial Cumbres, Palmaris y pr\u00f3ximamente ser\u00e1 la revista oficial de Ciudad Mayakoba.<\/p>\n","protected":false},"excerpt":{"rendered":"<p>Con el objetivo de brindar una gu\u00eda tur\u00edstica completa de manera digital, tal y como lo solicita el mercado tur\u00edstico actual, surge My Vacation\u00ae una App que promueve m\u00e1s de 5 mil sitios de inter\u00e9s, tours, centros gastron\u00f3micos, compras, golf y todo tipo de servicios tur\u00edsticos de los principales destinos de Quintana Roo. Con 26 [&hellip;]<\/p>\n","protected":false},"author":3,"featured_media":52532,"comment_status":"open","ping_status":"open","sticky":false,"template":"","format":"standard","meta":{"footnotes":""},"categories":[18475,12],"tags":[22176,22174,3591,22175],"yoast_head":"<!-- This site is optimized with the Yoast SEO plugin v22.2 - https:\/\/yoast.com\/wordpress\/plugins\/seo\/ -->\n<title>Lanzan My Vacation, App tur\u00edstica de Quintana Roo - Nitu - Noticias de la Industria Turistica<\/title>\n<meta name=\"robots\" content=\"index, follow, max-snippet:-1, max-image-preview:large, max-video-preview:-1\" \/>\n<link rel=\"canonical\" href=\"https:\/\/nitu.mx\/index.php\/2021\/05\/19\/lanzan-my-vacation-app-turistica-de-quintana-roo\/\" \/>\n<meta name=\"twitter:card\" content=\"summary_large_image\" \/>\n<meta name=\"twitter:title\" content=\"Lanzan My Vacation, App tur\u00edstica de Quintana Roo - Nitu - Noticias de la Industria Turistica\" \/>\n<meta name=\"twitter:description\" content=\"Con el objetivo de brindar una gu\u00eda tur\u00edstica completa de manera digital, tal y como lo solicita el mercado tur\u00edstico actual, surge My Vacation\u00ae una App que promueve m\u00e1s de 5 mil sitios de inter\u00e9s, tours, centros gastron\u00f3micos, compras, golf y todo tipo de servicios tur\u00edsticos de los principales destinos de Quintana Roo. Con 26 [&hellip;]\" \/>\n<meta name=\"twitter:image\" content=\"https:\/\/nitu.mx\/wp-content\/uploads\/2021\/05\/My-vacation-app.jpg\" \/>\n<meta name=\"twitter:creator\" content=\"@NITUmx\" \/>\n<meta name=\"twitter:site\" content=\"@Arturo_Medina_G\" \/>\n<meta name=\"twitter:label1\" content=\"Escrito por\" \/>\n\t<meta name=\"twitter:data1\" content=\"Alejandra Moncisbays\" \/>\n\t<meta name=\"twitter:label2\" content=\"Tiempo de lectura\" \/>\n\t<meta name=\"twitter:data2\" content=\"3 minutos\" \/>\n<script type=\"application\/ld+json\" class=\"yoast-schema-graph\">{\"@context\":\"https:\/\/schema.org\",\"@graph\":[{\"@type\":\"Article\",\"@id\":\"https:\/\/nitu.mx\/index.php\/2021\/05\/19\/lanzan-my-vacation-app-turistica-de-quintana-roo\/#article\",\"isPartOf\":{\"@id\":\"https:\/\/nitu.mx\/index.php\/2021\/05\/19\/lanzan-my-vacation-app-turistica-de-quintana-roo\/\"},\"author\":{\"name\":\"Alejandra Moncisbays\",\"@id\":\"https:\/\/nitu.mx\/#\/schema\/person\/2ecd887b19dfd3382d1f14fc5acf24a8\"},\"headline\":\"Lanzan My Vacation, App tur\u00edstica de Quintana Roo\",\"datePublished\":\"2021-05-20T04:58:45+00:00\",\"dateModified\":\"2021-05-20T05:21:36+00:00\",\"mainEntityOfPage\":{\"@id\":\"https:\/\/nitu.mx\/index.php\/2021\/05\/19\/lanzan-my-vacation-app-turistica-de-quintana-roo\/\"},\"wordCount\":531,\"commentCount\":0,\"publisher\":{\"@id\":\"https:\/\/nitu.mx\/#\/schema\/person\/ae7a53426417292d3dd07b45a33e01bc\"},\"image\":{\"@id\":\"https:\/\/nitu.mx\/index.php\/2021\/05\/19\/lanzan-my-vacation-app-turistica-de-quintana-roo\/#primaryimage\"},\"thumbnailUrl\":\"https:\/\/nitu.mx\/wp-content\/uploads\/2021\/05\/My-vacation-app.jpg\",\"keywords\":[\"Anastasia Casciano\",\"Grupo Ideas e Im\u00e1genes\",\"Hoteles\",\"My Vacation\u00ae\"],\"articleSection\":[\"Caribe Mexicano\",\"Marketing\"],\"inLanguage\":\"es-MX\",\"potentialAction\":[{\"@type\":\"CommentAction\",\"name\":\"Comment\",\"target\":[\"https:\/\/nitu.mx\/index.php\/2021\/05\/19\/lanzan-my-vacation-app-turistica-de-quintana-roo\/#respond\"]}]},{\"@type\":\"WebPage\",\"@id\":\"https:\/\/nitu.mx\/index.php\/2021\/05\/19\/lanzan-my-vacation-app-turistica-de-quintana-roo\/\",\"url\":\"https:\/\/nitu.mx\/index.php\/2021\/05\/19\/lanzan-my-vacation-app-turistica-de-quintana-roo\/\",\"name\":\"Lanzan My Vacation, App tur\u00edstica de Quintana Roo - Nitu - Noticias de la Industria Turistica\",\"isPartOf\":{\"@id\":\"https:\/\/nitu.mx\/#website\"},\"primaryImageOfPage\":{\"@id\":\"https:\/\/nitu.mx\/index.php\/2021\/05\/19\/lanzan-my-vacation-app-turistica-de-quintana-roo\/#primaryimage\"},\"image\":{\"@id\":\"https:\/\/nitu.mx\/index.php\/2021\/05\/19\/lanzan-my-vacation-app-turistica-de-quintana-roo\/#primaryimage\"},\"thumbnailUrl\":\"https:\/\/nitu.mx\/wp-content\/uploads\/2021\/05\/My-vacation-app.jpg\",\"datePublished\":\"2021-05-20T04:58:45+00:00\",\"dateModified\":\"2021-05-20T05:21:36+00:00\",\"breadcrumb\":{\"@id\":\"https:\/\/nitu.mx\/index.php\/2021\/05\/19\/lanzan-my-vacation-app-turistica-de-quintana-roo\/#breadcrumb\"},\"inLanguage\":\"es-MX\",\"potentialAction\":[{\"@type\":\"ReadAction\",\"target\":[\"https:\/\/nitu.mx\/index.php\/2021\/05\/19\/lanzan-my-vacation-app-turistica-de-quintana-roo\/\"]}]},{\"@type\":\"ImageObject\",\"inLanguage\":\"es-MX\",\"@id\":\"https:\/\/nitu.mx\/index.php\/2021\/05\/19\/lanzan-my-vacation-app-turistica-de-quintana-roo\/#primaryimage\",\"url\":\"https:\/\/nitu.mx\/wp-content\/uploads\/2021\/05\/My-vacation-app.jpg\",\"contentUrl\":\"https:\/\/nitu.mx\/wp-content\/uploads\/2021\/05\/My-vacation-app.jpg\",\"width\":1200,\"height\":675},{\"@type\":\"BreadcrumbList\",\"@id\":\"https:\/\/nitu.mx\/index.php\/2021\/05\/19\/lanzan-my-vacation-app-turistica-de-quintana-roo\/#breadcrumb\",\"itemListElement\":[{\"@type\":\"ListItem\",\"position\":1,\"name\":\"Inicio\",\"item\":\"https:\/\/nitu.mx\/\"},{\"@type\":\"ListItem\",\"position\":2,\"name\":\"Lanzan My Vacation, App tur\u00edstica de Quintana Roo\"}]},{\"@type\":\"WebSite\",\"@id\":\"https:\/\/nitu.mx\/#website\",\"url\":\"https:\/\/nitu.mx\/\",\"name\":\"Nitu - Noticias de la Industria Turistica\",\"description\":\"Noticias de la Industria Turistica\",\"publisher\":{\"@id\":\"https:\/\/nitu.mx\/#\/schema\/person\/ae7a53426417292d3dd07b45a33e01bc\"},\"alternateName\":\"Noticias de la Industria Turistica\",\"potentialAction\":[{\"@type\":\"SearchAction\",\"target\":{\"@type\":\"EntryPoint\",\"urlTemplate\":\"https:\/\/nitu.mx\/?s={search_term_string}\"},\"query-input\":\"required name=search_term_string\"}],\"inLanguage\":\"es-MX\"},{\"@type\":[\"Person\",\"Organization\"],\"@id\":\"https:\/\/nitu.mx\/#\/schema\/person\/ae7a53426417292d3dd07b45a33e01bc\",\"name\":\"Arturo Medina\",\"image\":{\"@type\":\"ImageObject\",\"inLanguage\":\"es-MX\",\"@id\":\"https:\/\/nitu.mx\/#\/schema\/person\/image\/\",\"url\":\"https:\/\/nitu.mx\/wp-content\/uploads\/2024\/04\/4A315622-1904-4D5C-B022-878CDC840E04-90x90-1.jpeg\",\"contentUrl\":\"https:\/\/nitu.mx\/wp-content\/uploads\/2024\/04\/4A315622-1904-4D5C-B022-878CDC840E04-90x90-1.jpeg\",\"width\":90,\"height\":90,\"caption\":\"Arturo Medina\"},\"logo\":{\"@id\":\"https:\/\/nitu.mx\/#\/schema\/person\/image\/\"},\"description\":\"Director NITU.mx, Egresado de la Escuela de Periodismo Carlos Septi\u00e9n Garc\u00eda. Periodista y analista especializado en turismo desde hace 35 a\u00f1os, radicado en Canc\u00fan Q.Roo. arturo@nitu.mx\",\"sameAs\":[\"https:\/\/nitu.mx\",\"https:\/\/www.facebook.com\/NITUmx\/\",\"medinacancun\",\"https:\/\/twitter.com\/@Arturo_Medina_G\"]},{\"@type\":\"Person\",\"@id\":\"https:\/\/nitu.mx\/#\/schema\/person\/2ecd887b19dfd3382d1f14fc5acf24a8\",\"name\":\"Alejandra Moncisbays\",\"image\":{\"@type\":\"ImageObject\",\"inLanguage\":\"es-MX\",\"@id\":\"https:\/\/nitu.mx\/#\/schema\/person\/image\/\",\"url\":\"https:\/\/secure.gravatar.com\/avatar\/e74f7af0be172b7804dacfd0bfbef787?s=96&d=mm&r=g\",\"contentUrl\":\"https:\/\/secure.gravatar.com\/avatar\/e74f7af0be172b7804dacfd0bfbef787?s=96&d=mm&r=g\",\"caption\":\"Alejandra Moncisbays\"},\"description\":\"Curs\u00e9 la carrera de Periodismo y Comunicaci\u00f3n en la Facultad de Estudios Profesionales Acatl\u00e1n. Vivo en Canc\u00fan desde hace 24 a\u00f1os. Fui reportera de La Tarde de Canc\u00fan, y Novedades de Quintana Roo, colabor\u00e9 en TVCUN, edit\u00e9 Cancun\u00edssimo y colabor\u00e9 en las revistas Latitud21, entre otras, con principal enfoque en los sectores empresarial y tur\u00edstico. Desde hace varios a\u00f1os soy Agente de Seguros con c\u00e9dula de la Comisi\u00f3n Nacional de Seguros y Fianzas. Actualmente, me desarrollo en los \u00e1mbitos del periodismo y el sector asegurador.\",\"sameAs\":[\"https:\/\/nitu.mx\"],\"url\":\"https:\/\/nitu.mx\/index.php\/author\/alejandra\/\"}]}<\/script>\n<!-- \/ Yoast SEO plugin. -->","yoast_head_json":{"title":"Lanzan My Vacation, App tur\u00edstica de Quintana Roo - Nitu - Noticias de la Industria Turistica","robots":{"index":"index","follow":"follow","max-snippet":"max-snippet:-1","max-image-preview":"max-image-preview:large","max-video-preview":"max-video-preview:-1"},"canonical":"https:\/\/nitu.mx\/index.php\/2021\/05\/19\/lanzan-my-vacation-app-turistica-de-quintana-roo\/","twitter_card":"summary_large_image","twitter_title":"Lanzan My Vacation, App tur\u00edstica de Quintana Roo - Nitu - Noticias de la Industria Turistica","twitter_description":"Con el objetivo de brindar una gu\u00eda tur\u00edstica completa de manera digital, tal y como lo solicita el mercado tur\u00edstico actual, surge My Vacation\u00ae una App que promueve m\u00e1s de 5 mil sitios de inter\u00e9s, tours, centros gastron\u00f3micos, compras, golf y todo tipo de servicios tur\u00edsticos de los principales destinos de Quintana Roo. Con 26 [&hellip;]","twitter_image":"https:\/\/nitu.mx\/wp-content\/uploads\/2021\/05\/My-vacation-app.jpg","twitter_creator":"@NITUmx","twitter_site":"@Arturo_Medina_G","twitter_misc":{"Escrito por":"Alejandra Moncisbays","Tiempo de lectura":"3 minutos"},"schema":{"@context":"https:\/\/schema.org","@graph":[{"@type":"Article","@id":"https:\/\/nitu.mx\/index.php\/2021\/05\/19\/lanzan-my-vacation-app-turistica-de-quintana-roo\/#article","isPartOf":{"@id":"https:\/\/nitu.mx\/index.php\/2021\/05\/19\/lanzan-my-vacation-app-turistica-de-quintana-roo\/"},"author":{"name":"Alejandra Moncisbays","@id":"https:\/\/nitu.mx\/#\/schema\/person\/2ecd887b19dfd3382d1f14fc5acf24a8"},"headline":"Lanzan My Vacation, App tur\u00edstica de Quintana Roo","datePublished":"2021-05-20T04:58:45+00:00","dateModified":"2021-05-20T05:21:36+00:00","mainEntityOfPage":{"@id":"https:\/\/nitu.mx\/index.php\/2021\/05\/19\/lanzan-my-vacation-app-turistica-de-quintana-roo\/"},"wordCount":531,"commentCount":0,"publisher":{"@id":"https:\/\/nitu.mx\/#\/schema\/person\/ae7a53426417292d3dd07b45a33e01bc"},"image":{"@id":"https:\/\/nitu.mx\/index.php\/2021\/05\/19\/lanzan-my-vacation-app-turistica-de-quintana-roo\/#primaryimage"},"thumbnailUrl":"https:\/\/nitu.mx\/wp-content\/uploads\/2021\/05\/My-vacation-app.jpg","keywords":["Anastasia Casciano","Grupo Ideas e Im\u00e1genes","Hoteles","My Vacation\u00ae"],"articleSection":["Caribe Mexicano","Marketing"],"inLanguage":"es-MX","potentialAction":[{"@type":"CommentAction","name":"Comment","target":["https:\/\/nitu.mx\/index.php\/2021\/05\/19\/lanzan-my-vacation-app-turistica-de-quintana-roo\/#respond"]}]},{"@type":"WebPage","@id":"https:\/\/nitu.mx\/index.php\/2021\/05\/19\/lanzan-my-vacation-app-turistica-de-quintana-roo\/","url":"https:\/\/nitu.mx\/index.php\/2021\/05\/19\/lanzan-my-vacation-app-turistica-de-quintana-roo\/","name":"Lanzan My Vacation, App tur\u00edstica de Quintana Roo - Nitu - Noticias de la Industria Turistica","isPartOf":{"@id":"https:\/\/nitu.mx\/#website"},"primaryImageOfPage":{"@id":"https:\/\/nitu.mx\/index.php\/2021\/05\/19\/lanzan-my-vacation-app-turistica-de-quintana-roo\/#primaryimage"},"image":{"@id":"https:\/\/nitu.mx\/index.php\/2021\/05\/19\/lanzan-my-vacation-app-turistica-de-quintana-roo\/#primaryimage"},"thumbnailUrl":"https:\/\/nitu.mx\/wp-content\/uploads\/2021\/05\/My-vacation-app.jpg","datePublished":"2021-05-20T04:58:45+00:00","dateModified":"2021-05-20T05:21:36+00:00","breadcrumb":{"@id":"https:\/\/nitu.mx\/index.php\/2021\/05\/19\/lanzan-my-vacation-app-turistica-de-quintana-roo\/#breadcrumb"},"inLanguage":"es-MX","potentialAction":[{"@type":"ReadAction","target":["https:\/\/nitu.mx\/index.php\/2021\/05\/19\/lanzan-my-vacation-app-turistica-de-quintana-roo\/"]}]},{"@type":"ImageObject","inLanguage":"es-MX","@id":"https:\/\/nitu.mx\/index.php\/2021\/05\/19\/lanzan-my-vacation-app-turistica-de-quintana-roo\/#primaryimage","url":"https:\/\/nitu.mx\/wp-content\/uploads\/2021\/05\/My-vacation-app.jpg","contentUrl":"https:\/\/nitu.mx\/wp-content\/uploads\/2021\/05\/My-vacation-app.jpg","width":1200,"height":675},{"@type":"BreadcrumbList","@id":"https:\/\/nitu.mx\/index.php\/2021\/05\/19\/lanzan-my-vacation-app-turistica-de-quintana-roo\/#breadcrumb","itemListElement":[{"@type":"ListItem","position":1,"name":"Inicio","item":"https:\/\/nitu.mx\/"},{"@type":"ListItem","position":2,"name":"Lanzan My Vacation, App tur\u00edstica de Quintana Roo"}]},{"@type":"WebSite","@id":"https:\/\/nitu.mx\/#website","url":"https:\/\/nitu.mx\/","name":"Nitu - Noticias de la Industria Turistica","description":"Noticias de la Industria Turistica","publisher":{"@id":"https:\/\/nitu.mx\/#\/schema\/person\/ae7a53426417292d3dd07b45a33e01bc"},"alternateName":"Noticias de la Industria Turistica","potentialAction":[{"@type":"SearchAction","target":{"@type":"EntryPoint","urlTemplate":"https:\/\/nitu.mx\/?s={search_term_string}"},"query-input":"required name=search_term_string"}],"inLanguage":"es-MX"},{"@type":["Person","Organization"],"@id":"https:\/\/nitu.mx\/#\/schema\/person\/ae7a53426417292d3dd07b45a33e01bc","name":"Arturo Medina","image":{"@type":"ImageObject","inLanguage":"es-MX","@id":"https:\/\/nitu.mx\/#\/schema\/person\/image\/","url":"https:\/\/nitu.mx\/wp-content\/uploads\/2024\/04\/4A315622-1904-4D5C-B022-878CDC840E04-90x90-1.jpeg","contentUrl":"https:\/\/nitu.mx\/wp-content\/uploads\/2024\/04\/4A315622-1904-4D5C-B022-878CDC840E04-90x90-1.jpeg","width":90,"height":90,"caption":"Arturo Medina"},"logo":{"@id":"https:\/\/nitu.mx\/#\/schema\/person\/image\/"},"description":"Director NITU.mx, Egresado de la Escuela de Periodismo Carlos Septi\u00e9n Garc\u00eda. Periodista y analista especializado en turismo desde hace 35 a\u00f1os, radicado en Canc\u00fan Q.Roo. arturo@nitu.mx","sameAs":["https:\/\/nitu.mx","https:\/\/www.facebook.com\/NITUmx\/","medinacancun","https:\/\/twitter.com\/@Arturo_Medina_G"]},{"@type":"Person","@id":"https:\/\/nitu.mx\/#\/schema\/person\/2ecd887b19dfd3382d1f14fc5acf24a8","name":"Alejandra Moncisbays","image":{"@type":"ImageObject","inLanguage":"es-MX","@id":"https:\/\/nitu.mx\/#\/schema\/person\/image\/","url":"https:\/\/secure.gravatar.com\/avatar\/e74f7af0be172b7804dacfd0bfbef787?s=96&d=mm&r=g","contentUrl":"https:\/\/secure.gravatar.com\/avatar\/e74f7af0be172b7804dacfd0bfbef787?s=96&d=mm&r=g","caption":"Alejandra Moncisbays"},"description":"Curs\u00e9 la carrera de Periodismo y Comunicaci\u00f3n en la Facultad de Estudios Profesionales Acatl\u00e1n. Vivo en Canc\u00fan desde hace 24 a\u00f1os. Fui reportera de La Tarde de Canc\u00fan, y Novedades de Quintana Roo, colabor\u00e9 en TVCUN, edit\u00e9 Cancun\u00edssimo y colabor\u00e9 en las revistas Latitud21, entre otras, con principal enfoque en los sectores empresarial y tur\u00edstico. Desde hace varios a\u00f1os soy Agente de Seguros con c\u00e9dula de la Comisi\u00f3n Nacional de Seguros y Fianzas. Actualmente, me desarrollo en los \u00e1mbitos del periodismo y el sector asegurador.","sameAs":["https:\/\/nitu.mx"],"url":"https:\/\/nitu.mx\/index.php\/author\/alejandra\/"}]}},"views":402,"_links":{"self":[{"href":"https:\/\/nitu.mx\/index.php\/wp-json\/wp\/v2\/posts\/52518"}],"collection":[{"href":"https:\/\/nitu.mx\/index.php\/wp-json\/wp\/v2\/posts"}],"about":[{"href":"https:\/\/nitu.mx\/index.php\/wp-json\/wp\/v2\/types\/post"}],"author":[{"embeddable":true,"href":"https:\/\/nitu.mx\/index.php\/wp-json\/wp\/v2\/users\/3"}],"replies":[{"embeddable":true,"href":"https:\/\/nitu.mx\/index.php\/wp-json\/wp\/v2\/comments?post=52518"}],"version-history":[{"count":5,"href":"https:\/\/nitu.mx\/index.php\/wp-json\/wp\/v2\/posts\/52518\/revisions"}],"predecessor-version":[{"id":52535,"href":"https:\/\/nitu.mx\/index.php\/wp-json\/wp\/v2\/posts\/52518\/revisions\/52535"}],"wp:featuredmedia":[{"embeddable":true,"href":"https:\/\/nitu.mx\/index.php\/wp-json\/wp\/v2\/media\/52532"}],"wp:attachment":[{"href":"https:\/\/nitu.mx\/index.php\/wp-json\/wp\/v2\/media?parent=52518"}],"wp:term":[{"taxonomy":"category","embeddable":true,"href":"https:\/\/nitu.mx\/index.php\/wp-json\/wp\/v2\/categories?post=52518"},{"taxonomy":"post_tag","embeddable":true,"href":"https:\/\/nitu.mx\/index.php\/wp-json\/wp\/v2\/tags?post=52518"}],"curies":[{"name":"wp","href":"https:\/\/api.w.org\/{rel}","templated":true}]}}