{"id":52485,"date":"2021-05-19T09:27:36","date_gmt":"2021-05-19T14:27:36","guid":{"rendered":"https:\/\/www.dev.nitu.mx\/?p=52485"},"modified":"2021-05-20T00:26:41","modified_gmt":"2021-05-20T05:26:41","slug":"los-reyes-de-espana-inauguran-fitur-en-medio-de-las-restricciones-sanitarias","status":"publish","type":"post","link":"https:\/\/nitu.mx\/index.php\/2021\/05\/19\/los-reyes-de-espana-inauguran-fitur-en-medio-de-las-restricciones-sanitarias\/","title":{"rendered":"Los reyes de Espa\u00f1a inauguran FITUR en medio de las restricciones sanitarias"},"content":{"rendered":"<p class=\"\">Los reyes Felipe VI y Letizia inauguraron la FITUR 2021, en medio de las restricciones sanitarias, que ha marcado la edici\u00f3n del evento, una de las primeras grandes ferias internacionales que se celebra de forma presencial desde el inicio de la pandemia. La inauguraci\u00f3n ha sido prueba de ello y el tradicional paseo del monarca fue m\u00e1s escueto que en ocasiones anteriores.<\/p>\n<section class=\"more_info | border_1 border_top pull_right\"><\/section>\n<p class=\"\">La primera jornada de FITUR llega solo un d\u00eda despu\u00e9s del\u00a0inicio de la crisis migratoria con Marruecos. Hab\u00eda cierta expectaci\u00f3n por si Felipe VI pasar\u00eda en su recorrido por el\u00a0stand\u00a0del pa\u00eds norteafricano, pero al tener un paseo reducido por las restricciones de Covid-19, solo visit\u00f3 los pabellones de las comunidades aut\u00f3nomas y empresas del pa\u00eds, adem\u00e1s de una peque\u00f1a representaci\u00f3n de Georgia, que es el pa\u00eds socio de esta edici\u00f3n.<\/p>\n<p class=\"\">\u201cHay un gabinete de crisis trabajando. Esperamos que la situaci\u00f3n recupere pronto la normalidad\u201d, ha incidido Maroto, que conf\u00eda en que la crisis con Marruecos no perjudique a la industria tur\u00edstica.<\/p>\n<p>El resto de las secciones se han ido abriendo paulatinamente incluido el de Mexico que nuevamente tiene lugar de privilegio, justo a la entrada al sal\u00f3n de las Am\u00e9ricas.<\/p>\n<p class=\"\">Organizada por IFEMA Madrid, del 19 al 23 de mayo, la feria reunir\u00e1 a m\u00e1s de 5 mil participantes de los cinco continentes, con presencia de todas las comunidades aut\u00f3nomas, empresas y destinos de 55 pa\u00edses, y 37 representaciones oficiales, a lo que se suma en esta edici\u00f3n la participaci\u00f3n de profesionales de 79 nacionalidades en su nueva plataforma digital Fitur LIVE Connect.<\/p>\n","protected":false},"excerpt":{"rendered":"<p>Los reyes Felipe VI y Letizia inauguraron la FITUR 2021, en medio de las restricciones sanitarias, que ha marcado la edici\u00f3n del evento, una de las primeras grandes ferias internacionales que se celebra de forma presencial desde el inicio de la pandemia. La inauguraci\u00f3n ha sido prueba de ello y el tradicional paseo del monarca [&hellip;]<\/p>\n","protected":false},"author":2,"featured_media":52487,"comment_status":"open","ping_status":"open","sticky":false,"template":"","format":"standard","meta":{"footnotes":""},"categories":[12],"tags":[7662,2703],"yoast_head":"<!-- This site is optimized with the Yoast SEO plugin v22.2 - https:\/\/yoast.com\/wordpress\/plugins\/seo\/ -->\n<title>Los reyes de Espa\u00f1a inauguran FITUR en medio de las restricciones sanitarias - Nitu - Noticias de la Industria Turistica<\/title>\n<meta name=\"robots\" content=\"index, follow, max-snippet:-1, max-image-preview:large, max-video-preview:-1\" \/>\n<link rel=\"canonical\" href=\"https:\/\/nitu.mx\/index.php\/2021\/05\/19\/los-reyes-de-espana-inauguran-fitur-en-medio-de-las-restricciones-sanitarias\/\" \/>\n<meta name=\"twitter:card\" content=\"summary_large_image\" \/>\n<meta name=\"twitter:title\" content=\"Los reyes de Espa\u00f1a inauguran FITUR en medio de las restricciones sanitarias - Nitu - Noticias de la Industria Turistica\" \/>\n<meta name=\"twitter:description\" content=\"Los reyes Felipe VI y Letizia inauguraron la FITUR 2021, en medio de las restricciones sanitarias, que ha marcado la edici\u00f3n del evento, una de las primeras grandes ferias internacionales que se celebra de forma presencial desde el inicio de la pandemia. La inauguraci\u00f3n ha sido prueba de ello y el tradicional paseo del monarca [&hellip;]\" \/>\n<meta name=\"twitter:image\" content=\"https:\/\/nitu.mx\/wp-content\/uploads\/2021\/05\/68C5BFD9-3C92-4860-A14B-8F0A1052E073.jpeg\" \/>\n<meta name=\"twitter:creator\" content=\"@Arturo_Medina_G\" \/>\n<meta name=\"twitter:site\" content=\"@Arturo_Medina_G\" \/>\n<meta name=\"twitter:label1\" content=\"Escrito por\" \/>\n\t<meta name=\"twitter:data1\" content=\"Arturo Medina\" \/>\n\t<meta name=\"twitter:label2\" content=\"Tiempo de lectura\" \/>\n\t<meta name=\"twitter:data2\" content=\"1 minuto\" \/>\n<script type=\"application\/ld+json\" class=\"yoast-schema-graph\">{\"@context\":\"https:\/\/schema.org\",\"@graph\":[{\"@type\":\"Article\",\"@id\":\"https:\/\/nitu.mx\/index.php\/2021\/05\/19\/los-reyes-de-espana-inauguran-fitur-en-medio-de-las-restricciones-sanitarias\/#article\",\"isPartOf\":{\"@id\":\"https:\/\/nitu.mx\/index.php\/2021\/05\/19\/los-reyes-de-espana-inauguran-fitur-en-medio-de-las-restricciones-sanitarias\/\"},\"author\":{\"name\":\"Arturo Medina\",\"@id\":\"https:\/\/nitu.mx\/#\/schema\/person\/ae7a53426417292d3dd07b45a33e01bc\"},\"headline\":\"Los reyes de Espa\u00f1a inauguran FITUR en medio de las restricciones sanitarias\",\"datePublished\":\"2021-05-19T14:27:36+00:00\",\"dateModified\":\"2021-05-20T05:26:41+00:00\",\"mainEntityOfPage\":{\"@id\":\"https:\/\/nitu.mx\/index.php\/2021\/05\/19\/los-reyes-de-espana-inauguran-fitur-en-medio-de-las-restricciones-sanitarias\/\"},\"wordCount\":290,\"commentCount\":0,\"publisher\":{\"@id\":\"https:\/\/nitu.mx\/#\/schema\/person\/ae7a53426417292d3dd07b45a33e01bc\"},\"image\":{\"@id\":\"https:\/\/nitu.mx\/index.php\/2021\/05\/19\/los-reyes-de-espana-inauguran-fitur-en-medio-de-las-restricciones-sanitarias\/#primaryimage\"},\"thumbnailUrl\":\"https:\/\/nitu.mx\/wp-content\/uploads\/2021\/05\/68C5BFD9-3C92-4860-A14B-8F0A1052E073.jpeg\",\"keywords\":[\"Felipe VI y la Reina Letizia\",\"FITUR\"],\"articleSection\":[\"Marketing\"],\"inLanguage\":\"es-MX\",\"potentialAction\":[{\"@type\":\"CommentAction\",\"name\":\"Comment\",\"target\":[\"https:\/\/nitu.mx\/index.php\/2021\/05\/19\/los-reyes-de-espana-inauguran-fitur-en-medio-de-las-restricciones-sanitarias\/#respond\"]}]},{\"@type\":\"WebPage\",\"@id\":\"https:\/\/nitu.mx\/index.php\/2021\/05\/19\/los-reyes-de-espana-inauguran-fitur-en-medio-de-las-restricciones-sanitarias\/\",\"url\":\"https:\/\/nitu.mx\/index.php\/2021\/05\/19\/los-reyes-de-espana-inauguran-fitur-en-medio-de-las-restricciones-sanitarias\/\",\"name\":\"Los reyes de Espa\u00f1a inauguran FITUR en medio de las restricciones sanitarias - Nitu - Noticias de la Industria Turistica\",\"isPartOf\":{\"@id\":\"https:\/\/nitu.mx\/#website\"},\"primaryImageOfPage\":{\"@id\":\"https:\/\/nitu.mx\/index.php\/2021\/05\/19\/los-reyes-de-espana-inauguran-fitur-en-medio-de-las-restricciones-sanitarias\/#primaryimage\"},\"image\":{\"@id\":\"https:\/\/nitu.mx\/index.php\/2021\/05\/19\/los-reyes-de-espana-inauguran-fitur-en-medio-de-las-restricciones-sanitarias\/#primaryimage\"},\"thumbnailUrl\":\"https:\/\/nitu.mx\/wp-content\/uploads\/2021\/05\/68C5BFD9-3C92-4860-A14B-8F0A1052E073.jpeg\",\"datePublished\":\"2021-05-19T14:27:36+00:00\",\"dateModified\":\"2021-05-20T05:26:41+00:00\",\"breadcrumb\":{\"@id\":\"https:\/\/nitu.mx\/index.php\/2021\/05\/19\/los-reyes-de-espana-inauguran-fitur-en-medio-de-las-restricciones-sanitarias\/#breadcrumb\"},\"inLanguage\":\"es-MX\",\"potentialAction\":[{\"@type\":\"ReadAction\",\"target\":[\"https:\/\/nitu.mx\/index.php\/2021\/05\/19\/los-reyes-de-espana-inauguran-fitur-en-medio-de-las-restricciones-sanitarias\/\"]}]},{\"@type\":\"ImageObject\",\"inLanguage\":\"es-MX\",\"@id\":\"https:\/\/nitu.mx\/index.php\/2021\/05\/19\/los-reyes-de-espana-inauguran-fitur-en-medio-de-las-restricciones-sanitarias\/#primaryimage\",\"url\":\"https:\/\/nitu.mx\/wp-content\/uploads\/2021\/05\/68C5BFD9-3C92-4860-A14B-8F0A1052E073.jpeg\",\"contentUrl\":\"https:\/\/nitu.mx\/wp-content\/uploads\/2021\/05\/68C5BFD9-3C92-4860-A14B-8F0A1052E073.jpeg\",\"width\":1339,\"height\":750},{\"@type\":\"BreadcrumbList\",\"@id\":\"https:\/\/nitu.mx\/index.php\/2021\/05\/19\/los-reyes-de-espana-inauguran-fitur-en-medio-de-las-restricciones-sanitarias\/#breadcrumb\",\"itemListElement\":[{\"@type\":\"ListItem\",\"position\":1,\"name\":\"Inicio\",\"item\":\"https:\/\/nitu.mx\/\"},{\"@type\":\"ListItem\",\"position\":2,\"name\":\"Los reyes de Espa\u00f1a inauguran FITUR en medio de las restricciones sanitarias\"}]},{\"@type\":\"WebSite\",\"@id\":\"https:\/\/nitu.mx\/#website\",\"url\":\"https:\/\/nitu.mx\/\",\"name\":\"Nitu - Noticias de la Industria Turistica\",\"description\":\"Noticias de la Industria Turistica\",\"publisher\":{\"@id\":\"https:\/\/nitu.mx\/#\/schema\/person\/ae7a53426417292d3dd07b45a33e01bc\"},\"alternateName\":\"Noticias de la Industria Turistica\",\"potentialAction\":[{\"@type\":\"SearchAction\",\"target\":{\"@type\":\"EntryPoint\",\"urlTemplate\":\"https:\/\/nitu.mx\/?s={search_term_string}\"},\"query-input\":\"required name=search_term_string\"}],\"inLanguage\":\"es-MX\"},{\"@type\":[\"Person\",\"Organization\"],\"@id\":\"https:\/\/nitu.mx\/#\/schema\/person\/ae7a53426417292d3dd07b45a33e01bc\",\"name\":\"Arturo Medina\",\"image\":{\"@type\":\"ImageObject\",\"inLanguage\":\"es-MX\",\"@id\":\"https:\/\/nitu.mx\/#\/schema\/person\/image\/\",\"url\":\"https:\/\/nitu.mx\/wp-content\/uploads\/2024\/04\/4A315622-1904-4D5C-B022-878CDC840E04-90x90-1.jpeg\",\"contentUrl\":\"https:\/\/nitu.mx\/wp-content\/uploads\/2024\/04\/4A315622-1904-4D5C-B022-878CDC840E04-90x90-1.jpeg\",\"width\":90,\"height\":90,\"caption\":\"Arturo Medina\"},\"logo\":{\"@id\":\"https:\/\/nitu.mx\/#\/schema\/person\/image\/\"},\"description\":\"Director NITU.mx, Egresado de la Escuela de Periodismo Carlos Septi\u00e9n Garc\u00eda. Periodista y analista especializado en turismo desde hace 35 a\u00f1os, radicado en Canc\u00fan Q.Roo. arturo@nitu.mx\",\"sameAs\":[\"https:\/\/nitu.mx\",\"https:\/\/www.facebook.com\/NITUmx\/\",\"medinacancun\",\"https:\/\/twitter.com\/@Arturo_Medina_G\"],\"url\":\"https:\/\/nitu.mx\/index.php\/author\/arturo-medina\/\"}]}<\/script>\n<!-- \/ Yoast SEO plugin. -->","yoast_head_json":{"title":"Los reyes de Espa\u00f1a inauguran FITUR en medio de las restricciones sanitarias - Nitu - Noticias de la Industria Turistica","robots":{"index":"index","follow":"follow","max-snippet":"max-snippet:-1","max-image-preview":"max-image-preview:large","max-video-preview":"max-video-preview:-1"},"canonical":"https:\/\/nitu.mx\/index.php\/2021\/05\/19\/los-reyes-de-espana-inauguran-fitur-en-medio-de-las-restricciones-sanitarias\/","twitter_card":"summary_large_image","twitter_title":"Los reyes de Espa\u00f1a inauguran FITUR en medio de las restricciones sanitarias - Nitu - Noticias de la Industria Turistica","twitter_description":"Los reyes Felipe VI y Letizia inauguraron la FITUR 2021, en medio de las restricciones sanitarias, que ha marcado la edici\u00f3n del evento, una de las primeras grandes ferias internacionales que se celebra de forma presencial desde el inicio de la pandemia. La inauguraci\u00f3n ha sido prueba de ello y el tradicional paseo del monarca [&hellip;]","twitter_image":"https:\/\/nitu.mx\/wp-content\/uploads\/2021\/05\/68C5BFD9-3C92-4860-A14B-8F0A1052E073.jpeg","twitter_creator":"@Arturo_Medina_G","twitter_site":"@Arturo_Medina_G","twitter_misc":{"Escrito por":"Arturo Medina","Tiempo de lectura":"1 minuto"},"schema":{"@context":"https:\/\/schema.org","@graph":[{"@type":"Article","@id":"https:\/\/nitu.mx\/index.php\/2021\/05\/19\/los-reyes-de-espana-inauguran-fitur-en-medio-de-las-restricciones-sanitarias\/#article","isPartOf":{"@id":"https:\/\/nitu.mx\/index.php\/2021\/05\/19\/los-reyes-de-espana-inauguran-fitur-en-medio-de-las-restricciones-sanitarias\/"},"author":{"name":"Arturo Medina","@id":"https:\/\/nitu.mx\/#\/schema\/person\/ae7a53426417292d3dd07b45a33e01bc"},"headline":"Los reyes de Espa\u00f1a inauguran FITUR en medio de las restricciones sanitarias","datePublished":"2021-05-19T14:27:36+00:00","dateModified":"2021-05-20T05:26:41+00:00","mainEntityOfPage":{"@id":"https:\/\/nitu.mx\/index.php\/2021\/05\/19\/los-reyes-de-espana-inauguran-fitur-en-medio-de-las-restricciones-sanitarias\/"},"wordCount":290,"commentCount":0,"publisher":{"@id":"https:\/\/nitu.mx\/#\/schema\/person\/ae7a53426417292d3dd07b45a33e01bc"},"image":{"@id":"https:\/\/nitu.mx\/index.php\/2021\/05\/19\/los-reyes-de-espana-inauguran-fitur-en-medio-de-las-restricciones-sanitarias\/#primaryimage"},"thumbnailUrl":"https:\/\/nitu.mx\/wp-content\/uploads\/2021\/05\/68C5BFD9-3C92-4860-A14B-8F0A1052E073.jpeg","keywords":["Felipe VI y la Reina Letizia","FITUR"],"articleSection":["Marketing"],"inLanguage":"es-MX","potentialAction":[{"@type":"CommentAction","name":"Comment","target":["https:\/\/nitu.mx\/index.php\/2021\/05\/19\/los-reyes-de-espana-inauguran-fitur-en-medio-de-las-restricciones-sanitarias\/#respond"]}]},{"@type":"WebPage","@id":"https:\/\/nitu.mx\/index.php\/2021\/05\/19\/los-reyes-de-espana-inauguran-fitur-en-medio-de-las-restricciones-sanitarias\/","url":"https:\/\/nitu.mx\/index.php\/2021\/05\/19\/los-reyes-de-espana-inauguran-fitur-en-medio-de-las-restricciones-sanitarias\/","name":"Los reyes de Espa\u00f1a inauguran FITUR en medio de las restricciones sanitarias - Nitu - Noticias de la Industria Turistica","isPartOf":{"@id":"https:\/\/nitu.mx\/#website"},"primaryImageOfPage":{"@id":"https:\/\/nitu.mx\/index.php\/2021\/05\/19\/los-reyes-de-espana-inauguran-fitur-en-medio-de-las-restricciones-sanitarias\/#primaryimage"},"image":{"@id":"https:\/\/nitu.mx\/index.php\/2021\/05\/19\/los-reyes-de-espana-inauguran-fitur-en-medio-de-las-restricciones-sanitarias\/#primaryimage"},"thumbnailUrl":"https:\/\/nitu.mx\/wp-content\/uploads\/2021\/05\/68C5BFD9-3C92-4860-A14B-8F0A1052E073.jpeg","datePublished":"2021-05-19T14:27:36+00:00","dateModified":"2021-05-20T05:26:41+00:00","breadcrumb":{"@id":"https:\/\/nitu.mx\/index.php\/2021\/05\/19\/los-reyes-de-espana-inauguran-fitur-en-medio-de-las-restricciones-sanitarias\/#breadcrumb"},"inLanguage":"es-MX","potentialAction":[{"@type":"ReadAction","target":["https:\/\/nitu.mx\/index.php\/2021\/05\/19\/los-reyes-de-espana-inauguran-fitur-en-medio-de-las-restricciones-sanitarias\/"]}]},{"@type":"ImageObject","inLanguage":"es-MX","@id":"https:\/\/nitu.mx\/index.php\/2021\/05\/19\/los-reyes-de-espana-inauguran-fitur-en-medio-de-las-restricciones-sanitarias\/#primaryimage","url":"https:\/\/nitu.mx\/wp-content\/uploads\/2021\/05\/68C5BFD9-3C92-4860-A14B-8F0A1052E073.jpeg","contentUrl":"https:\/\/nitu.mx\/wp-content\/uploads\/2021\/05\/68C5BFD9-3C92-4860-A14B-8F0A1052E073.jpeg","width":1339,"height":750},{"@type":"BreadcrumbList","@id":"https:\/\/nitu.mx\/index.php\/2021\/05\/19\/los-reyes-de-espana-inauguran-fitur-en-medio-de-las-restricciones-sanitarias\/#breadcrumb","itemListElement":[{"@type":"ListItem","position":1,"name":"Inicio","item":"https:\/\/nitu.mx\/"},{"@type":"ListItem","position":2,"name":"Los reyes de Espa\u00f1a inauguran FITUR en medio de las restricciones sanitarias"}]},{"@type":"WebSite","@id":"https:\/\/nitu.mx\/#website","url":"https:\/\/nitu.mx\/","name":"Nitu - Noticias de la Industria Turistica","description":"Noticias de la Industria Turistica","publisher":{"@id":"https:\/\/nitu.mx\/#\/schema\/person\/ae7a53426417292d3dd07b45a33e01bc"},"alternateName":"Noticias de la Industria Turistica","potentialAction":[{"@type":"SearchAction","target":{"@type":"EntryPoint","urlTemplate":"https:\/\/nitu.mx\/?s={search_term_string}"},"query-input":"required name=search_term_string"}],"inLanguage":"es-MX"},{"@type":["Person","Organization"],"@id":"https:\/\/nitu.mx\/#\/schema\/person\/ae7a53426417292d3dd07b45a33e01bc","name":"Arturo Medina","image":{"@type":"ImageObject","inLanguage":"es-MX","@id":"https:\/\/nitu.mx\/#\/schema\/person\/image\/","url":"https:\/\/nitu.mx\/wp-content\/uploads\/2024\/04\/4A315622-1904-4D5C-B022-878CDC840E04-90x90-1.jpeg","contentUrl":"https:\/\/nitu.mx\/wp-content\/uploads\/2024\/04\/4A315622-1904-4D5C-B022-878CDC840E04-90x90-1.jpeg","width":90,"height":90,"caption":"Arturo Medina"},"logo":{"@id":"https:\/\/nitu.mx\/#\/schema\/person\/image\/"},"description":"Director NITU.mx, Egresado de la Escuela de Periodismo Carlos Septi\u00e9n Garc\u00eda. Periodista y analista especializado en turismo desde hace 35 a\u00f1os, radicado en Canc\u00fan Q.Roo. arturo@nitu.mx","sameAs":["https:\/\/nitu.mx","https:\/\/www.facebook.com\/NITUmx\/","medinacancun","https:\/\/twitter.com\/@Arturo_Medina_G"],"url":"https:\/\/nitu.mx\/index.php\/author\/arturo-medina\/"}]}},"views":221,"_links":{"self":[{"href":"https:\/\/nitu.mx\/index.php\/wp-json\/wp\/v2\/posts\/52485"}],"collection":[{"href":"https:\/\/nitu.mx\/index.php\/wp-json\/wp\/v2\/posts"}],"about":[{"href":"https:\/\/nitu.mx\/index.php\/wp-json\/wp\/v2\/types\/post"}],"author":[{"embeddable":true,"href":"https:\/\/nitu.mx\/index.php\/wp-json\/wp\/v2\/users\/2"}],"replies":[{"embeddable":true,"href":"https:\/\/nitu.mx\/index.php\/wp-json\/wp\/v2\/comments?post=52485"}],"version-history":[{"count":3,"href":"https:\/\/nitu.mx\/index.php\/wp-json\/wp\/v2\/posts\/52485\/revisions"}],"predecessor-version":[{"id":52545,"href":"https:\/\/nitu.mx\/index.php\/wp-json\/wp\/v2\/posts\/52485\/revisions\/52545"}],"wp:featuredmedia":[{"embeddable":true,"href":"https:\/\/nitu.mx\/index.php\/wp-json\/wp\/v2\/media\/52487"}],"wp:attachment":[{"href":"https:\/\/nitu.mx\/index.php\/wp-json\/wp\/v2\/media?parent=52485"}],"wp:term":[{"taxonomy":"category","embeddable":true,"href":"https:\/\/nitu.mx\/index.php\/wp-json\/wp\/v2\/categories?post=52485"},{"taxonomy":"post_tag","embeddable":true,"href":"https:\/\/nitu.mx\/index.php\/wp-json\/wp\/v2\/tags?post=52485"}],"curies":[{"name":"wp","href":"https:\/\/api.w.org\/{rel}","templated":true}]}}