{"id":52466,"date":"2021-05-18T23:57:37","date_gmt":"2021-05-19T04:57:37","guid":{"rendered":"https:\/\/www.dev.nitu.mx\/?p=52466"},"modified":"2021-05-19T00:09:10","modified_gmt":"2021-05-19T05:09:10","slug":"valentin-hotel-group-abrira-todos-sus-hoteles-este-verano","status":"publish","type":"post","link":"https:\/\/nitu.mx\/index.php\/2021\/05\/18\/valentin-hotel-group-abrira-todos-sus-hoteles-este-verano\/","title":{"rendered":"Valentin Hotel Group abrir\u00e1 todos sus hoteles este verano"},"content":{"rendered":"<p>Despu\u00e9s del cierre invernal, y ante la evoluci\u00f3n positiva de la pandemia, la cadena mallorquina Valentin Hotel Group ha anunciado que este verano abrir\u00e1 todos sus hoteles de Espa\u00f1a, M\u00e9xico y Cuba.<\/p>\n<p>Adem\u00e1s del Valentin Imperial Riviera Maya (M\u00e9xico), que se ha mantenido operativo desde julio de 2020, ma\u00f1ana s\u00e1bado, 15 de mayo, tendr\u00e1 lugar la reapertura del hotel Valentin Playa de Muro (Mallorca).\u00a0 A partir de ah\u00ed, y si no hay imprevistos que generen nuevos cierres perimetrales, el grupo volver\u00e1 a abrir el resto de sus establecimientos:<\/p>\n<p>Seg\u00fan Rafael del Castillo, Chief Marketing and Development Officer de Valentin Hotel Group, \u201cconsideramos que la evoluci\u00f3n positiva de la pandemia, y la previsi\u00f3n de reservas que parecen confirmarse en todos los mercados en los que estamos presentes, auguran un verano mejor que el de 2020, aunque no lleguemos a las cifras de 2019. A\u00fan existe cierta incertidumbre respecto a c\u00f3mo se comportar\u00e1n algunos segmentos como el de los brit\u00e1nicos, pero otros como el alem\u00e1n y el norteamericano, que para nosotros son clave en Baleares y M\u00e9xico, respectivamente, ya han dado muestras de una clara recuperaci\u00f3n. Adem\u00e1s, para establecimientos como el que tenemos en C\u00e1diz, el cliente espa\u00f1ol volver\u00e1 a ser el n\u00famero 1\u201d.<\/p>\n<p><strong>Estreno de nueva imagen corporativa en FITUR<\/strong><\/p>\n<p>La reapertura de los establecimientos de Valentin Hotel Group coincide con la presentaci\u00f3n que la cadena har\u00e1 de su nueva imagen corporativa en la pr\u00f3xima Feria Internacional de Turismo FITUR, que se celebrar\u00e1 del 19 al 23 de mayo en Madrid, y donde el grupo estar\u00e1 presente f\u00edsicamente con un stand propio.<\/p>\n<p>Seg\u00fan Rafael del Castillo, \u201chemos aprovechado estos meses de cierre para adaptar nuestra imagen a los nuevos tiempos post pand\u00e9micos, en los que el viajar volver\u00e1 a ser una acci\u00f3n mucho m\u00e1s valorada, dotada de dos aspectos clave: aventura y romanticismo. Caracter\u00edsticas que, en cierta manera, nos retrotraen al Siglo pasado, a los a\u00f1os 20, cuando el turismo empez\u00f3 a eclosionar, y que hemos traducido en la adopci\u00f3n de un estilo Art Dec\u00f3; con unas tipograf\u00edas mucho m\u00e1s elegantes; unos colores pastel que invitan a generar un sentimiento de misterio y emoci\u00f3n; y unas im\u00e1genes que conectan al espectador con un elemento que ha llegado para quedarse: la sostenibilidad y el respeto al maravilloso entorno natural que, en nuestro caso, rodea a todos nuestros establecimientos de Espa\u00f1a, M\u00e9xico y Cuba\u201d.<\/p>\n<p>Valentin Hotel Group es una cadena hotelera fundada en Mallorca en 1967 por Do\u00f1a Francisca Bonet Su\u00f1er y Don Miguel Codol\u00e1 Camps, con la colaboraci\u00f3n del patriarca Don Gregorio Bonet. Desde la apertura de su primer establecimiento, la Pensi\u00f3n Paguera, el grupo se ha expandido hasta elevar su portfolio a un total de 11 hoteles ubicados en Mallorca, Menorca, C\u00e1diz, M\u00e9xico y Cuba. (Fuente. Peri\u00f3dico Digital Centroamericano y del Caribe).<\/p>\n","protected":false},"excerpt":{"rendered":"<p>Despu\u00e9s del cierre invernal, y ante la evoluci\u00f3n positiva de la pandemia, la cadena mallorquina Valentin Hotel Group ha anunciado que este verano abrir\u00e1 todos sus hoteles de Espa\u00f1a, M\u00e9xico y Cuba. Adem\u00e1s del Valentin Imperial Riviera Maya (M\u00e9xico), que se ha mantenido operativo desde julio de 2020, ma\u00f1ana s\u00e1bado, 15 de mayo, tendr\u00e1 lugar [&hellip;]<\/p>\n","protected":false},"author":17,"featured_media":52480,"comment_status":"open","ping_status":"open","sticky":false,"template":"","format":"standard","meta":{"footnotes":""},"categories":[9,2],"tags":[99,1213,2703,3591,22163],"yoast_head":"<!-- This site is optimized with the Yoast SEO plugin v22.2 - https:\/\/yoast.com\/wordpress\/plugins\/seo\/ -->\n<title>Valentin Hotel Group abrir\u00e1 todos sus hoteles este verano - Nitu - Noticias de la Industria Turistica<\/title>\n<meta name=\"robots\" content=\"index, follow, max-snippet:-1, max-image-preview:large, max-video-preview:-1\" \/>\n<link rel=\"canonical\" href=\"https:\/\/nitu.mx\/index.php\/2021\/05\/18\/valentin-hotel-group-abrira-todos-sus-hoteles-este-verano\/\" \/>\n<meta name=\"twitter:card\" content=\"summary_large_image\" \/>\n<meta name=\"twitter:title\" content=\"Valentin Hotel Group abrir\u00e1 todos sus hoteles este verano - Nitu - Noticias de la Industria Turistica\" \/>\n<meta name=\"twitter:description\" content=\"Despu\u00e9s del cierre invernal, y ante la evoluci\u00f3n positiva de la pandemia, la cadena mallorquina Valentin Hotel Group ha anunciado que este verano abrir\u00e1 todos sus hoteles de Espa\u00f1a, M\u00e9xico y Cuba. Adem\u00e1s del Valentin Imperial Riviera Maya (M\u00e9xico), que se ha mantenido operativo desde julio de 2020, ma\u00f1ana s\u00e1bado, 15 de mayo, tendr\u00e1 lugar [&hellip;]\" \/>\n<meta name=\"twitter:image\" content=\"https:\/\/nitu.mx\/wp-content\/uploads\/2021\/05\/Valentin-Hotel-Group.jpg\" \/>\n<meta name=\"twitter:creator\" content=\"@NITUmx\" \/>\n<meta name=\"twitter:site\" content=\"@Arturo_Medina_G\" \/>\n<meta name=\"twitter:label1\" content=\"Escrito por\" \/>\n\t<meta name=\"twitter:data1\" content=\"Redacci\u00f3n\" \/>\n\t<meta name=\"twitter:label2\" content=\"Tiempo de lectura\" \/>\n\t<meta name=\"twitter:data2\" content=\"2 minutos\" \/>\n<script type=\"application\/ld+json\" class=\"yoast-schema-graph\">{\"@context\":\"https:\/\/schema.org\",\"@graph\":[{\"@type\":\"Article\",\"@id\":\"https:\/\/nitu.mx\/index.php\/2021\/05\/18\/valentin-hotel-group-abrira-todos-sus-hoteles-este-verano\/#article\",\"isPartOf\":{\"@id\":\"https:\/\/nitu.mx\/index.php\/2021\/05\/18\/valentin-hotel-group-abrira-todos-sus-hoteles-este-verano\/\"},\"author\":{\"name\":\"Redacci\u00f3n\",\"@id\":\"https:\/\/nitu.mx\/#\/schema\/person\/4a28fe9bd65924f7c90623773daf1b0b\"},\"headline\":\"Valentin Hotel Group abrir\u00e1 todos sus hoteles este verano\",\"datePublished\":\"2021-05-19T04:57:37+00:00\",\"dateModified\":\"2021-05-19T05:09:10+00:00\",\"mainEntityOfPage\":{\"@id\":\"https:\/\/nitu.mx\/index.php\/2021\/05\/18\/valentin-hotel-group-abrira-todos-sus-hoteles-este-verano\/\"},\"wordCount\":505,\"commentCount\":0,\"publisher\":{\"@id\":\"https:\/\/nitu.mx\/#\/schema\/person\/ae7a53426417292d3dd07b45a33e01bc\"},\"image\":{\"@id\":\"https:\/\/nitu.mx\/index.php\/2021\/05\/18\/valentin-hotel-group-abrira-todos-sus-hoteles-este-verano\/#primaryimage\"},\"thumbnailUrl\":\"https:\/\/nitu.mx\/wp-content\/uploads\/2021\/05\/Valentin-Hotel-Group.jpg\",\"keywords\":[\"Cuba\",\"Espa\u00f1a\",\"FITUR\",\"Hoteles\",\"Valentin Hotel Group\"],\"articleSection\":[\"Europa\",\"Hoteles\"],\"inLanguage\":\"es-MX\",\"potentialAction\":[{\"@type\":\"CommentAction\",\"name\":\"Comment\",\"target\":[\"https:\/\/nitu.mx\/index.php\/2021\/05\/18\/valentin-hotel-group-abrira-todos-sus-hoteles-este-verano\/#respond\"]}]},{\"@type\":\"WebPage\",\"@id\":\"https:\/\/nitu.mx\/index.php\/2021\/05\/18\/valentin-hotel-group-abrira-todos-sus-hoteles-este-verano\/\",\"url\":\"https:\/\/nitu.mx\/index.php\/2021\/05\/18\/valentin-hotel-group-abrira-todos-sus-hoteles-este-verano\/\",\"name\":\"Valentin Hotel Group abrir\u00e1 todos sus hoteles este verano - Nitu - Noticias de la Industria Turistica\",\"isPartOf\":{\"@id\":\"https:\/\/nitu.mx\/#website\"},\"primaryImageOfPage\":{\"@id\":\"https:\/\/nitu.mx\/index.php\/2021\/05\/18\/valentin-hotel-group-abrira-todos-sus-hoteles-este-verano\/#primaryimage\"},\"image\":{\"@id\":\"https:\/\/nitu.mx\/index.php\/2021\/05\/18\/valentin-hotel-group-abrira-todos-sus-hoteles-este-verano\/#primaryimage\"},\"thumbnailUrl\":\"https:\/\/nitu.mx\/wp-content\/uploads\/2021\/05\/Valentin-Hotel-Group.jpg\",\"datePublished\":\"2021-05-19T04:57:37+00:00\",\"dateModified\":\"2021-05-19T05:09:10+00:00\",\"breadcrumb\":{\"@id\":\"https:\/\/nitu.mx\/index.php\/2021\/05\/18\/valentin-hotel-group-abrira-todos-sus-hoteles-este-verano\/#breadcrumb\"},\"inLanguage\":\"es-MX\",\"potentialAction\":[{\"@type\":\"ReadAction\",\"target\":[\"https:\/\/nitu.mx\/index.php\/2021\/05\/18\/valentin-hotel-group-abrira-todos-sus-hoteles-este-verano\/\"]}]},{\"@type\":\"ImageObject\",\"inLanguage\":\"es-MX\",\"@id\":\"https:\/\/nitu.mx\/index.php\/2021\/05\/18\/valentin-hotel-group-abrira-todos-sus-hoteles-este-verano\/#primaryimage\",\"url\":\"https:\/\/nitu.mx\/wp-content\/uploads\/2021\/05\/Valentin-Hotel-Group.jpg\",\"contentUrl\":\"https:\/\/nitu.mx\/wp-content\/uploads\/2021\/05\/Valentin-Hotel-Group.jpg\",\"width\":1200,\"height\":675},{\"@type\":\"BreadcrumbList\",\"@id\":\"https:\/\/nitu.mx\/index.php\/2021\/05\/18\/valentin-hotel-group-abrira-todos-sus-hoteles-este-verano\/#breadcrumb\",\"itemListElement\":[{\"@type\":\"ListItem\",\"position\":1,\"name\":\"Inicio\",\"item\":\"https:\/\/nitu.mx\/\"},{\"@type\":\"ListItem\",\"position\":2,\"name\":\"Valentin Hotel Group abrir\u00e1 todos sus hoteles este verano\"}]},{\"@type\":\"WebSite\",\"@id\":\"https:\/\/nitu.mx\/#website\",\"url\":\"https:\/\/nitu.mx\/\",\"name\":\"Nitu - Noticias de la Industria Turistica\",\"description\":\"Noticias de la Industria Turistica\",\"publisher\":{\"@id\":\"https:\/\/nitu.mx\/#\/schema\/person\/ae7a53426417292d3dd07b45a33e01bc\"},\"alternateName\":\"Noticias de la Industria Turistica\",\"potentialAction\":[{\"@type\":\"SearchAction\",\"target\":{\"@type\":\"EntryPoint\",\"urlTemplate\":\"https:\/\/nitu.mx\/?s={search_term_string}\"},\"query-input\":\"required name=search_term_string\"}],\"inLanguage\":\"es-MX\"},{\"@type\":[\"Person\",\"Organization\"],\"@id\":\"https:\/\/nitu.mx\/#\/schema\/person\/ae7a53426417292d3dd07b45a33e01bc\",\"name\":\"Arturo Medina\",\"image\":{\"@type\":\"ImageObject\",\"inLanguage\":\"es-MX\",\"@id\":\"https:\/\/nitu.mx\/#\/schema\/person\/image\/\",\"url\":\"https:\/\/nitu.mx\/wp-content\/uploads\/2024\/04\/4A315622-1904-4D5C-B022-878CDC840E04-90x90-1.jpeg\",\"contentUrl\":\"https:\/\/nitu.mx\/wp-content\/uploads\/2024\/04\/4A315622-1904-4D5C-B022-878CDC840E04-90x90-1.jpeg\",\"width\":90,\"height\":90,\"caption\":\"Arturo Medina\"},\"logo\":{\"@id\":\"https:\/\/nitu.mx\/#\/schema\/person\/image\/\"},\"description\":\"Director NITU.mx, Egresado de la Escuela de Periodismo Carlos Septi\u00e9n Garc\u00eda. Periodista y analista especializado en turismo desde hace 35 a\u00f1os, radicado en Canc\u00fan Q.Roo. arturo@nitu.mx\",\"sameAs\":[\"https:\/\/nitu.mx\",\"https:\/\/www.facebook.com\/NITUmx\/\",\"medinacancun\",\"https:\/\/twitter.com\/@Arturo_Medina_G\"]},{\"@type\":\"Person\",\"@id\":\"https:\/\/nitu.mx\/#\/schema\/person\/4a28fe9bd65924f7c90623773daf1b0b\",\"name\":\"Redacci\u00f3n\",\"image\":{\"@type\":\"ImageObject\",\"inLanguage\":\"es-MX\",\"@id\":\"https:\/\/nitu.mx\/#\/schema\/person\/image\/\",\"url\":\"https:\/\/secure.gravatar.com\/avatar\/5dd011c8ccfc5cd7e4c81e42252aab38?s=96&d=mm&r=g\",\"contentUrl\":\"https:\/\/secure.gravatar.com\/avatar\/5dd011c8ccfc5cd7e4c81e42252aab38?s=96&d=mm&r=g\",\"caption\":\"Redacci\u00f3n\"},\"url\":\"https:\/\/nitu.mx\/index.php\/author\/redaccion\/\"}]}<\/script>\n<!-- \/ Yoast SEO plugin. -->","yoast_head_json":{"title":"Valentin Hotel Group abrir\u00e1 todos sus hoteles este verano - Nitu - Noticias de la Industria Turistica","robots":{"index":"index","follow":"follow","max-snippet":"max-snippet:-1","max-image-preview":"max-image-preview:large","max-video-preview":"max-video-preview:-1"},"canonical":"https:\/\/nitu.mx\/index.php\/2021\/05\/18\/valentin-hotel-group-abrira-todos-sus-hoteles-este-verano\/","twitter_card":"summary_large_image","twitter_title":"Valentin Hotel Group abrir\u00e1 todos sus hoteles este verano - Nitu - Noticias de la Industria Turistica","twitter_description":"Despu\u00e9s del cierre invernal, y ante la evoluci\u00f3n positiva de la pandemia, la cadena mallorquina Valentin Hotel Group ha anunciado que este verano abrir\u00e1 todos sus hoteles de Espa\u00f1a, M\u00e9xico y Cuba. Adem\u00e1s del Valentin Imperial Riviera Maya (M\u00e9xico), que se ha mantenido operativo desde julio de 2020, ma\u00f1ana s\u00e1bado, 15 de mayo, tendr\u00e1 lugar [&hellip;]","twitter_image":"https:\/\/nitu.mx\/wp-content\/uploads\/2021\/05\/Valentin-Hotel-Group.jpg","twitter_creator":"@NITUmx","twitter_site":"@Arturo_Medina_G","twitter_misc":{"Escrito por":"Redacci\u00f3n","Tiempo de lectura":"2 minutos"},"schema":{"@context":"https:\/\/schema.org","@graph":[{"@type":"Article","@id":"https:\/\/nitu.mx\/index.php\/2021\/05\/18\/valentin-hotel-group-abrira-todos-sus-hoteles-este-verano\/#article","isPartOf":{"@id":"https:\/\/nitu.mx\/index.php\/2021\/05\/18\/valentin-hotel-group-abrira-todos-sus-hoteles-este-verano\/"},"author":{"name":"Redacci\u00f3n","@id":"https:\/\/nitu.mx\/#\/schema\/person\/4a28fe9bd65924f7c90623773daf1b0b"},"headline":"Valentin Hotel Group abrir\u00e1 todos sus hoteles este verano","datePublished":"2021-05-19T04:57:37+00:00","dateModified":"2021-05-19T05:09:10+00:00","mainEntityOfPage":{"@id":"https:\/\/nitu.mx\/index.php\/2021\/05\/18\/valentin-hotel-group-abrira-todos-sus-hoteles-este-verano\/"},"wordCount":505,"commentCount":0,"publisher":{"@id":"https:\/\/nitu.mx\/#\/schema\/person\/ae7a53426417292d3dd07b45a33e01bc"},"image":{"@id":"https:\/\/nitu.mx\/index.php\/2021\/05\/18\/valentin-hotel-group-abrira-todos-sus-hoteles-este-verano\/#primaryimage"},"thumbnailUrl":"https:\/\/nitu.mx\/wp-content\/uploads\/2021\/05\/Valentin-Hotel-Group.jpg","keywords":["Cuba","Espa\u00f1a","FITUR","Hoteles","Valentin Hotel Group"],"articleSection":["Europa","Hoteles"],"inLanguage":"es-MX","potentialAction":[{"@type":"CommentAction","name":"Comment","target":["https:\/\/nitu.mx\/index.php\/2021\/05\/18\/valentin-hotel-group-abrira-todos-sus-hoteles-este-verano\/#respond"]}]},{"@type":"WebPage","@id":"https:\/\/nitu.mx\/index.php\/2021\/05\/18\/valentin-hotel-group-abrira-todos-sus-hoteles-este-verano\/","url":"https:\/\/nitu.mx\/index.php\/2021\/05\/18\/valentin-hotel-group-abrira-todos-sus-hoteles-este-verano\/","name":"Valentin Hotel Group abrir\u00e1 todos sus hoteles este verano - Nitu - Noticias de la Industria Turistica","isPartOf":{"@id":"https:\/\/nitu.mx\/#website"},"primaryImageOfPage":{"@id":"https:\/\/nitu.mx\/index.php\/2021\/05\/18\/valentin-hotel-group-abrira-todos-sus-hoteles-este-verano\/#primaryimage"},"image":{"@id":"https:\/\/nitu.mx\/index.php\/2021\/05\/18\/valentin-hotel-group-abrira-todos-sus-hoteles-este-verano\/#primaryimage"},"thumbnailUrl":"https:\/\/nitu.mx\/wp-content\/uploads\/2021\/05\/Valentin-Hotel-Group.jpg","datePublished":"2021-05-19T04:57:37+00:00","dateModified":"2021-05-19T05:09:10+00:00","breadcrumb":{"@id":"https:\/\/nitu.mx\/index.php\/2021\/05\/18\/valentin-hotel-group-abrira-todos-sus-hoteles-este-verano\/#breadcrumb"},"inLanguage":"es-MX","potentialAction":[{"@type":"ReadAction","target":["https:\/\/nitu.mx\/index.php\/2021\/05\/18\/valentin-hotel-group-abrira-todos-sus-hoteles-este-verano\/"]}]},{"@type":"ImageObject","inLanguage":"es-MX","@id":"https:\/\/nitu.mx\/index.php\/2021\/05\/18\/valentin-hotel-group-abrira-todos-sus-hoteles-este-verano\/#primaryimage","url":"https:\/\/nitu.mx\/wp-content\/uploads\/2021\/05\/Valentin-Hotel-Group.jpg","contentUrl":"https:\/\/nitu.mx\/wp-content\/uploads\/2021\/05\/Valentin-Hotel-Group.jpg","width":1200,"height":675},{"@type":"BreadcrumbList","@id":"https:\/\/nitu.mx\/index.php\/2021\/05\/18\/valentin-hotel-group-abrira-todos-sus-hoteles-este-verano\/#breadcrumb","itemListElement":[{"@type":"ListItem","position":1,"name":"Inicio","item":"https:\/\/nitu.mx\/"},{"@type":"ListItem","position":2,"name":"Valentin Hotel Group abrir\u00e1 todos sus hoteles este verano"}]},{"@type":"WebSite","@id":"https:\/\/nitu.mx\/#website","url":"https:\/\/nitu.mx\/","name":"Nitu - Noticias de la Industria Turistica","description":"Noticias de la Industria Turistica","publisher":{"@id":"https:\/\/nitu.mx\/#\/schema\/person\/ae7a53426417292d3dd07b45a33e01bc"},"alternateName":"Noticias de la Industria Turistica","potentialAction":[{"@type":"SearchAction","target":{"@type":"EntryPoint","urlTemplate":"https:\/\/nitu.mx\/?s={search_term_string}"},"query-input":"required name=search_term_string"}],"inLanguage":"es-MX"},{"@type":["Person","Organization"],"@id":"https:\/\/nitu.mx\/#\/schema\/person\/ae7a53426417292d3dd07b45a33e01bc","name":"Arturo Medina","image":{"@type":"ImageObject","inLanguage":"es-MX","@id":"https:\/\/nitu.mx\/#\/schema\/person\/image\/","url":"https:\/\/nitu.mx\/wp-content\/uploads\/2024\/04\/4A315622-1904-4D5C-B022-878CDC840E04-90x90-1.jpeg","contentUrl":"https:\/\/nitu.mx\/wp-content\/uploads\/2024\/04\/4A315622-1904-4D5C-B022-878CDC840E04-90x90-1.jpeg","width":90,"height":90,"caption":"Arturo Medina"},"logo":{"@id":"https:\/\/nitu.mx\/#\/schema\/person\/image\/"},"description":"Director NITU.mx, Egresado de la Escuela de Periodismo Carlos Septi\u00e9n Garc\u00eda. Periodista y analista especializado en turismo desde hace 35 a\u00f1os, radicado en Canc\u00fan Q.Roo. arturo@nitu.mx","sameAs":["https:\/\/nitu.mx","https:\/\/www.facebook.com\/NITUmx\/","medinacancun","https:\/\/twitter.com\/@Arturo_Medina_G"]},{"@type":"Person","@id":"https:\/\/nitu.mx\/#\/schema\/person\/4a28fe9bd65924f7c90623773daf1b0b","name":"Redacci\u00f3n","image":{"@type":"ImageObject","inLanguage":"es-MX","@id":"https:\/\/nitu.mx\/#\/schema\/person\/image\/","url":"https:\/\/secure.gravatar.com\/avatar\/5dd011c8ccfc5cd7e4c81e42252aab38?s=96&d=mm&r=g","contentUrl":"https:\/\/secure.gravatar.com\/avatar\/5dd011c8ccfc5cd7e4c81e42252aab38?s=96&d=mm&r=g","caption":"Redacci\u00f3n"},"url":"https:\/\/nitu.mx\/index.php\/author\/redaccion\/"}]}},"views":345,"_links":{"self":[{"href":"https:\/\/nitu.mx\/index.php\/wp-json\/wp\/v2\/posts\/52466"}],"collection":[{"href":"https:\/\/nitu.mx\/index.php\/wp-json\/wp\/v2\/posts"}],"about":[{"href":"https:\/\/nitu.mx\/index.php\/wp-json\/wp\/v2\/types\/post"}],"author":[{"embeddable":true,"href":"https:\/\/nitu.mx\/index.php\/wp-json\/wp\/v2\/users\/17"}],"replies":[{"embeddable":true,"href":"https:\/\/nitu.mx\/index.php\/wp-json\/wp\/v2\/comments?post=52466"}],"version-history":[{"count":3,"href":"https:\/\/nitu.mx\/index.php\/wp-json\/wp\/v2\/posts\/52466\/revisions"}],"predecessor-version":[{"id":52481,"href":"https:\/\/nitu.mx\/index.php\/wp-json\/wp\/v2\/posts\/52466\/revisions\/52481"}],"wp:featuredmedia":[{"embeddable":true,"href":"https:\/\/nitu.mx\/index.php\/wp-json\/wp\/v2\/media\/52480"}],"wp:attachment":[{"href":"https:\/\/nitu.mx\/index.php\/wp-json\/wp\/v2\/media?parent=52466"}],"wp:term":[{"taxonomy":"category","embeddable":true,"href":"https:\/\/nitu.mx\/index.php\/wp-json\/wp\/v2\/categories?post=52466"},{"taxonomy":"post_tag","embeddable":true,"href":"https:\/\/nitu.mx\/index.php\/wp-json\/wp\/v2\/tags?post=52466"}],"curies":[{"name":"wp","href":"https:\/\/api.w.org\/{rel}","templated":true}]}}