{"id":52258,"date":"2021-05-10T00:20:41","date_gmt":"2021-05-10T05:20:41","guid":{"rendered":"https:\/\/www.dev.nitu.mx\/?p=52258"},"modified":"2021-05-10T00:24:10","modified_gmt":"2021-05-10T05:24:10","slug":"viva-aerobus-aumenta-11-en-pasajeros-en-primer-trimestre-vs-2019","status":"publish","type":"post","link":"https:\/\/nitu.mx\/index.php\/2021\/05\/10\/viva-aerobus-aumenta-11-en-pasajeros-en-primer-trimestre-vs-2019\/","title":{"rendered":"Viva Aerobus aumenta 11% en pasajeros en primer trimestre vs 2019"},"content":{"rendered":"<p style=\"font-weight: 400;\">Viva Aerobus, la aerol\u00ednea de ultra bajo costo de M\u00e9xico, registr\u00f3 1.15 millones de pasajeros en abril. Lo anterior representa un crecimiento del 21.5% en comparaci\u00f3n con abril 2019, superando as\u00ed los niveles de demanda pre-pandemia. Por su parte, el factor de ocupaci\u00f3n fue de 82.3%, muestra de una gradual recuperaci\u00f3n.<\/p>\n<p style=\"font-weight: 400;\">\u201cM\u00e1s de un mill\u00f3n de pasajeros confiaron en nosotros, muestra de la s\u00f3lida recuperaci\u00f3n de la demanda. Seguiremos trabajando por ofrecer un servicio que mire por el bienestar de todos, con las mejores tarifas, el mejor servicio al cliente, los aviones m\u00e1s modernos y con todos los protocolos COVID-19 para cuidar de la salud de nuestra GenteViva y de nuestros pasajeros\u201d, mencion\u00f3 Juan Carlos Zuazua, director General de Viva Aerobus.<\/p>\n<p style=\"font-weight: 400;\">El acumulado de pasajeros de enero a abril de 2021 suma m\u00e1s de 3.7 millones de pasajeros, superando as\u00ed los niveles de 2019 en un 11.2%. (<a title=\"Se convierte Viva Aerobus en la l\u00ednea con mas rutas desde y hacia Canc\u00fan\" href=\"https:\/\/www.dev.nitu.mx\/index.php\/2021\/03\/28\/se-convierte-viva-aerobus-en-la-linea-con-mas-rutas-desde-y-hacia-cancun\/\" rel=\"bookmark\">Se convierte Viva Aerobus en la l\u00ednea con mas rutas desde y hacia Canc\u00fan<\/a>).<\/p>\n","protected":false},"excerpt":{"rendered":"<p>Viva Aerobus, la aerol\u00ednea de ultra bajo costo de M\u00e9xico, registr\u00f3 1.15 millones de pasajeros en abril. Lo anterior representa un crecimiento del 21.5% en comparaci\u00f3n con abril 2019, superando as\u00ed los niveles de demanda pre-pandemia. Por su parte, el factor de ocupaci\u00f3n fue de 82.3%, muestra de una gradual recuperaci\u00f3n. \u201cM\u00e1s de un mill\u00f3n [&hellip;]<\/p>\n","protected":false},"author":17,"featured_media":52260,"comment_status":"open","ping_status":"open","sticky":false,"template":"","format":"standard","meta":{"footnotes":""},"categories":[29],"tags":[295,2102],"yoast_head":"<!-- This site is optimized with the Yoast SEO plugin v22.2 - https:\/\/yoast.com\/wordpress\/plugins\/seo\/ -->\n<title>Viva Aerobus aumenta 11% en pasajeros en primer trimestre vs 2019 - Nitu - Noticias de la Industria Turistica<\/title>\n<meta name=\"robots\" content=\"index, follow, max-snippet:-1, max-image-preview:large, max-video-preview:-1\" \/>\n<link rel=\"canonical\" href=\"https:\/\/nitu.mx\/index.php\/2021\/05\/10\/viva-aerobus-aumenta-11-en-pasajeros-en-primer-trimestre-vs-2019\/\" \/>\n<meta name=\"twitter:card\" content=\"summary_large_image\" \/>\n<meta name=\"twitter:title\" content=\"Viva Aerobus aumenta 11% en pasajeros en primer trimestre vs 2019 - Nitu - Noticias de la Industria Turistica\" \/>\n<meta name=\"twitter:description\" content=\"Viva Aerobus, la aerol\u00ednea de ultra bajo costo de M\u00e9xico, registr\u00f3 1.15 millones de pasajeros en abril. Lo anterior representa un crecimiento del 21.5% en comparaci\u00f3n con abril 2019, superando as\u00ed los niveles de demanda pre-pandemia. Por su parte, el factor de ocupaci\u00f3n fue de 82.3%, muestra de una gradual recuperaci\u00f3n. \u201cM\u00e1s de un mill\u00f3n [&hellip;]\" \/>\n<meta name=\"twitter:image\" content=\"https:\/\/nitu.mx\/wp-content\/uploads\/2021\/05\/Viva-Aerobus-pasajeros.jpg\" \/>\n<meta name=\"twitter:creator\" content=\"@NITUmx\" \/>\n<meta name=\"twitter:site\" content=\"@Arturo_Medina_G\" \/>\n<meta name=\"twitter:label1\" content=\"Escrito por\" \/>\n\t<meta name=\"twitter:data1\" content=\"Redacci\u00f3n\" \/>\n\t<meta name=\"twitter:label2\" content=\"Tiempo de lectura\" \/>\n\t<meta name=\"twitter:data2\" content=\"1 minuto\" \/>\n<script type=\"application\/ld+json\" class=\"yoast-schema-graph\">{\"@context\":\"https:\/\/schema.org\",\"@graph\":[{\"@type\":\"Article\",\"@id\":\"https:\/\/nitu.mx\/index.php\/2021\/05\/10\/viva-aerobus-aumenta-11-en-pasajeros-en-primer-trimestre-vs-2019\/#article\",\"isPartOf\":{\"@id\":\"https:\/\/nitu.mx\/index.php\/2021\/05\/10\/viva-aerobus-aumenta-11-en-pasajeros-en-primer-trimestre-vs-2019\/\"},\"author\":{\"name\":\"Redacci\u00f3n\",\"@id\":\"https:\/\/nitu.mx\/#\/schema\/person\/4a28fe9bd65924f7c90623773daf1b0b\"},\"headline\":\"Viva Aerobus aumenta 11% en pasajeros en primer trimestre vs 2019\",\"datePublished\":\"2021-05-10T05:20:41+00:00\",\"dateModified\":\"2021-05-10T05:24:10+00:00\",\"mainEntityOfPage\":{\"@id\":\"https:\/\/nitu.mx\/index.php\/2021\/05\/10\/viva-aerobus-aumenta-11-en-pasajeros-en-primer-trimestre-vs-2019\/\"},\"wordCount\":175,\"commentCount\":0,\"publisher\":{\"@id\":\"https:\/\/nitu.mx\/#\/schema\/person\/ae7a53426417292d3dd07b45a33e01bc\"},\"image\":{\"@id\":\"https:\/\/nitu.mx\/index.php\/2021\/05\/10\/viva-aerobus-aumenta-11-en-pasajeros-en-primer-trimestre-vs-2019\/#primaryimage\"},\"thumbnailUrl\":\"https:\/\/nitu.mx\/wp-content\/uploads\/2021\/05\/Viva-Aerobus-pasajeros.jpg\",\"keywords\":[\"Juan Carlos Zuazua\",\"Viva Aerobus\"],\"articleSection\":[\"Aerol\u00edneas\"],\"inLanguage\":\"es-MX\",\"potentialAction\":[{\"@type\":\"CommentAction\",\"name\":\"Comment\",\"target\":[\"https:\/\/nitu.mx\/index.php\/2021\/05\/10\/viva-aerobus-aumenta-11-en-pasajeros-en-primer-trimestre-vs-2019\/#respond\"]}]},{\"@type\":\"WebPage\",\"@id\":\"https:\/\/nitu.mx\/index.php\/2021\/05\/10\/viva-aerobus-aumenta-11-en-pasajeros-en-primer-trimestre-vs-2019\/\",\"url\":\"https:\/\/nitu.mx\/index.php\/2021\/05\/10\/viva-aerobus-aumenta-11-en-pasajeros-en-primer-trimestre-vs-2019\/\",\"name\":\"Viva Aerobus aumenta 11% en pasajeros en primer trimestre vs 2019 - Nitu - Noticias de la Industria Turistica\",\"isPartOf\":{\"@id\":\"https:\/\/nitu.mx\/#website\"},\"primaryImageOfPage\":{\"@id\":\"https:\/\/nitu.mx\/index.php\/2021\/05\/10\/viva-aerobus-aumenta-11-en-pasajeros-en-primer-trimestre-vs-2019\/#primaryimage\"},\"image\":{\"@id\":\"https:\/\/nitu.mx\/index.php\/2021\/05\/10\/viva-aerobus-aumenta-11-en-pasajeros-en-primer-trimestre-vs-2019\/#primaryimage\"},\"thumbnailUrl\":\"https:\/\/nitu.mx\/wp-content\/uploads\/2021\/05\/Viva-Aerobus-pasajeros.jpg\",\"datePublished\":\"2021-05-10T05:20:41+00:00\",\"dateModified\":\"2021-05-10T05:24:10+00:00\",\"breadcrumb\":{\"@id\":\"https:\/\/nitu.mx\/index.php\/2021\/05\/10\/viva-aerobus-aumenta-11-en-pasajeros-en-primer-trimestre-vs-2019\/#breadcrumb\"},\"inLanguage\":\"es-MX\",\"potentialAction\":[{\"@type\":\"ReadAction\",\"target\":[\"https:\/\/nitu.mx\/index.php\/2021\/05\/10\/viva-aerobus-aumenta-11-en-pasajeros-en-primer-trimestre-vs-2019\/\"]}]},{\"@type\":\"ImageObject\",\"inLanguage\":\"es-MX\",\"@id\":\"https:\/\/nitu.mx\/index.php\/2021\/05\/10\/viva-aerobus-aumenta-11-en-pasajeros-en-primer-trimestre-vs-2019\/#primaryimage\",\"url\":\"https:\/\/nitu.mx\/wp-content\/uploads\/2021\/05\/Viva-Aerobus-pasajeros.jpg\",\"contentUrl\":\"https:\/\/nitu.mx\/wp-content\/uploads\/2021\/05\/Viva-Aerobus-pasajeros.jpg\",\"width\":1200,\"height\":675,\"caption\":\"Viva Aerobus\"},{\"@type\":\"BreadcrumbList\",\"@id\":\"https:\/\/nitu.mx\/index.php\/2021\/05\/10\/viva-aerobus-aumenta-11-en-pasajeros-en-primer-trimestre-vs-2019\/#breadcrumb\",\"itemListElement\":[{\"@type\":\"ListItem\",\"position\":1,\"name\":\"Inicio\",\"item\":\"https:\/\/nitu.mx\/\"},{\"@type\":\"ListItem\",\"position\":2,\"name\":\"Viva Aerobus aumenta 11% en pasajeros en primer trimestre vs 2019\"}]},{\"@type\":\"WebSite\",\"@id\":\"https:\/\/nitu.mx\/#website\",\"url\":\"https:\/\/nitu.mx\/\",\"name\":\"Nitu - Noticias de la Industria Turistica\",\"description\":\"Noticias de la Industria Turistica\",\"publisher\":{\"@id\":\"https:\/\/nitu.mx\/#\/schema\/person\/ae7a53426417292d3dd07b45a33e01bc\"},\"alternateName\":\"Noticias de la Industria Turistica\",\"potentialAction\":[{\"@type\":\"SearchAction\",\"target\":{\"@type\":\"EntryPoint\",\"urlTemplate\":\"https:\/\/nitu.mx\/?s={search_term_string}\"},\"query-input\":\"required name=search_term_string\"}],\"inLanguage\":\"es-MX\"},{\"@type\":[\"Person\",\"Organization\"],\"@id\":\"https:\/\/nitu.mx\/#\/schema\/person\/ae7a53426417292d3dd07b45a33e01bc\",\"name\":\"Arturo Medina\",\"image\":{\"@type\":\"ImageObject\",\"inLanguage\":\"es-MX\",\"@id\":\"https:\/\/nitu.mx\/#\/schema\/person\/image\/\",\"url\":\"https:\/\/nitu.mx\/wp-content\/uploads\/2024\/04\/4A315622-1904-4D5C-B022-878CDC840E04-90x90-1.jpeg\",\"contentUrl\":\"https:\/\/nitu.mx\/wp-content\/uploads\/2024\/04\/4A315622-1904-4D5C-B022-878CDC840E04-90x90-1.jpeg\",\"width\":90,\"height\":90,\"caption\":\"Arturo Medina\"},\"logo\":{\"@id\":\"https:\/\/nitu.mx\/#\/schema\/person\/image\/\"},\"description\":\"Director NITU.mx, Egresado de la Escuela de Periodismo Carlos Septi\u00e9n Garc\u00eda. Periodista y analista especializado en turismo desde hace 35 a\u00f1os, radicado en Canc\u00fan Q.Roo. arturo@nitu.mx\",\"sameAs\":[\"https:\/\/nitu.mx\",\"https:\/\/www.facebook.com\/NITUmx\/\",\"medinacancun\",\"https:\/\/twitter.com\/@Arturo_Medina_G\"]},{\"@type\":\"Person\",\"@id\":\"https:\/\/nitu.mx\/#\/schema\/person\/4a28fe9bd65924f7c90623773daf1b0b\",\"name\":\"Redacci\u00f3n\",\"image\":{\"@type\":\"ImageObject\",\"inLanguage\":\"es-MX\",\"@id\":\"https:\/\/nitu.mx\/#\/schema\/person\/image\/\",\"url\":\"https:\/\/secure.gravatar.com\/avatar\/5dd011c8ccfc5cd7e4c81e42252aab38?s=96&d=mm&r=g\",\"contentUrl\":\"https:\/\/secure.gravatar.com\/avatar\/5dd011c8ccfc5cd7e4c81e42252aab38?s=96&d=mm&r=g\",\"caption\":\"Redacci\u00f3n\"},\"url\":\"https:\/\/nitu.mx\/index.php\/author\/redaccion\/\"}]}<\/script>\n<!-- \/ Yoast SEO plugin. -->","yoast_head_json":{"title":"Viva Aerobus aumenta 11% en pasajeros en primer trimestre vs 2019 - Nitu - Noticias de la Industria Turistica","robots":{"index":"index","follow":"follow","max-snippet":"max-snippet:-1","max-image-preview":"max-image-preview:large","max-video-preview":"max-video-preview:-1"},"canonical":"https:\/\/nitu.mx\/index.php\/2021\/05\/10\/viva-aerobus-aumenta-11-en-pasajeros-en-primer-trimestre-vs-2019\/","twitter_card":"summary_large_image","twitter_title":"Viva Aerobus aumenta 11% en pasajeros en primer trimestre vs 2019 - Nitu - Noticias de la Industria Turistica","twitter_description":"Viva Aerobus, la aerol\u00ednea de ultra bajo costo de M\u00e9xico, registr\u00f3 1.15 millones de pasajeros en abril. Lo anterior representa un crecimiento del 21.5% en comparaci\u00f3n con abril 2019, superando as\u00ed los niveles de demanda pre-pandemia. Por su parte, el factor de ocupaci\u00f3n fue de 82.3%, muestra de una gradual recuperaci\u00f3n. \u201cM\u00e1s de un mill\u00f3n [&hellip;]","twitter_image":"https:\/\/nitu.mx\/wp-content\/uploads\/2021\/05\/Viva-Aerobus-pasajeros.jpg","twitter_creator":"@NITUmx","twitter_site":"@Arturo_Medina_G","twitter_misc":{"Escrito por":"Redacci\u00f3n","Tiempo de lectura":"1 minuto"},"schema":{"@context":"https:\/\/schema.org","@graph":[{"@type":"Article","@id":"https:\/\/nitu.mx\/index.php\/2021\/05\/10\/viva-aerobus-aumenta-11-en-pasajeros-en-primer-trimestre-vs-2019\/#article","isPartOf":{"@id":"https:\/\/nitu.mx\/index.php\/2021\/05\/10\/viva-aerobus-aumenta-11-en-pasajeros-en-primer-trimestre-vs-2019\/"},"author":{"name":"Redacci\u00f3n","@id":"https:\/\/nitu.mx\/#\/schema\/person\/4a28fe9bd65924f7c90623773daf1b0b"},"headline":"Viva Aerobus aumenta 11% en pasajeros en primer trimestre vs 2019","datePublished":"2021-05-10T05:20:41+00:00","dateModified":"2021-05-10T05:24:10+00:00","mainEntityOfPage":{"@id":"https:\/\/nitu.mx\/index.php\/2021\/05\/10\/viva-aerobus-aumenta-11-en-pasajeros-en-primer-trimestre-vs-2019\/"},"wordCount":175,"commentCount":0,"publisher":{"@id":"https:\/\/nitu.mx\/#\/schema\/person\/ae7a53426417292d3dd07b45a33e01bc"},"image":{"@id":"https:\/\/nitu.mx\/index.php\/2021\/05\/10\/viva-aerobus-aumenta-11-en-pasajeros-en-primer-trimestre-vs-2019\/#primaryimage"},"thumbnailUrl":"https:\/\/nitu.mx\/wp-content\/uploads\/2021\/05\/Viva-Aerobus-pasajeros.jpg","keywords":["Juan Carlos Zuazua","Viva Aerobus"],"articleSection":["Aerol\u00edneas"],"inLanguage":"es-MX","potentialAction":[{"@type":"CommentAction","name":"Comment","target":["https:\/\/nitu.mx\/index.php\/2021\/05\/10\/viva-aerobus-aumenta-11-en-pasajeros-en-primer-trimestre-vs-2019\/#respond"]}]},{"@type":"WebPage","@id":"https:\/\/nitu.mx\/index.php\/2021\/05\/10\/viva-aerobus-aumenta-11-en-pasajeros-en-primer-trimestre-vs-2019\/","url":"https:\/\/nitu.mx\/index.php\/2021\/05\/10\/viva-aerobus-aumenta-11-en-pasajeros-en-primer-trimestre-vs-2019\/","name":"Viva Aerobus aumenta 11% en pasajeros en primer trimestre vs 2019 - Nitu - Noticias de la Industria Turistica","isPartOf":{"@id":"https:\/\/nitu.mx\/#website"},"primaryImageOfPage":{"@id":"https:\/\/nitu.mx\/index.php\/2021\/05\/10\/viva-aerobus-aumenta-11-en-pasajeros-en-primer-trimestre-vs-2019\/#primaryimage"},"image":{"@id":"https:\/\/nitu.mx\/index.php\/2021\/05\/10\/viva-aerobus-aumenta-11-en-pasajeros-en-primer-trimestre-vs-2019\/#primaryimage"},"thumbnailUrl":"https:\/\/nitu.mx\/wp-content\/uploads\/2021\/05\/Viva-Aerobus-pasajeros.jpg","datePublished":"2021-05-10T05:20:41+00:00","dateModified":"2021-05-10T05:24:10+00:00","breadcrumb":{"@id":"https:\/\/nitu.mx\/index.php\/2021\/05\/10\/viva-aerobus-aumenta-11-en-pasajeros-en-primer-trimestre-vs-2019\/#breadcrumb"},"inLanguage":"es-MX","potentialAction":[{"@type":"ReadAction","target":["https:\/\/nitu.mx\/index.php\/2021\/05\/10\/viva-aerobus-aumenta-11-en-pasajeros-en-primer-trimestre-vs-2019\/"]}]},{"@type":"ImageObject","inLanguage":"es-MX","@id":"https:\/\/nitu.mx\/index.php\/2021\/05\/10\/viva-aerobus-aumenta-11-en-pasajeros-en-primer-trimestre-vs-2019\/#primaryimage","url":"https:\/\/nitu.mx\/wp-content\/uploads\/2021\/05\/Viva-Aerobus-pasajeros.jpg","contentUrl":"https:\/\/nitu.mx\/wp-content\/uploads\/2021\/05\/Viva-Aerobus-pasajeros.jpg","width":1200,"height":675,"caption":"Viva Aerobus"},{"@type":"BreadcrumbList","@id":"https:\/\/nitu.mx\/index.php\/2021\/05\/10\/viva-aerobus-aumenta-11-en-pasajeros-en-primer-trimestre-vs-2019\/#breadcrumb","itemListElement":[{"@type":"ListItem","position":1,"name":"Inicio","item":"https:\/\/nitu.mx\/"},{"@type":"ListItem","position":2,"name":"Viva Aerobus aumenta 11% en pasajeros en primer trimestre vs 2019"}]},{"@type":"WebSite","@id":"https:\/\/nitu.mx\/#website","url":"https:\/\/nitu.mx\/","name":"Nitu - Noticias de la Industria Turistica","description":"Noticias de la Industria Turistica","publisher":{"@id":"https:\/\/nitu.mx\/#\/schema\/person\/ae7a53426417292d3dd07b45a33e01bc"},"alternateName":"Noticias de la Industria Turistica","potentialAction":[{"@type":"SearchAction","target":{"@type":"EntryPoint","urlTemplate":"https:\/\/nitu.mx\/?s={search_term_string}"},"query-input":"required name=search_term_string"}],"inLanguage":"es-MX"},{"@type":["Person","Organization"],"@id":"https:\/\/nitu.mx\/#\/schema\/person\/ae7a53426417292d3dd07b45a33e01bc","name":"Arturo Medina","image":{"@type":"ImageObject","inLanguage":"es-MX","@id":"https:\/\/nitu.mx\/#\/schema\/person\/image\/","url":"https:\/\/nitu.mx\/wp-content\/uploads\/2024\/04\/4A315622-1904-4D5C-B022-878CDC840E04-90x90-1.jpeg","contentUrl":"https:\/\/nitu.mx\/wp-content\/uploads\/2024\/04\/4A315622-1904-4D5C-B022-878CDC840E04-90x90-1.jpeg","width":90,"height":90,"caption":"Arturo Medina"},"logo":{"@id":"https:\/\/nitu.mx\/#\/schema\/person\/image\/"},"description":"Director NITU.mx, Egresado de la Escuela de Periodismo Carlos Septi\u00e9n Garc\u00eda. Periodista y analista especializado en turismo desde hace 35 a\u00f1os, radicado en Canc\u00fan Q.Roo. arturo@nitu.mx","sameAs":["https:\/\/nitu.mx","https:\/\/www.facebook.com\/NITUmx\/","medinacancun","https:\/\/twitter.com\/@Arturo_Medina_G"]},{"@type":"Person","@id":"https:\/\/nitu.mx\/#\/schema\/person\/4a28fe9bd65924f7c90623773daf1b0b","name":"Redacci\u00f3n","image":{"@type":"ImageObject","inLanguage":"es-MX","@id":"https:\/\/nitu.mx\/#\/schema\/person\/image\/","url":"https:\/\/secure.gravatar.com\/avatar\/5dd011c8ccfc5cd7e4c81e42252aab38?s=96&d=mm&r=g","contentUrl":"https:\/\/secure.gravatar.com\/avatar\/5dd011c8ccfc5cd7e4c81e42252aab38?s=96&d=mm&r=g","caption":"Redacci\u00f3n"},"url":"https:\/\/nitu.mx\/index.php\/author\/redaccion\/"}]}},"views":267,"_links":{"self":[{"href":"https:\/\/nitu.mx\/index.php\/wp-json\/wp\/v2\/posts\/52258"}],"collection":[{"href":"https:\/\/nitu.mx\/index.php\/wp-json\/wp\/v2\/posts"}],"about":[{"href":"https:\/\/nitu.mx\/index.php\/wp-json\/wp\/v2\/types\/post"}],"author":[{"embeddable":true,"href":"https:\/\/nitu.mx\/index.php\/wp-json\/wp\/v2\/users\/17"}],"replies":[{"embeddable":true,"href":"https:\/\/nitu.mx\/index.php\/wp-json\/wp\/v2\/comments?post=52258"}],"version-history":[{"count":2,"href":"https:\/\/nitu.mx\/index.php\/wp-json\/wp\/v2\/posts\/52258\/revisions"}],"predecessor-version":[{"id":52262,"href":"https:\/\/nitu.mx\/index.php\/wp-json\/wp\/v2\/posts\/52258\/revisions\/52262"}],"wp:featuredmedia":[{"embeddable":true,"href":"https:\/\/nitu.mx\/index.php\/wp-json\/wp\/v2\/media\/52260"}],"wp:attachment":[{"href":"https:\/\/nitu.mx\/index.php\/wp-json\/wp\/v2\/media?parent=52258"}],"wp:term":[{"taxonomy":"category","embeddable":true,"href":"https:\/\/nitu.mx\/index.php\/wp-json\/wp\/v2\/categories?post=52258"},{"taxonomy":"post_tag","embeddable":true,"href":"https:\/\/nitu.mx\/index.php\/wp-json\/wp\/v2\/tags?post=52258"}],"curies":[{"name":"wp","href":"https:\/\/api.w.org\/{rel}","templated":true}]}}