{"id":52231,"date":"2021-05-06T23:36:14","date_gmt":"2021-05-07T04:36:14","guid":{"rendered":"https:\/\/www.dev.nitu.mx\/?p=52231"},"modified":"2021-05-07T00:16:34","modified_gmt":"2021-05-07T05:16:34","slug":"permanece-el-incremento-de-la-conectividad-aerea-del-caribe-mexicano","status":"publish","type":"post","link":"https:\/\/nitu.mx\/index.php\/2021\/05\/06\/permanece-el-incremento-de-la-conectividad-aerea-del-caribe-mexicano\/","title":{"rendered":"Permanece el incremento de la conectividad a\u00e9rea del Caribe Mexicano"},"content":{"rendered":"<p>La recuperaci\u00f3n tur\u00edstica del Caribe Mexicano contin\u00faa, prueba de ello es el regreso progresivo de las aerol\u00edneas hacia los aeropuertos de Canc\u00fan y Cozumel e incluso, el aumento de frecuencias y llegadas de nuevas rutas.<\/p>\n<p>El 8 de mayo, la aerol\u00ednea United Airlines estrena la ruta desde Los \u00c1ngeles hacia Cozumel, con llegadas programadas los s\u00e1bados a bordo de un Boeing 737-900. Asimismo, el 9 de mayo, la ruta Denver &#8211; Cozumel, que regres\u00f3 en noviembre con una frecuencia a la semana, incrementar\u00e1 a cuatro, llegando los lunes, mi\u00e9rcoles, s\u00e1bados y domingos. Adem\u00e1s, Isla Cozumel tendr\u00e1 a partir de julio, conexi\u00f3n directa con Europa con la llegada del vuelo de Iberojet desde Madrid, Espa\u00f1a.<\/p>\n<p>Mientras tanto, en Canc\u00fan el 2 de junio Viva Air, aerol\u00ednea de origen colombiano, aterrizar\u00e1 desde Medell\u00edn en una nave tipo Airbus 320, tres veces por semana. Por su parte, Avianca anunci\u00f3 su nueva ruta tambi\u00e9n desde Medell\u00edn a partir del 2 de julio y con tres frecuencias semanales.<\/p>\n<p>En cuanto a la conectividad a\u00e9rea con Estados Unidos, Canc\u00fan tiene 42; por su parte Frontier dio a conocer que el 10 de junio estrena el vuelo desde Dallas con<br \/>\ntres frecuencias a la semana.<\/p>\n<p>De la misma manera, la conexi\u00f3n a\u00e9rea con Europa sigue en aumento; Wamos Air volar\u00e1 una vez por semana, los domingos, desde Madrid a Canc\u00fan. Adem\u00e1s, como hab\u00eda sido previamente informado, Orbest de Iberojet iniciar\u00e1 la ruta Lisboa &#8211; Canc\u00fan a finales de mayo, con una frecuencia semanal, los domingos y hacia junio aumentar\u00e1 a dos por semana.<br \/>\nLa aerol\u00ednea Level, que llega por primera vez a M\u00e9xico, aterrizar\u00e1 en Canc\u00fan del 2 de julio al 28 de agosto desde Barcelona, con una frecuencia semanal en aeronaves Airbus 330- 200, con capacidad para 314 pasajeros.<\/p>\n<p>Hacia el oto\u00f1o, la aerol\u00ednea Austrian anunci\u00f3 la ruta Viena &#8211; Canc\u00fan a partir del 24 de octubre con dos frecuencias semanales: jueves y domingo. La \u00faltima vez que la compa\u00f1\u00eda oper\u00f3 esta ruta fue en 2006.<\/p>\n<p>Recientemente Wingo, que ya volaba de Bogot\u00e1 a Canc\u00fan desde octubre, inici\u00f3 la ruta desde Medell\u00edn a finales de marzo, dos veces por semana, los jueves y domingo, y para este mes se tiene prevista una tercera frecuencia, los martes.<\/p>\n<p>Respecto a la conectividad a\u00e9rea nacional, Volaris dio a conocer la nueva ruta desde Mexicali que operar\u00e1 por primera vez a partir del 17 de junio con dos frecuencias semanales, los jueves y domingos.<\/p>\n<p>De acuerdo con el \u00e1rea de Planeaci\u00f3n Estrat\u00e9gica del Consejo de Promoci\u00f3n Tur\u00edstica de Quintana Roo (CPTQ), de junio de 2020 a febrero de 2021, se tiene un registro de 2, 314, 601 pasajeros nacionales; 1, 977, 448 internacionales para un total de 4, 292, 049 que han llegado v\u00eda a\u00e9rea al Caribe Mexicano.<\/p>\n","protected":false},"excerpt":{"rendered":"<p>La recuperaci\u00f3n tur\u00edstica del Caribe Mexicano contin\u00faa, prueba de ello es el regreso progresivo de las aerol\u00edneas hacia los aeropuertos de Canc\u00fan y Cozumel e incluso, el aumento de frecuencias y llegadas de nuevas rutas. El 8 de mayo, la aerol\u00ednea United Airlines estrena la ruta desde Los \u00c1ngeles hacia Cozumel, con llegadas programadas los [&hellip;]<\/p>\n","protected":false},"author":3,"featured_media":4985,"comment_status":"open","ping_status":"open","sticky":false,"template":"","format":"standard","meta":{"footnotes":""},"categories":[5],"tags":[3113,2755,43,110,1213,323,22101,854,8900],"yoast_head":"<!-- This site is optimized with the Yoast SEO plugin v22.2 - https:\/\/yoast.com\/wordpress\/plugins\/seo\/ -->\n<title>Permanece el incremento de la conectividad a\u00e9rea del Caribe Mexicano - Nitu - Noticias de la Industria Turistica<\/title>\n<meta name=\"robots\" content=\"index, follow, max-snippet:-1, max-image-preview:large, max-video-preview:-1\" \/>\n<link rel=\"canonical\" href=\"https:\/\/nitu.mx\/index.php\/2021\/05\/06\/permanece-el-incremento-de-la-conectividad-aerea-del-caribe-mexicano\/\" \/>\n<meta name=\"twitter:card\" content=\"summary_large_image\" \/>\n<meta name=\"twitter:title\" content=\"Permanece el incremento de la conectividad a\u00e9rea del Caribe Mexicano - Nitu - Noticias de la Industria Turistica\" \/>\n<meta name=\"twitter:description\" content=\"La recuperaci\u00f3n tur\u00edstica del Caribe Mexicano contin\u00faa, prueba de ello es el regreso progresivo de las aerol\u00edneas hacia los aeropuertos de Canc\u00fan y Cozumel e incluso, el aumento de frecuencias y llegadas de nuevas rutas. El 8 de mayo, la aerol\u00ednea United Airlines estrena la ruta desde Los \u00c1ngeles hacia Cozumel, con llegadas programadas los [&hellip;]\" \/>\n<meta name=\"twitter:image\" content=\"https:\/\/nitu.mx\/wp-content\/uploads\/2016\/12\/aeropuerto-internacional-de-canc\u00fan.jpg\" \/>\n<meta name=\"twitter:creator\" content=\"@NITUmx\" \/>\n<meta name=\"twitter:site\" content=\"@Arturo_Medina_G\" \/>\n<meta name=\"twitter:label1\" content=\"Escrito por\" \/>\n\t<meta name=\"twitter:data1\" content=\"Alejandra Moncisbays\" \/>\n\t<meta name=\"twitter:label2\" content=\"Tiempo de lectura\" \/>\n\t<meta name=\"twitter:data2\" content=\"2 minutos\" \/>\n<script type=\"application\/ld+json\" class=\"yoast-schema-graph\">{\"@context\":\"https:\/\/schema.org\",\"@graph\":[{\"@type\":\"Article\",\"@id\":\"https:\/\/nitu.mx\/index.php\/2021\/05\/06\/permanece-el-incremento-de-la-conectividad-aerea-del-caribe-mexicano\/#article\",\"isPartOf\":{\"@id\":\"https:\/\/nitu.mx\/index.php\/2021\/05\/06\/permanece-el-incremento-de-la-conectividad-aerea-del-caribe-mexicano\/\"},\"author\":{\"name\":\"Alejandra Moncisbays\",\"@id\":\"https:\/\/nitu.mx\/#\/schema\/person\/2ecd887b19dfd3382d1f14fc5acf24a8\"},\"headline\":\"Permanece el incremento de la conectividad a\u00e9rea del Caribe Mexicano\",\"datePublished\":\"2021-05-07T04:36:14+00:00\",\"dateModified\":\"2021-05-07T05:16:34+00:00\",\"mainEntityOfPage\":{\"@id\":\"https:\/\/nitu.mx\/index.php\/2021\/05\/06\/permanece-el-incremento-de-la-conectividad-aerea-del-caribe-mexicano\/\"},\"wordCount\":485,\"commentCount\":0,\"publisher\":{\"@id\":\"https:\/\/nitu.mx\/#\/schema\/person\/ae7a53426417292d3dd07b45a33e01bc\"},\"image\":{\"@id\":\"https:\/\/nitu.mx\/index.php\/2021\/05\/06\/permanece-el-incremento-de-la-conectividad-aerea-del-caribe-mexicano\/#primaryimage\"},\"thumbnailUrl\":\"https:\/\/nitu.mx\/wp-content\/uploads\/2016\/12\/aeropuerto-internacional-de-canc\u00fan.jpg\",\"keywords\":[\"Barcelona\",\"California\",\"Canc\u00fan\",\"Cozumel\",\"Espa\u00f1a\",\"Los \u00c1ngeles\",\"ruta Denver - Cozumel\",\"United Airlines\",\"vuelo directo\"],\"articleSection\":[\"Destinos\"],\"inLanguage\":\"es-MX\",\"potentialAction\":[{\"@type\":\"CommentAction\",\"name\":\"Comment\",\"target\":[\"https:\/\/nitu.mx\/index.php\/2021\/05\/06\/permanece-el-incremento-de-la-conectividad-aerea-del-caribe-mexicano\/#respond\"]}]},{\"@type\":\"WebPage\",\"@id\":\"https:\/\/nitu.mx\/index.php\/2021\/05\/06\/permanece-el-incremento-de-la-conectividad-aerea-del-caribe-mexicano\/\",\"url\":\"https:\/\/nitu.mx\/index.php\/2021\/05\/06\/permanece-el-incremento-de-la-conectividad-aerea-del-caribe-mexicano\/\",\"name\":\"Permanece el incremento de la conectividad a\u00e9rea del Caribe Mexicano - Nitu - Noticias de la Industria Turistica\",\"isPartOf\":{\"@id\":\"https:\/\/nitu.mx\/#website\"},\"primaryImageOfPage\":{\"@id\":\"https:\/\/nitu.mx\/index.php\/2021\/05\/06\/permanece-el-incremento-de-la-conectividad-aerea-del-caribe-mexicano\/#primaryimage\"},\"image\":{\"@id\":\"https:\/\/nitu.mx\/index.php\/2021\/05\/06\/permanece-el-incremento-de-la-conectividad-aerea-del-caribe-mexicano\/#primaryimage\"},\"thumbnailUrl\":\"https:\/\/nitu.mx\/wp-content\/uploads\/2016\/12\/aeropuerto-internacional-de-canc\u00fan.jpg\",\"datePublished\":\"2021-05-07T04:36:14+00:00\",\"dateModified\":\"2021-05-07T05:16:34+00:00\",\"breadcrumb\":{\"@id\":\"https:\/\/nitu.mx\/index.php\/2021\/05\/06\/permanece-el-incremento-de-la-conectividad-aerea-del-caribe-mexicano\/#breadcrumb\"},\"inLanguage\":\"es-MX\",\"potentialAction\":[{\"@type\":\"ReadAction\",\"target\":[\"https:\/\/nitu.mx\/index.php\/2021\/05\/06\/permanece-el-incremento-de-la-conectividad-aerea-del-caribe-mexicano\/\"]}]},{\"@type\":\"ImageObject\",\"inLanguage\":\"es-MX\",\"@id\":\"https:\/\/nitu.mx\/index.php\/2021\/05\/06\/permanece-el-incremento-de-la-conectividad-aerea-del-caribe-mexicano\/#primaryimage\",\"url\":\"https:\/\/nitu.mx\/wp-content\/uploads\/2016\/12\/aeropuerto-internacional-de-canc\u00fan.jpg\",\"contentUrl\":\"https:\/\/nitu.mx\/wp-content\/uploads\/2016\/12\/aeropuerto-internacional-de-canc\u00fan.jpg\",\"width\":848,\"height\":478,\"caption\":\"Aeropuerto de Canc\u00fan aeropuertos CDMX-Canc\u00fan\"},{\"@type\":\"BreadcrumbList\",\"@id\":\"https:\/\/nitu.mx\/index.php\/2021\/05\/06\/permanece-el-incremento-de-la-conectividad-aerea-del-caribe-mexicano\/#breadcrumb\",\"itemListElement\":[{\"@type\":\"ListItem\",\"position\":1,\"name\":\"Inicio\",\"item\":\"https:\/\/nitu.mx\/\"},{\"@type\":\"ListItem\",\"position\":2,\"name\":\"Permanece el incremento de la conectividad a\u00e9rea del Caribe Mexicano\"}]},{\"@type\":\"WebSite\",\"@id\":\"https:\/\/nitu.mx\/#website\",\"url\":\"https:\/\/nitu.mx\/\",\"name\":\"Nitu - Noticias de la Industria Turistica\",\"description\":\"Noticias de la Industria Turistica\",\"publisher\":{\"@id\":\"https:\/\/nitu.mx\/#\/schema\/person\/ae7a53426417292d3dd07b45a33e01bc\"},\"alternateName\":\"Noticias de la Industria Turistica\",\"potentialAction\":[{\"@type\":\"SearchAction\",\"target\":{\"@type\":\"EntryPoint\",\"urlTemplate\":\"https:\/\/nitu.mx\/?s={search_term_string}\"},\"query-input\":\"required name=search_term_string\"}],\"inLanguage\":\"es-MX\"},{\"@type\":[\"Person\",\"Organization\"],\"@id\":\"https:\/\/nitu.mx\/#\/schema\/person\/ae7a53426417292d3dd07b45a33e01bc\",\"name\":\"Arturo Medina\",\"image\":{\"@type\":\"ImageObject\",\"inLanguage\":\"es-MX\",\"@id\":\"https:\/\/nitu.mx\/#\/schema\/person\/image\/\",\"url\":\"https:\/\/nitu.mx\/wp-content\/uploads\/2024\/04\/4A315622-1904-4D5C-B022-878CDC840E04-90x90-1.jpeg\",\"contentUrl\":\"https:\/\/nitu.mx\/wp-content\/uploads\/2024\/04\/4A315622-1904-4D5C-B022-878CDC840E04-90x90-1.jpeg\",\"width\":90,\"height\":90,\"caption\":\"Arturo Medina\"},\"logo\":{\"@id\":\"https:\/\/nitu.mx\/#\/schema\/person\/image\/\"},\"description\":\"Director NITU.mx, Egresado de la Escuela de Periodismo Carlos Septi\u00e9n Garc\u00eda. Periodista y analista especializado en turismo desde hace 35 a\u00f1os, radicado en Canc\u00fan Q.Roo. arturo@nitu.mx\",\"sameAs\":[\"https:\/\/nitu.mx\",\"https:\/\/www.facebook.com\/NITUmx\/\",\"medinacancun\",\"https:\/\/twitter.com\/@Arturo_Medina_G\"]},{\"@type\":\"Person\",\"@id\":\"https:\/\/nitu.mx\/#\/schema\/person\/2ecd887b19dfd3382d1f14fc5acf24a8\",\"name\":\"Alejandra Moncisbays\",\"image\":{\"@type\":\"ImageObject\",\"inLanguage\":\"es-MX\",\"@id\":\"https:\/\/nitu.mx\/#\/schema\/person\/image\/\",\"url\":\"https:\/\/secure.gravatar.com\/avatar\/e74f7af0be172b7804dacfd0bfbef787?s=96&d=mm&r=g\",\"contentUrl\":\"https:\/\/secure.gravatar.com\/avatar\/e74f7af0be172b7804dacfd0bfbef787?s=96&d=mm&r=g\",\"caption\":\"Alejandra Moncisbays\"},\"description\":\"Curs\u00e9 la carrera de Periodismo y Comunicaci\u00f3n en la Facultad de Estudios Profesionales Acatl\u00e1n. Vivo en Canc\u00fan desde hace 24 a\u00f1os. Fui reportera de La Tarde de Canc\u00fan, y Novedades de Quintana Roo, colabor\u00e9 en TVCUN, edit\u00e9 Cancun\u00edssimo y colabor\u00e9 en las revistas Latitud21, entre otras, con principal enfoque en los sectores empresarial y tur\u00edstico. Desde hace varios a\u00f1os soy Agente de Seguros con c\u00e9dula de la Comisi\u00f3n Nacional de Seguros y Fianzas. Actualmente, me desarrollo en los \u00e1mbitos del periodismo y el sector asegurador.\",\"sameAs\":[\"https:\/\/nitu.mx\"],\"url\":\"https:\/\/nitu.mx\/index.php\/author\/alejandra\/\"}]}<\/script>\n<!-- \/ Yoast SEO plugin. -->","yoast_head_json":{"title":"Permanece el incremento de la conectividad a\u00e9rea del Caribe Mexicano - Nitu - Noticias de la Industria Turistica","robots":{"index":"index","follow":"follow","max-snippet":"max-snippet:-1","max-image-preview":"max-image-preview:large","max-video-preview":"max-video-preview:-1"},"canonical":"https:\/\/nitu.mx\/index.php\/2021\/05\/06\/permanece-el-incremento-de-la-conectividad-aerea-del-caribe-mexicano\/","twitter_card":"summary_large_image","twitter_title":"Permanece el incremento de la conectividad a\u00e9rea del Caribe Mexicano - Nitu - Noticias de la Industria Turistica","twitter_description":"La recuperaci\u00f3n tur\u00edstica del Caribe Mexicano contin\u00faa, prueba de ello es el regreso progresivo de las aerol\u00edneas hacia los aeropuertos de Canc\u00fan y Cozumel e incluso, el aumento de frecuencias y llegadas de nuevas rutas. El 8 de mayo, la aerol\u00ednea United Airlines estrena la ruta desde Los \u00c1ngeles hacia Cozumel, con llegadas programadas los [&hellip;]","twitter_image":"https:\/\/nitu.mx\/wp-content\/uploads\/2016\/12\/aeropuerto-internacional-de-canc\u00fan.jpg","twitter_creator":"@NITUmx","twitter_site":"@Arturo_Medina_G","twitter_misc":{"Escrito por":"Alejandra Moncisbays","Tiempo de lectura":"2 minutos"},"schema":{"@context":"https:\/\/schema.org","@graph":[{"@type":"Article","@id":"https:\/\/nitu.mx\/index.php\/2021\/05\/06\/permanece-el-incremento-de-la-conectividad-aerea-del-caribe-mexicano\/#article","isPartOf":{"@id":"https:\/\/nitu.mx\/index.php\/2021\/05\/06\/permanece-el-incremento-de-la-conectividad-aerea-del-caribe-mexicano\/"},"author":{"name":"Alejandra Moncisbays","@id":"https:\/\/nitu.mx\/#\/schema\/person\/2ecd887b19dfd3382d1f14fc5acf24a8"},"headline":"Permanece el incremento de la conectividad a\u00e9rea del Caribe Mexicano","datePublished":"2021-05-07T04:36:14+00:00","dateModified":"2021-05-07T05:16:34+00:00","mainEntityOfPage":{"@id":"https:\/\/nitu.mx\/index.php\/2021\/05\/06\/permanece-el-incremento-de-la-conectividad-aerea-del-caribe-mexicano\/"},"wordCount":485,"commentCount":0,"publisher":{"@id":"https:\/\/nitu.mx\/#\/schema\/person\/ae7a53426417292d3dd07b45a33e01bc"},"image":{"@id":"https:\/\/nitu.mx\/index.php\/2021\/05\/06\/permanece-el-incremento-de-la-conectividad-aerea-del-caribe-mexicano\/#primaryimage"},"thumbnailUrl":"https:\/\/nitu.mx\/wp-content\/uploads\/2016\/12\/aeropuerto-internacional-de-canc\u00fan.jpg","keywords":["Barcelona","California","Canc\u00fan","Cozumel","Espa\u00f1a","Los \u00c1ngeles","ruta Denver - Cozumel","United Airlines","vuelo directo"],"articleSection":["Destinos"],"inLanguage":"es-MX","potentialAction":[{"@type":"CommentAction","name":"Comment","target":["https:\/\/nitu.mx\/index.php\/2021\/05\/06\/permanece-el-incremento-de-la-conectividad-aerea-del-caribe-mexicano\/#respond"]}]},{"@type":"WebPage","@id":"https:\/\/nitu.mx\/index.php\/2021\/05\/06\/permanece-el-incremento-de-la-conectividad-aerea-del-caribe-mexicano\/","url":"https:\/\/nitu.mx\/index.php\/2021\/05\/06\/permanece-el-incremento-de-la-conectividad-aerea-del-caribe-mexicano\/","name":"Permanece el incremento de la conectividad a\u00e9rea del Caribe Mexicano - Nitu - Noticias de la Industria Turistica","isPartOf":{"@id":"https:\/\/nitu.mx\/#website"},"primaryImageOfPage":{"@id":"https:\/\/nitu.mx\/index.php\/2021\/05\/06\/permanece-el-incremento-de-la-conectividad-aerea-del-caribe-mexicano\/#primaryimage"},"image":{"@id":"https:\/\/nitu.mx\/index.php\/2021\/05\/06\/permanece-el-incremento-de-la-conectividad-aerea-del-caribe-mexicano\/#primaryimage"},"thumbnailUrl":"https:\/\/nitu.mx\/wp-content\/uploads\/2016\/12\/aeropuerto-internacional-de-canc\u00fan.jpg","datePublished":"2021-05-07T04:36:14+00:00","dateModified":"2021-05-07T05:16:34+00:00","breadcrumb":{"@id":"https:\/\/nitu.mx\/index.php\/2021\/05\/06\/permanece-el-incremento-de-la-conectividad-aerea-del-caribe-mexicano\/#breadcrumb"},"inLanguage":"es-MX","potentialAction":[{"@type":"ReadAction","target":["https:\/\/nitu.mx\/index.php\/2021\/05\/06\/permanece-el-incremento-de-la-conectividad-aerea-del-caribe-mexicano\/"]}]},{"@type":"ImageObject","inLanguage":"es-MX","@id":"https:\/\/nitu.mx\/index.php\/2021\/05\/06\/permanece-el-incremento-de-la-conectividad-aerea-del-caribe-mexicano\/#primaryimage","url":"https:\/\/nitu.mx\/wp-content\/uploads\/2016\/12\/aeropuerto-internacional-de-canc\u00fan.jpg","contentUrl":"https:\/\/nitu.mx\/wp-content\/uploads\/2016\/12\/aeropuerto-internacional-de-canc\u00fan.jpg","width":848,"height":478,"caption":"Aeropuerto de Canc\u00fan aeropuertos CDMX-Canc\u00fan"},{"@type":"BreadcrumbList","@id":"https:\/\/nitu.mx\/index.php\/2021\/05\/06\/permanece-el-incremento-de-la-conectividad-aerea-del-caribe-mexicano\/#breadcrumb","itemListElement":[{"@type":"ListItem","position":1,"name":"Inicio","item":"https:\/\/nitu.mx\/"},{"@type":"ListItem","position":2,"name":"Permanece el incremento de la conectividad a\u00e9rea del Caribe Mexicano"}]},{"@type":"WebSite","@id":"https:\/\/nitu.mx\/#website","url":"https:\/\/nitu.mx\/","name":"Nitu - Noticias de la Industria Turistica","description":"Noticias de la Industria Turistica","publisher":{"@id":"https:\/\/nitu.mx\/#\/schema\/person\/ae7a53426417292d3dd07b45a33e01bc"},"alternateName":"Noticias de la Industria Turistica","potentialAction":[{"@type":"SearchAction","target":{"@type":"EntryPoint","urlTemplate":"https:\/\/nitu.mx\/?s={search_term_string}"},"query-input":"required name=search_term_string"}],"inLanguage":"es-MX"},{"@type":["Person","Organization"],"@id":"https:\/\/nitu.mx\/#\/schema\/person\/ae7a53426417292d3dd07b45a33e01bc","name":"Arturo Medina","image":{"@type":"ImageObject","inLanguage":"es-MX","@id":"https:\/\/nitu.mx\/#\/schema\/person\/image\/","url":"https:\/\/nitu.mx\/wp-content\/uploads\/2024\/04\/4A315622-1904-4D5C-B022-878CDC840E04-90x90-1.jpeg","contentUrl":"https:\/\/nitu.mx\/wp-content\/uploads\/2024\/04\/4A315622-1904-4D5C-B022-878CDC840E04-90x90-1.jpeg","width":90,"height":90,"caption":"Arturo Medina"},"logo":{"@id":"https:\/\/nitu.mx\/#\/schema\/person\/image\/"},"description":"Director NITU.mx, Egresado de la Escuela de Periodismo Carlos Septi\u00e9n Garc\u00eda. Periodista y analista especializado en turismo desde hace 35 a\u00f1os, radicado en Canc\u00fan Q.Roo. arturo@nitu.mx","sameAs":["https:\/\/nitu.mx","https:\/\/www.facebook.com\/NITUmx\/","medinacancun","https:\/\/twitter.com\/@Arturo_Medina_G"]},{"@type":"Person","@id":"https:\/\/nitu.mx\/#\/schema\/person\/2ecd887b19dfd3382d1f14fc5acf24a8","name":"Alejandra Moncisbays","image":{"@type":"ImageObject","inLanguage":"es-MX","@id":"https:\/\/nitu.mx\/#\/schema\/person\/image\/","url":"https:\/\/secure.gravatar.com\/avatar\/e74f7af0be172b7804dacfd0bfbef787?s=96&d=mm&r=g","contentUrl":"https:\/\/secure.gravatar.com\/avatar\/e74f7af0be172b7804dacfd0bfbef787?s=96&d=mm&r=g","caption":"Alejandra Moncisbays"},"description":"Curs\u00e9 la carrera de Periodismo y Comunicaci\u00f3n en la Facultad de Estudios Profesionales Acatl\u00e1n. Vivo en Canc\u00fan desde hace 24 a\u00f1os. Fui reportera de La Tarde de Canc\u00fan, y Novedades de Quintana Roo, colabor\u00e9 en TVCUN, edit\u00e9 Cancun\u00edssimo y colabor\u00e9 en las revistas Latitud21, entre otras, con principal enfoque en los sectores empresarial y tur\u00edstico. Desde hace varios a\u00f1os soy Agente de Seguros con c\u00e9dula de la Comisi\u00f3n Nacional de Seguros y Fianzas. Actualmente, me desarrollo en los \u00e1mbitos del periodismo y el sector asegurador.","sameAs":["https:\/\/nitu.mx"],"url":"https:\/\/nitu.mx\/index.php\/author\/alejandra\/"}]}},"views":373,"_links":{"self":[{"href":"https:\/\/nitu.mx\/index.php\/wp-json\/wp\/v2\/posts\/52231"}],"collection":[{"href":"https:\/\/nitu.mx\/index.php\/wp-json\/wp\/v2\/posts"}],"about":[{"href":"https:\/\/nitu.mx\/index.php\/wp-json\/wp\/v2\/types\/post"}],"author":[{"embeddable":true,"href":"https:\/\/nitu.mx\/index.php\/wp-json\/wp\/v2\/users\/3"}],"replies":[{"embeddable":true,"href":"https:\/\/nitu.mx\/index.php\/wp-json\/wp\/v2\/comments?post=52231"}],"version-history":[{"count":2,"href":"https:\/\/nitu.mx\/index.php\/wp-json\/wp\/v2\/posts\/52231\/revisions"}],"predecessor-version":[{"id":52237,"href":"https:\/\/nitu.mx\/index.php\/wp-json\/wp\/v2\/posts\/52231\/revisions\/52237"}],"wp:featuredmedia":[{"embeddable":true,"href":"https:\/\/nitu.mx\/index.php\/wp-json\/wp\/v2\/media\/4985"}],"wp:attachment":[{"href":"https:\/\/nitu.mx\/index.php\/wp-json\/wp\/v2\/media?parent=52231"}],"wp:term":[{"taxonomy":"category","embeddable":true,"href":"https:\/\/nitu.mx\/index.php\/wp-json\/wp\/v2\/categories?post=52231"},{"taxonomy":"post_tag","embeddable":true,"href":"https:\/\/nitu.mx\/index.php\/wp-json\/wp\/v2\/tags?post=52231"}],"curies":[{"name":"wp","href":"https:\/\/api.w.org\/{rel}","templated":true}]}}