{"id":52225,"date":"2021-05-06T23:31:54","date_gmt":"2021-05-07T04:31:54","guid":{"rendered":"https:\/\/www.dev.nitu.mx\/?p=52225"},"modified":"2021-05-07T00:15:05","modified_gmt":"2021-05-07T05:15:05","slug":"nueva-administracion-de-interjet-busca-renegociar-deuda","status":"publish","type":"post","link":"https:\/\/nitu.mx\/index.php\/2021\/05\/06\/nueva-administracion-de-interjet-busca-renegociar-deuda\/","title":{"rendered":"Nueva administraci\u00f3n de Interjet busca renegociar deuda"},"content":{"rendered":"<p>La aerol\u00ednea mexicana Interjet, ahora controlada por el empresario Alejandro del Valle, dio a conocer que contrat\u00f3 a la empresa Argoss Partner para reorganizar la deuda heredada por m\u00e1s de 1,250 millones de d\u00f3lares.<\/p>\n<p>El objetivo es resolver problemas con los acreedores a trav\u00e9s de un concurso mercantil preacordado y obtener financiamiento para el deudor en posesi\u00f3n, al tiempo que busca reiniciar sus operaciones.<\/p>\n<p>En las pr\u00f3ximas semanas,\u00a0 la compa\u00f1\u00eda planea presentar un plan de reestructuraci\u00f3n al regulador de quiebras de M\u00e9xico para su revisi\u00f3n.<\/p>\n<p>De acuerdo con El Financiero, una parte importante de la deuda que actualmente est\u00e1 siendo analizada por la nueva administraci\u00f3n, proviene de impuestos no pagados al Gobierno mexicano anterior al cambio de propietario.<\/p>\n<p>Sin embargo, Carlos Ortiz-Ca\u00f1avate, socio de Argoss, indic\u00f3 que si bien Del Valle estaba consciente de que se deb\u00eda dinero al momento de comprar la empresa, no estaba completamente informado sobre el verdadero \u201cembrollo\u201d fiscal que arrastraba la aerol\u00ednea.<\/p>\n<p>Otro socio de la firma adelant\u00f3 que Interjet podr\u00eda convertirse en una aerol\u00ednea m\u00e1s peque\u00f1a de la que exist\u00eda previo a la pandemia de Covid.<\/p>\n<p>Cabe destacar que desde diciembre de 2020, la aerol\u00ednea mexicana detuvo sus operaciones por falta de turbosina y paro laboral de sus trabajadores. Mientras que para febrero de este a\u00f1o, indic\u00f3 que busca entrar a concurso mercantil en M\u00e9xico y al Cap\u00edtulo 11 de Bancarrota en Estados Unidos para saldar sus deudas. (Inmobiliare).<\/p>\n","protected":false},"excerpt":{"rendered":"<p>La aerol\u00ednea mexicana Interjet, ahora controlada por el empresario Alejandro del Valle, dio a conocer que contrat\u00f3 a la empresa Argoss Partner para reorganizar la deuda heredada por m\u00e1s de 1,250 millones de d\u00f3lares. El objetivo es resolver problemas con los acreedores a trav\u00e9s de un concurso mercantil preacordado y obtener financiamiento para el deudor [&hellip;]<\/p>\n","protected":false},"author":17,"featured_media":45908,"comment_status":"open","ping_status":"open","sticky":false,"template":"","format":"standard","meta":{"footnotes":""},"categories":[29,6],"tags":[22099,22098,172,22097],"yoast_head":"<!-- This site is optimized with the Yoast SEO plugin v22.2 - https:\/\/yoast.com\/wordpress\/plugins\/seo\/ -->\n<title>Nueva administraci\u00f3n de Interjet busca renegociar deuda - Nitu - Noticias de la Industria Turistica<\/title>\n<meta name=\"robots\" content=\"index, follow, max-snippet:-1, max-image-preview:large, max-video-preview:-1\" \/>\n<link rel=\"canonical\" href=\"https:\/\/nitu.mx\/index.php\/2021\/05\/06\/nueva-administracion-de-interjet-busca-renegociar-deuda\/\" \/>\n<meta name=\"twitter:card\" content=\"summary_large_image\" \/>\n<meta name=\"twitter:title\" content=\"Nueva administraci\u00f3n de Interjet busca renegociar deuda - Nitu - Noticias de la Industria Turistica\" \/>\n<meta name=\"twitter:description\" content=\"La aerol\u00ednea mexicana Interjet, ahora controlada por el empresario Alejandro del Valle, dio a conocer que contrat\u00f3 a la empresa Argoss Partner para reorganizar la deuda heredada por m\u00e1s de 1,250 millones de d\u00f3lares. El objetivo es resolver problemas con los acreedores a trav\u00e9s de un concurso mercantil preacordado y obtener financiamiento para el deudor [&hellip;]\" \/>\n<meta name=\"twitter:image\" content=\"https:\/\/nitu.mx\/wp-content\/uploads\/2020\/09\/Interjet-vuelos.jpg\" \/>\n<meta name=\"twitter:creator\" content=\"@NITUmx\" \/>\n<meta name=\"twitter:site\" content=\"@Arturo_Medina_G\" \/>\n<meta name=\"twitter:label1\" content=\"Escrito por\" \/>\n\t<meta name=\"twitter:data1\" content=\"Redacci\u00f3n\" \/>\n\t<meta name=\"twitter:label2\" content=\"Tiempo de lectura\" \/>\n\t<meta name=\"twitter:data2\" content=\"1 minuto\" \/>\n<script type=\"application\/ld+json\" class=\"yoast-schema-graph\">{\"@context\":\"https:\/\/schema.org\",\"@graph\":[{\"@type\":\"Article\",\"@id\":\"https:\/\/nitu.mx\/index.php\/2021\/05\/06\/nueva-administracion-de-interjet-busca-renegociar-deuda\/#article\",\"isPartOf\":{\"@id\":\"https:\/\/nitu.mx\/index.php\/2021\/05\/06\/nueva-administracion-de-interjet-busca-renegociar-deuda\/\"},\"author\":{\"name\":\"Redacci\u00f3n\",\"@id\":\"https:\/\/nitu.mx\/#\/schema\/person\/4a28fe9bd65924f7c90623773daf1b0b\"},\"headline\":\"Nueva administraci\u00f3n de Interjet busca renegociar deuda\",\"datePublished\":\"2021-05-07T04:31:54+00:00\",\"dateModified\":\"2021-05-07T05:15:05+00:00\",\"mainEntityOfPage\":{\"@id\":\"https:\/\/nitu.mx\/index.php\/2021\/05\/06\/nueva-administracion-de-interjet-busca-renegociar-deuda\/\"},\"wordCount\":263,\"commentCount\":0,\"publisher\":{\"@id\":\"https:\/\/nitu.mx\/#\/schema\/person\/ae7a53426417292d3dd07b45a33e01bc\"},\"image\":{\"@id\":\"https:\/\/nitu.mx\/index.php\/2021\/05\/06\/nueva-administracion-de-interjet-busca-renegociar-deuda\/#primaryimage\"},\"thumbnailUrl\":\"https:\/\/nitu.mx\/wp-content\/uploads\/2020\/09\/Interjet-vuelos.jpg\",\"keywords\":[\"Argoss Partner\",\"deuda\",\"Interjet\",\"renegociar\"],\"articleSection\":[\"Aerol\u00edneas\",\"M\u00e9xico\"],\"inLanguage\":\"es-MX\",\"potentialAction\":[{\"@type\":\"CommentAction\",\"name\":\"Comment\",\"target\":[\"https:\/\/nitu.mx\/index.php\/2021\/05\/06\/nueva-administracion-de-interjet-busca-renegociar-deuda\/#respond\"]}]},{\"@type\":\"WebPage\",\"@id\":\"https:\/\/nitu.mx\/index.php\/2021\/05\/06\/nueva-administracion-de-interjet-busca-renegociar-deuda\/\",\"url\":\"https:\/\/nitu.mx\/index.php\/2021\/05\/06\/nueva-administracion-de-interjet-busca-renegociar-deuda\/\",\"name\":\"Nueva administraci\u00f3n de Interjet busca renegociar deuda - Nitu - Noticias de la Industria Turistica\",\"isPartOf\":{\"@id\":\"https:\/\/nitu.mx\/#website\"},\"primaryImageOfPage\":{\"@id\":\"https:\/\/nitu.mx\/index.php\/2021\/05\/06\/nueva-administracion-de-interjet-busca-renegociar-deuda\/#primaryimage\"},\"image\":{\"@id\":\"https:\/\/nitu.mx\/index.php\/2021\/05\/06\/nueva-administracion-de-interjet-busca-renegociar-deuda\/#primaryimage\"},\"thumbnailUrl\":\"https:\/\/nitu.mx\/wp-content\/uploads\/2020\/09\/Interjet-vuelos.jpg\",\"datePublished\":\"2021-05-07T04:31:54+00:00\",\"dateModified\":\"2021-05-07T05:15:05+00:00\",\"breadcrumb\":{\"@id\":\"https:\/\/nitu.mx\/index.php\/2021\/05\/06\/nueva-administracion-de-interjet-busca-renegociar-deuda\/#breadcrumb\"},\"inLanguage\":\"es-MX\",\"potentialAction\":[{\"@type\":\"ReadAction\",\"target\":[\"https:\/\/nitu.mx\/index.php\/2021\/05\/06\/nueva-administracion-de-interjet-busca-renegociar-deuda\/\"]}]},{\"@type\":\"ImageObject\",\"inLanguage\":\"es-MX\",\"@id\":\"https:\/\/nitu.mx\/index.php\/2021\/05\/06\/nueva-administracion-de-interjet-busca-renegociar-deuda\/#primaryimage\",\"url\":\"https:\/\/nitu.mx\/wp-content\/uploads\/2020\/09\/Interjet-vuelos.jpg\",\"contentUrl\":\"https:\/\/nitu.mx\/wp-content\/uploads\/2020\/09\/Interjet-vuelos.jpg\",\"width\":1200,\"height\":675,\"caption\":\"Interjet\"},{\"@type\":\"BreadcrumbList\",\"@id\":\"https:\/\/nitu.mx\/index.php\/2021\/05\/06\/nueva-administracion-de-interjet-busca-renegociar-deuda\/#breadcrumb\",\"itemListElement\":[{\"@type\":\"ListItem\",\"position\":1,\"name\":\"Inicio\",\"item\":\"https:\/\/nitu.mx\/\"},{\"@type\":\"ListItem\",\"position\":2,\"name\":\"Nueva administraci\u00f3n de Interjet busca renegociar deuda\"}]},{\"@type\":\"WebSite\",\"@id\":\"https:\/\/nitu.mx\/#website\",\"url\":\"https:\/\/nitu.mx\/\",\"name\":\"Nitu - Noticias de la Industria Turistica\",\"description\":\"Noticias de la Industria Turistica\",\"publisher\":{\"@id\":\"https:\/\/nitu.mx\/#\/schema\/person\/ae7a53426417292d3dd07b45a33e01bc\"},\"alternateName\":\"Noticias de la Industria Turistica\",\"potentialAction\":[{\"@type\":\"SearchAction\",\"target\":{\"@type\":\"EntryPoint\",\"urlTemplate\":\"https:\/\/nitu.mx\/?s={search_term_string}\"},\"query-input\":\"required name=search_term_string\"}],\"inLanguage\":\"es-MX\"},{\"@type\":[\"Person\",\"Organization\"],\"@id\":\"https:\/\/nitu.mx\/#\/schema\/person\/ae7a53426417292d3dd07b45a33e01bc\",\"name\":\"Arturo Medina\",\"image\":{\"@type\":\"ImageObject\",\"inLanguage\":\"es-MX\",\"@id\":\"https:\/\/nitu.mx\/#\/schema\/person\/image\/\",\"url\":\"https:\/\/nitu.mx\/wp-content\/uploads\/2024\/04\/4A315622-1904-4D5C-B022-878CDC840E04-90x90-1.jpeg\",\"contentUrl\":\"https:\/\/nitu.mx\/wp-content\/uploads\/2024\/04\/4A315622-1904-4D5C-B022-878CDC840E04-90x90-1.jpeg\",\"width\":90,\"height\":90,\"caption\":\"Arturo Medina\"},\"logo\":{\"@id\":\"https:\/\/nitu.mx\/#\/schema\/person\/image\/\"},\"description\":\"Director NITU.mx, Egresado de la Escuela de Periodismo Carlos Septi\u00e9n Garc\u00eda. Periodista y analista especializado en turismo desde hace 35 a\u00f1os, radicado en Canc\u00fan Q.Roo. arturo@nitu.mx\",\"sameAs\":[\"https:\/\/nitu.mx\",\"https:\/\/www.facebook.com\/NITUmx\/\",\"medinacancun\",\"https:\/\/twitter.com\/@Arturo_Medina_G\"]},{\"@type\":\"Person\",\"@id\":\"https:\/\/nitu.mx\/#\/schema\/person\/4a28fe9bd65924f7c90623773daf1b0b\",\"name\":\"Redacci\u00f3n\",\"image\":{\"@type\":\"ImageObject\",\"inLanguage\":\"es-MX\",\"@id\":\"https:\/\/nitu.mx\/#\/schema\/person\/image\/\",\"url\":\"https:\/\/secure.gravatar.com\/avatar\/5dd011c8ccfc5cd7e4c81e42252aab38?s=96&d=mm&r=g\",\"contentUrl\":\"https:\/\/secure.gravatar.com\/avatar\/5dd011c8ccfc5cd7e4c81e42252aab38?s=96&d=mm&r=g\",\"caption\":\"Redacci\u00f3n\"},\"url\":\"https:\/\/nitu.mx\/index.php\/author\/redaccion\/\"}]}<\/script>\n<!-- \/ Yoast SEO plugin. -->","yoast_head_json":{"title":"Nueva administraci\u00f3n de Interjet busca renegociar deuda - Nitu - Noticias de la Industria Turistica","robots":{"index":"index","follow":"follow","max-snippet":"max-snippet:-1","max-image-preview":"max-image-preview:large","max-video-preview":"max-video-preview:-1"},"canonical":"https:\/\/nitu.mx\/index.php\/2021\/05\/06\/nueva-administracion-de-interjet-busca-renegociar-deuda\/","twitter_card":"summary_large_image","twitter_title":"Nueva administraci\u00f3n de Interjet busca renegociar deuda - Nitu - Noticias de la Industria Turistica","twitter_description":"La aerol\u00ednea mexicana Interjet, ahora controlada por el empresario Alejandro del Valle, dio a conocer que contrat\u00f3 a la empresa Argoss Partner para reorganizar la deuda heredada por m\u00e1s de 1,250 millones de d\u00f3lares. El objetivo es resolver problemas con los acreedores a trav\u00e9s de un concurso mercantil preacordado y obtener financiamiento para el deudor [&hellip;]","twitter_image":"https:\/\/nitu.mx\/wp-content\/uploads\/2020\/09\/Interjet-vuelos.jpg","twitter_creator":"@NITUmx","twitter_site":"@Arturo_Medina_G","twitter_misc":{"Escrito por":"Redacci\u00f3n","Tiempo de lectura":"1 minuto"},"schema":{"@context":"https:\/\/schema.org","@graph":[{"@type":"Article","@id":"https:\/\/nitu.mx\/index.php\/2021\/05\/06\/nueva-administracion-de-interjet-busca-renegociar-deuda\/#article","isPartOf":{"@id":"https:\/\/nitu.mx\/index.php\/2021\/05\/06\/nueva-administracion-de-interjet-busca-renegociar-deuda\/"},"author":{"name":"Redacci\u00f3n","@id":"https:\/\/nitu.mx\/#\/schema\/person\/4a28fe9bd65924f7c90623773daf1b0b"},"headline":"Nueva administraci\u00f3n de Interjet busca renegociar deuda","datePublished":"2021-05-07T04:31:54+00:00","dateModified":"2021-05-07T05:15:05+00:00","mainEntityOfPage":{"@id":"https:\/\/nitu.mx\/index.php\/2021\/05\/06\/nueva-administracion-de-interjet-busca-renegociar-deuda\/"},"wordCount":263,"commentCount":0,"publisher":{"@id":"https:\/\/nitu.mx\/#\/schema\/person\/ae7a53426417292d3dd07b45a33e01bc"},"image":{"@id":"https:\/\/nitu.mx\/index.php\/2021\/05\/06\/nueva-administracion-de-interjet-busca-renegociar-deuda\/#primaryimage"},"thumbnailUrl":"https:\/\/nitu.mx\/wp-content\/uploads\/2020\/09\/Interjet-vuelos.jpg","keywords":["Argoss Partner","deuda","Interjet","renegociar"],"articleSection":["Aerol\u00edneas","M\u00e9xico"],"inLanguage":"es-MX","potentialAction":[{"@type":"CommentAction","name":"Comment","target":["https:\/\/nitu.mx\/index.php\/2021\/05\/06\/nueva-administracion-de-interjet-busca-renegociar-deuda\/#respond"]}]},{"@type":"WebPage","@id":"https:\/\/nitu.mx\/index.php\/2021\/05\/06\/nueva-administracion-de-interjet-busca-renegociar-deuda\/","url":"https:\/\/nitu.mx\/index.php\/2021\/05\/06\/nueva-administracion-de-interjet-busca-renegociar-deuda\/","name":"Nueva administraci\u00f3n de Interjet busca renegociar deuda - Nitu - Noticias de la Industria Turistica","isPartOf":{"@id":"https:\/\/nitu.mx\/#website"},"primaryImageOfPage":{"@id":"https:\/\/nitu.mx\/index.php\/2021\/05\/06\/nueva-administracion-de-interjet-busca-renegociar-deuda\/#primaryimage"},"image":{"@id":"https:\/\/nitu.mx\/index.php\/2021\/05\/06\/nueva-administracion-de-interjet-busca-renegociar-deuda\/#primaryimage"},"thumbnailUrl":"https:\/\/nitu.mx\/wp-content\/uploads\/2020\/09\/Interjet-vuelos.jpg","datePublished":"2021-05-07T04:31:54+00:00","dateModified":"2021-05-07T05:15:05+00:00","breadcrumb":{"@id":"https:\/\/nitu.mx\/index.php\/2021\/05\/06\/nueva-administracion-de-interjet-busca-renegociar-deuda\/#breadcrumb"},"inLanguage":"es-MX","potentialAction":[{"@type":"ReadAction","target":["https:\/\/nitu.mx\/index.php\/2021\/05\/06\/nueva-administracion-de-interjet-busca-renegociar-deuda\/"]}]},{"@type":"ImageObject","inLanguage":"es-MX","@id":"https:\/\/nitu.mx\/index.php\/2021\/05\/06\/nueva-administracion-de-interjet-busca-renegociar-deuda\/#primaryimage","url":"https:\/\/nitu.mx\/wp-content\/uploads\/2020\/09\/Interjet-vuelos.jpg","contentUrl":"https:\/\/nitu.mx\/wp-content\/uploads\/2020\/09\/Interjet-vuelos.jpg","width":1200,"height":675,"caption":"Interjet"},{"@type":"BreadcrumbList","@id":"https:\/\/nitu.mx\/index.php\/2021\/05\/06\/nueva-administracion-de-interjet-busca-renegociar-deuda\/#breadcrumb","itemListElement":[{"@type":"ListItem","position":1,"name":"Inicio","item":"https:\/\/nitu.mx\/"},{"@type":"ListItem","position":2,"name":"Nueva administraci\u00f3n de Interjet busca renegociar deuda"}]},{"@type":"WebSite","@id":"https:\/\/nitu.mx\/#website","url":"https:\/\/nitu.mx\/","name":"Nitu - Noticias de la Industria Turistica","description":"Noticias de la Industria Turistica","publisher":{"@id":"https:\/\/nitu.mx\/#\/schema\/person\/ae7a53426417292d3dd07b45a33e01bc"},"alternateName":"Noticias de la Industria Turistica","potentialAction":[{"@type":"SearchAction","target":{"@type":"EntryPoint","urlTemplate":"https:\/\/nitu.mx\/?s={search_term_string}"},"query-input":"required name=search_term_string"}],"inLanguage":"es-MX"},{"@type":["Person","Organization"],"@id":"https:\/\/nitu.mx\/#\/schema\/person\/ae7a53426417292d3dd07b45a33e01bc","name":"Arturo Medina","image":{"@type":"ImageObject","inLanguage":"es-MX","@id":"https:\/\/nitu.mx\/#\/schema\/person\/image\/","url":"https:\/\/nitu.mx\/wp-content\/uploads\/2024\/04\/4A315622-1904-4D5C-B022-878CDC840E04-90x90-1.jpeg","contentUrl":"https:\/\/nitu.mx\/wp-content\/uploads\/2024\/04\/4A315622-1904-4D5C-B022-878CDC840E04-90x90-1.jpeg","width":90,"height":90,"caption":"Arturo Medina"},"logo":{"@id":"https:\/\/nitu.mx\/#\/schema\/person\/image\/"},"description":"Director NITU.mx, Egresado de la Escuela de Periodismo Carlos Septi\u00e9n Garc\u00eda. Periodista y analista especializado en turismo desde hace 35 a\u00f1os, radicado en Canc\u00fan Q.Roo. arturo@nitu.mx","sameAs":["https:\/\/nitu.mx","https:\/\/www.facebook.com\/NITUmx\/","medinacancun","https:\/\/twitter.com\/@Arturo_Medina_G"]},{"@type":"Person","@id":"https:\/\/nitu.mx\/#\/schema\/person\/4a28fe9bd65924f7c90623773daf1b0b","name":"Redacci\u00f3n","image":{"@type":"ImageObject","inLanguage":"es-MX","@id":"https:\/\/nitu.mx\/#\/schema\/person\/image\/","url":"https:\/\/secure.gravatar.com\/avatar\/5dd011c8ccfc5cd7e4c81e42252aab38?s=96&d=mm&r=g","contentUrl":"https:\/\/secure.gravatar.com\/avatar\/5dd011c8ccfc5cd7e4c81e42252aab38?s=96&d=mm&r=g","caption":"Redacci\u00f3n"},"url":"https:\/\/nitu.mx\/index.php\/author\/redaccion\/"}]}},"views":239,"_links":{"self":[{"href":"https:\/\/nitu.mx\/index.php\/wp-json\/wp\/v2\/posts\/52225"}],"collection":[{"href":"https:\/\/nitu.mx\/index.php\/wp-json\/wp\/v2\/posts"}],"about":[{"href":"https:\/\/nitu.mx\/index.php\/wp-json\/wp\/v2\/types\/post"}],"author":[{"embeddable":true,"href":"https:\/\/nitu.mx\/index.php\/wp-json\/wp\/v2\/users\/17"}],"replies":[{"embeddable":true,"href":"https:\/\/nitu.mx\/index.php\/wp-json\/wp\/v2\/comments?post=52225"}],"version-history":[{"count":1,"href":"https:\/\/nitu.mx\/index.php\/wp-json\/wp\/v2\/posts\/52225\/revisions"}],"predecessor-version":[{"id":52226,"href":"https:\/\/nitu.mx\/index.php\/wp-json\/wp\/v2\/posts\/52225\/revisions\/52226"}],"wp:featuredmedia":[{"embeddable":true,"href":"https:\/\/nitu.mx\/index.php\/wp-json\/wp\/v2\/media\/45908"}],"wp:attachment":[{"href":"https:\/\/nitu.mx\/index.php\/wp-json\/wp\/v2\/media?parent=52225"}],"wp:term":[{"taxonomy":"category","embeddable":true,"href":"https:\/\/nitu.mx\/index.php\/wp-json\/wp\/v2\/categories?post=52225"},{"taxonomy":"post_tag","embeddable":true,"href":"https:\/\/nitu.mx\/index.php\/wp-json\/wp\/v2\/tags?post=52225"}],"curies":[{"name":"wp","href":"https:\/\/api.w.org\/{rel}","templated":true}]}}