{"id":52197,"date":"2021-05-06T00:08:54","date_gmt":"2021-05-06T05:08:54","guid":{"rendered":"https:\/\/www.dev.nitu.mx\/?p=52197"},"modified":"2021-05-06T00:23:43","modified_gmt":"2021-05-06T05:23:43","slug":"destinos-de-quintana-roo-se-reactivarian-en-junio-en-su-totalidad","status":"publish","type":"post","link":"https:\/\/nitu.mx\/index.php\/2021\/05\/06\/destinos-de-quintana-roo-se-reactivarian-en-junio-en-su-totalidad\/","title":{"rendered":"Destinos de Quintana Roo se reactivar\u00edan en junio en su totalidad"},"content":{"rendered":"<p>El gobierno del estado dio a conocer que resultado de la Cumbre Mundial de Viajes y Turismo (WTTC, por sus siglas en ingl\u00e9s) que design\u00f3 a Canc\u00fan como sede y del avance de vacunaci\u00f3n en Europa y Estados Unidos, los destinos de Quintana Roo se reactivar\u00e1n casi a 100% en arribo de vuelos y al menos 70% en ocupaci\u00f3n hotelera a partir de junio pr\u00f3ximo.<\/p>\n<p>Autoridades estatales aseguraron que el evento de la WTTC que puso en el radar mundial al Caribe mexicano est\u00e1 teniendo una reacci\u00f3n muy positiva del mercado internacional.<\/p>\n<p>De acuerdo con el Grupo Aeroportuario del Sureste, el Consejo de Promoci\u00f3n Tur\u00edstica de Quintana Roo y la Asociaci\u00f3n de Hoteles de Canc\u00fan y Puerto Morelos, en promedio llegan diario a Canc\u00fan 180 vuelos, por lo que de seguir as\u00ed en julio se alcanzar\u00eda casi 100% del n\u00famero de vuelos que se ten\u00eda antes de la pandemia e, incluso, podr\u00eda rebasar los vuelos operados en el 2019.<\/p>\n<p>El gobierno estatal asegur\u00f3 que seg\u00fan la consultora internacional Cirum, durante julio 10 aerol\u00edneas llegar\u00e1n a operar 7,194 vuelos programados a Canc\u00fan desde 39 ciudades de Estados Unidos, con 1.3 millones de asientos disponibles, lo cual representa 31% m\u00e1s respecto de los 954,584 asientos que estuvieron disponibles antes de la pandemia.<\/p>\n<p>Los vuelos proceder\u00e1n desde ciudades como Madrid, Portugal, Par\u00eds, Polonia y Z\u00farich, a trav\u00e9s de los cuales se recuperar\u00e1 al menos 70% del mercado europeo que en el 2019 alcanzaba 870,000 visitantes de m\u00e1s de 25 pa\u00edses del viejo continente.<\/p>\n<p>La Secretar\u00eda de Turismo estatal refiere que el aumento en la llegada de pasajeros v\u00eda a\u00e9rea se ve reflejado tambi\u00e9n en la ocupaci\u00f3n hotelera, la cual ha permitido alcanzar cifras favorables en los \u00faltimos d\u00edas, llegando Canc\u00fan a 54%, Riviera Maya 43%, Cozumel 44% y 30% en Gran Costa Maya, lo cual implica la llega diaria de 110,000 turistas en promedio a Quintana Roo.<\/p>\n<p>\u201cCon base en las reservaciones que ahora son m\u00e1s anticipadas, para la pr\u00f3xima temporada de verano se espera la llegada de al menos medio mill\u00f3n de turistas, s\u00f3lo de Europa. Ya tenemos reservaciones hasta agosto, y todos los d\u00edas los centros de hospedaje reportan en los libros las ocupaciones ya programadas\u201d, dijo el presidente de los hoteleros de Canc\u00fan, Puerto Morelos e Isla Mujeres, Roberto Cintr\u00f3n.<\/p>\n","protected":false},"excerpt":{"rendered":"<p>El gobierno del estado dio a conocer que resultado de la Cumbre Mundial de Viajes y Turismo (WTTC, por sus siglas en ingl\u00e9s) que design\u00f3 a Canc\u00fan como sede y del avance de vacunaci\u00f3n en Europa y Estados Unidos, los destinos de Quintana Roo se reactivar\u00e1n casi a 100% en arribo de vuelos y al [&hellip;]<\/p>\n","protected":false},"author":17,"featured_media":16228,"comment_status":"open","ping_status":"open","sticky":false,"template":"","format":"standard","meta":{"footnotes":""},"categories":[5,374],"tags":[43,260,1130,5369],"yoast_head":"<!-- This site is optimized with the Yoast SEO plugin v22.2 - https:\/\/yoast.com\/wordpress\/plugins\/seo\/ -->\n<title>Destinos de Quintana Roo se reactivar\u00edan en junio en su totalidad - Nitu - Noticias de la Industria Turistica<\/title>\n<meta name=\"robots\" content=\"index, follow, max-snippet:-1, max-image-preview:large, max-video-preview:-1\" \/>\n<link rel=\"canonical\" href=\"https:\/\/nitu.mx\/index.php\/2021\/05\/06\/destinos-de-quintana-roo-se-reactivarian-en-junio-en-su-totalidad\/\" \/>\n<meta name=\"twitter:card\" content=\"summary_large_image\" \/>\n<meta name=\"twitter:title\" content=\"Destinos de Quintana Roo se reactivar\u00edan en junio en su totalidad - Nitu - Noticias de la Industria Turistica\" \/>\n<meta name=\"twitter:description\" content=\"El gobierno del estado dio a conocer que resultado de la Cumbre Mundial de Viajes y Turismo (WTTC, por sus siglas en ingl\u00e9s) que design\u00f3 a Canc\u00fan como sede y del avance de vacunaci\u00f3n en Europa y Estados Unidos, los destinos de Quintana Roo se reactivar\u00e1n casi a 100% en arribo de vuelos y al [&hellip;]\" \/>\n<meta name=\"twitter:image\" content=\"https:\/\/nitu.mx\/wp-content\/uploads\/2018\/01\/inicio-ley-seca-en-quintana-roo-5017d85f9c0a8187c64503c81e8645da.jpg\" \/>\n<meta name=\"twitter:creator\" content=\"@NITUmx\" \/>\n<meta name=\"twitter:site\" content=\"@Arturo_Medina_G\" \/>\n<meta name=\"twitter:label1\" content=\"Escrito por\" \/>\n\t<meta name=\"twitter:data1\" content=\"Redacci\u00f3n\" \/>\n\t<meta name=\"twitter:label2\" content=\"Tiempo de lectura\" \/>\n\t<meta name=\"twitter:data2\" content=\"2 minutos\" \/>\n<script type=\"application\/ld+json\" class=\"yoast-schema-graph\">{\"@context\":\"https:\/\/schema.org\",\"@graph\":[{\"@type\":\"Article\",\"@id\":\"https:\/\/nitu.mx\/index.php\/2021\/05\/06\/destinos-de-quintana-roo-se-reactivarian-en-junio-en-su-totalidad\/#article\",\"isPartOf\":{\"@id\":\"https:\/\/nitu.mx\/index.php\/2021\/05\/06\/destinos-de-quintana-roo-se-reactivarian-en-junio-en-su-totalidad\/\"},\"author\":{\"name\":\"Redacci\u00f3n\",\"@id\":\"https:\/\/nitu.mx\/#\/schema\/person\/4a28fe9bd65924f7c90623773daf1b0b\"},\"headline\":\"Destinos de Quintana Roo se reactivar\u00edan en junio en su totalidad\",\"datePublished\":\"2021-05-06T05:08:54+00:00\",\"dateModified\":\"2021-05-06T05:23:43+00:00\",\"mainEntityOfPage\":{\"@id\":\"https:\/\/nitu.mx\/index.php\/2021\/05\/06\/destinos-de-quintana-roo-se-reactivarian-en-junio-en-su-totalidad\/\"},\"wordCount\":413,\"commentCount\":0,\"publisher\":{\"@id\":\"https:\/\/nitu.mx\/#\/schema\/person\/ae7a53426417292d3dd07b45a33e01bc\"},\"image\":{\"@id\":\"https:\/\/nitu.mx\/index.php\/2021\/05\/06\/destinos-de-quintana-roo-se-reactivarian-en-junio-en-su-totalidad\/#primaryimage\"},\"thumbnailUrl\":\"https:\/\/nitu.mx\/wp-content\/uploads\/2018\/01\/inicio-ley-seca-en-quintana-roo-5017d85f9c0a8187c64503c81e8645da.jpg\",\"keywords\":[\"Canc\u00fan\",\"Quintana Roo\",\"Roberto Cintr\u00f3n\",\"v\u00eda a\u00e9rea\"],\"articleSection\":[\"Destinos\",\"Internacional\"],\"inLanguage\":\"es-MX\",\"potentialAction\":[{\"@type\":\"CommentAction\",\"name\":\"Comment\",\"target\":[\"https:\/\/nitu.mx\/index.php\/2021\/05\/06\/destinos-de-quintana-roo-se-reactivarian-en-junio-en-su-totalidad\/#respond\"]}]},{\"@type\":\"WebPage\",\"@id\":\"https:\/\/nitu.mx\/index.php\/2021\/05\/06\/destinos-de-quintana-roo-se-reactivarian-en-junio-en-su-totalidad\/\",\"url\":\"https:\/\/nitu.mx\/index.php\/2021\/05\/06\/destinos-de-quintana-roo-se-reactivarian-en-junio-en-su-totalidad\/\",\"name\":\"Destinos de Quintana Roo se reactivar\u00edan en junio en su totalidad - Nitu - Noticias de la Industria Turistica\",\"isPartOf\":{\"@id\":\"https:\/\/nitu.mx\/#website\"},\"primaryImageOfPage\":{\"@id\":\"https:\/\/nitu.mx\/index.php\/2021\/05\/06\/destinos-de-quintana-roo-se-reactivarian-en-junio-en-su-totalidad\/#primaryimage\"},\"image\":{\"@id\":\"https:\/\/nitu.mx\/index.php\/2021\/05\/06\/destinos-de-quintana-roo-se-reactivarian-en-junio-en-su-totalidad\/#primaryimage\"},\"thumbnailUrl\":\"https:\/\/nitu.mx\/wp-content\/uploads\/2018\/01\/inicio-ley-seca-en-quintana-roo-5017d85f9c0a8187c64503c81e8645da.jpg\",\"datePublished\":\"2021-05-06T05:08:54+00:00\",\"dateModified\":\"2021-05-06T05:23:43+00:00\",\"breadcrumb\":{\"@id\":\"https:\/\/nitu.mx\/index.php\/2021\/05\/06\/destinos-de-quintana-roo-se-reactivarian-en-junio-en-su-totalidad\/#breadcrumb\"},\"inLanguage\":\"es-MX\",\"potentialAction\":[{\"@type\":\"ReadAction\",\"target\":[\"https:\/\/nitu.mx\/index.php\/2021\/05\/06\/destinos-de-quintana-roo-se-reactivarian-en-junio-en-su-totalidad\/\"]}]},{\"@type\":\"ImageObject\",\"inLanguage\":\"es-MX\",\"@id\":\"https:\/\/nitu.mx\/index.php\/2021\/05\/06\/destinos-de-quintana-roo-se-reactivarian-en-junio-en-su-totalidad\/#primaryimage\",\"url\":\"https:\/\/nitu.mx\/wp-content\/uploads\/2018\/01\/inicio-ley-seca-en-quintana-roo-5017d85f9c0a8187c64503c81e8645da.jpg\",\"contentUrl\":\"https:\/\/nitu.mx\/wp-content\/uploads\/2018\/01\/inicio-ley-seca-en-quintana-roo-5017d85f9c0a8187c64503c81e8645da.jpg\",\"width\":1000,\"height\":600,\"caption\":\"Quintana roo\"},{\"@type\":\"BreadcrumbList\",\"@id\":\"https:\/\/nitu.mx\/index.php\/2021\/05\/06\/destinos-de-quintana-roo-se-reactivarian-en-junio-en-su-totalidad\/#breadcrumb\",\"itemListElement\":[{\"@type\":\"ListItem\",\"position\":1,\"name\":\"Inicio\",\"item\":\"https:\/\/nitu.mx\/\"},{\"@type\":\"ListItem\",\"position\":2,\"name\":\"Destinos de Quintana Roo se reactivar\u00edan en junio en su totalidad\"}]},{\"@type\":\"WebSite\",\"@id\":\"https:\/\/nitu.mx\/#website\",\"url\":\"https:\/\/nitu.mx\/\",\"name\":\"Nitu - Noticias de la Industria Turistica\",\"description\":\"Noticias de la Industria Turistica\",\"publisher\":{\"@id\":\"https:\/\/nitu.mx\/#\/schema\/person\/ae7a53426417292d3dd07b45a33e01bc\"},\"alternateName\":\"Noticias de la Industria Turistica\",\"potentialAction\":[{\"@type\":\"SearchAction\",\"target\":{\"@type\":\"EntryPoint\",\"urlTemplate\":\"https:\/\/nitu.mx\/?s={search_term_string}\"},\"query-input\":\"required name=search_term_string\"}],\"inLanguage\":\"es-MX\"},{\"@type\":[\"Person\",\"Organization\"],\"@id\":\"https:\/\/nitu.mx\/#\/schema\/person\/ae7a53426417292d3dd07b45a33e01bc\",\"name\":\"Arturo Medina\",\"image\":{\"@type\":\"ImageObject\",\"inLanguage\":\"es-MX\",\"@id\":\"https:\/\/nitu.mx\/#\/schema\/person\/image\/\",\"url\":\"https:\/\/nitu.mx\/wp-content\/uploads\/2024\/04\/4A315622-1904-4D5C-B022-878CDC840E04-90x90-1.jpeg\",\"contentUrl\":\"https:\/\/nitu.mx\/wp-content\/uploads\/2024\/04\/4A315622-1904-4D5C-B022-878CDC840E04-90x90-1.jpeg\",\"width\":90,\"height\":90,\"caption\":\"Arturo Medina\"},\"logo\":{\"@id\":\"https:\/\/nitu.mx\/#\/schema\/person\/image\/\"},\"description\":\"Director NITU.mx, Egresado de la Escuela de Periodismo Carlos Septi\u00e9n Garc\u00eda. Periodista y analista especializado en turismo desde hace 35 a\u00f1os, radicado en Canc\u00fan Q.Roo. arturo@nitu.mx\",\"sameAs\":[\"https:\/\/nitu.mx\",\"https:\/\/www.facebook.com\/NITUmx\/\",\"medinacancun\",\"https:\/\/twitter.com\/@Arturo_Medina_G\"]},{\"@type\":\"Person\",\"@id\":\"https:\/\/nitu.mx\/#\/schema\/person\/4a28fe9bd65924f7c90623773daf1b0b\",\"name\":\"Redacci\u00f3n\",\"image\":{\"@type\":\"ImageObject\",\"inLanguage\":\"es-MX\",\"@id\":\"https:\/\/nitu.mx\/#\/schema\/person\/image\/\",\"url\":\"https:\/\/secure.gravatar.com\/avatar\/5dd011c8ccfc5cd7e4c81e42252aab38?s=96&d=mm&r=g\",\"contentUrl\":\"https:\/\/secure.gravatar.com\/avatar\/5dd011c8ccfc5cd7e4c81e42252aab38?s=96&d=mm&r=g\",\"caption\":\"Redacci\u00f3n\"},\"url\":\"https:\/\/nitu.mx\/index.php\/author\/redaccion\/\"}]}<\/script>\n<!-- \/ Yoast SEO plugin. -->","yoast_head_json":{"title":"Destinos de Quintana Roo se reactivar\u00edan en junio en su totalidad - Nitu - Noticias de la Industria Turistica","robots":{"index":"index","follow":"follow","max-snippet":"max-snippet:-1","max-image-preview":"max-image-preview:large","max-video-preview":"max-video-preview:-1"},"canonical":"https:\/\/nitu.mx\/index.php\/2021\/05\/06\/destinos-de-quintana-roo-se-reactivarian-en-junio-en-su-totalidad\/","twitter_card":"summary_large_image","twitter_title":"Destinos de Quintana Roo se reactivar\u00edan en junio en su totalidad - Nitu - Noticias de la Industria Turistica","twitter_description":"El gobierno del estado dio a conocer que resultado de la Cumbre Mundial de Viajes y Turismo (WTTC, por sus siglas en ingl\u00e9s) que design\u00f3 a Canc\u00fan como sede y del avance de vacunaci\u00f3n en Europa y Estados Unidos, los destinos de Quintana Roo se reactivar\u00e1n casi a 100% en arribo de vuelos y al [&hellip;]","twitter_image":"https:\/\/nitu.mx\/wp-content\/uploads\/2018\/01\/inicio-ley-seca-en-quintana-roo-5017d85f9c0a8187c64503c81e8645da.jpg","twitter_creator":"@NITUmx","twitter_site":"@Arturo_Medina_G","twitter_misc":{"Escrito por":"Redacci\u00f3n","Tiempo de lectura":"2 minutos"},"schema":{"@context":"https:\/\/schema.org","@graph":[{"@type":"Article","@id":"https:\/\/nitu.mx\/index.php\/2021\/05\/06\/destinos-de-quintana-roo-se-reactivarian-en-junio-en-su-totalidad\/#article","isPartOf":{"@id":"https:\/\/nitu.mx\/index.php\/2021\/05\/06\/destinos-de-quintana-roo-se-reactivarian-en-junio-en-su-totalidad\/"},"author":{"name":"Redacci\u00f3n","@id":"https:\/\/nitu.mx\/#\/schema\/person\/4a28fe9bd65924f7c90623773daf1b0b"},"headline":"Destinos de Quintana Roo se reactivar\u00edan en junio en su totalidad","datePublished":"2021-05-06T05:08:54+00:00","dateModified":"2021-05-06T05:23:43+00:00","mainEntityOfPage":{"@id":"https:\/\/nitu.mx\/index.php\/2021\/05\/06\/destinos-de-quintana-roo-se-reactivarian-en-junio-en-su-totalidad\/"},"wordCount":413,"commentCount":0,"publisher":{"@id":"https:\/\/nitu.mx\/#\/schema\/person\/ae7a53426417292d3dd07b45a33e01bc"},"image":{"@id":"https:\/\/nitu.mx\/index.php\/2021\/05\/06\/destinos-de-quintana-roo-se-reactivarian-en-junio-en-su-totalidad\/#primaryimage"},"thumbnailUrl":"https:\/\/nitu.mx\/wp-content\/uploads\/2018\/01\/inicio-ley-seca-en-quintana-roo-5017d85f9c0a8187c64503c81e8645da.jpg","keywords":["Canc\u00fan","Quintana Roo","Roberto Cintr\u00f3n","v\u00eda a\u00e9rea"],"articleSection":["Destinos","Internacional"],"inLanguage":"es-MX","potentialAction":[{"@type":"CommentAction","name":"Comment","target":["https:\/\/nitu.mx\/index.php\/2021\/05\/06\/destinos-de-quintana-roo-se-reactivarian-en-junio-en-su-totalidad\/#respond"]}]},{"@type":"WebPage","@id":"https:\/\/nitu.mx\/index.php\/2021\/05\/06\/destinos-de-quintana-roo-se-reactivarian-en-junio-en-su-totalidad\/","url":"https:\/\/nitu.mx\/index.php\/2021\/05\/06\/destinos-de-quintana-roo-se-reactivarian-en-junio-en-su-totalidad\/","name":"Destinos de Quintana Roo se reactivar\u00edan en junio en su totalidad - Nitu - Noticias de la Industria Turistica","isPartOf":{"@id":"https:\/\/nitu.mx\/#website"},"primaryImageOfPage":{"@id":"https:\/\/nitu.mx\/index.php\/2021\/05\/06\/destinos-de-quintana-roo-se-reactivarian-en-junio-en-su-totalidad\/#primaryimage"},"image":{"@id":"https:\/\/nitu.mx\/index.php\/2021\/05\/06\/destinos-de-quintana-roo-se-reactivarian-en-junio-en-su-totalidad\/#primaryimage"},"thumbnailUrl":"https:\/\/nitu.mx\/wp-content\/uploads\/2018\/01\/inicio-ley-seca-en-quintana-roo-5017d85f9c0a8187c64503c81e8645da.jpg","datePublished":"2021-05-06T05:08:54+00:00","dateModified":"2021-05-06T05:23:43+00:00","breadcrumb":{"@id":"https:\/\/nitu.mx\/index.php\/2021\/05\/06\/destinos-de-quintana-roo-se-reactivarian-en-junio-en-su-totalidad\/#breadcrumb"},"inLanguage":"es-MX","potentialAction":[{"@type":"ReadAction","target":["https:\/\/nitu.mx\/index.php\/2021\/05\/06\/destinos-de-quintana-roo-se-reactivarian-en-junio-en-su-totalidad\/"]}]},{"@type":"ImageObject","inLanguage":"es-MX","@id":"https:\/\/nitu.mx\/index.php\/2021\/05\/06\/destinos-de-quintana-roo-se-reactivarian-en-junio-en-su-totalidad\/#primaryimage","url":"https:\/\/nitu.mx\/wp-content\/uploads\/2018\/01\/inicio-ley-seca-en-quintana-roo-5017d85f9c0a8187c64503c81e8645da.jpg","contentUrl":"https:\/\/nitu.mx\/wp-content\/uploads\/2018\/01\/inicio-ley-seca-en-quintana-roo-5017d85f9c0a8187c64503c81e8645da.jpg","width":1000,"height":600,"caption":"Quintana roo"},{"@type":"BreadcrumbList","@id":"https:\/\/nitu.mx\/index.php\/2021\/05\/06\/destinos-de-quintana-roo-se-reactivarian-en-junio-en-su-totalidad\/#breadcrumb","itemListElement":[{"@type":"ListItem","position":1,"name":"Inicio","item":"https:\/\/nitu.mx\/"},{"@type":"ListItem","position":2,"name":"Destinos de Quintana Roo se reactivar\u00edan en junio en su totalidad"}]},{"@type":"WebSite","@id":"https:\/\/nitu.mx\/#website","url":"https:\/\/nitu.mx\/","name":"Nitu - Noticias de la Industria Turistica","description":"Noticias de la Industria Turistica","publisher":{"@id":"https:\/\/nitu.mx\/#\/schema\/person\/ae7a53426417292d3dd07b45a33e01bc"},"alternateName":"Noticias de la Industria Turistica","potentialAction":[{"@type":"SearchAction","target":{"@type":"EntryPoint","urlTemplate":"https:\/\/nitu.mx\/?s={search_term_string}"},"query-input":"required name=search_term_string"}],"inLanguage":"es-MX"},{"@type":["Person","Organization"],"@id":"https:\/\/nitu.mx\/#\/schema\/person\/ae7a53426417292d3dd07b45a33e01bc","name":"Arturo Medina","image":{"@type":"ImageObject","inLanguage":"es-MX","@id":"https:\/\/nitu.mx\/#\/schema\/person\/image\/","url":"https:\/\/nitu.mx\/wp-content\/uploads\/2024\/04\/4A315622-1904-4D5C-B022-878CDC840E04-90x90-1.jpeg","contentUrl":"https:\/\/nitu.mx\/wp-content\/uploads\/2024\/04\/4A315622-1904-4D5C-B022-878CDC840E04-90x90-1.jpeg","width":90,"height":90,"caption":"Arturo Medina"},"logo":{"@id":"https:\/\/nitu.mx\/#\/schema\/person\/image\/"},"description":"Director NITU.mx, Egresado de la Escuela de Periodismo Carlos Septi\u00e9n Garc\u00eda. Periodista y analista especializado en turismo desde hace 35 a\u00f1os, radicado en Canc\u00fan Q.Roo. arturo@nitu.mx","sameAs":["https:\/\/nitu.mx","https:\/\/www.facebook.com\/NITUmx\/","medinacancun","https:\/\/twitter.com\/@Arturo_Medina_G"]},{"@type":"Person","@id":"https:\/\/nitu.mx\/#\/schema\/person\/4a28fe9bd65924f7c90623773daf1b0b","name":"Redacci\u00f3n","image":{"@type":"ImageObject","inLanguage":"es-MX","@id":"https:\/\/nitu.mx\/#\/schema\/person\/image\/","url":"https:\/\/secure.gravatar.com\/avatar\/5dd011c8ccfc5cd7e4c81e42252aab38?s=96&d=mm&r=g","contentUrl":"https:\/\/secure.gravatar.com\/avatar\/5dd011c8ccfc5cd7e4c81e42252aab38?s=96&d=mm&r=g","caption":"Redacci\u00f3n"},"url":"https:\/\/nitu.mx\/index.php\/author\/redaccion\/"}]}},"views":214,"_links":{"self":[{"href":"https:\/\/nitu.mx\/index.php\/wp-json\/wp\/v2\/posts\/52197"}],"collection":[{"href":"https:\/\/nitu.mx\/index.php\/wp-json\/wp\/v2\/posts"}],"about":[{"href":"https:\/\/nitu.mx\/index.php\/wp-json\/wp\/v2\/types\/post"}],"author":[{"embeddable":true,"href":"https:\/\/nitu.mx\/index.php\/wp-json\/wp\/v2\/users\/17"}],"replies":[{"embeddable":true,"href":"https:\/\/nitu.mx\/index.php\/wp-json\/wp\/v2\/comments?post=52197"}],"version-history":[{"count":2,"href":"https:\/\/nitu.mx\/index.php\/wp-json\/wp\/v2\/posts\/52197\/revisions"}],"predecessor-version":[{"id":52212,"href":"https:\/\/nitu.mx\/index.php\/wp-json\/wp\/v2\/posts\/52197\/revisions\/52212"}],"wp:featuredmedia":[{"embeddable":true,"href":"https:\/\/nitu.mx\/index.php\/wp-json\/wp\/v2\/media\/16228"}],"wp:attachment":[{"href":"https:\/\/nitu.mx\/index.php\/wp-json\/wp\/v2\/media?parent=52197"}],"wp:term":[{"taxonomy":"category","embeddable":true,"href":"https:\/\/nitu.mx\/index.php\/wp-json\/wp\/v2\/categories?post=52197"},{"taxonomy":"post_tag","embeddable":true,"href":"https:\/\/nitu.mx\/index.php\/wp-json\/wp\/v2\/tags?post=52197"}],"curies":[{"name":"wp","href":"https:\/\/api.w.org\/{rel}","templated":true}]}}