{"id":52002,"date":"2021-04-27T20:17:46","date_gmt":"2021-04-28T01:17:46","guid":{"rendered":"https:\/\/www.dev.nitu.mx\/?p=52002"},"modified":"2021-04-28T09:15:29","modified_gmt":"2021-04-28T14:15:29","slug":"entrega-cnet-a-gloria-guevara-presea-de-liderazgo-turistico","status":"publish","type":"post","link":"https:\/\/nitu.mx\/index.php\/2021\/04\/27\/entrega-cnet-a-gloria-guevara-presea-de-liderazgo-turistico\/","title":{"rendered":"Entrega CNET a Gloria Guevara presea de liderazgo tur\u00edstico"},"content":{"rendered":"<p>Braulio Arsuaga Losada, presidente del Consejo Nacional Empresarial Tur\u00edstico (CNET) entreg\u00f3 la Presea al Liderazgo Tur\u00edstico a Gloria Guevara Mazo, presidenta y directora general del Consejo Mundial de Viajes y Turismo (WTTC, por sus siglas en Ingl\u00e9s),\u00a0 por su contribuci\u00f3n al desarrollo del sector tur\u00edstico a nivel nacional e internacional.<\/p>\n<p>Este es el mayor reconocimiento que el sector privado tur\u00edstico de M\u00e9xico otorga a personajes, cuya actividad profesional fortalece a la industria, y contribuye al desarrollo econ\u00f3mico del pa\u00eds y convirti\u00f3 a la galardonada en la primera mujer en recibir esta presea.<\/p>\n<blockquote class=\"twitter-tweet\" data-width=\"550\" data-dnt=\"true\">\n<p lang=\"es\" dir=\"ltr\">El presidente del <a href=\"https:\/\/twitter.com\/hashtag\/CNET?src=hash&amp;ref_src=twsrc%5Etfw\">#CNET<\/a>, Braulio Arsuaga <a href=\"https:\/\/twitter.com\/b_arsuagal?ref_src=twsrc%5Etfw\">@b_arsuagal<\/a> entreg\u00f3 a Gloria Guevara <a href=\"https:\/\/twitter.com\/GGuevaraM?ref_src=twsrc%5Etfw\">@GGuevaraM<\/a> la Presea CNET al Liderazgo Tur\u00edstico.<br \/>Es la primera vez en la historia que el CNET otorga este reconocimiento a una <a href=\"https:\/\/twitter.com\/hashtag\/mujer?src=hash&amp;ref_src=twsrc%5Etfw\">#mujer<\/a> <a href=\"https:\/\/t.co\/NEMSvYxuKv\">pic.twitter.com\/NEMSvYxuKv<\/a><\/p>\n<p>&mdash; CNET (@cnet_mexico) <a href=\"https:\/\/twitter.com\/cnet_mexico\/status\/1387041124670451713?ref_src=twsrc%5Etfw\">April 27, 2021<\/a><\/p><\/blockquote>\n<p><script async src=\"https:\/\/platform.twitter.com\/widgets.js\" charset=\"utf-8\"><\/script><\/p>\n<p>Gloria Guevara Manzo agradeci\u00f3 la distinci\u00f3n y dijo que el papel de la mujer ha cobrado especial relevancia en el sector tur\u00edstico global.\u00a0Record\u00f3 que m\u00e1s de 50 por ciento de la fuerza laboral en viajes y turismo corresponde a mujeres.<\/p>\n<p>Asimismo, resalt\u00f3 que la Cumbre Mundial del WTTC celebrada en Canc\u00fan, del 25 al 27 de abril, tuvo un cap\u00edtulo especial dedicado a las mujeres, para destacar su decidida contribuci\u00f3n al impulso de esta industria.<\/p>\n<p>Dijo que en momentos en que el turismo enfrenta su mayor reto en la historia, por la emergencia sanitaria, es importante que el sector privado trabaje de manera decidida con el sector p\u00fablico, para hacer un gran equipo que permita superar esta crisis.<\/p>\n<blockquote class=\"twitter-tweet\" data-width=\"550\" data-dnt=\"true\">\n<p lang=\"es\" dir=\"ltr\">Es un honor recibir la Presea <a href=\"https:\/\/twitter.com\/cnet_mexico?ref_src=twsrc%5Etfw\">@cnet_mexico<\/a> al Liderazgo Tur\u00edstico. Gracias a <a href=\"https:\/\/twitter.com\/b_arsuaga?ref_src=twsrc%5Etfw\">@b_arsuaga<\/a> por su compromiso e involucramiento para trabajar unidos en favor de tantas personas que dependen del sector <a href=\"https:\/\/twitter.com\/hashtag\/ViajesYTurismo?src=hash&amp;ref_src=twsrc%5Etfw\">#ViajesYTurismo<\/a> <a href=\"https:\/\/twitter.com\/TorrucoTurismo?ref_src=twsrc%5Etfw\">@TorrucoTurismo<\/a> <a href=\"https:\/\/t.co\/WjkhzbJjzC\">pic.twitter.com\/WjkhzbJjzC<\/a><\/p>\n<p>&mdash; Gloria Guevara Manzo (@GGuevaraM) <a href=\"https:\/\/twitter.com\/GGuevaraM\/status\/1387064182630232064?ref_src=twsrc%5Etfw\">April 27, 2021<\/a><\/p><\/blockquote>\n<p><script async src=\"https:\/\/platform.twitter.com\/widgets.js\" charset=\"utf-8\"><\/script><\/p>\n<p>La Presea CNET al Liderazgo Tur\u00edstico es otorgada de forma anual desde hace 10 a\u00f1os y ha sido recibido por personalidades como Eduardo S\u00e1nchez Navarro Redo, Miguel Quintana Pali, Antonio Cosio Ari\u00f1o, Juan Beckman Vidal, Francisco Madrid Flores, \u00c1ngel Losada Moreno, Alberto Torrado Mart\u00ednez, Juli\u00e1n Balbuena Alonso y Fernando Chico Pardo.<\/p>\n<p>Para finalizar, Braulio Arsuaga, se\u00f1al\u00f3 que este a\u00f1o dicho reconocimiento cobra mayor relevancia porque en el contexto actual de la mayor crisis que el sector tur\u00edstico ha enfrentado en toda su historia. (<a title=\"Uniendo al mundo para la recuperaci\u00f3n; lema de la cumbre de la WTTC en Canc\u00fan\" href=\"https:\/\/www.dev.nitu.mx\/index.php\/2021\/04\/25\/uniendo-al-mundo-para-la-recuperacion-lema-de-la-cumbre-de-la-wttc-en-cancun\/\" rel=\"bookmark\">Uniendo al mundo para la recuperaci\u00f3n; lema de la cumbre de la WTTC en Canc\u00fan<\/a>).<\/p>\n<p>\u201cGloria ha dado ejemplo de liderazgo propositivo, responsable y valiente para destacar la importancia la actividad tur\u00edstica, y el hecho de que apoyando al turismo se apoya el bienestar de las comunidades tur\u00edsticas, de las familias y de las empresas de todos tama\u00f1os. Esto, en cada uno de los pa\u00edses que han apostado por el impulso de un desarrollo sostenible e incluyente a trav\u00e9s del turismo\u201d, destac\u00f3 Arsuaga.<\/p>\n","protected":false},"excerpt":{"rendered":"<p>Braulio Arsuaga Losada, presidente del Consejo Nacional Empresarial Tur\u00edstico (CNET) entreg\u00f3 la Presea al Liderazgo Tur\u00edstico a Gloria Guevara Mazo, presidenta y directora general del Consejo Mundial de Viajes y Turismo (WTTC, por sus siglas en Ingl\u00e9s),\u00a0 por su contribuci\u00f3n al desarrollo del sector tur\u00edstico a nivel nacional e internacional. Este es el mayor reconocimiento [&hellip;]<\/p>\n","protected":false},"author":17,"featured_media":52004,"comment_status":"open","ping_status":"open","sticky":false,"template":"","format":"standard","meta":{"footnotes":""},"categories":[21403,18475],"tags":[2233,5326],"yoast_head":"<!-- This site is optimized with the Yoast SEO plugin v22.2 - https:\/\/yoast.com\/wordpress\/plugins\/seo\/ -->\n<title>Entrega CNET a Gloria Guevara presea de liderazgo tur\u00edstico - Nitu - Noticias de la Industria Turistica<\/title>\n<meta name=\"robots\" content=\"index, follow, max-snippet:-1, max-image-preview:large, max-video-preview:-1\" \/>\n<link rel=\"canonical\" href=\"https:\/\/nitu.mx\/index.php\/2021\/04\/27\/entrega-cnet-a-gloria-guevara-presea-de-liderazgo-turistico\/\" \/>\n<meta name=\"twitter:card\" content=\"summary_large_image\" \/>\n<meta name=\"twitter:title\" content=\"Entrega CNET a Gloria Guevara presea de liderazgo tur\u00edstico - Nitu - Noticias de la Industria Turistica\" \/>\n<meta name=\"twitter:description\" content=\"Braulio Arsuaga Losada, presidente del Consejo Nacional Empresarial Tur\u00edstico (CNET) entreg\u00f3 la Presea al Liderazgo Tur\u00edstico a Gloria Guevara Mazo, presidenta y directora general del Consejo Mundial de Viajes y Turismo (WTTC, por sus siglas en Ingl\u00e9s),\u00a0 por su contribuci\u00f3n al desarrollo del sector tur\u00edstico a nivel nacional e internacional. Este es el mayor reconocimiento [&hellip;]\" \/>\n<meta name=\"twitter:image\" content=\"https:\/\/nitu.mx\/wp-content\/uploads\/2021\/04\/CNET.jpeg\" \/>\n<meta name=\"twitter:creator\" content=\"@NITUmx\" \/>\n<meta name=\"twitter:site\" content=\"@Arturo_Medina_G\" \/>\n<meta name=\"twitter:label1\" content=\"Escrito por\" \/>\n\t<meta name=\"twitter:data1\" content=\"Redacci\u00f3n\" \/>\n\t<meta name=\"twitter:label2\" content=\"Tiempo de lectura\" \/>\n\t<meta name=\"twitter:data2\" content=\"2 minutos\" \/>\n<script type=\"application\/ld+json\" class=\"yoast-schema-graph\">{\"@context\":\"https:\/\/schema.org\",\"@graph\":[{\"@type\":\"Article\",\"@id\":\"https:\/\/nitu.mx\/index.php\/2021\/04\/27\/entrega-cnet-a-gloria-guevara-presea-de-liderazgo-turistico\/#article\",\"isPartOf\":{\"@id\":\"https:\/\/nitu.mx\/index.php\/2021\/04\/27\/entrega-cnet-a-gloria-guevara-presea-de-liderazgo-turistico\/\"},\"author\":{\"name\":\"Redacci\u00f3n\",\"@id\":\"https:\/\/nitu.mx\/#\/schema\/person\/4a28fe9bd65924f7c90623773daf1b0b\"},\"headline\":\"Entrega CNET a Gloria Guevara presea de liderazgo tur\u00edstico\",\"datePublished\":\"2021-04-28T01:17:46+00:00\",\"dateModified\":\"2021-04-28T14:15:29+00:00\",\"mainEntityOfPage\":{\"@id\":\"https:\/\/nitu.mx\/index.php\/2021\/04\/27\/entrega-cnet-a-gloria-guevara-presea-de-liderazgo-turistico\/\"},\"wordCount\":428,\"commentCount\":0,\"publisher\":{\"@id\":\"https:\/\/nitu.mx\/#\/schema\/person\/ae7a53426417292d3dd07b45a33e01bc\"},\"image\":{\"@id\":\"https:\/\/nitu.mx\/index.php\/2021\/04\/27\/entrega-cnet-a-gloria-guevara-presea-de-liderazgo-turistico\/#primaryimage\"},\"thumbnailUrl\":\"https:\/\/nitu.mx\/wp-content\/uploads\/2021\/04\/CNET.jpeg\",\"keywords\":[\"Confederaci\u00f3n de Empresarios Tur\u00edsticos (CNET)\",\"Gloria Guevara Manzo\"],\"articleSection\":[\"Canc\u00fan\",\"Caribe Mexicano\"],\"inLanguage\":\"es-MX\",\"potentialAction\":[{\"@type\":\"CommentAction\",\"name\":\"Comment\",\"target\":[\"https:\/\/nitu.mx\/index.php\/2021\/04\/27\/entrega-cnet-a-gloria-guevara-presea-de-liderazgo-turistico\/#respond\"]}]},{\"@type\":\"WebPage\",\"@id\":\"https:\/\/nitu.mx\/index.php\/2021\/04\/27\/entrega-cnet-a-gloria-guevara-presea-de-liderazgo-turistico\/\",\"url\":\"https:\/\/nitu.mx\/index.php\/2021\/04\/27\/entrega-cnet-a-gloria-guevara-presea-de-liderazgo-turistico\/\",\"name\":\"Entrega CNET a Gloria Guevara presea de liderazgo tur\u00edstico - Nitu - Noticias de la Industria Turistica\",\"isPartOf\":{\"@id\":\"https:\/\/nitu.mx\/#website\"},\"primaryImageOfPage\":{\"@id\":\"https:\/\/nitu.mx\/index.php\/2021\/04\/27\/entrega-cnet-a-gloria-guevara-presea-de-liderazgo-turistico\/#primaryimage\"},\"image\":{\"@id\":\"https:\/\/nitu.mx\/index.php\/2021\/04\/27\/entrega-cnet-a-gloria-guevara-presea-de-liderazgo-turistico\/#primaryimage\"},\"thumbnailUrl\":\"https:\/\/nitu.mx\/wp-content\/uploads\/2021\/04\/CNET.jpeg\",\"datePublished\":\"2021-04-28T01:17:46+00:00\",\"dateModified\":\"2021-04-28T14:15:29+00:00\",\"breadcrumb\":{\"@id\":\"https:\/\/nitu.mx\/index.php\/2021\/04\/27\/entrega-cnet-a-gloria-guevara-presea-de-liderazgo-turistico\/#breadcrumb\"},\"inLanguage\":\"es-MX\",\"potentialAction\":[{\"@type\":\"ReadAction\",\"target\":[\"https:\/\/nitu.mx\/index.php\/2021\/04\/27\/entrega-cnet-a-gloria-guevara-presea-de-liderazgo-turistico\/\"]}]},{\"@type\":\"ImageObject\",\"inLanguage\":\"es-MX\",\"@id\":\"https:\/\/nitu.mx\/index.php\/2021\/04\/27\/entrega-cnet-a-gloria-guevara-presea-de-liderazgo-turistico\/#primaryimage\",\"url\":\"https:\/\/nitu.mx\/wp-content\/uploads\/2021\/04\/CNET.jpeg\",\"contentUrl\":\"https:\/\/nitu.mx\/wp-content\/uploads\/2021\/04\/CNET.jpeg\",\"width\":287,\"height\":175},{\"@type\":\"BreadcrumbList\",\"@id\":\"https:\/\/nitu.mx\/index.php\/2021\/04\/27\/entrega-cnet-a-gloria-guevara-presea-de-liderazgo-turistico\/#breadcrumb\",\"itemListElement\":[{\"@type\":\"ListItem\",\"position\":1,\"name\":\"Inicio\",\"item\":\"https:\/\/nitu.mx\/\"},{\"@type\":\"ListItem\",\"position\":2,\"name\":\"Entrega CNET a Gloria Guevara presea de liderazgo tur\u00edstico\"}]},{\"@type\":\"WebSite\",\"@id\":\"https:\/\/nitu.mx\/#website\",\"url\":\"https:\/\/nitu.mx\/\",\"name\":\"Nitu - Noticias de la Industria Turistica\",\"description\":\"Noticias de la Industria Turistica\",\"publisher\":{\"@id\":\"https:\/\/nitu.mx\/#\/schema\/person\/ae7a53426417292d3dd07b45a33e01bc\"},\"alternateName\":\"Noticias de la Industria Turistica\",\"potentialAction\":[{\"@type\":\"SearchAction\",\"target\":{\"@type\":\"EntryPoint\",\"urlTemplate\":\"https:\/\/nitu.mx\/?s={search_term_string}\"},\"query-input\":\"required name=search_term_string\"}],\"inLanguage\":\"es-MX\"},{\"@type\":[\"Person\",\"Organization\"],\"@id\":\"https:\/\/nitu.mx\/#\/schema\/person\/ae7a53426417292d3dd07b45a33e01bc\",\"name\":\"Arturo Medina\",\"image\":{\"@type\":\"ImageObject\",\"inLanguage\":\"es-MX\",\"@id\":\"https:\/\/nitu.mx\/#\/schema\/person\/image\/\",\"url\":\"https:\/\/nitu.mx\/wp-content\/uploads\/2024\/04\/4A315622-1904-4D5C-B022-878CDC840E04-90x90-1.jpeg\",\"contentUrl\":\"https:\/\/nitu.mx\/wp-content\/uploads\/2024\/04\/4A315622-1904-4D5C-B022-878CDC840E04-90x90-1.jpeg\",\"width\":90,\"height\":90,\"caption\":\"Arturo Medina\"},\"logo\":{\"@id\":\"https:\/\/nitu.mx\/#\/schema\/person\/image\/\"},\"description\":\"Director NITU.mx, Egresado de la Escuela de Periodismo Carlos Septi\u00e9n Garc\u00eda. Periodista y analista especializado en turismo desde hace 35 a\u00f1os, radicado en Canc\u00fan Q.Roo. arturo@nitu.mx\",\"sameAs\":[\"https:\/\/nitu.mx\",\"https:\/\/www.facebook.com\/NITUmx\/\",\"medinacancun\",\"https:\/\/twitter.com\/@Arturo_Medina_G\"]},{\"@type\":\"Person\",\"@id\":\"https:\/\/nitu.mx\/#\/schema\/person\/4a28fe9bd65924f7c90623773daf1b0b\",\"name\":\"Redacci\u00f3n\",\"image\":{\"@type\":\"ImageObject\",\"inLanguage\":\"es-MX\",\"@id\":\"https:\/\/nitu.mx\/#\/schema\/person\/image\/\",\"url\":\"https:\/\/secure.gravatar.com\/avatar\/5dd011c8ccfc5cd7e4c81e42252aab38?s=96&d=mm&r=g\",\"contentUrl\":\"https:\/\/secure.gravatar.com\/avatar\/5dd011c8ccfc5cd7e4c81e42252aab38?s=96&d=mm&r=g\",\"caption\":\"Redacci\u00f3n\"},\"url\":\"https:\/\/nitu.mx\/index.php\/author\/redaccion\/\"}]}<\/script>\n<!-- \/ Yoast SEO plugin. -->","yoast_head_json":{"title":"Entrega CNET a Gloria Guevara presea de liderazgo tur\u00edstico - Nitu - Noticias de la Industria Turistica","robots":{"index":"index","follow":"follow","max-snippet":"max-snippet:-1","max-image-preview":"max-image-preview:large","max-video-preview":"max-video-preview:-1"},"canonical":"https:\/\/nitu.mx\/index.php\/2021\/04\/27\/entrega-cnet-a-gloria-guevara-presea-de-liderazgo-turistico\/","twitter_card":"summary_large_image","twitter_title":"Entrega CNET a Gloria Guevara presea de liderazgo tur\u00edstico - Nitu - Noticias de la Industria Turistica","twitter_description":"Braulio Arsuaga Losada, presidente del Consejo Nacional Empresarial Tur\u00edstico (CNET) entreg\u00f3 la Presea al Liderazgo Tur\u00edstico a Gloria Guevara Mazo, presidenta y directora general del Consejo Mundial de Viajes y Turismo (WTTC, por sus siglas en Ingl\u00e9s),\u00a0 por su contribuci\u00f3n al desarrollo del sector tur\u00edstico a nivel nacional e internacional. Este es el mayor reconocimiento [&hellip;]","twitter_image":"https:\/\/nitu.mx\/wp-content\/uploads\/2021\/04\/CNET.jpeg","twitter_creator":"@NITUmx","twitter_site":"@Arturo_Medina_G","twitter_misc":{"Escrito por":"Redacci\u00f3n","Tiempo de lectura":"2 minutos"},"schema":{"@context":"https:\/\/schema.org","@graph":[{"@type":"Article","@id":"https:\/\/nitu.mx\/index.php\/2021\/04\/27\/entrega-cnet-a-gloria-guevara-presea-de-liderazgo-turistico\/#article","isPartOf":{"@id":"https:\/\/nitu.mx\/index.php\/2021\/04\/27\/entrega-cnet-a-gloria-guevara-presea-de-liderazgo-turistico\/"},"author":{"name":"Redacci\u00f3n","@id":"https:\/\/nitu.mx\/#\/schema\/person\/4a28fe9bd65924f7c90623773daf1b0b"},"headline":"Entrega CNET a Gloria Guevara presea de liderazgo tur\u00edstico","datePublished":"2021-04-28T01:17:46+00:00","dateModified":"2021-04-28T14:15:29+00:00","mainEntityOfPage":{"@id":"https:\/\/nitu.mx\/index.php\/2021\/04\/27\/entrega-cnet-a-gloria-guevara-presea-de-liderazgo-turistico\/"},"wordCount":428,"commentCount":0,"publisher":{"@id":"https:\/\/nitu.mx\/#\/schema\/person\/ae7a53426417292d3dd07b45a33e01bc"},"image":{"@id":"https:\/\/nitu.mx\/index.php\/2021\/04\/27\/entrega-cnet-a-gloria-guevara-presea-de-liderazgo-turistico\/#primaryimage"},"thumbnailUrl":"https:\/\/nitu.mx\/wp-content\/uploads\/2021\/04\/CNET.jpeg","keywords":["Confederaci\u00f3n de Empresarios Tur\u00edsticos (CNET)","Gloria Guevara Manzo"],"articleSection":["Canc\u00fan","Caribe Mexicano"],"inLanguage":"es-MX","potentialAction":[{"@type":"CommentAction","name":"Comment","target":["https:\/\/nitu.mx\/index.php\/2021\/04\/27\/entrega-cnet-a-gloria-guevara-presea-de-liderazgo-turistico\/#respond"]}]},{"@type":"WebPage","@id":"https:\/\/nitu.mx\/index.php\/2021\/04\/27\/entrega-cnet-a-gloria-guevara-presea-de-liderazgo-turistico\/","url":"https:\/\/nitu.mx\/index.php\/2021\/04\/27\/entrega-cnet-a-gloria-guevara-presea-de-liderazgo-turistico\/","name":"Entrega CNET a Gloria Guevara presea de liderazgo tur\u00edstico - Nitu - Noticias de la Industria Turistica","isPartOf":{"@id":"https:\/\/nitu.mx\/#website"},"primaryImageOfPage":{"@id":"https:\/\/nitu.mx\/index.php\/2021\/04\/27\/entrega-cnet-a-gloria-guevara-presea-de-liderazgo-turistico\/#primaryimage"},"image":{"@id":"https:\/\/nitu.mx\/index.php\/2021\/04\/27\/entrega-cnet-a-gloria-guevara-presea-de-liderazgo-turistico\/#primaryimage"},"thumbnailUrl":"https:\/\/nitu.mx\/wp-content\/uploads\/2021\/04\/CNET.jpeg","datePublished":"2021-04-28T01:17:46+00:00","dateModified":"2021-04-28T14:15:29+00:00","breadcrumb":{"@id":"https:\/\/nitu.mx\/index.php\/2021\/04\/27\/entrega-cnet-a-gloria-guevara-presea-de-liderazgo-turistico\/#breadcrumb"},"inLanguage":"es-MX","potentialAction":[{"@type":"ReadAction","target":["https:\/\/nitu.mx\/index.php\/2021\/04\/27\/entrega-cnet-a-gloria-guevara-presea-de-liderazgo-turistico\/"]}]},{"@type":"ImageObject","inLanguage":"es-MX","@id":"https:\/\/nitu.mx\/index.php\/2021\/04\/27\/entrega-cnet-a-gloria-guevara-presea-de-liderazgo-turistico\/#primaryimage","url":"https:\/\/nitu.mx\/wp-content\/uploads\/2021\/04\/CNET.jpeg","contentUrl":"https:\/\/nitu.mx\/wp-content\/uploads\/2021\/04\/CNET.jpeg","width":287,"height":175},{"@type":"BreadcrumbList","@id":"https:\/\/nitu.mx\/index.php\/2021\/04\/27\/entrega-cnet-a-gloria-guevara-presea-de-liderazgo-turistico\/#breadcrumb","itemListElement":[{"@type":"ListItem","position":1,"name":"Inicio","item":"https:\/\/nitu.mx\/"},{"@type":"ListItem","position":2,"name":"Entrega CNET a Gloria Guevara presea de liderazgo tur\u00edstico"}]},{"@type":"WebSite","@id":"https:\/\/nitu.mx\/#website","url":"https:\/\/nitu.mx\/","name":"Nitu - Noticias de la Industria Turistica","description":"Noticias de la Industria Turistica","publisher":{"@id":"https:\/\/nitu.mx\/#\/schema\/person\/ae7a53426417292d3dd07b45a33e01bc"},"alternateName":"Noticias de la Industria Turistica","potentialAction":[{"@type":"SearchAction","target":{"@type":"EntryPoint","urlTemplate":"https:\/\/nitu.mx\/?s={search_term_string}"},"query-input":"required name=search_term_string"}],"inLanguage":"es-MX"},{"@type":["Person","Organization"],"@id":"https:\/\/nitu.mx\/#\/schema\/person\/ae7a53426417292d3dd07b45a33e01bc","name":"Arturo Medina","image":{"@type":"ImageObject","inLanguage":"es-MX","@id":"https:\/\/nitu.mx\/#\/schema\/person\/image\/","url":"https:\/\/nitu.mx\/wp-content\/uploads\/2024\/04\/4A315622-1904-4D5C-B022-878CDC840E04-90x90-1.jpeg","contentUrl":"https:\/\/nitu.mx\/wp-content\/uploads\/2024\/04\/4A315622-1904-4D5C-B022-878CDC840E04-90x90-1.jpeg","width":90,"height":90,"caption":"Arturo Medina"},"logo":{"@id":"https:\/\/nitu.mx\/#\/schema\/person\/image\/"},"description":"Director NITU.mx, Egresado de la Escuela de Periodismo Carlos Septi\u00e9n Garc\u00eda. Periodista y analista especializado en turismo desde hace 35 a\u00f1os, radicado en Canc\u00fan Q.Roo. arturo@nitu.mx","sameAs":["https:\/\/nitu.mx","https:\/\/www.facebook.com\/NITUmx\/","medinacancun","https:\/\/twitter.com\/@Arturo_Medina_G"]},{"@type":"Person","@id":"https:\/\/nitu.mx\/#\/schema\/person\/4a28fe9bd65924f7c90623773daf1b0b","name":"Redacci\u00f3n","image":{"@type":"ImageObject","inLanguage":"es-MX","@id":"https:\/\/nitu.mx\/#\/schema\/person\/image\/","url":"https:\/\/secure.gravatar.com\/avatar\/5dd011c8ccfc5cd7e4c81e42252aab38?s=96&d=mm&r=g","contentUrl":"https:\/\/secure.gravatar.com\/avatar\/5dd011c8ccfc5cd7e4c81e42252aab38?s=96&d=mm&r=g","caption":"Redacci\u00f3n"},"url":"https:\/\/nitu.mx\/index.php\/author\/redaccion\/"}]}},"views":414,"_links":{"self":[{"href":"https:\/\/nitu.mx\/index.php\/wp-json\/wp\/v2\/posts\/52002"}],"collection":[{"href":"https:\/\/nitu.mx\/index.php\/wp-json\/wp\/v2\/posts"}],"about":[{"href":"https:\/\/nitu.mx\/index.php\/wp-json\/wp\/v2\/types\/post"}],"author":[{"embeddable":true,"href":"https:\/\/nitu.mx\/index.php\/wp-json\/wp\/v2\/users\/17"}],"replies":[{"embeddable":true,"href":"https:\/\/nitu.mx\/index.php\/wp-json\/wp\/v2\/comments?post=52002"}],"version-history":[{"count":5,"href":"https:\/\/nitu.mx\/index.php\/wp-json\/wp\/v2\/posts\/52002\/revisions"}],"predecessor-version":[{"id":52039,"href":"https:\/\/nitu.mx\/index.php\/wp-json\/wp\/v2\/posts\/52002\/revisions\/52039"}],"wp:featuredmedia":[{"embeddable":true,"href":"https:\/\/nitu.mx\/index.php\/wp-json\/wp\/v2\/media\/52004"}],"wp:attachment":[{"href":"https:\/\/nitu.mx\/index.php\/wp-json\/wp\/v2\/media?parent=52002"}],"wp:term":[{"taxonomy":"category","embeddable":true,"href":"https:\/\/nitu.mx\/index.php\/wp-json\/wp\/v2\/categories?post=52002"},{"taxonomy":"post_tag","embeddable":true,"href":"https:\/\/nitu.mx\/index.php\/wp-json\/wp\/v2\/tags?post=52002"}],"curies":[{"name":"wp","href":"https:\/\/api.w.org\/{rel}","templated":true}]}}