{"id":51998,"date":"2021-04-27T20:58:58","date_gmt":"2021-04-28T01:58:58","guid":{"rendered":"https:\/\/www.dev.nitu.mx\/?p=51998"},"modified":"2021-04-28T02:18:42","modified_gmt":"2021-04-28T07:18:42","slug":"decreta-wttc-la-iniciativa-cancun-por-las-mujeres","status":"publish","type":"post","link":"https:\/\/nitu.mx\/index.php\/2021\/04\/27\/decreta-wttc-la-iniciativa-cancun-por-las-mujeres\/","title":{"rendered":"Decreta WTTC la iniciativa Canc\u00fan por las mujeres"},"content":{"rendered":"<p>La declaratoria de la cumbre en Canc\u00fan de la WTTC, fue dedicada a la mujer, se present\u00f3 la \u201cIniciativa de la mujer\u201d que representa a 54% de mujeres que se dedican al sector y que busca el empoderamiento y la equidad de g\u00e9nero para todas las mujeres del mundo que se desempe\u00f1an en la industria tur\u00edstica en sectores privados, pol\u00edticas p\u00fablicas y en las universidades.<\/p>\n<p>Esta declaratoria logr\u00f3 reunir m\u00e1s de 100 firmas en el primer d\u00eda y ser\u00e1 conocida a nivel mundial como la &#8220;Iniciativa de Canc\u00fan&#8221;.<\/p>\n<p>En el \u00faltimo panel el nuevo presidente de la WTTC, platico con la ex-tenista Martina Navratilova, un poco de su trayectoria, pero tambi\u00e9n de la diversidad y del empoderamiento de la mujer, ese fue el marco en el que Gloria Guevara CEO del WTTC, invit\u00f3 a las mujeres directivas presentes para emitir juntas la declaratoria.<\/p>\n<p>Posteriormente se llev\u00f3 a cabo la clausura de la Cumbre Mundial de Viajes y Turismo en Canc\u00fan, (WTTC por sus siglas en ingl\u00e9s), primer gran evento en el Caribe Mexicano luego de la pandemia mundial del Covid-19, bajo el lema \u201cUniting the World for Recovery&#8221;.<\/p>\n<blockquote class=\"twitter-tweet\" data-width=\"550\" data-dnt=\"true\">\n<p lang=\"en\" dir=\"ltr\">For more than a year we have been working in WTTC with the government of Quintana Roo to develop the first Women Initiative for Travel &amp; Tourism. <br \/>Join us as we launch the Women\u2019s Initiative and sign the Cancun Women\u2019s Empowerment Declaration to Support Women in Travel &amp; Tourism. <a href=\"https:\/\/t.co\/vTj2BImVQf\">pic.twitter.com\/vTj2BImVQf<\/a><\/p>\n<p>&mdash; WTTC (@WTTC) <a href=\"https:\/\/twitter.com\/WTTC\/status\/1387119071884451840?ref_src=twsrc%5Etfw\">April 27, 2021<\/a><\/p><\/blockquote>\n<p><script async src=\"https:\/\/platform.twitter.com\/widgets.js\" charset=\"utf-8\"><\/script><\/p>\n<p>M\u00e1s de 30 mil personas fueron testigos de las conferencias manera virtual que contaron con la participaci\u00f3n de m\u00e1s de 100 oradores de 40 pa\u00edses diferentes como Estados Unidos, Francia, Espa\u00f1a, Portugal, Grecia y Arabia Saudita, as\u00ed como CEOs de las principales empresas del sector a nivel mundial.<\/p>\n<blockquote class=\"twitter-tweet\" data-width=\"550\" data-dnt=\"true\">\n<p lang=\"es\" dir=\"ltr\"><a href=\"https:\/\/twitter.com\/hashtag\/Canc%C3%BAn?src=hash&amp;ref_src=twsrc%5Etfw\">#Canc\u00fan<\/a> marca un hito en la historia del turismo como sede de la Cumbre Mundial <a href=\"https:\/\/twitter.com\/WTTC?ref_src=twsrc%5Etfw\">@WTTC<\/a>, donde se present\u00f3 la &quot;Iniciativa para el empoderamiento de las mujeres en el sector de viajes y turismo&quot;. <a href=\"https:\/\/twitter.com\/GGuevaraM?ref_src=twsrc%5Etfw\">@GGuevaraM<\/a> <a href=\"https:\/\/t.co\/ukbF6a3G0O\">pic.twitter.com\/ukbF6a3G0O<\/a><\/p>\n<p>&mdash; Carlos Joaqu\u00edn (@CarlosJoaquin) <a href=\"https:\/\/twitter.com\/CarlosJoaquin\/status\/1387204488205946882?ref_src=twsrc%5Etfw\">April 28, 2021<\/a><\/p><\/blockquote>\n<p><script async src=\"https:\/\/platform.twitter.com\/widgets.js\" charset=\"utf-8\"><\/script><\/p>\n<p>De manera presencial m\u00e1s de 600 personas asistieron a la Cumbre en la que el gobernador de Quintana Roo fue distinguido por apoyar al sector.<\/p>\n<p>Gloria Guevara, presidenta del WTTC, recibi\u00f3 la Presea del Consejo Nacional Empresarial Tur\u00edstico (CNET) al liderazgo tur\u00edstico 2020, el cual fue entregado por primera vez a una mujer. (<a title=\"Entrega CNET a Gloria Guevara presea de liderazgo tur\u00edstico\" href=\"https:\/\/www.dev.nitu.mx\/index.php\/2021\/04\/27\/entrega-cnet-a-gloria-guevara-presea-de-liderazgo-turistico\/\" rel=\"bookmark\">Entrega CNET a Gloria Guevara presea de liderazgo tur\u00edstico<\/a>).<\/p>\n<p>Con la WTTC se lograron estrategias que reactivan el turismo mundial de manera segura y que adem\u00e1s apoya al sector de viajes y turismo para recuperar m\u00e1s de 100 mil empleos directos de los que se han perdido desde que inici\u00f3 la pandemia mundial del Covid-19.<\/p>\n<p>Durante el evento fueron aplicadas m\u00e1s de mil pruebas de ant\u00edgeno de las cuales tres resultaron positivas, las personas fueron atendidas bajo un protocolo de seguridad que evit\u00f3 la propagaci\u00f3n del virus.<\/p>\n","protected":false},"excerpt":{"rendered":"<p>La declaratoria de la cumbre en Canc\u00fan de la WTTC, fue dedicada a la mujer, se present\u00f3 la \u201cIniciativa de la mujer\u201d que representa a 54% de mujeres que se dedican al sector y que busca el empoderamiento y la equidad de g\u00e9nero para todas las mujeres del mundo que se desempe\u00f1an en la industria [&hellip;]<\/p>\n","protected":false},"author":2,"featured_media":52000,"comment_status":"open","ping_status":"open","sticky":false,"template":"","format":"standard","meta":{"footnotes":""},"categories":[21403,18475],"tags":[261,21826,5326],"yoast_head":"<!-- This site is optimized with the Yoast SEO plugin v22.2 - https:\/\/yoast.com\/wordpress\/plugins\/seo\/ -->\n<title>Decreta WTTC la iniciativa Canc\u00fan por las mujeres - Nitu - Noticias de la Industria Turistica<\/title>\n<meta name=\"robots\" content=\"index, follow, max-snippet:-1, max-image-preview:large, max-video-preview:-1\" \/>\n<link rel=\"canonical\" href=\"https:\/\/nitu.mx\/index.php\/2021\/04\/27\/decreta-wttc-la-iniciativa-cancun-por-las-mujeres\/\" \/>\n<meta name=\"twitter:card\" content=\"summary_large_image\" \/>\n<meta name=\"twitter:title\" content=\"Decreta WTTC la iniciativa Canc\u00fan por las mujeres - Nitu - Noticias de la Industria Turistica\" \/>\n<meta name=\"twitter:description\" content=\"La declaratoria de la cumbre en Canc\u00fan de la WTTC, fue dedicada a la mujer, se present\u00f3 la \u201cIniciativa de la mujer\u201d que representa a 54% de mujeres que se dedican al sector y que busca el empoderamiento y la equidad de g\u00e9nero para todas las mujeres del mundo que se desempe\u00f1an en la industria [&hellip;]\" \/>\n<meta name=\"twitter:image\" content=\"https:\/\/nitu.mx\/wp-content\/uploads\/2021\/04\/Captura-de-Pantalla-2021-04-27-a-las-19.14.43.png\" \/>\n<meta name=\"twitter:creator\" content=\"@Arturo_Medina_G\" \/>\n<meta name=\"twitter:site\" content=\"@Arturo_Medina_G\" \/>\n<meta name=\"twitter:label1\" content=\"Escrito por\" \/>\n\t<meta name=\"twitter:data1\" content=\"Arturo Medina\" \/>\n\t<meta name=\"twitter:label2\" content=\"Tiempo de lectura\" \/>\n\t<meta name=\"twitter:data2\" content=\"2 minutos\" \/>\n<script type=\"application\/ld+json\" class=\"yoast-schema-graph\">{\"@context\":\"https:\/\/schema.org\",\"@graph\":[{\"@type\":\"Article\",\"@id\":\"https:\/\/nitu.mx\/index.php\/2021\/04\/27\/decreta-wttc-la-iniciativa-cancun-por-las-mujeres\/#article\",\"isPartOf\":{\"@id\":\"https:\/\/nitu.mx\/index.php\/2021\/04\/27\/decreta-wttc-la-iniciativa-cancun-por-las-mujeres\/\"},\"author\":{\"name\":\"Arturo Medina\",\"@id\":\"https:\/\/nitu.mx\/#\/schema\/person\/ae7a53426417292d3dd07b45a33e01bc\"},\"headline\":\"Decreta WTTC la iniciativa Canc\u00fan por las mujeres\",\"datePublished\":\"2021-04-28T01:58:58+00:00\",\"dateModified\":\"2021-04-28T07:18:42+00:00\",\"mainEntityOfPage\":{\"@id\":\"https:\/\/nitu.mx\/index.php\/2021\/04\/27\/decreta-wttc-la-iniciativa-cancun-por-las-mujeres\/\"},\"wordCount\":415,\"commentCount\":0,\"publisher\":{\"@id\":\"https:\/\/nitu.mx\/#\/schema\/person\/ae7a53426417292d3dd07b45a33e01bc\"},\"image\":{\"@id\":\"https:\/\/nitu.mx\/index.php\/2021\/04\/27\/decreta-wttc-la-iniciativa-cancun-por-las-mujeres\/#primaryimage\"},\"thumbnailUrl\":\"https:\/\/nitu.mx\/wp-content\/uploads\/2021\/04\/Captura-de-Pantalla-2021-04-27-a-las-19.14.43.png\",\"keywords\":[\"Carlos Joaqu\u00edn Gonz\u00e1lez\",\"Consejo Mundial de Viajes y Turismo (WTTC por sus siglas en ingl\u00e9s)\",\"Gloria Guevara Manzo\"],\"articleSection\":[\"Canc\u00fan\",\"Caribe Mexicano\"],\"inLanguage\":\"es-MX\",\"potentialAction\":[{\"@type\":\"CommentAction\",\"name\":\"Comment\",\"target\":[\"https:\/\/nitu.mx\/index.php\/2021\/04\/27\/decreta-wttc-la-iniciativa-cancun-por-las-mujeres\/#respond\"]}]},{\"@type\":\"WebPage\",\"@id\":\"https:\/\/nitu.mx\/index.php\/2021\/04\/27\/decreta-wttc-la-iniciativa-cancun-por-las-mujeres\/\",\"url\":\"https:\/\/nitu.mx\/index.php\/2021\/04\/27\/decreta-wttc-la-iniciativa-cancun-por-las-mujeres\/\",\"name\":\"Decreta WTTC la iniciativa Canc\u00fan por las mujeres - Nitu - Noticias de la Industria Turistica\",\"isPartOf\":{\"@id\":\"https:\/\/nitu.mx\/#website\"},\"primaryImageOfPage\":{\"@id\":\"https:\/\/nitu.mx\/index.php\/2021\/04\/27\/decreta-wttc-la-iniciativa-cancun-por-las-mujeres\/#primaryimage\"},\"image\":{\"@id\":\"https:\/\/nitu.mx\/index.php\/2021\/04\/27\/decreta-wttc-la-iniciativa-cancun-por-las-mujeres\/#primaryimage\"},\"thumbnailUrl\":\"https:\/\/nitu.mx\/wp-content\/uploads\/2021\/04\/Captura-de-Pantalla-2021-04-27-a-las-19.14.43.png\",\"datePublished\":\"2021-04-28T01:58:58+00:00\",\"dateModified\":\"2021-04-28T07:18:42+00:00\",\"breadcrumb\":{\"@id\":\"https:\/\/nitu.mx\/index.php\/2021\/04\/27\/decreta-wttc-la-iniciativa-cancun-por-las-mujeres\/#breadcrumb\"},\"inLanguage\":\"es-MX\",\"potentialAction\":[{\"@type\":\"ReadAction\",\"target\":[\"https:\/\/nitu.mx\/index.php\/2021\/04\/27\/decreta-wttc-la-iniciativa-cancun-por-las-mujeres\/\"]}]},{\"@type\":\"ImageObject\",\"inLanguage\":\"es-MX\",\"@id\":\"https:\/\/nitu.mx\/index.php\/2021\/04\/27\/decreta-wttc-la-iniciativa-cancun-por-las-mujeres\/#primaryimage\",\"url\":\"https:\/\/nitu.mx\/wp-content\/uploads\/2021\/04\/Captura-de-Pantalla-2021-04-27-a-las-19.14.43.png\",\"contentUrl\":\"https:\/\/nitu.mx\/wp-content\/uploads\/2021\/04\/Captura-de-Pantalla-2021-04-27-a-las-19.14.43.png\",\"width\":1358,\"height\":659},{\"@type\":\"BreadcrumbList\",\"@id\":\"https:\/\/nitu.mx\/index.php\/2021\/04\/27\/decreta-wttc-la-iniciativa-cancun-por-las-mujeres\/#breadcrumb\",\"itemListElement\":[{\"@type\":\"ListItem\",\"position\":1,\"name\":\"Inicio\",\"item\":\"https:\/\/nitu.mx\/\"},{\"@type\":\"ListItem\",\"position\":2,\"name\":\"Decreta WTTC la iniciativa Canc\u00fan por las mujeres\"}]},{\"@type\":\"WebSite\",\"@id\":\"https:\/\/nitu.mx\/#website\",\"url\":\"https:\/\/nitu.mx\/\",\"name\":\"Nitu - Noticias de la Industria Turistica\",\"description\":\"Noticias de la Industria Turistica\",\"publisher\":{\"@id\":\"https:\/\/nitu.mx\/#\/schema\/person\/ae7a53426417292d3dd07b45a33e01bc\"},\"alternateName\":\"Noticias de la Industria Turistica\",\"potentialAction\":[{\"@type\":\"SearchAction\",\"target\":{\"@type\":\"EntryPoint\",\"urlTemplate\":\"https:\/\/nitu.mx\/?s={search_term_string}\"},\"query-input\":\"required name=search_term_string\"}],\"inLanguage\":\"es-MX\"},{\"@type\":[\"Person\",\"Organization\"],\"@id\":\"https:\/\/nitu.mx\/#\/schema\/person\/ae7a53426417292d3dd07b45a33e01bc\",\"name\":\"Arturo Medina\",\"image\":{\"@type\":\"ImageObject\",\"inLanguage\":\"es-MX\",\"@id\":\"https:\/\/nitu.mx\/#\/schema\/person\/image\/\",\"url\":\"https:\/\/nitu.mx\/wp-content\/uploads\/2024\/04\/4A315622-1904-4D5C-B022-878CDC840E04-90x90-1.jpeg\",\"contentUrl\":\"https:\/\/nitu.mx\/wp-content\/uploads\/2024\/04\/4A315622-1904-4D5C-B022-878CDC840E04-90x90-1.jpeg\",\"width\":90,\"height\":90,\"caption\":\"Arturo Medina\"},\"logo\":{\"@id\":\"https:\/\/nitu.mx\/#\/schema\/person\/image\/\"},\"description\":\"Director NITU.mx, Egresado de la Escuela de Periodismo Carlos Septi\u00e9n Garc\u00eda. Periodista y analista especializado en turismo desde hace 35 a\u00f1os, radicado en Canc\u00fan Q.Roo. arturo@nitu.mx\",\"sameAs\":[\"https:\/\/nitu.mx\",\"https:\/\/www.facebook.com\/NITUmx\/\",\"medinacancun\",\"https:\/\/twitter.com\/@Arturo_Medina_G\"],\"url\":\"https:\/\/nitu.mx\/index.php\/author\/arturo-medina\/\"}]}<\/script>\n<!-- \/ Yoast SEO plugin. -->","yoast_head_json":{"title":"Decreta WTTC la iniciativa Canc\u00fan por las mujeres - Nitu - Noticias de la Industria Turistica","robots":{"index":"index","follow":"follow","max-snippet":"max-snippet:-1","max-image-preview":"max-image-preview:large","max-video-preview":"max-video-preview:-1"},"canonical":"https:\/\/nitu.mx\/index.php\/2021\/04\/27\/decreta-wttc-la-iniciativa-cancun-por-las-mujeres\/","twitter_card":"summary_large_image","twitter_title":"Decreta WTTC la iniciativa Canc\u00fan por las mujeres - Nitu - Noticias de la Industria Turistica","twitter_description":"La declaratoria de la cumbre en Canc\u00fan de la WTTC, fue dedicada a la mujer, se present\u00f3 la \u201cIniciativa de la mujer\u201d que representa a 54% de mujeres que se dedican al sector y que busca el empoderamiento y la equidad de g\u00e9nero para todas las mujeres del mundo que se desempe\u00f1an en la industria [&hellip;]","twitter_image":"https:\/\/nitu.mx\/wp-content\/uploads\/2021\/04\/Captura-de-Pantalla-2021-04-27-a-las-19.14.43.png","twitter_creator":"@Arturo_Medina_G","twitter_site":"@Arturo_Medina_G","twitter_misc":{"Escrito por":"Arturo Medina","Tiempo de lectura":"2 minutos"},"schema":{"@context":"https:\/\/schema.org","@graph":[{"@type":"Article","@id":"https:\/\/nitu.mx\/index.php\/2021\/04\/27\/decreta-wttc-la-iniciativa-cancun-por-las-mujeres\/#article","isPartOf":{"@id":"https:\/\/nitu.mx\/index.php\/2021\/04\/27\/decreta-wttc-la-iniciativa-cancun-por-las-mujeres\/"},"author":{"name":"Arturo Medina","@id":"https:\/\/nitu.mx\/#\/schema\/person\/ae7a53426417292d3dd07b45a33e01bc"},"headline":"Decreta WTTC la iniciativa Canc\u00fan por las mujeres","datePublished":"2021-04-28T01:58:58+00:00","dateModified":"2021-04-28T07:18:42+00:00","mainEntityOfPage":{"@id":"https:\/\/nitu.mx\/index.php\/2021\/04\/27\/decreta-wttc-la-iniciativa-cancun-por-las-mujeres\/"},"wordCount":415,"commentCount":0,"publisher":{"@id":"https:\/\/nitu.mx\/#\/schema\/person\/ae7a53426417292d3dd07b45a33e01bc"},"image":{"@id":"https:\/\/nitu.mx\/index.php\/2021\/04\/27\/decreta-wttc-la-iniciativa-cancun-por-las-mujeres\/#primaryimage"},"thumbnailUrl":"https:\/\/nitu.mx\/wp-content\/uploads\/2021\/04\/Captura-de-Pantalla-2021-04-27-a-las-19.14.43.png","keywords":["Carlos Joaqu\u00edn Gonz\u00e1lez","Consejo Mundial de Viajes y Turismo (WTTC por sus siglas en ingl\u00e9s)","Gloria Guevara Manzo"],"articleSection":["Canc\u00fan","Caribe Mexicano"],"inLanguage":"es-MX","potentialAction":[{"@type":"CommentAction","name":"Comment","target":["https:\/\/nitu.mx\/index.php\/2021\/04\/27\/decreta-wttc-la-iniciativa-cancun-por-las-mujeres\/#respond"]}]},{"@type":"WebPage","@id":"https:\/\/nitu.mx\/index.php\/2021\/04\/27\/decreta-wttc-la-iniciativa-cancun-por-las-mujeres\/","url":"https:\/\/nitu.mx\/index.php\/2021\/04\/27\/decreta-wttc-la-iniciativa-cancun-por-las-mujeres\/","name":"Decreta WTTC la iniciativa Canc\u00fan por las mujeres - Nitu - Noticias de la Industria Turistica","isPartOf":{"@id":"https:\/\/nitu.mx\/#website"},"primaryImageOfPage":{"@id":"https:\/\/nitu.mx\/index.php\/2021\/04\/27\/decreta-wttc-la-iniciativa-cancun-por-las-mujeres\/#primaryimage"},"image":{"@id":"https:\/\/nitu.mx\/index.php\/2021\/04\/27\/decreta-wttc-la-iniciativa-cancun-por-las-mujeres\/#primaryimage"},"thumbnailUrl":"https:\/\/nitu.mx\/wp-content\/uploads\/2021\/04\/Captura-de-Pantalla-2021-04-27-a-las-19.14.43.png","datePublished":"2021-04-28T01:58:58+00:00","dateModified":"2021-04-28T07:18:42+00:00","breadcrumb":{"@id":"https:\/\/nitu.mx\/index.php\/2021\/04\/27\/decreta-wttc-la-iniciativa-cancun-por-las-mujeres\/#breadcrumb"},"inLanguage":"es-MX","potentialAction":[{"@type":"ReadAction","target":["https:\/\/nitu.mx\/index.php\/2021\/04\/27\/decreta-wttc-la-iniciativa-cancun-por-las-mujeres\/"]}]},{"@type":"ImageObject","inLanguage":"es-MX","@id":"https:\/\/nitu.mx\/index.php\/2021\/04\/27\/decreta-wttc-la-iniciativa-cancun-por-las-mujeres\/#primaryimage","url":"https:\/\/nitu.mx\/wp-content\/uploads\/2021\/04\/Captura-de-Pantalla-2021-04-27-a-las-19.14.43.png","contentUrl":"https:\/\/nitu.mx\/wp-content\/uploads\/2021\/04\/Captura-de-Pantalla-2021-04-27-a-las-19.14.43.png","width":1358,"height":659},{"@type":"BreadcrumbList","@id":"https:\/\/nitu.mx\/index.php\/2021\/04\/27\/decreta-wttc-la-iniciativa-cancun-por-las-mujeres\/#breadcrumb","itemListElement":[{"@type":"ListItem","position":1,"name":"Inicio","item":"https:\/\/nitu.mx\/"},{"@type":"ListItem","position":2,"name":"Decreta WTTC la iniciativa Canc\u00fan por las mujeres"}]},{"@type":"WebSite","@id":"https:\/\/nitu.mx\/#website","url":"https:\/\/nitu.mx\/","name":"Nitu - Noticias de la Industria Turistica","description":"Noticias de la Industria Turistica","publisher":{"@id":"https:\/\/nitu.mx\/#\/schema\/person\/ae7a53426417292d3dd07b45a33e01bc"},"alternateName":"Noticias de la Industria Turistica","potentialAction":[{"@type":"SearchAction","target":{"@type":"EntryPoint","urlTemplate":"https:\/\/nitu.mx\/?s={search_term_string}"},"query-input":"required name=search_term_string"}],"inLanguage":"es-MX"},{"@type":["Person","Organization"],"@id":"https:\/\/nitu.mx\/#\/schema\/person\/ae7a53426417292d3dd07b45a33e01bc","name":"Arturo Medina","image":{"@type":"ImageObject","inLanguage":"es-MX","@id":"https:\/\/nitu.mx\/#\/schema\/person\/image\/","url":"https:\/\/nitu.mx\/wp-content\/uploads\/2024\/04\/4A315622-1904-4D5C-B022-878CDC840E04-90x90-1.jpeg","contentUrl":"https:\/\/nitu.mx\/wp-content\/uploads\/2024\/04\/4A315622-1904-4D5C-B022-878CDC840E04-90x90-1.jpeg","width":90,"height":90,"caption":"Arturo Medina"},"logo":{"@id":"https:\/\/nitu.mx\/#\/schema\/person\/image\/"},"description":"Director NITU.mx, Egresado de la Escuela de Periodismo Carlos Septi\u00e9n Garc\u00eda. Periodista y analista especializado en turismo desde hace 35 a\u00f1os, radicado en Canc\u00fan Q.Roo. arturo@nitu.mx","sameAs":["https:\/\/nitu.mx","https:\/\/www.facebook.com\/NITUmx\/","medinacancun","https:\/\/twitter.com\/@Arturo_Medina_G"],"url":"https:\/\/nitu.mx\/index.php\/author\/arturo-medina\/"}]}},"views":578,"_links":{"self":[{"href":"https:\/\/nitu.mx\/index.php\/wp-json\/wp\/v2\/posts\/51998"}],"collection":[{"href":"https:\/\/nitu.mx\/index.php\/wp-json\/wp\/v2\/posts"}],"about":[{"href":"https:\/\/nitu.mx\/index.php\/wp-json\/wp\/v2\/types\/post"}],"author":[{"embeddable":true,"href":"https:\/\/nitu.mx\/index.php\/wp-json\/wp\/v2\/users\/2"}],"replies":[{"embeddable":true,"href":"https:\/\/nitu.mx\/index.php\/wp-json\/wp\/v2\/comments?post=51998"}],"version-history":[{"count":5,"href":"https:\/\/nitu.mx\/index.php\/wp-json\/wp\/v2\/posts\/51998\/revisions"}],"predecessor-version":[{"id":52041,"href":"https:\/\/nitu.mx\/index.php\/wp-json\/wp\/v2\/posts\/51998\/revisions\/52041"}],"wp:featuredmedia":[{"embeddable":true,"href":"https:\/\/nitu.mx\/index.php\/wp-json\/wp\/v2\/media\/52000"}],"wp:attachment":[{"href":"https:\/\/nitu.mx\/index.php\/wp-json\/wp\/v2\/media?parent=51998"}],"wp:term":[{"taxonomy":"category","embeddable":true,"href":"https:\/\/nitu.mx\/index.php\/wp-json\/wp\/v2\/categories?post=51998"},{"taxonomy":"post_tag","embeddable":true,"href":"https:\/\/nitu.mx\/index.php\/wp-json\/wp\/v2\/tags?post=51998"}],"curies":[{"name":"wp","href":"https:\/\/api.w.org\/{rel}","templated":true}]}}