{"id":51996,"date":"2021-04-27T18:51:10","date_gmt":"2021-04-27T23:51:10","guid":{"rendered":"https:\/\/www.dev.nitu.mx\/?p=51996"},"modified":"2021-04-28T00:31:36","modified_gmt":"2021-04-28T05:31:36","slug":"los-cabos-recupera-100-de-asientos-y-rutas-aereas-desde-estados-unidos","status":"publish","type":"post","link":"https:\/\/nitu.mx\/index.php\/2021\/04\/27\/los-cabos-recupera-100-de-asientos-y-rutas-aereas-desde-estados-unidos\/","title":{"rendered":"Los Cabos recupera 100% de asientos y rutas a\u00e9reas desde Estados Unidos"},"content":{"rendered":"<p>En la reactivaci\u00f3n del turismo hacia Los Cabos, Estados Unidos juega un papel fundamental como su principal mercado, mismo del que ya recuper\u00f3 la totalidad de los asientos y rutas, con una tendencia a la alza para este verano.<\/p>\n<p>La Uni\u00f3n Americana representa para este destino 80 por ciento de los visitantes internacionales, y para los pr\u00f3ximos seis meses est\u00e1 programado un incremento de 22.2 por ciento en el n\u00famero de vuelos.<\/p>\n<p>Aqu\u00ed destaca la llegada de nuevas aerol\u00edneas como Frontier que inici\u00f3 sus vuelos en marzo desde Las Vegas; Spirit que en mayo volar\u00e1 de Los \u00c1ngeles y JetBlue conectar\u00e1 en junio con Los \u00c1ngeles y Nueva York; as\u00ed como JSX que tambi\u00e9n llegar\u00e1 este verano de Los \u00c1ngeles.<\/p>\n<p>Las visitas internacionales a Los Cabos en marzo de este 2021 representaron 56 por ciento de las visitas en marzo de 2019, siendo casi 25 por ciento m\u00e1s en comparaci\u00f3n con los principales destinos tur\u00edsticos de M\u00e9xico.<\/p>\n<p>En marzo de este a\u00f1o llegaron al reconocido destino mexicano de lujo 187 mil visitantes, un incremento de 60.4 por ciento, comparado con el mes anterior, y 28 por ciento en t\u00e9rminos de crecimiento anual.<\/p>\n<p>Para seguir en el camino a su recuperaci\u00f3n tur\u00edstica, Los Cabos impulsa un modelo centrado en seguridad que enfoca en tres principios fundamentales: Proteger y ayudar a las personas, desarrollar alianzas y planificar con prop\u00f3sito.<\/p>\n<p>En el primer punto, el destino ha trabajado en proteger y ayudar a la comunidad local y negocios, as\u00ed como turistas. El desarrollo de protocolos de higiene y la participaci\u00f3n en la Alianza Comunitaria de Baja California Sur, son algunas de las acciones.<\/p>\n<p>Las alianzas con Intertek Cristal y Sharecare han contribuido con la certificaci\u00f3n del destino en t\u00e9rminos de seguridad sanitaria, y fue el primero en el mundo en obtener la insignia VERIFIED.\u00a0\u00a0<a title=\"Los Cabos, primer destino del mundo en tener verificaci\u00f3n Sharecare\" href=\"https:\/\/www.dev.nitu.mx\/index.php\/2021\/03\/24\/los-cabos-primer-destino-del-mundo-en-tener-verificacion-sharecare\/\" rel=\"bookmark\">(Los Cabos, primer destino del mundo en tener verificaci\u00f3n Sharecare<\/a>).<\/p>\n<p>Para la planificaci\u00f3n, Los Cabos se apoya en un modelo de datos duros para asegurar pruebas Covid-19 en el destino as\u00ed como del soporte del personal m\u00e9dico para apoyar a los turistas internacionales.<\/p>\n<p>Rodrigo Esponda, director del Fideicomiso de Turismo de Los Cabos, se\u00f1al\u00f3 \u201cSiendo un destino de lujo, buscamos ofrecer los est\u00e1ndares m\u00e1s altos de cuidado para todos en Los Cabos. Entendemos la importancia de proveer un ecosistema seguro para apoyar a nuestra comunidad que depende del turismo\u201d.<\/p>\n<p>\u201cA pesar de que tenemos a\u00fan un camino largo frente a nosotros para alcanzar la recuperaci\u00f3n total, nos anima la confianza de nuestros visitantes y las s\u00f3lidas alianzas que hemos desarrollado para mantener nuestro enfoque centrado en la seguridad\u201d, a\u00f1adi\u00f3 Esponda.<\/p>\n","protected":false},"excerpt":{"rendered":"<p>En la reactivaci\u00f3n del turismo hacia Los Cabos, Estados Unidos juega un papel fundamental como su principal mercado, mismo del que ya recuper\u00f3 la totalidad de los asientos y rutas, con una tendencia a la alza para este verano. La Uni\u00f3n Americana representa para este destino 80 por ciento de los visitantes internacionales, y para [&hellip;]<\/p>\n","protected":false},"author":18,"featured_media":7840,"comment_status":"open","ping_status":"open","sticky":false,"template":"","format":"standard","meta":{"footnotes":""},"categories":[5],"tags":[3695,10326,130,1028,22044],"yoast_head":"<!-- This site is optimized with the Yoast SEO plugin v22.2 - https:\/\/yoast.com\/wordpress\/plugins\/seo\/ -->\n<title>Los Cabos recupera 100% de asientos y rutas a\u00e9reas desde Estados Unidos - Nitu - Noticias de la Industria Turistica<\/title>\n<meta name=\"robots\" content=\"index, follow, max-snippet:-1, max-image-preview:large, max-video-preview:-1\" \/>\n<link rel=\"canonical\" href=\"https:\/\/nitu.mx\/index.php\/2021\/04\/27\/los-cabos-recupera-100-de-asientos-y-rutas-aereas-desde-estados-unidos\/\" \/>\n<meta name=\"twitter:card\" content=\"summary_large_image\" \/>\n<meta name=\"twitter:title\" content=\"Los Cabos recupera 100% de asientos y rutas a\u00e9reas desde Estados Unidos - Nitu - Noticias de la Industria Turistica\" \/>\n<meta name=\"twitter:description\" content=\"En la reactivaci\u00f3n del turismo hacia Los Cabos, Estados Unidos juega un papel fundamental como su principal mercado, mismo del que ya recuper\u00f3 la totalidad de los asientos y rutas, con una tendencia a la alza para este verano. La Uni\u00f3n Americana representa para este destino 80 por ciento de los visitantes internacionales, y para [&hellip;]\" \/>\n<meta name=\"twitter:image\" content=\"https:\/\/nitu.mx\/wp-content\/uploads\/2017\/03\/los-cabos-atardecer.jpg\" \/>\n<meta name=\"twitter:creator\" content=\"@NITUmx\" \/>\n<meta name=\"twitter:site\" content=\"@Arturo_Medina_G\" \/>\n<meta name=\"twitter:label1\" content=\"Escrito por\" \/>\n\t<meta name=\"twitter:data1\" content=\"Guadalupe Sixto\" \/>\n\t<meta name=\"twitter:label2\" content=\"Tiempo de lectura\" \/>\n\t<meta name=\"twitter:data2\" content=\"2 minutos\" \/>\n<script type=\"application\/ld+json\" class=\"yoast-schema-graph\">{\"@context\":\"https:\/\/schema.org\",\"@graph\":[{\"@type\":\"Article\",\"@id\":\"https:\/\/nitu.mx\/index.php\/2021\/04\/27\/los-cabos-recupera-100-de-asientos-y-rutas-aereas-desde-estados-unidos\/#article\",\"isPartOf\":{\"@id\":\"https:\/\/nitu.mx\/index.php\/2021\/04\/27\/los-cabos-recupera-100-de-asientos-y-rutas-aereas-desde-estados-unidos\/\"},\"author\":{\"name\":\"Guadalupe Sixto\",\"@id\":\"https:\/\/nitu.mx\/#\/schema\/person\/3df3082b5e46037e3f13614d28ee0b77\"},\"headline\":\"Los Cabos recupera 100% de asientos y rutas a\u00e9reas desde Estados Unidos\",\"datePublished\":\"2021-04-27T23:51:10+00:00\",\"dateModified\":\"2021-04-28T05:31:36+00:00\",\"mainEntityOfPage\":{\"@id\":\"https:\/\/nitu.mx\/index.php\/2021\/04\/27\/los-cabos-recupera-100-de-asientos-y-rutas-aereas-desde-estados-unidos\/\"},\"wordCount\":462,\"commentCount\":0,\"publisher\":{\"@id\":\"https:\/\/nitu.mx\/#\/schema\/person\/ae7a53426417292d3dd07b45a33e01bc\"},\"image\":{\"@id\":\"https:\/\/nitu.mx\/index.php\/2021\/04\/27\/los-cabos-recupera-100-de-asientos-y-rutas-aereas-desde-estados-unidos\/#primaryimage\"},\"thumbnailUrl\":\"https:\/\/nitu.mx\/wp-content\/uploads\/2017\/03\/los-cabos-atardecer.jpg\",\"keywords\":[\"conectividad a\u00e9rea\",\"Fidetur\",\"Los Cabos\",\"Rodrigo Esponda\",\"VERIFIED\"],\"articleSection\":[\"Destinos\"],\"inLanguage\":\"es-MX\",\"potentialAction\":[{\"@type\":\"CommentAction\",\"name\":\"Comment\",\"target\":[\"https:\/\/nitu.mx\/index.php\/2021\/04\/27\/los-cabos-recupera-100-de-asientos-y-rutas-aereas-desde-estados-unidos\/#respond\"]}]},{\"@type\":\"WebPage\",\"@id\":\"https:\/\/nitu.mx\/index.php\/2021\/04\/27\/los-cabos-recupera-100-de-asientos-y-rutas-aereas-desde-estados-unidos\/\",\"url\":\"https:\/\/nitu.mx\/index.php\/2021\/04\/27\/los-cabos-recupera-100-de-asientos-y-rutas-aereas-desde-estados-unidos\/\",\"name\":\"Los Cabos recupera 100% de asientos y rutas a\u00e9reas desde Estados Unidos - Nitu - Noticias de la Industria Turistica\",\"isPartOf\":{\"@id\":\"https:\/\/nitu.mx\/#website\"},\"primaryImageOfPage\":{\"@id\":\"https:\/\/nitu.mx\/index.php\/2021\/04\/27\/los-cabos-recupera-100-de-asientos-y-rutas-aereas-desde-estados-unidos\/#primaryimage\"},\"image\":{\"@id\":\"https:\/\/nitu.mx\/index.php\/2021\/04\/27\/los-cabos-recupera-100-de-asientos-y-rutas-aereas-desde-estados-unidos\/#primaryimage\"},\"thumbnailUrl\":\"https:\/\/nitu.mx\/wp-content\/uploads\/2017\/03\/los-cabos-atardecer.jpg\",\"datePublished\":\"2021-04-27T23:51:10+00:00\",\"dateModified\":\"2021-04-28T05:31:36+00:00\",\"breadcrumb\":{\"@id\":\"https:\/\/nitu.mx\/index.php\/2021\/04\/27\/los-cabos-recupera-100-de-asientos-y-rutas-aereas-desde-estados-unidos\/#breadcrumb\"},\"inLanguage\":\"es-MX\",\"potentialAction\":[{\"@type\":\"ReadAction\",\"target\":[\"https:\/\/nitu.mx\/index.php\/2021\/04\/27\/los-cabos-recupera-100-de-asientos-y-rutas-aereas-desde-estados-unidos\/\"]}]},{\"@type\":\"ImageObject\",\"inLanguage\":\"es-MX\",\"@id\":\"https:\/\/nitu.mx\/index.php\/2021\/04\/27\/los-cabos-recupera-100-de-asientos-y-rutas-aereas-desde-estados-unidos\/#primaryimage\",\"url\":\"https:\/\/nitu.mx\/wp-content\/uploads\/2017\/03\/los-cabos-atardecer.jpg\",\"contentUrl\":\"https:\/\/nitu.mx\/wp-content\/uploads\/2017\/03\/los-cabos-atardecer.jpg\",\"width\":850,\"height\":480,\"caption\":\"los cabos Posadas, BCS\"},{\"@type\":\"BreadcrumbList\",\"@id\":\"https:\/\/nitu.mx\/index.php\/2021\/04\/27\/los-cabos-recupera-100-de-asientos-y-rutas-aereas-desde-estados-unidos\/#breadcrumb\",\"itemListElement\":[{\"@type\":\"ListItem\",\"position\":1,\"name\":\"Inicio\",\"item\":\"https:\/\/nitu.mx\/\"},{\"@type\":\"ListItem\",\"position\":2,\"name\":\"Los Cabos recupera 100% de asientos y rutas a\u00e9reas desde Estados Unidos\"}]},{\"@type\":\"WebSite\",\"@id\":\"https:\/\/nitu.mx\/#website\",\"url\":\"https:\/\/nitu.mx\/\",\"name\":\"Nitu - Noticias de la Industria Turistica\",\"description\":\"Noticias de la Industria Turistica\",\"publisher\":{\"@id\":\"https:\/\/nitu.mx\/#\/schema\/person\/ae7a53426417292d3dd07b45a33e01bc\"},\"alternateName\":\"Noticias de la Industria Turistica\",\"potentialAction\":[{\"@type\":\"SearchAction\",\"target\":{\"@type\":\"EntryPoint\",\"urlTemplate\":\"https:\/\/nitu.mx\/?s={search_term_string}\"},\"query-input\":\"required name=search_term_string\"}],\"inLanguage\":\"es-MX\"},{\"@type\":[\"Person\",\"Organization\"],\"@id\":\"https:\/\/nitu.mx\/#\/schema\/person\/ae7a53426417292d3dd07b45a33e01bc\",\"name\":\"Arturo Medina\",\"image\":{\"@type\":\"ImageObject\",\"inLanguage\":\"es-MX\",\"@id\":\"https:\/\/nitu.mx\/#\/schema\/person\/image\/\",\"url\":\"https:\/\/nitu.mx\/wp-content\/uploads\/2024\/04\/4A315622-1904-4D5C-B022-878CDC840E04-90x90-1.jpeg\",\"contentUrl\":\"https:\/\/nitu.mx\/wp-content\/uploads\/2024\/04\/4A315622-1904-4D5C-B022-878CDC840E04-90x90-1.jpeg\",\"width\":90,\"height\":90,\"caption\":\"Arturo Medina\"},\"logo\":{\"@id\":\"https:\/\/nitu.mx\/#\/schema\/person\/image\/\"},\"description\":\"Director NITU.mx, Egresado de la Escuela de Periodismo Carlos Septi\u00e9n Garc\u00eda. Periodista y analista especializado en turismo desde hace 35 a\u00f1os, radicado en Canc\u00fan Q.Roo. arturo@nitu.mx\",\"sameAs\":[\"https:\/\/nitu.mx\",\"https:\/\/www.facebook.com\/NITUmx\/\",\"medinacancun\",\"https:\/\/twitter.com\/@Arturo_Medina_G\"]},{\"@type\":\"Person\",\"@id\":\"https:\/\/nitu.mx\/#\/schema\/person\/3df3082b5e46037e3f13614d28ee0b77\",\"name\":\"Guadalupe Sixto\",\"image\":{\"@type\":\"ImageObject\",\"inLanguage\":\"es-MX\",\"@id\":\"https:\/\/nitu.mx\/#\/schema\/person\/image\/\",\"url\":\"https:\/\/secure.gravatar.com\/avatar\/13914e1b0e1919e91f9539de4dc584c4?s=96&d=mm&r=g\",\"contentUrl\":\"https:\/\/secure.gravatar.com\/avatar\/13914e1b0e1919e91f9539de4dc584c4?s=96&d=mm&r=g\",\"caption\":\"Guadalupe Sixto\"},\"url\":\"https:\/\/nitu.mx\/index.php\/author\/gsixto\/\"}]}<\/script>\n<!-- \/ Yoast SEO plugin. -->","yoast_head_json":{"title":"Los Cabos recupera 100% de asientos y rutas a\u00e9reas desde Estados Unidos - Nitu - Noticias de la Industria Turistica","robots":{"index":"index","follow":"follow","max-snippet":"max-snippet:-1","max-image-preview":"max-image-preview:large","max-video-preview":"max-video-preview:-1"},"canonical":"https:\/\/nitu.mx\/index.php\/2021\/04\/27\/los-cabos-recupera-100-de-asientos-y-rutas-aereas-desde-estados-unidos\/","twitter_card":"summary_large_image","twitter_title":"Los Cabos recupera 100% de asientos y rutas a\u00e9reas desde Estados Unidos - Nitu - Noticias de la Industria Turistica","twitter_description":"En la reactivaci\u00f3n del turismo hacia Los Cabos, Estados Unidos juega un papel fundamental como su principal mercado, mismo del que ya recuper\u00f3 la totalidad de los asientos y rutas, con una tendencia a la alza para este verano. La Uni\u00f3n Americana representa para este destino 80 por ciento de los visitantes internacionales, y para [&hellip;]","twitter_image":"https:\/\/nitu.mx\/wp-content\/uploads\/2017\/03\/los-cabos-atardecer.jpg","twitter_creator":"@NITUmx","twitter_site":"@Arturo_Medina_G","twitter_misc":{"Escrito por":"Guadalupe Sixto","Tiempo de lectura":"2 minutos"},"schema":{"@context":"https:\/\/schema.org","@graph":[{"@type":"Article","@id":"https:\/\/nitu.mx\/index.php\/2021\/04\/27\/los-cabos-recupera-100-de-asientos-y-rutas-aereas-desde-estados-unidos\/#article","isPartOf":{"@id":"https:\/\/nitu.mx\/index.php\/2021\/04\/27\/los-cabos-recupera-100-de-asientos-y-rutas-aereas-desde-estados-unidos\/"},"author":{"name":"Guadalupe Sixto","@id":"https:\/\/nitu.mx\/#\/schema\/person\/3df3082b5e46037e3f13614d28ee0b77"},"headline":"Los Cabos recupera 100% de asientos y rutas a\u00e9reas desde Estados Unidos","datePublished":"2021-04-27T23:51:10+00:00","dateModified":"2021-04-28T05:31:36+00:00","mainEntityOfPage":{"@id":"https:\/\/nitu.mx\/index.php\/2021\/04\/27\/los-cabos-recupera-100-de-asientos-y-rutas-aereas-desde-estados-unidos\/"},"wordCount":462,"commentCount":0,"publisher":{"@id":"https:\/\/nitu.mx\/#\/schema\/person\/ae7a53426417292d3dd07b45a33e01bc"},"image":{"@id":"https:\/\/nitu.mx\/index.php\/2021\/04\/27\/los-cabos-recupera-100-de-asientos-y-rutas-aereas-desde-estados-unidos\/#primaryimage"},"thumbnailUrl":"https:\/\/nitu.mx\/wp-content\/uploads\/2017\/03\/los-cabos-atardecer.jpg","keywords":["conectividad a\u00e9rea","Fidetur","Los Cabos","Rodrigo Esponda","VERIFIED"],"articleSection":["Destinos"],"inLanguage":"es-MX","potentialAction":[{"@type":"CommentAction","name":"Comment","target":["https:\/\/nitu.mx\/index.php\/2021\/04\/27\/los-cabos-recupera-100-de-asientos-y-rutas-aereas-desde-estados-unidos\/#respond"]}]},{"@type":"WebPage","@id":"https:\/\/nitu.mx\/index.php\/2021\/04\/27\/los-cabos-recupera-100-de-asientos-y-rutas-aereas-desde-estados-unidos\/","url":"https:\/\/nitu.mx\/index.php\/2021\/04\/27\/los-cabos-recupera-100-de-asientos-y-rutas-aereas-desde-estados-unidos\/","name":"Los Cabos recupera 100% de asientos y rutas a\u00e9reas desde Estados Unidos - Nitu - Noticias de la Industria Turistica","isPartOf":{"@id":"https:\/\/nitu.mx\/#website"},"primaryImageOfPage":{"@id":"https:\/\/nitu.mx\/index.php\/2021\/04\/27\/los-cabos-recupera-100-de-asientos-y-rutas-aereas-desde-estados-unidos\/#primaryimage"},"image":{"@id":"https:\/\/nitu.mx\/index.php\/2021\/04\/27\/los-cabos-recupera-100-de-asientos-y-rutas-aereas-desde-estados-unidos\/#primaryimage"},"thumbnailUrl":"https:\/\/nitu.mx\/wp-content\/uploads\/2017\/03\/los-cabos-atardecer.jpg","datePublished":"2021-04-27T23:51:10+00:00","dateModified":"2021-04-28T05:31:36+00:00","breadcrumb":{"@id":"https:\/\/nitu.mx\/index.php\/2021\/04\/27\/los-cabos-recupera-100-de-asientos-y-rutas-aereas-desde-estados-unidos\/#breadcrumb"},"inLanguage":"es-MX","potentialAction":[{"@type":"ReadAction","target":["https:\/\/nitu.mx\/index.php\/2021\/04\/27\/los-cabos-recupera-100-de-asientos-y-rutas-aereas-desde-estados-unidos\/"]}]},{"@type":"ImageObject","inLanguage":"es-MX","@id":"https:\/\/nitu.mx\/index.php\/2021\/04\/27\/los-cabos-recupera-100-de-asientos-y-rutas-aereas-desde-estados-unidos\/#primaryimage","url":"https:\/\/nitu.mx\/wp-content\/uploads\/2017\/03\/los-cabos-atardecer.jpg","contentUrl":"https:\/\/nitu.mx\/wp-content\/uploads\/2017\/03\/los-cabos-atardecer.jpg","width":850,"height":480,"caption":"los cabos Posadas, BCS"},{"@type":"BreadcrumbList","@id":"https:\/\/nitu.mx\/index.php\/2021\/04\/27\/los-cabos-recupera-100-de-asientos-y-rutas-aereas-desde-estados-unidos\/#breadcrumb","itemListElement":[{"@type":"ListItem","position":1,"name":"Inicio","item":"https:\/\/nitu.mx\/"},{"@type":"ListItem","position":2,"name":"Los Cabos recupera 100% de asientos y rutas a\u00e9reas desde Estados Unidos"}]},{"@type":"WebSite","@id":"https:\/\/nitu.mx\/#website","url":"https:\/\/nitu.mx\/","name":"Nitu - Noticias de la Industria Turistica","description":"Noticias de la Industria Turistica","publisher":{"@id":"https:\/\/nitu.mx\/#\/schema\/person\/ae7a53426417292d3dd07b45a33e01bc"},"alternateName":"Noticias de la Industria Turistica","potentialAction":[{"@type":"SearchAction","target":{"@type":"EntryPoint","urlTemplate":"https:\/\/nitu.mx\/?s={search_term_string}"},"query-input":"required name=search_term_string"}],"inLanguage":"es-MX"},{"@type":["Person","Organization"],"@id":"https:\/\/nitu.mx\/#\/schema\/person\/ae7a53426417292d3dd07b45a33e01bc","name":"Arturo Medina","image":{"@type":"ImageObject","inLanguage":"es-MX","@id":"https:\/\/nitu.mx\/#\/schema\/person\/image\/","url":"https:\/\/nitu.mx\/wp-content\/uploads\/2024\/04\/4A315622-1904-4D5C-B022-878CDC840E04-90x90-1.jpeg","contentUrl":"https:\/\/nitu.mx\/wp-content\/uploads\/2024\/04\/4A315622-1904-4D5C-B022-878CDC840E04-90x90-1.jpeg","width":90,"height":90,"caption":"Arturo Medina"},"logo":{"@id":"https:\/\/nitu.mx\/#\/schema\/person\/image\/"},"description":"Director NITU.mx, Egresado de la Escuela de Periodismo Carlos Septi\u00e9n Garc\u00eda. Periodista y analista especializado en turismo desde hace 35 a\u00f1os, radicado en Canc\u00fan Q.Roo. arturo@nitu.mx","sameAs":["https:\/\/nitu.mx","https:\/\/www.facebook.com\/NITUmx\/","medinacancun","https:\/\/twitter.com\/@Arturo_Medina_G"]},{"@type":"Person","@id":"https:\/\/nitu.mx\/#\/schema\/person\/3df3082b5e46037e3f13614d28ee0b77","name":"Guadalupe Sixto","image":{"@type":"ImageObject","inLanguage":"es-MX","@id":"https:\/\/nitu.mx\/#\/schema\/person\/image\/","url":"https:\/\/secure.gravatar.com\/avatar\/13914e1b0e1919e91f9539de4dc584c4?s=96&d=mm&r=g","contentUrl":"https:\/\/secure.gravatar.com\/avatar\/13914e1b0e1919e91f9539de4dc584c4?s=96&d=mm&r=g","caption":"Guadalupe Sixto"},"url":"https:\/\/nitu.mx\/index.php\/author\/gsixto\/"}]}},"views":619,"_links":{"self":[{"href":"https:\/\/nitu.mx\/index.php\/wp-json\/wp\/v2\/posts\/51996"}],"collection":[{"href":"https:\/\/nitu.mx\/index.php\/wp-json\/wp\/v2\/posts"}],"about":[{"href":"https:\/\/nitu.mx\/index.php\/wp-json\/wp\/v2\/types\/post"}],"author":[{"embeddable":true,"href":"https:\/\/nitu.mx\/index.php\/wp-json\/wp\/v2\/users\/18"}],"replies":[{"embeddable":true,"href":"https:\/\/nitu.mx\/index.php\/wp-json\/wp\/v2\/comments?post=51996"}],"version-history":[{"count":1,"href":"https:\/\/nitu.mx\/index.php\/wp-json\/wp\/v2\/posts\/51996\/revisions"}],"predecessor-version":[{"id":51997,"href":"https:\/\/nitu.mx\/index.php\/wp-json\/wp\/v2\/posts\/51996\/revisions\/51997"}],"wp:featuredmedia":[{"embeddable":true,"href":"https:\/\/nitu.mx\/index.php\/wp-json\/wp\/v2\/media\/7840"}],"wp:attachment":[{"href":"https:\/\/nitu.mx\/index.php\/wp-json\/wp\/v2\/media?parent=51996"}],"wp:term":[{"taxonomy":"category","embeddable":true,"href":"https:\/\/nitu.mx\/index.php\/wp-json\/wp\/v2\/categories?post=51996"},{"taxonomy":"post_tag","embeddable":true,"href":"https:\/\/nitu.mx\/index.php\/wp-json\/wp\/v2\/tags?post=51996"}],"curies":[{"name":"wp","href":"https:\/\/api.w.org\/{rel}","templated":true}]}}