{"id":51944,"date":"2021-04-26T00:18:03","date_gmt":"2021-04-26T05:18:03","guid":{"rendered":"https:\/\/www.dev.nitu.mx\/?p=51944"},"modified":"2021-04-26T00:22:56","modified_gmt":"2021-04-26T05:22:56","slug":"sesiona-conago-en-marco-de-wttc-carlos-joaquin-electo-para-comision-de-turismo","status":"publish","type":"post","link":"https:\/\/nitu.mx\/index.php\/2021\/04\/26\/sesiona-conago-en-marco-de-wttc-carlos-joaquin-electo-para-comision-de-turismo\/","title":{"rendered":"Sesiona CONAGO en marco de WTTC, Carlos Joaqu\u00edn electo para Comisi\u00f3n de Turismo"},"content":{"rendered":"<p>En el marco de los trabajos de la Cumbre Mundial del WTTC Canc\u00fan 2021, el Consejo Mundial de Viajes y Turismo (WTTC, por sus siglas en ingl\u00e9s) y la Conferencia Nacional de Gobernadores (CONAGO), estrecharon lazos de cooperaci\u00f3n que permitir\u00e1n fortalecer la actividad tur\u00edstica como pieza clave para el desarrollo de M\u00e9xico, y se eligi\u00f3 a Carlos Joaqu\u00edn, gobernador de Quintana Roo, para encabezar la comisi\u00f3n de Turismo.<\/p>\n<p>En el encuentro con mandatarios estatales, Gloria Guevara Manzo, Presidenta y CEO del WTTC, destac\u00f3 que la recuperaci\u00f3n de los viajes y el turismo depende, en gran medida, del trabajo conjunto entre los sectores p\u00fablico y privado.<\/p>\n<p>\u201cEs un orgullo que Canc\u00fan sea la sede de este encuentro internacional, el m\u00e1s importante y el principal foro del turismo global, adem\u00e1s de ser el primer gran evento internacional cara a cara de los l\u00edderes globales de la industria de viajes y turismo, tras meses de la pandemia de COVID-192, indic\u00f3.<\/p>\n<p>Dijo que la Cumbre Mundial del WTTC, sin duda representa una oportunidad para colocar a nuestro pa\u00eds en el centro de atenci\u00f3n de la comunidad tur\u00edstica internacional y es una importante ventana de promoci\u00f3n tur\u00edstica para todos nuestros destinos.<\/p>\n<p>\u201cLes invito a que aprovechemos este importante evento para fortalecer la promoci\u00f3n de los destinos tur\u00edsticos de nuestro pa\u00eds ante todo el mundo. El turismo enfrenta en este momento su mayor reto en la historia, para superar la coyuntura adversa que dej\u00f3 a su paso la emergencia sanitaria por COVID-19. Y este gran reto, tambi\u00e9n requiere un esfuerzo en equipo, tambi\u00e9n sin precedentes, que nos permita superar la adversidad\u201d, indic\u00f3 Guevara Manzo.<\/p>\n<p>Durante el encuentro, los gobernadores del pa\u00eds eligieron como nuevo coordinador de la Comisi\u00f3n de Turismo de la CONAGO a Carlos Joaqu\u00edn Gonz\u00e1lez, Gobernador del Estado de Quintana Roo, quien agradeci\u00f3 la distinci\u00f3n y declar\u00f3 que, en este momento la actividad tur\u00edstica ser\u00e1 una palanca para impulsar el desarrollo. El mandatario quintanarroense sustituye a Carlos Mendoza Davis, gobernador de Baja California Sur.<\/p>\n<p>El mandatario estatal dijo que la Cumbre Mundial del WTTC, que se realiza en Canc\u00fan del 25 al 27 de abril, es el primer gran evento del sector a nivel global en este a\u00f1o y marcar\u00e1, sin duda, un antes y un despu\u00e9s para el turismo nacional e internacional.<\/p>\n<p>La Cumbre Mundial del WTTC se realizar\u00e1 en el Centro de Convenciones Moon Palace en formato h\u00edbrido en dos vertientes: con m\u00e1s de 600 delegados de manera presencial y m\u00e1s de 30 mil de forma remota, a trav\u00e9s de una plataforma digital. (<a title=\"Pruebas COVID-19 para todos y sana distancia en cumbre de WTTC\" href=\"https:\/\/www.dev.nitu.mx\/index.php\/2021\/04\/26\/pruebas-covid-19-para-todos-y-sana-distancia-en-cumbre-de-wttc\/\" rel=\"bookmark\">Pruebas COVID-19 para todos y sana distancia en cumbre de WTTC<\/a>).<\/p>\n<p>Se tiene confirmada la participaci\u00f3n de Juan Manuel Santos, ex presidente de Colombia y Premio Nobel de la Paz 2016, y de la destacada tenista profesional Martina Navratilova, as\u00ed como m\u00e1s de 100 oradores internacionales de alto nivel y l\u00edderes del sector p\u00fablico, encabezados por 20 delegaciones ministeriales de Arabia Saudita, Espa\u00f1a, Portugal, Grecia, Panam\u00e1 y Rep\u00fablica Dominicana, entre otros.<\/p>\n","protected":false},"excerpt":{"rendered":"<p>En el marco de los trabajos de la Cumbre Mundial del WTTC Canc\u00fan 2021, el Consejo Mundial de Viajes y Turismo (WTTC, por sus siglas en ingl\u00e9s) y la Conferencia Nacional de Gobernadores (CONAGO), estrecharon lazos de cooperaci\u00f3n que permitir\u00e1n fortalecer la actividad tur\u00edstica como pieza clave para el desarrollo de M\u00e9xico, y se eligi\u00f3 [&hellip;]<\/p>\n","protected":false},"author":2,"featured_media":51945,"comment_status":"open","ping_status":"open","sticky":false,"template":"","format":"standard","meta":{"footnotes":""},"categories":[18475],"tags":[43,261,3769,21826],"yoast_head":"<!-- This site is optimized with the Yoast SEO plugin v22.2 - https:\/\/yoast.com\/wordpress\/plugins\/seo\/ -->\n<title>Sesiona CONAGO en marco de WTTC, Carlos Joaqu\u00edn electo para Comisi\u00f3n de Turismo - Nitu - Noticias de la Industria Turistica<\/title>\n<meta name=\"robots\" content=\"index, follow, max-snippet:-1, max-image-preview:large, max-video-preview:-1\" \/>\n<link rel=\"canonical\" href=\"https:\/\/nitu.mx\/index.php\/2021\/04\/26\/sesiona-conago-en-marco-de-wttc-carlos-joaquin-electo-para-comision-de-turismo\/\" \/>\n<meta name=\"twitter:card\" content=\"summary_large_image\" \/>\n<meta name=\"twitter:title\" content=\"Sesiona CONAGO en marco de WTTC, Carlos Joaqu\u00edn electo para Comisi\u00f3n de Turismo - Nitu - Noticias de la Industria Turistica\" \/>\n<meta name=\"twitter:description\" content=\"En el marco de los trabajos de la Cumbre Mundial del WTTC Canc\u00fan 2021, el Consejo Mundial de Viajes y Turismo (WTTC, por sus siglas en ingl\u00e9s) y la Conferencia Nacional de Gobernadores (CONAGO), estrecharon lazos de cooperaci\u00f3n que permitir\u00e1n fortalecer la actividad tur\u00edstica como pieza clave para el desarrollo de M\u00e9xico, y se eligi\u00f3 [&hellip;]\" \/>\n<meta name=\"twitter:image\" content=\"https:\/\/nitu.mx\/wp-content\/uploads\/2021\/04\/cumbre-conago.jpeg\" \/>\n<meta name=\"twitter:creator\" content=\"@Arturo_Medina_G\" \/>\n<meta name=\"twitter:site\" content=\"@Arturo_Medina_G\" \/>\n<meta name=\"twitter:label1\" content=\"Escrito por\" \/>\n\t<meta name=\"twitter:data1\" content=\"Arturo Medina\" \/>\n\t<meta name=\"twitter:label2\" content=\"Tiempo de lectura\" \/>\n\t<meta name=\"twitter:data2\" content=\"3 minutos\" \/>\n<script type=\"application\/ld+json\" class=\"yoast-schema-graph\">{\"@context\":\"https:\/\/schema.org\",\"@graph\":[{\"@type\":\"Article\",\"@id\":\"https:\/\/nitu.mx\/index.php\/2021\/04\/26\/sesiona-conago-en-marco-de-wttc-carlos-joaquin-electo-para-comision-de-turismo\/#article\",\"isPartOf\":{\"@id\":\"https:\/\/nitu.mx\/index.php\/2021\/04\/26\/sesiona-conago-en-marco-de-wttc-carlos-joaquin-electo-para-comision-de-turismo\/\"},\"author\":{\"name\":\"Arturo Medina\",\"@id\":\"https:\/\/nitu.mx\/#\/schema\/person\/ae7a53426417292d3dd07b45a33e01bc\"},\"headline\":\"Sesiona CONAGO en marco de WTTC, Carlos Joaqu\u00edn electo para Comisi\u00f3n de Turismo\",\"datePublished\":\"2021-04-26T05:18:03+00:00\",\"dateModified\":\"2021-04-26T05:22:56+00:00\",\"mainEntityOfPage\":{\"@id\":\"https:\/\/nitu.mx\/index.php\/2021\/04\/26\/sesiona-conago-en-marco-de-wttc-carlos-joaquin-electo-para-comision-de-turismo\/\"},\"wordCount\":542,\"commentCount\":0,\"publisher\":{\"@id\":\"https:\/\/nitu.mx\/#\/schema\/person\/ae7a53426417292d3dd07b45a33e01bc\"},\"image\":{\"@id\":\"https:\/\/nitu.mx\/index.php\/2021\/04\/26\/sesiona-conago-en-marco-de-wttc-carlos-joaquin-electo-para-comision-de-turismo\/#primaryimage\"},\"thumbnailUrl\":\"https:\/\/nitu.mx\/wp-content\/uploads\/2021\/04\/cumbre-conago.jpeg\",\"keywords\":[\"Canc\u00fan\",\"Carlos Joaqu\u00edn Gonz\u00e1lez\",\"CONAGO\",\"Consejo Mundial de Viajes y Turismo (WTTC por sus siglas en ingl\u00e9s)\"],\"articleSection\":[\"Caribe Mexicano\"],\"inLanguage\":\"es-MX\",\"potentialAction\":[{\"@type\":\"CommentAction\",\"name\":\"Comment\",\"target\":[\"https:\/\/nitu.mx\/index.php\/2021\/04\/26\/sesiona-conago-en-marco-de-wttc-carlos-joaquin-electo-para-comision-de-turismo\/#respond\"]}]},{\"@type\":\"WebPage\",\"@id\":\"https:\/\/nitu.mx\/index.php\/2021\/04\/26\/sesiona-conago-en-marco-de-wttc-carlos-joaquin-electo-para-comision-de-turismo\/\",\"url\":\"https:\/\/nitu.mx\/index.php\/2021\/04\/26\/sesiona-conago-en-marco-de-wttc-carlos-joaquin-electo-para-comision-de-turismo\/\",\"name\":\"Sesiona CONAGO en marco de WTTC, Carlos Joaqu\u00edn electo para Comisi\u00f3n de Turismo - Nitu - Noticias de la Industria Turistica\",\"isPartOf\":{\"@id\":\"https:\/\/nitu.mx\/#website\"},\"primaryImageOfPage\":{\"@id\":\"https:\/\/nitu.mx\/index.php\/2021\/04\/26\/sesiona-conago-en-marco-de-wttc-carlos-joaquin-electo-para-comision-de-turismo\/#primaryimage\"},\"image\":{\"@id\":\"https:\/\/nitu.mx\/index.php\/2021\/04\/26\/sesiona-conago-en-marco-de-wttc-carlos-joaquin-electo-para-comision-de-turismo\/#primaryimage\"},\"thumbnailUrl\":\"https:\/\/nitu.mx\/wp-content\/uploads\/2021\/04\/cumbre-conago.jpeg\",\"datePublished\":\"2021-04-26T05:18:03+00:00\",\"dateModified\":\"2021-04-26T05:22:56+00:00\",\"breadcrumb\":{\"@id\":\"https:\/\/nitu.mx\/index.php\/2021\/04\/26\/sesiona-conago-en-marco-de-wttc-carlos-joaquin-electo-para-comision-de-turismo\/#breadcrumb\"},\"inLanguage\":\"es-MX\",\"potentialAction\":[{\"@type\":\"ReadAction\",\"target\":[\"https:\/\/nitu.mx\/index.php\/2021\/04\/26\/sesiona-conago-en-marco-de-wttc-carlos-joaquin-electo-para-comision-de-turismo\/\"]}]},{\"@type\":\"ImageObject\",\"inLanguage\":\"es-MX\",\"@id\":\"https:\/\/nitu.mx\/index.php\/2021\/04\/26\/sesiona-conago-en-marco-de-wttc-carlos-joaquin-electo-para-comision-de-turismo\/#primaryimage\",\"url\":\"https:\/\/nitu.mx\/wp-content\/uploads\/2021\/04\/cumbre-conago.jpeg\",\"contentUrl\":\"https:\/\/nitu.mx\/wp-content\/uploads\/2021\/04\/cumbre-conago.jpeg\",\"width\":1280,\"height\":675},{\"@type\":\"BreadcrumbList\",\"@id\":\"https:\/\/nitu.mx\/index.php\/2021\/04\/26\/sesiona-conago-en-marco-de-wttc-carlos-joaquin-electo-para-comision-de-turismo\/#breadcrumb\",\"itemListElement\":[{\"@type\":\"ListItem\",\"position\":1,\"name\":\"Inicio\",\"item\":\"https:\/\/nitu.mx\/\"},{\"@type\":\"ListItem\",\"position\":2,\"name\":\"Sesiona CONAGO en marco de WTTC, Carlos Joaqu\u00edn electo para Comisi\u00f3n de Turismo\"}]},{\"@type\":\"WebSite\",\"@id\":\"https:\/\/nitu.mx\/#website\",\"url\":\"https:\/\/nitu.mx\/\",\"name\":\"Nitu - Noticias de la Industria Turistica\",\"description\":\"Noticias de la Industria Turistica\",\"publisher\":{\"@id\":\"https:\/\/nitu.mx\/#\/schema\/person\/ae7a53426417292d3dd07b45a33e01bc\"},\"alternateName\":\"Noticias de la Industria Turistica\",\"potentialAction\":[{\"@type\":\"SearchAction\",\"target\":{\"@type\":\"EntryPoint\",\"urlTemplate\":\"https:\/\/nitu.mx\/?s={search_term_string}\"},\"query-input\":\"required name=search_term_string\"}],\"inLanguage\":\"es-MX\"},{\"@type\":[\"Person\",\"Organization\"],\"@id\":\"https:\/\/nitu.mx\/#\/schema\/person\/ae7a53426417292d3dd07b45a33e01bc\",\"name\":\"Arturo Medina\",\"image\":{\"@type\":\"ImageObject\",\"inLanguage\":\"es-MX\",\"@id\":\"https:\/\/nitu.mx\/#\/schema\/person\/image\/\",\"url\":\"https:\/\/nitu.mx\/wp-content\/uploads\/2024\/04\/4A315622-1904-4D5C-B022-878CDC840E04-90x90-1.jpeg\",\"contentUrl\":\"https:\/\/nitu.mx\/wp-content\/uploads\/2024\/04\/4A315622-1904-4D5C-B022-878CDC840E04-90x90-1.jpeg\",\"width\":90,\"height\":90,\"caption\":\"Arturo Medina\"},\"logo\":{\"@id\":\"https:\/\/nitu.mx\/#\/schema\/person\/image\/\"},\"description\":\"Director NITU.mx, Egresado de la Escuela de Periodismo Carlos Septi\u00e9n Garc\u00eda. Periodista y analista especializado en turismo desde hace 35 a\u00f1os, radicado en Canc\u00fan Q.Roo. arturo@nitu.mx\",\"sameAs\":[\"https:\/\/nitu.mx\",\"https:\/\/www.facebook.com\/NITUmx\/\",\"medinacancun\",\"https:\/\/twitter.com\/@Arturo_Medina_G\"],\"url\":\"https:\/\/nitu.mx\/index.php\/author\/arturo-medina\/\"}]}<\/script>\n<!-- \/ Yoast SEO plugin. -->","yoast_head_json":{"title":"Sesiona CONAGO en marco de WTTC, Carlos Joaqu\u00edn electo para Comisi\u00f3n de Turismo - Nitu - Noticias de la Industria Turistica","robots":{"index":"index","follow":"follow","max-snippet":"max-snippet:-1","max-image-preview":"max-image-preview:large","max-video-preview":"max-video-preview:-1"},"canonical":"https:\/\/nitu.mx\/index.php\/2021\/04\/26\/sesiona-conago-en-marco-de-wttc-carlos-joaquin-electo-para-comision-de-turismo\/","twitter_card":"summary_large_image","twitter_title":"Sesiona CONAGO en marco de WTTC, Carlos Joaqu\u00edn electo para Comisi\u00f3n de Turismo - Nitu - Noticias de la Industria Turistica","twitter_description":"En el marco de los trabajos de la Cumbre Mundial del WTTC Canc\u00fan 2021, el Consejo Mundial de Viajes y Turismo (WTTC, por sus siglas en ingl\u00e9s) y la Conferencia Nacional de Gobernadores (CONAGO), estrecharon lazos de cooperaci\u00f3n que permitir\u00e1n fortalecer la actividad tur\u00edstica como pieza clave para el desarrollo de M\u00e9xico, y se eligi\u00f3 [&hellip;]","twitter_image":"https:\/\/nitu.mx\/wp-content\/uploads\/2021\/04\/cumbre-conago.jpeg","twitter_creator":"@Arturo_Medina_G","twitter_site":"@Arturo_Medina_G","twitter_misc":{"Escrito por":"Arturo Medina","Tiempo de lectura":"3 minutos"},"schema":{"@context":"https:\/\/schema.org","@graph":[{"@type":"Article","@id":"https:\/\/nitu.mx\/index.php\/2021\/04\/26\/sesiona-conago-en-marco-de-wttc-carlos-joaquin-electo-para-comision-de-turismo\/#article","isPartOf":{"@id":"https:\/\/nitu.mx\/index.php\/2021\/04\/26\/sesiona-conago-en-marco-de-wttc-carlos-joaquin-electo-para-comision-de-turismo\/"},"author":{"name":"Arturo Medina","@id":"https:\/\/nitu.mx\/#\/schema\/person\/ae7a53426417292d3dd07b45a33e01bc"},"headline":"Sesiona CONAGO en marco de WTTC, Carlos Joaqu\u00edn electo para Comisi\u00f3n de Turismo","datePublished":"2021-04-26T05:18:03+00:00","dateModified":"2021-04-26T05:22:56+00:00","mainEntityOfPage":{"@id":"https:\/\/nitu.mx\/index.php\/2021\/04\/26\/sesiona-conago-en-marco-de-wttc-carlos-joaquin-electo-para-comision-de-turismo\/"},"wordCount":542,"commentCount":0,"publisher":{"@id":"https:\/\/nitu.mx\/#\/schema\/person\/ae7a53426417292d3dd07b45a33e01bc"},"image":{"@id":"https:\/\/nitu.mx\/index.php\/2021\/04\/26\/sesiona-conago-en-marco-de-wttc-carlos-joaquin-electo-para-comision-de-turismo\/#primaryimage"},"thumbnailUrl":"https:\/\/nitu.mx\/wp-content\/uploads\/2021\/04\/cumbre-conago.jpeg","keywords":["Canc\u00fan","Carlos Joaqu\u00edn Gonz\u00e1lez","CONAGO","Consejo Mundial de Viajes y Turismo (WTTC por sus siglas en ingl\u00e9s)"],"articleSection":["Caribe Mexicano"],"inLanguage":"es-MX","potentialAction":[{"@type":"CommentAction","name":"Comment","target":["https:\/\/nitu.mx\/index.php\/2021\/04\/26\/sesiona-conago-en-marco-de-wttc-carlos-joaquin-electo-para-comision-de-turismo\/#respond"]}]},{"@type":"WebPage","@id":"https:\/\/nitu.mx\/index.php\/2021\/04\/26\/sesiona-conago-en-marco-de-wttc-carlos-joaquin-electo-para-comision-de-turismo\/","url":"https:\/\/nitu.mx\/index.php\/2021\/04\/26\/sesiona-conago-en-marco-de-wttc-carlos-joaquin-electo-para-comision-de-turismo\/","name":"Sesiona CONAGO en marco de WTTC, Carlos Joaqu\u00edn electo para Comisi\u00f3n de Turismo - Nitu - Noticias de la Industria Turistica","isPartOf":{"@id":"https:\/\/nitu.mx\/#website"},"primaryImageOfPage":{"@id":"https:\/\/nitu.mx\/index.php\/2021\/04\/26\/sesiona-conago-en-marco-de-wttc-carlos-joaquin-electo-para-comision-de-turismo\/#primaryimage"},"image":{"@id":"https:\/\/nitu.mx\/index.php\/2021\/04\/26\/sesiona-conago-en-marco-de-wttc-carlos-joaquin-electo-para-comision-de-turismo\/#primaryimage"},"thumbnailUrl":"https:\/\/nitu.mx\/wp-content\/uploads\/2021\/04\/cumbre-conago.jpeg","datePublished":"2021-04-26T05:18:03+00:00","dateModified":"2021-04-26T05:22:56+00:00","breadcrumb":{"@id":"https:\/\/nitu.mx\/index.php\/2021\/04\/26\/sesiona-conago-en-marco-de-wttc-carlos-joaquin-electo-para-comision-de-turismo\/#breadcrumb"},"inLanguage":"es-MX","potentialAction":[{"@type":"ReadAction","target":["https:\/\/nitu.mx\/index.php\/2021\/04\/26\/sesiona-conago-en-marco-de-wttc-carlos-joaquin-electo-para-comision-de-turismo\/"]}]},{"@type":"ImageObject","inLanguage":"es-MX","@id":"https:\/\/nitu.mx\/index.php\/2021\/04\/26\/sesiona-conago-en-marco-de-wttc-carlos-joaquin-electo-para-comision-de-turismo\/#primaryimage","url":"https:\/\/nitu.mx\/wp-content\/uploads\/2021\/04\/cumbre-conago.jpeg","contentUrl":"https:\/\/nitu.mx\/wp-content\/uploads\/2021\/04\/cumbre-conago.jpeg","width":1280,"height":675},{"@type":"BreadcrumbList","@id":"https:\/\/nitu.mx\/index.php\/2021\/04\/26\/sesiona-conago-en-marco-de-wttc-carlos-joaquin-electo-para-comision-de-turismo\/#breadcrumb","itemListElement":[{"@type":"ListItem","position":1,"name":"Inicio","item":"https:\/\/nitu.mx\/"},{"@type":"ListItem","position":2,"name":"Sesiona CONAGO en marco de WTTC, Carlos Joaqu\u00edn electo para Comisi\u00f3n de Turismo"}]},{"@type":"WebSite","@id":"https:\/\/nitu.mx\/#website","url":"https:\/\/nitu.mx\/","name":"Nitu - Noticias de la Industria Turistica","description":"Noticias de la Industria Turistica","publisher":{"@id":"https:\/\/nitu.mx\/#\/schema\/person\/ae7a53426417292d3dd07b45a33e01bc"},"alternateName":"Noticias de la Industria Turistica","potentialAction":[{"@type":"SearchAction","target":{"@type":"EntryPoint","urlTemplate":"https:\/\/nitu.mx\/?s={search_term_string}"},"query-input":"required name=search_term_string"}],"inLanguage":"es-MX"},{"@type":["Person","Organization"],"@id":"https:\/\/nitu.mx\/#\/schema\/person\/ae7a53426417292d3dd07b45a33e01bc","name":"Arturo Medina","image":{"@type":"ImageObject","inLanguage":"es-MX","@id":"https:\/\/nitu.mx\/#\/schema\/person\/image\/","url":"https:\/\/nitu.mx\/wp-content\/uploads\/2024\/04\/4A315622-1904-4D5C-B022-878CDC840E04-90x90-1.jpeg","contentUrl":"https:\/\/nitu.mx\/wp-content\/uploads\/2024\/04\/4A315622-1904-4D5C-B022-878CDC840E04-90x90-1.jpeg","width":90,"height":90,"caption":"Arturo Medina"},"logo":{"@id":"https:\/\/nitu.mx\/#\/schema\/person\/image\/"},"description":"Director NITU.mx, Egresado de la Escuela de Periodismo Carlos Septi\u00e9n Garc\u00eda. Periodista y analista especializado en turismo desde hace 35 a\u00f1os, radicado en Canc\u00fan Q.Roo. arturo@nitu.mx","sameAs":["https:\/\/nitu.mx","https:\/\/www.facebook.com\/NITUmx\/","medinacancun","https:\/\/twitter.com\/@Arturo_Medina_G"],"url":"https:\/\/nitu.mx\/index.php\/author\/arturo-medina\/"}]}},"views":242,"_links":{"self":[{"href":"https:\/\/nitu.mx\/index.php\/wp-json\/wp\/v2\/posts\/51944"}],"collection":[{"href":"https:\/\/nitu.mx\/index.php\/wp-json\/wp\/v2\/posts"}],"about":[{"href":"https:\/\/nitu.mx\/index.php\/wp-json\/wp\/v2\/types\/post"}],"author":[{"embeddable":true,"href":"https:\/\/nitu.mx\/index.php\/wp-json\/wp\/v2\/users\/2"}],"replies":[{"embeddable":true,"href":"https:\/\/nitu.mx\/index.php\/wp-json\/wp\/v2\/comments?post=51944"}],"version-history":[{"count":4,"href":"https:\/\/nitu.mx\/index.php\/wp-json\/wp\/v2\/posts\/51944\/revisions"}],"predecessor-version":[{"id":51961,"href":"https:\/\/nitu.mx\/index.php\/wp-json\/wp\/v2\/posts\/51944\/revisions\/51961"}],"wp:featuredmedia":[{"embeddable":true,"href":"https:\/\/nitu.mx\/index.php\/wp-json\/wp\/v2\/media\/51945"}],"wp:attachment":[{"href":"https:\/\/nitu.mx\/index.php\/wp-json\/wp\/v2\/media?parent=51944"}],"wp:term":[{"taxonomy":"category","embeddable":true,"href":"https:\/\/nitu.mx\/index.php\/wp-json\/wp\/v2\/categories?post=51944"},{"taxonomy":"post_tag","embeddable":true,"href":"https:\/\/nitu.mx\/index.php\/wp-json\/wp\/v2\/tags?post=51944"}],"curies":[{"name":"wp","href":"https:\/\/api.w.org\/{rel}","templated":true}]}}