{"id":51735,"date":"2021-04-16T00:21:57","date_gmt":"2021-04-16T05:21:57","guid":{"rendered":"https:\/\/www.dev.nitu.mx\/?p=51735"},"modified":"2021-04-16T00:29:49","modified_gmt":"2021-04-16T05:29:49","slug":"preparan-exposiciones-para-la-reapertura-del-sector-de-eventos","status":"publish","type":"post","link":"https:\/\/nitu.mx\/index.php\/2021\/04\/16\/preparan-exposiciones-para-la-reapertura-del-sector-de-eventos\/","title":{"rendered":"Preparan Exposiciones para la reapertura del sector de eventos"},"content":{"rendered":"<p>La industria de reuniones en Quintana Roo, que agrupa eventos de negocios como exposiciones, congresos y convenciones, prepara una trilog\u00eda de Exposiciones que les permita reabrir sus puertas, integr\u00e1ndose a la reactivaci\u00f3n econ\u00f3mica de manera segura implementando los protocolos sanitarios que desarrollaron en los \u00faltimos meses.<\/p>\n<p>\u201cEl objetivo es presentar tres exposiciones profesionales, abiertas al p\u00fablico con el nuevo concepto de aforos controlados, por invitaci\u00f3n, sin costo, en donde se ejerzan los beneficios para expositores y visitantes de esta gran herramienta que son las exposiciones como detonante econ\u00f3mico para la regi\u00f3n del Caribe Mexicano, siempre en observaci\u00f3n de los protocolos que establece la autoridad\u201d mencion\u00f3 Pedro Ram\u00edrez Presidente de Lamadrid &amp; Asociados, empresa con m\u00e1s de 20 a\u00f1os de experiencia en la organizaci\u00f3n de eventos de especialidad.<\/p>\n<p>Dentro del panel estuvo tambi\u00e9n presente Jair L\u00f3pez Montes, Director General del Canc\u00fan International Center quien destaca que, como muchos sectores, la Industria de Reuniones tambi\u00e9n se ha visto grandemente afectada por la pandemia, al cancelar o posponer entre un 60 y un 80% de un total de 6,000 eventos programados durante el a\u00f1o 2020 en Quintana Roo.<\/p>\n<p>No obstante, lo anterior, el trabajo entre organizadores de eventos de negocios, recintos, autoridades, proveedores especializados, y asociaciones interesadas en el segmento, se han organizado para, desarrollar un evento profesional dentro de la nueva<br \/>\nnormalidad.<\/p>\n<p>Por su parte, la Licenciada Marisol Venegas, Secretaria de Turismo del Estado de Quintana Roo, se\u00f1al\u00f3 el impacto positivo que tiene la reapertura de la Industria de Reuniones al Turismo, pues indic\u00f3, de acuerdo con datos disponibles, que la Industria de reuniones de negocios en Quintana Roo represent\u00f3 el 1.24% del PIB estatal, 1.8 millones de participantes y generaci\u00f3n de 28,000 empleos.<\/p>\n<p>De manera responsable es importante apoyar a la reactivaci\u00f3n de esta industria que contribuye no solo a la atracci\u00f3n de turismo<br \/>\ny derrama, sino a la detonaci\u00f3n y reactivaci\u00f3n de muy diversos sectores econ\u00f3micos con la generaci\u00f3n de negocios, desarrollo de talento, intercambio de tecnolog\u00eda, entre otras aportaciones a trav\u00e9s de las diferentes modalidades de Exposiciones, Ferias Comerciales, Congresos y Convenciones.<\/p>\n<p>Posicionar en el mercado nacional e internacional a Quintana Roo como destino de Reuniones de Negocios ha implicado mucho esfuerzo e inversi\u00f3n por muchos a\u00f1os con el concierto de la Iniciativa privada y el gobierno. Es necesario, con lineamientos y protocolos que garanticen el bienestar y la salud de toda la cadena, mandar un mensaje claro al mercado de que estamos preparados para la reactivaci\u00f3n y atenci\u00f3n de los eventos.<\/p>\n<p>Ciudades como Monterrey, M\u00e9xico y Guadalajara, por mencionar algunas, ya reactivaron estos eventos, de hecho, Monterrey llev\u00f3 a cabo el pasado noviembre, La Exposici\u00f3n Internacional de Publicidad, en donde se recibieron m\u00e1s de 1,000 visitantes que fueron<br \/>\natendidos 100 de expositores dentro de Cintermex, resalt\u00f3 Pedro Ram\u00edrez.<\/p>\n<p>A su Vez, Eduardo Dom\u00ednguez Ibarra, Presidente del Comit\u00e9 de Promoci\u00f3n de la Asociaci\u00f3n de Hoteles de Canc\u00fan, Puerto Morelos e Isla Mujeres, destaco que del 62% permitido para operar lograron el permiso especial para operar al 70%, as\u00ed mismo comento que se ha generado una notable reactivaci\u00f3n en vuelos al destino, conf\u00edan se reactivar\u00e1 en verano e invierno de manera m\u00e1s contundente. Actualmente Isla Mujeres opera al 50.7% y Puerto Morelos al 50.5%.<\/p>\n<p>La Asociaci\u00f3n busca llegar al punto de equilibrio, conf\u00edan en pronto alcanzar los n\u00fameros esperados.<\/p>\n<p>As\u00ed mismo, Iv\u00e1n Ferrat Mancera, Presidente Consejo Coordinador Empresarial del Caribe, asegura sentirse Contento por los resultados generados en el periodo vacacional de Semana Santa los cuales superaron sus expectativas, indica que Expo Publicidad Road Show Canc\u00fan y Expo Reactivaci\u00f3n Segura son un parteaguas para arrancar la Industria de Reuniones en el Caribe Mexicano.<\/p>\n<p>Por su parte el Chef Marcy B. Pacheco, Presidente CANIRAC Quintana Roo, Considera que la Industria Restaurantera se encuentra en excelente momento para la reactivaci\u00f3n econ\u00f3mica, y destaca una notable mejor\u00eda en todas las zonas del Caribe Mexicano.<\/p>\n<p>Proyecta el sector gastron\u00f3mico se encuentra en v\u00edas de un fuerte desarrollo sobre todo en los siguientes meses en sus temporadas vacacionales lo cual generara la recuperaci\u00f3n de empleos perdidos durante la etapa fuerte de la pandemia.<\/p>\n<p>Las Exposiciones denominadas Exposici\u00f3n Internacional de Publicidad, Road Show Sureste Canc\u00fan.<\/p>\n<p>Expo Reactivaci\u00f3n Econ\u00f3mica y Expo Reactivaci\u00f3n Segura y Saludable, est\u00e1n programadas para celebrarse en El Canc\u00fan Center el pr\u00f3ximo d\u00eda 16 y 17 de Junio, incluir\u00e1n Expositores que demostrar\u00e1n las nuevas tecnolog\u00edas y tendencias en Comunicaci\u00f3n, diversos servicios e insumos sanitarios y su implementaci\u00f3n dentro de empresas, comercios, hoteles, negocios, industria as\u00ed como expositores que brindan asesor\u00eda y apoyo en apalancamiento financiero, formando la trilog\u00eda; React\u00edvate, Hazlo de manera segura y Comun\u00edcalo, Las Exposiciones contaran adem\u00e1s con un programa de conferencias sobre la actualizaci\u00f3n de protocolos sanitarios para la industria de eventos, nuevas tendencias en la industria de la comunicaci\u00f3n, implementaci\u00f3n de diversos protocolos para el regreso a la actividad econ\u00f3mica de diversas industrias, as\u00ed como estrategias Econ\u00f3micas para reincorporarse a la actividad productiva en esta nueva realidad.<\/p>\n","protected":false},"excerpt":{"rendered":"<p>La industria de reuniones en Quintana Roo, que agrupa eventos de negocios como exposiciones, congresos y convenciones, prepara una trilog\u00eda de Exposiciones que les permita reabrir sus puertas, integr\u00e1ndose a la reactivaci\u00f3n econ\u00f3mica de manera segura implementando los protocolos sanitarios que desarrollaron en los \u00faltimos meses. \u201cEl objetivo es presentar tres exposiciones profesionales, abiertas al [&hellip;]<\/p>\n","protected":false},"author":3,"featured_media":51736,"comment_status":"open","ping_status":"open","sticky":false,"template":"","format":"standard","meta":{"footnotes":""},"categories":[18475,12],"tags":[3724,5802,16079,4526,260,21978],"yoast_head":"<!-- This site is optimized with the Yoast SEO plugin v22.2 - https:\/\/yoast.com\/wordpress\/plugins\/seo\/ -->\n<title>Preparan Exposiciones para la reapertura del sector de eventos - Nitu - Noticias de la Industria Turistica<\/title>\n<meta name=\"robots\" content=\"index, follow, max-snippet:-1, max-image-preview:large, max-video-preview:-1\" \/>\n<link rel=\"canonical\" href=\"https:\/\/nitu.mx\/index.php\/2021\/04\/16\/preparan-exposiciones-para-la-reapertura-del-sector-de-eventos\/\" \/>\n<meta name=\"twitter:card\" content=\"summary_large_image\" \/>\n<meta name=\"twitter:title\" content=\"Preparan Exposiciones para la reapertura del sector de eventos - Nitu - Noticias de la Industria Turistica\" \/>\n<meta name=\"twitter:description\" content=\"La industria de reuniones en Quintana Roo, que agrupa eventos de negocios como exposiciones, congresos y convenciones, prepara una trilog\u00eda de Exposiciones que les permita reabrir sus puertas, integr\u00e1ndose a la reactivaci\u00f3n econ\u00f3mica de manera segura implementando los protocolos sanitarios que desarrollaron en los \u00faltimos meses. \u201cEl objetivo es presentar tres exposiciones profesionales, abiertas al [&hellip;]\" \/>\n<meta name=\"twitter:image\" content=\"https:\/\/nitu.mx\/wp-content\/uploads\/2021\/04\/TRILOGIAEXPOS.jpg\" \/>\n<meta name=\"twitter:creator\" content=\"@NITUmx\" \/>\n<meta name=\"twitter:site\" content=\"@Arturo_Medina_G\" \/>\n<meta name=\"twitter:label1\" content=\"Escrito por\" \/>\n\t<meta name=\"twitter:data1\" content=\"Alejandra Moncisbays\" \/>\n\t<meta name=\"twitter:label2\" content=\"Tiempo de lectura\" \/>\n\t<meta name=\"twitter:data2\" content=\"4 minutos\" \/>\n<script type=\"application\/ld+json\" class=\"yoast-schema-graph\">{\"@context\":\"https:\/\/schema.org\",\"@graph\":[{\"@type\":\"Article\",\"@id\":\"https:\/\/nitu.mx\/index.php\/2021\/04\/16\/preparan-exposiciones-para-la-reapertura-del-sector-de-eventos\/#article\",\"isPartOf\":{\"@id\":\"https:\/\/nitu.mx\/index.php\/2021\/04\/16\/preparan-exposiciones-para-la-reapertura-del-sector-de-eventos\/\"},\"author\":{\"name\":\"Alejandra Moncisbays\",\"@id\":\"https:\/\/nitu.mx\/#\/schema\/person\/2ecd887b19dfd3382d1f14fc5acf24a8\"},\"headline\":\"Preparan Exposiciones para la reapertura del sector de eventos\",\"datePublished\":\"2021-04-16T05:21:57+00:00\",\"dateModified\":\"2021-04-16T05:29:49+00:00\",\"mainEntityOfPage\":{\"@id\":\"https:\/\/nitu.mx\/index.php\/2021\/04\/16\/preparan-exposiciones-para-la-reapertura-del-sector-de-eventos\/\"},\"wordCount\":889,\"commentCount\":0,\"publisher\":{\"@id\":\"https:\/\/nitu.mx\/#\/schema\/person\/ae7a53426417292d3dd07b45a33e01bc\"},\"image\":{\"@id\":\"https:\/\/nitu.mx\/index.php\/2021\/04\/16\/preparan-exposiciones-para-la-reapertura-del-sector-de-eventos\/#primaryimage\"},\"thumbnailUrl\":\"https:\/\/nitu.mx\/wp-content\/uploads\/2021\/04\/TRILOGIAEXPOS.jpg\",\"keywords\":[\"Congresos\",\"convenciones\",\"exposiciones\",\"Industria de Reuniones\",\"Quintana Roo\",\"trilog\u00eda de Exposiciones\"],\"articleSection\":[\"Caribe Mexicano\",\"Marketing\"],\"inLanguage\":\"es-MX\",\"potentialAction\":[{\"@type\":\"CommentAction\",\"name\":\"Comment\",\"target\":[\"https:\/\/nitu.mx\/index.php\/2021\/04\/16\/preparan-exposiciones-para-la-reapertura-del-sector-de-eventos\/#respond\"]}]},{\"@type\":\"WebPage\",\"@id\":\"https:\/\/nitu.mx\/index.php\/2021\/04\/16\/preparan-exposiciones-para-la-reapertura-del-sector-de-eventos\/\",\"url\":\"https:\/\/nitu.mx\/index.php\/2021\/04\/16\/preparan-exposiciones-para-la-reapertura-del-sector-de-eventos\/\",\"name\":\"Preparan Exposiciones para la reapertura del sector de eventos - Nitu - Noticias de la Industria Turistica\",\"isPartOf\":{\"@id\":\"https:\/\/nitu.mx\/#website\"},\"primaryImageOfPage\":{\"@id\":\"https:\/\/nitu.mx\/index.php\/2021\/04\/16\/preparan-exposiciones-para-la-reapertura-del-sector-de-eventos\/#primaryimage\"},\"image\":{\"@id\":\"https:\/\/nitu.mx\/index.php\/2021\/04\/16\/preparan-exposiciones-para-la-reapertura-del-sector-de-eventos\/#primaryimage\"},\"thumbnailUrl\":\"https:\/\/nitu.mx\/wp-content\/uploads\/2021\/04\/TRILOGIAEXPOS.jpg\",\"datePublished\":\"2021-04-16T05:21:57+00:00\",\"dateModified\":\"2021-04-16T05:29:49+00:00\",\"breadcrumb\":{\"@id\":\"https:\/\/nitu.mx\/index.php\/2021\/04\/16\/preparan-exposiciones-para-la-reapertura-del-sector-de-eventos\/#breadcrumb\"},\"inLanguage\":\"es-MX\",\"potentialAction\":[{\"@type\":\"ReadAction\",\"target\":[\"https:\/\/nitu.mx\/index.php\/2021\/04\/16\/preparan-exposiciones-para-la-reapertura-del-sector-de-eventos\/\"]}]},{\"@type\":\"ImageObject\",\"inLanguage\":\"es-MX\",\"@id\":\"https:\/\/nitu.mx\/index.php\/2021\/04\/16\/preparan-exposiciones-para-la-reapertura-del-sector-de-eventos\/#primaryimage\",\"url\":\"https:\/\/nitu.mx\/wp-content\/uploads\/2021\/04\/TRILOGIAEXPOS.jpg\",\"contentUrl\":\"https:\/\/nitu.mx\/wp-content\/uploads\/2021\/04\/TRILOGIAEXPOS.jpg\",\"width\":1280,\"height\":960},{\"@type\":\"BreadcrumbList\",\"@id\":\"https:\/\/nitu.mx\/index.php\/2021\/04\/16\/preparan-exposiciones-para-la-reapertura-del-sector-de-eventos\/#breadcrumb\",\"itemListElement\":[{\"@type\":\"ListItem\",\"position\":1,\"name\":\"Inicio\",\"item\":\"https:\/\/nitu.mx\/\"},{\"@type\":\"ListItem\",\"position\":2,\"name\":\"Preparan Exposiciones para la reapertura del sector de eventos\"}]},{\"@type\":\"WebSite\",\"@id\":\"https:\/\/nitu.mx\/#website\",\"url\":\"https:\/\/nitu.mx\/\",\"name\":\"Nitu - Noticias de la Industria Turistica\",\"description\":\"Noticias de la Industria Turistica\",\"publisher\":{\"@id\":\"https:\/\/nitu.mx\/#\/schema\/person\/ae7a53426417292d3dd07b45a33e01bc\"},\"alternateName\":\"Noticias de la Industria Turistica\",\"potentialAction\":[{\"@type\":\"SearchAction\",\"target\":{\"@type\":\"EntryPoint\",\"urlTemplate\":\"https:\/\/nitu.mx\/?s={search_term_string}\"},\"query-input\":\"required name=search_term_string\"}],\"inLanguage\":\"es-MX\"},{\"@type\":[\"Person\",\"Organization\"],\"@id\":\"https:\/\/nitu.mx\/#\/schema\/person\/ae7a53426417292d3dd07b45a33e01bc\",\"name\":\"Arturo Medina\",\"image\":{\"@type\":\"ImageObject\",\"inLanguage\":\"es-MX\",\"@id\":\"https:\/\/nitu.mx\/#\/schema\/person\/image\/\",\"url\":\"https:\/\/nitu.mx\/wp-content\/uploads\/2024\/04\/4A315622-1904-4D5C-B022-878CDC840E04-90x90-1.jpeg\",\"contentUrl\":\"https:\/\/nitu.mx\/wp-content\/uploads\/2024\/04\/4A315622-1904-4D5C-B022-878CDC840E04-90x90-1.jpeg\",\"width\":90,\"height\":90,\"caption\":\"Arturo Medina\"},\"logo\":{\"@id\":\"https:\/\/nitu.mx\/#\/schema\/person\/image\/\"},\"description\":\"Director NITU.mx, Egresado de la Escuela de Periodismo Carlos Septi\u00e9n Garc\u00eda. Periodista y analista especializado en turismo desde hace 35 a\u00f1os, radicado en Canc\u00fan Q.Roo. arturo@nitu.mx\",\"sameAs\":[\"https:\/\/nitu.mx\",\"https:\/\/www.facebook.com\/NITUmx\/\",\"medinacancun\",\"https:\/\/twitter.com\/@Arturo_Medina_G\"]},{\"@type\":\"Person\",\"@id\":\"https:\/\/nitu.mx\/#\/schema\/person\/2ecd887b19dfd3382d1f14fc5acf24a8\",\"name\":\"Alejandra Moncisbays\",\"image\":{\"@type\":\"ImageObject\",\"inLanguage\":\"es-MX\",\"@id\":\"https:\/\/nitu.mx\/#\/schema\/person\/image\/\",\"url\":\"https:\/\/secure.gravatar.com\/avatar\/e74f7af0be172b7804dacfd0bfbef787?s=96&d=mm&r=g\",\"contentUrl\":\"https:\/\/secure.gravatar.com\/avatar\/e74f7af0be172b7804dacfd0bfbef787?s=96&d=mm&r=g\",\"caption\":\"Alejandra Moncisbays\"},\"description\":\"Curs\u00e9 la carrera de Periodismo y Comunicaci\u00f3n en la Facultad de Estudios Profesionales Acatl\u00e1n. Vivo en Canc\u00fan desde hace 24 a\u00f1os. Fui reportera de La Tarde de Canc\u00fan, y Novedades de Quintana Roo, colabor\u00e9 en TVCUN, edit\u00e9 Cancun\u00edssimo y colabor\u00e9 en las revistas Latitud21, entre otras, con principal enfoque en los sectores empresarial y tur\u00edstico. Desde hace varios a\u00f1os soy Agente de Seguros con c\u00e9dula de la Comisi\u00f3n Nacional de Seguros y Fianzas. Actualmente, me desarrollo en los \u00e1mbitos del periodismo y el sector asegurador.\",\"sameAs\":[\"https:\/\/nitu.mx\"],\"url\":\"https:\/\/nitu.mx\/index.php\/author\/alejandra\/\"}]}<\/script>\n<!-- \/ Yoast SEO plugin. -->","yoast_head_json":{"title":"Preparan Exposiciones para la reapertura del sector de eventos - Nitu - Noticias de la Industria Turistica","robots":{"index":"index","follow":"follow","max-snippet":"max-snippet:-1","max-image-preview":"max-image-preview:large","max-video-preview":"max-video-preview:-1"},"canonical":"https:\/\/nitu.mx\/index.php\/2021\/04\/16\/preparan-exposiciones-para-la-reapertura-del-sector-de-eventos\/","twitter_card":"summary_large_image","twitter_title":"Preparan Exposiciones para la reapertura del sector de eventos - Nitu - Noticias de la Industria Turistica","twitter_description":"La industria de reuniones en Quintana Roo, que agrupa eventos de negocios como exposiciones, congresos y convenciones, prepara una trilog\u00eda de Exposiciones que les permita reabrir sus puertas, integr\u00e1ndose a la reactivaci\u00f3n econ\u00f3mica de manera segura implementando los protocolos sanitarios que desarrollaron en los \u00faltimos meses. \u201cEl objetivo es presentar tres exposiciones profesionales, abiertas al [&hellip;]","twitter_image":"https:\/\/nitu.mx\/wp-content\/uploads\/2021\/04\/TRILOGIAEXPOS.jpg","twitter_creator":"@NITUmx","twitter_site":"@Arturo_Medina_G","twitter_misc":{"Escrito por":"Alejandra Moncisbays","Tiempo de lectura":"4 minutos"},"schema":{"@context":"https:\/\/schema.org","@graph":[{"@type":"Article","@id":"https:\/\/nitu.mx\/index.php\/2021\/04\/16\/preparan-exposiciones-para-la-reapertura-del-sector-de-eventos\/#article","isPartOf":{"@id":"https:\/\/nitu.mx\/index.php\/2021\/04\/16\/preparan-exposiciones-para-la-reapertura-del-sector-de-eventos\/"},"author":{"name":"Alejandra Moncisbays","@id":"https:\/\/nitu.mx\/#\/schema\/person\/2ecd887b19dfd3382d1f14fc5acf24a8"},"headline":"Preparan Exposiciones para la reapertura del sector de eventos","datePublished":"2021-04-16T05:21:57+00:00","dateModified":"2021-04-16T05:29:49+00:00","mainEntityOfPage":{"@id":"https:\/\/nitu.mx\/index.php\/2021\/04\/16\/preparan-exposiciones-para-la-reapertura-del-sector-de-eventos\/"},"wordCount":889,"commentCount":0,"publisher":{"@id":"https:\/\/nitu.mx\/#\/schema\/person\/ae7a53426417292d3dd07b45a33e01bc"},"image":{"@id":"https:\/\/nitu.mx\/index.php\/2021\/04\/16\/preparan-exposiciones-para-la-reapertura-del-sector-de-eventos\/#primaryimage"},"thumbnailUrl":"https:\/\/nitu.mx\/wp-content\/uploads\/2021\/04\/TRILOGIAEXPOS.jpg","keywords":["Congresos","convenciones","exposiciones","Industria de Reuniones","Quintana Roo","trilog\u00eda de Exposiciones"],"articleSection":["Caribe Mexicano","Marketing"],"inLanguage":"es-MX","potentialAction":[{"@type":"CommentAction","name":"Comment","target":["https:\/\/nitu.mx\/index.php\/2021\/04\/16\/preparan-exposiciones-para-la-reapertura-del-sector-de-eventos\/#respond"]}]},{"@type":"WebPage","@id":"https:\/\/nitu.mx\/index.php\/2021\/04\/16\/preparan-exposiciones-para-la-reapertura-del-sector-de-eventos\/","url":"https:\/\/nitu.mx\/index.php\/2021\/04\/16\/preparan-exposiciones-para-la-reapertura-del-sector-de-eventos\/","name":"Preparan Exposiciones para la reapertura del sector de eventos - Nitu - Noticias de la Industria Turistica","isPartOf":{"@id":"https:\/\/nitu.mx\/#website"},"primaryImageOfPage":{"@id":"https:\/\/nitu.mx\/index.php\/2021\/04\/16\/preparan-exposiciones-para-la-reapertura-del-sector-de-eventos\/#primaryimage"},"image":{"@id":"https:\/\/nitu.mx\/index.php\/2021\/04\/16\/preparan-exposiciones-para-la-reapertura-del-sector-de-eventos\/#primaryimage"},"thumbnailUrl":"https:\/\/nitu.mx\/wp-content\/uploads\/2021\/04\/TRILOGIAEXPOS.jpg","datePublished":"2021-04-16T05:21:57+00:00","dateModified":"2021-04-16T05:29:49+00:00","breadcrumb":{"@id":"https:\/\/nitu.mx\/index.php\/2021\/04\/16\/preparan-exposiciones-para-la-reapertura-del-sector-de-eventos\/#breadcrumb"},"inLanguage":"es-MX","potentialAction":[{"@type":"ReadAction","target":["https:\/\/nitu.mx\/index.php\/2021\/04\/16\/preparan-exposiciones-para-la-reapertura-del-sector-de-eventos\/"]}]},{"@type":"ImageObject","inLanguage":"es-MX","@id":"https:\/\/nitu.mx\/index.php\/2021\/04\/16\/preparan-exposiciones-para-la-reapertura-del-sector-de-eventos\/#primaryimage","url":"https:\/\/nitu.mx\/wp-content\/uploads\/2021\/04\/TRILOGIAEXPOS.jpg","contentUrl":"https:\/\/nitu.mx\/wp-content\/uploads\/2021\/04\/TRILOGIAEXPOS.jpg","width":1280,"height":960},{"@type":"BreadcrumbList","@id":"https:\/\/nitu.mx\/index.php\/2021\/04\/16\/preparan-exposiciones-para-la-reapertura-del-sector-de-eventos\/#breadcrumb","itemListElement":[{"@type":"ListItem","position":1,"name":"Inicio","item":"https:\/\/nitu.mx\/"},{"@type":"ListItem","position":2,"name":"Preparan Exposiciones para la reapertura del sector de eventos"}]},{"@type":"WebSite","@id":"https:\/\/nitu.mx\/#website","url":"https:\/\/nitu.mx\/","name":"Nitu - Noticias de la Industria Turistica","description":"Noticias de la Industria Turistica","publisher":{"@id":"https:\/\/nitu.mx\/#\/schema\/person\/ae7a53426417292d3dd07b45a33e01bc"},"alternateName":"Noticias de la Industria Turistica","potentialAction":[{"@type":"SearchAction","target":{"@type":"EntryPoint","urlTemplate":"https:\/\/nitu.mx\/?s={search_term_string}"},"query-input":"required name=search_term_string"}],"inLanguage":"es-MX"},{"@type":["Person","Organization"],"@id":"https:\/\/nitu.mx\/#\/schema\/person\/ae7a53426417292d3dd07b45a33e01bc","name":"Arturo Medina","image":{"@type":"ImageObject","inLanguage":"es-MX","@id":"https:\/\/nitu.mx\/#\/schema\/person\/image\/","url":"https:\/\/nitu.mx\/wp-content\/uploads\/2024\/04\/4A315622-1904-4D5C-B022-878CDC840E04-90x90-1.jpeg","contentUrl":"https:\/\/nitu.mx\/wp-content\/uploads\/2024\/04\/4A315622-1904-4D5C-B022-878CDC840E04-90x90-1.jpeg","width":90,"height":90,"caption":"Arturo Medina"},"logo":{"@id":"https:\/\/nitu.mx\/#\/schema\/person\/image\/"},"description":"Director NITU.mx, Egresado de la Escuela de Periodismo Carlos Septi\u00e9n Garc\u00eda. Periodista y analista especializado en turismo desde hace 35 a\u00f1os, radicado en Canc\u00fan Q.Roo. arturo@nitu.mx","sameAs":["https:\/\/nitu.mx","https:\/\/www.facebook.com\/NITUmx\/","medinacancun","https:\/\/twitter.com\/@Arturo_Medina_G"]},{"@type":"Person","@id":"https:\/\/nitu.mx\/#\/schema\/person\/2ecd887b19dfd3382d1f14fc5acf24a8","name":"Alejandra Moncisbays","image":{"@type":"ImageObject","inLanguage":"es-MX","@id":"https:\/\/nitu.mx\/#\/schema\/person\/image\/","url":"https:\/\/secure.gravatar.com\/avatar\/e74f7af0be172b7804dacfd0bfbef787?s=96&d=mm&r=g","contentUrl":"https:\/\/secure.gravatar.com\/avatar\/e74f7af0be172b7804dacfd0bfbef787?s=96&d=mm&r=g","caption":"Alejandra Moncisbays"},"description":"Curs\u00e9 la carrera de Periodismo y Comunicaci\u00f3n en la Facultad de Estudios Profesionales Acatl\u00e1n. Vivo en Canc\u00fan desde hace 24 a\u00f1os. Fui reportera de La Tarde de Canc\u00fan, y Novedades de Quintana Roo, colabor\u00e9 en TVCUN, edit\u00e9 Cancun\u00edssimo y colabor\u00e9 en las revistas Latitud21, entre otras, con principal enfoque en los sectores empresarial y tur\u00edstico. Desde hace varios a\u00f1os soy Agente de Seguros con c\u00e9dula de la Comisi\u00f3n Nacional de Seguros y Fianzas. Actualmente, me desarrollo en los \u00e1mbitos del periodismo y el sector asegurador.","sameAs":["https:\/\/nitu.mx"],"url":"https:\/\/nitu.mx\/index.php\/author\/alejandra\/"}]}},"views":339,"_links":{"self":[{"href":"https:\/\/nitu.mx\/index.php\/wp-json\/wp\/v2\/posts\/51735"}],"collection":[{"href":"https:\/\/nitu.mx\/index.php\/wp-json\/wp\/v2\/posts"}],"about":[{"href":"https:\/\/nitu.mx\/index.php\/wp-json\/wp\/v2\/types\/post"}],"author":[{"embeddable":true,"href":"https:\/\/nitu.mx\/index.php\/wp-json\/wp\/v2\/users\/3"}],"replies":[{"embeddable":true,"href":"https:\/\/nitu.mx\/index.php\/wp-json\/wp\/v2\/comments?post=51735"}],"version-history":[{"count":3,"href":"https:\/\/nitu.mx\/index.php\/wp-json\/wp\/v2\/posts\/51735\/revisions"}],"predecessor-version":[{"id":51747,"href":"https:\/\/nitu.mx\/index.php\/wp-json\/wp\/v2\/posts\/51735\/revisions\/51747"}],"wp:featuredmedia":[{"embeddable":true,"href":"https:\/\/nitu.mx\/index.php\/wp-json\/wp\/v2\/media\/51736"}],"wp:attachment":[{"href":"https:\/\/nitu.mx\/index.php\/wp-json\/wp\/v2\/media?parent=51735"}],"wp:term":[{"taxonomy":"category","embeddable":true,"href":"https:\/\/nitu.mx\/index.php\/wp-json\/wp\/v2\/categories?post=51735"},{"taxonomy":"post_tag","embeddable":true,"href":"https:\/\/nitu.mx\/index.php\/wp-json\/wp\/v2\/tags?post=51735"}],"curies":[{"name":"wp","href":"https:\/\/api.w.org\/{rel}","templated":true}]}}