{"id":51733,"date":"2021-04-16T00:15:18","date_gmt":"2021-04-16T05:15:18","guid":{"rendered":"https:\/\/www.dev.nitu.mx\/?p=51733"},"modified":"2021-04-16T00:29:37","modified_gmt":"2021-04-16T05:29:37","slug":"ampi-cancun-investment-summit-2021-resalta-el-valor-inmobiliario-del-caribe-mexicano","status":"publish","type":"post","link":"https:\/\/nitu.mx\/index.php\/2021\/04\/16\/ampi-cancun-investment-summit-2021-resalta-el-valor-inmobiliario-del-caribe-mexicano\/","title":{"rendered":"AMPI Canc\u00fan Investment Summit 2021 resalta el valor inmobiliario del Caribe Mexicano"},"content":{"rendered":"<p>Con la presencia del secretario federal de turismo Miguel Torruco Marqu\u00e9s, el gobernador de Quintana Roo Carlos Joaqu\u00edn y el presidente nacional de AMPI, Pedro Fern\u00e1ndez Mart\u00ednez, se realiz\u00f3 la inauguraci\u00f3n del encuentro \u201cAMPI Canc\u00fan Investment Summit 2021\u201d que se realiz\u00f3 ayer en el Centro de Convenciones de Canc\u00fan y en donde se discutieron temas relacionados con el desarrollo inmobiliario y el valor en el sector que tiene el Caribe Mexicano.<\/p>\n<p>En este evento, donde se ofrecieron nueve conferencias, tom\u00f3 protesta el Consejo Directivo de la AMPI Canc\u00fan para el periodo 2021-2022, que preside por segunda mandato consecutivo Miguel \u00c1ngel Lemus, y empresarios del \u00e1mbito inmobiliario.<\/p>\n<p>Quintana Roo ya registra avances y resultados en el mejoramiento econ\u00f3mico, por lo que se necesita mantener el cuidado de la salud, los protocolos y las medidas sanitarias, mencion\u00f3 el gobernador Carlos Joaqu\u00edn durante la inauguraci\u00f3n del evento.<\/p>\n<p>Recalc\u00f3 que, por primera vez, desde hace un a\u00f1o, se han generado 15 mil empleos. \u201cSe perdieron m\u00e1s de 100 mil, pero ya vamos avanzando en la recuperaci\u00f3n\u201d, explic\u00f3.<\/p>\n<p>Carlos Joaqu\u00edn a\u00f1adi\u00f3 que, en materia de turismo, las dos \u00faltimas semanas han sido positivas. Durante la Semana Santa llegaron alrededor de 126 mil turistas extranjeros y 106 mil en la Semana de Pascua, as\u00ed como m\u00e1s de 200 mil visitantes nacionales.<\/p>\n<p>Se registran ya alrededor de 400 vuelos en el Aeropuerto Internacional de Canc\u00fan, principalmente los fines de semana, y m\u00e1s de 300 todos los d\u00edas, lo que es un motivo de satisfacci\u00f3n y refleja el avance de la recuperaci\u00f3n econ\u00f3mica.<\/p>\n<p>\u201cQuintana Roo es un estado maravilloso, pero, al mismo tiempo, tambi\u00e9n sumamente exigente. Requiere de atenci\u00f3n, de trabajo, de apoyo, de coordinaci\u00f3n, de unidad para resolver muchos de sus diversos problemas y que entonces pueda generar todo ese desarrollo que esperamos para quienes han elegido este estado para vivir, para traer a sus familias, para desarrollarse, para encontrar empleo y para salir adelante, que eso es al fin y al cabo lo m\u00e1s importante\u201d, expres\u00f3 el titular del Ejecutivo.<\/p>\n<p>A\u00f1adi\u00f3 que en la medida en que ha ido aumentando, a\u00f1o tras a\u00f1o, la cantidad de sus visitantes, la industria inmobiliaria se ha afianzado como motor muy importante de la econom\u00eda y del desarrollo.<\/p>\n<p>Durante su participaci\u00f3n Miguel Torruco Marqu\u00e9s, resalt\u00f3 que en el a\u00f1o de 2020 la industria tur\u00edstica capt\u00f3 cerca del cuatro por ciento del total de la inversi\u00f3n extranjera directa en M\u00e9xico, con mil 122 millones de d\u00f3lares de los cuales el 26.3 por ciento correspondi\u00f3 a la inversi\u00f3n hotelera.<\/p>\n","protected":false},"excerpt":{"rendered":"<p>Con la presencia del secretario federal de turismo Miguel Torruco Marqu\u00e9s, el gobernador de Quintana Roo Carlos Joaqu\u00edn y el presidente nacional de AMPI, Pedro Fern\u00e1ndez Mart\u00ednez, se realiz\u00f3 la inauguraci\u00f3n del encuentro \u201cAMPI Canc\u00fan Investment Summit 2021\u201d que se realiz\u00f3 ayer en el Centro de Convenciones de Canc\u00fan y en donde se discutieron temas [&hellip;]<\/p>\n","protected":false},"author":3,"featured_media":51744,"comment_status":"open","ping_status":"open","sticky":false,"template":"","format":"standard","meta":{"footnotes":""},"categories":[18475],"tags":[21975,11917,83,384,1131,1238,21976],"yoast_head":"<!-- This site is optimized with the Yoast SEO plugin v22.2 - https:\/\/yoast.com\/wordpress\/plugins\/seo\/ -->\n<title>AMPI Canc\u00fan Investment Summit 2021 resalta el valor inmobiliario del Caribe Mexicano - Nitu - Noticias de la Industria Turistica<\/title>\n<meta name=\"robots\" content=\"index, follow, max-snippet:-1, max-image-preview:large, max-video-preview:-1\" \/>\n<link rel=\"canonical\" href=\"https:\/\/nitu.mx\/index.php\/2021\/04\/16\/ampi-cancun-investment-summit-2021-resalta-el-valor-inmobiliario-del-caribe-mexicano\/\" \/>\n<meta name=\"twitter:card\" content=\"summary_large_image\" \/>\n<meta name=\"twitter:title\" content=\"AMPI Canc\u00fan Investment Summit 2021 resalta el valor inmobiliario del Caribe Mexicano - Nitu - Noticias de la Industria Turistica\" \/>\n<meta name=\"twitter:description\" content=\"Con la presencia del secretario federal de turismo Miguel Torruco Marqu\u00e9s, el gobernador de Quintana Roo Carlos Joaqu\u00edn y el presidente nacional de AMPI, Pedro Fern\u00e1ndez Mart\u00ednez, se realiz\u00f3 la inauguraci\u00f3n del encuentro \u201cAMPI Canc\u00fan Investment Summit 2021\u201d que se realiz\u00f3 ayer en el Centro de Convenciones de Canc\u00fan y en donde se discutieron temas [&hellip;]\" \/>\n<meta name=\"twitter:image\" content=\"https:\/\/nitu.mx\/wp-content\/uploads\/2021\/04\/AMPI.jpg\" \/>\n<meta name=\"twitter:creator\" content=\"@NITUmx\" \/>\n<meta name=\"twitter:site\" content=\"@Arturo_Medina_G\" \/>\n<meta name=\"twitter:label1\" content=\"Escrito por\" \/>\n\t<meta name=\"twitter:data1\" content=\"Alejandra Moncisbays\" \/>\n\t<meta name=\"twitter:label2\" content=\"Tiempo de lectura\" \/>\n\t<meta name=\"twitter:data2\" content=\"2 minutos\" \/>\n<script type=\"application\/ld+json\" class=\"yoast-schema-graph\">{\"@context\":\"https:\/\/schema.org\",\"@graph\":[{\"@type\":\"Article\",\"@id\":\"https:\/\/nitu.mx\/index.php\/2021\/04\/16\/ampi-cancun-investment-summit-2021-resalta-el-valor-inmobiliario-del-caribe-mexicano\/#article\",\"isPartOf\":{\"@id\":\"https:\/\/nitu.mx\/index.php\/2021\/04\/16\/ampi-cancun-investment-summit-2021-resalta-el-valor-inmobiliario-del-caribe-mexicano\/\"},\"author\":{\"name\":\"Alejandra Moncisbays\",\"@id\":\"https:\/\/nitu.mx\/#\/schema\/person\/2ecd887b19dfd3382d1f14fc5acf24a8\"},\"headline\":\"AMPI Canc\u00fan Investment Summit 2021 resalta el valor inmobiliario del Caribe Mexicano\",\"datePublished\":\"2021-04-16T05:15:18+00:00\",\"dateModified\":\"2021-04-16T05:29:37+00:00\",\"mainEntityOfPage\":{\"@id\":\"https:\/\/nitu.mx\/index.php\/2021\/04\/16\/ampi-cancun-investment-summit-2021-resalta-el-valor-inmobiliario-del-caribe-mexicano\/\"},\"wordCount\":457,\"commentCount\":0,\"publisher\":{\"@id\":\"https:\/\/nitu.mx\/#\/schema\/person\/ae7a53426417292d3dd07b45a33e01bc\"},\"image\":{\"@id\":\"https:\/\/nitu.mx\/index.php\/2021\/04\/16\/ampi-cancun-investment-summit-2021-resalta-el-valor-inmobiliario-del-caribe-mexicano\/#primaryimage\"},\"thumbnailUrl\":\"https:\/\/nitu.mx\/wp-content\/uploads\/2021\/04\/AMPI.jpg\",\"keywords\":[\"\u201cAMPI Canc\u00fan Investment Summit 2021\u201d\",\"AMPI\",\"Caribe mexicano\",\"Carlos Joaqu\u00edn\",\"Centro de Convenciones de Canc\u00fan\",\"Miguel Torruco Marqu\u00e9s\",\"Pedro Fern\u00e1ndez Mart\u00ednez\"],\"articleSection\":[\"Caribe Mexicano\"],\"inLanguage\":\"es-MX\",\"potentialAction\":[{\"@type\":\"CommentAction\",\"name\":\"Comment\",\"target\":[\"https:\/\/nitu.mx\/index.php\/2021\/04\/16\/ampi-cancun-investment-summit-2021-resalta-el-valor-inmobiliario-del-caribe-mexicano\/#respond\"]}]},{\"@type\":\"WebPage\",\"@id\":\"https:\/\/nitu.mx\/index.php\/2021\/04\/16\/ampi-cancun-investment-summit-2021-resalta-el-valor-inmobiliario-del-caribe-mexicano\/\",\"url\":\"https:\/\/nitu.mx\/index.php\/2021\/04\/16\/ampi-cancun-investment-summit-2021-resalta-el-valor-inmobiliario-del-caribe-mexicano\/\",\"name\":\"AMPI Canc\u00fan Investment Summit 2021 resalta el valor inmobiliario del Caribe Mexicano - Nitu - Noticias de la Industria Turistica\",\"isPartOf\":{\"@id\":\"https:\/\/nitu.mx\/#website\"},\"primaryImageOfPage\":{\"@id\":\"https:\/\/nitu.mx\/index.php\/2021\/04\/16\/ampi-cancun-investment-summit-2021-resalta-el-valor-inmobiliario-del-caribe-mexicano\/#primaryimage\"},\"image\":{\"@id\":\"https:\/\/nitu.mx\/index.php\/2021\/04\/16\/ampi-cancun-investment-summit-2021-resalta-el-valor-inmobiliario-del-caribe-mexicano\/#primaryimage\"},\"thumbnailUrl\":\"https:\/\/nitu.mx\/wp-content\/uploads\/2021\/04\/AMPI.jpg\",\"datePublished\":\"2021-04-16T05:15:18+00:00\",\"dateModified\":\"2021-04-16T05:29:37+00:00\",\"breadcrumb\":{\"@id\":\"https:\/\/nitu.mx\/index.php\/2021\/04\/16\/ampi-cancun-investment-summit-2021-resalta-el-valor-inmobiliario-del-caribe-mexicano\/#breadcrumb\"},\"inLanguage\":\"es-MX\",\"potentialAction\":[{\"@type\":\"ReadAction\",\"target\":[\"https:\/\/nitu.mx\/index.php\/2021\/04\/16\/ampi-cancun-investment-summit-2021-resalta-el-valor-inmobiliario-del-caribe-mexicano\/\"]}]},{\"@type\":\"ImageObject\",\"inLanguage\":\"es-MX\",\"@id\":\"https:\/\/nitu.mx\/index.php\/2021\/04\/16\/ampi-cancun-investment-summit-2021-resalta-el-valor-inmobiliario-del-caribe-mexicano\/#primaryimage\",\"url\":\"https:\/\/nitu.mx\/wp-content\/uploads\/2021\/04\/AMPI.jpg\",\"contentUrl\":\"https:\/\/nitu.mx\/wp-content\/uploads\/2021\/04\/AMPI.jpg\",\"width\":1200,\"height\":675},{\"@type\":\"BreadcrumbList\",\"@id\":\"https:\/\/nitu.mx\/index.php\/2021\/04\/16\/ampi-cancun-investment-summit-2021-resalta-el-valor-inmobiliario-del-caribe-mexicano\/#breadcrumb\",\"itemListElement\":[{\"@type\":\"ListItem\",\"position\":1,\"name\":\"Inicio\",\"item\":\"https:\/\/nitu.mx\/\"},{\"@type\":\"ListItem\",\"position\":2,\"name\":\"AMPI Canc\u00fan Investment Summit 2021 resalta el valor inmobiliario del Caribe Mexicano\"}]},{\"@type\":\"WebSite\",\"@id\":\"https:\/\/nitu.mx\/#website\",\"url\":\"https:\/\/nitu.mx\/\",\"name\":\"Nitu - Noticias de la Industria Turistica\",\"description\":\"Noticias de la Industria Turistica\",\"publisher\":{\"@id\":\"https:\/\/nitu.mx\/#\/schema\/person\/ae7a53426417292d3dd07b45a33e01bc\"},\"alternateName\":\"Noticias de la Industria Turistica\",\"potentialAction\":[{\"@type\":\"SearchAction\",\"target\":{\"@type\":\"EntryPoint\",\"urlTemplate\":\"https:\/\/nitu.mx\/?s={search_term_string}\"},\"query-input\":\"required name=search_term_string\"}],\"inLanguage\":\"es-MX\"},{\"@type\":[\"Person\",\"Organization\"],\"@id\":\"https:\/\/nitu.mx\/#\/schema\/person\/ae7a53426417292d3dd07b45a33e01bc\",\"name\":\"Arturo Medina\",\"image\":{\"@type\":\"ImageObject\",\"inLanguage\":\"es-MX\",\"@id\":\"https:\/\/nitu.mx\/#\/schema\/person\/image\/\",\"url\":\"https:\/\/nitu.mx\/wp-content\/uploads\/2024\/04\/4A315622-1904-4D5C-B022-878CDC840E04-90x90-1.jpeg\",\"contentUrl\":\"https:\/\/nitu.mx\/wp-content\/uploads\/2024\/04\/4A315622-1904-4D5C-B022-878CDC840E04-90x90-1.jpeg\",\"width\":90,\"height\":90,\"caption\":\"Arturo Medina\"},\"logo\":{\"@id\":\"https:\/\/nitu.mx\/#\/schema\/person\/image\/\"},\"description\":\"Director NITU.mx, Egresado de la Escuela de Periodismo Carlos Septi\u00e9n Garc\u00eda. Periodista y analista especializado en turismo desde hace 35 a\u00f1os, radicado en Canc\u00fan Q.Roo. arturo@nitu.mx\",\"sameAs\":[\"https:\/\/nitu.mx\",\"https:\/\/www.facebook.com\/NITUmx\/\",\"medinacancun\",\"https:\/\/twitter.com\/@Arturo_Medina_G\"]},{\"@type\":\"Person\",\"@id\":\"https:\/\/nitu.mx\/#\/schema\/person\/2ecd887b19dfd3382d1f14fc5acf24a8\",\"name\":\"Alejandra Moncisbays\",\"image\":{\"@type\":\"ImageObject\",\"inLanguage\":\"es-MX\",\"@id\":\"https:\/\/nitu.mx\/#\/schema\/person\/image\/\",\"url\":\"https:\/\/secure.gravatar.com\/avatar\/e74f7af0be172b7804dacfd0bfbef787?s=96&d=mm&r=g\",\"contentUrl\":\"https:\/\/secure.gravatar.com\/avatar\/e74f7af0be172b7804dacfd0bfbef787?s=96&d=mm&r=g\",\"caption\":\"Alejandra Moncisbays\"},\"description\":\"Curs\u00e9 la carrera de Periodismo y Comunicaci\u00f3n en la Facultad de Estudios Profesionales Acatl\u00e1n. Vivo en Canc\u00fan desde hace 24 a\u00f1os. Fui reportera de La Tarde de Canc\u00fan, y Novedades de Quintana Roo, colabor\u00e9 en TVCUN, edit\u00e9 Cancun\u00edssimo y colabor\u00e9 en las revistas Latitud21, entre otras, con principal enfoque en los sectores empresarial y tur\u00edstico. Desde hace varios a\u00f1os soy Agente de Seguros con c\u00e9dula de la Comisi\u00f3n Nacional de Seguros y Fianzas. Actualmente, me desarrollo en los \u00e1mbitos del periodismo y el sector asegurador.\",\"sameAs\":[\"https:\/\/nitu.mx\"],\"url\":\"https:\/\/nitu.mx\/index.php\/author\/alejandra\/\"}]}<\/script>\n<!-- \/ Yoast SEO plugin. -->","yoast_head_json":{"title":"AMPI Canc\u00fan Investment Summit 2021 resalta el valor inmobiliario del Caribe Mexicano - Nitu - Noticias de la Industria Turistica","robots":{"index":"index","follow":"follow","max-snippet":"max-snippet:-1","max-image-preview":"max-image-preview:large","max-video-preview":"max-video-preview:-1"},"canonical":"https:\/\/nitu.mx\/index.php\/2021\/04\/16\/ampi-cancun-investment-summit-2021-resalta-el-valor-inmobiliario-del-caribe-mexicano\/","twitter_card":"summary_large_image","twitter_title":"AMPI Canc\u00fan Investment Summit 2021 resalta el valor inmobiliario del Caribe Mexicano - Nitu - Noticias de la Industria Turistica","twitter_description":"Con la presencia del secretario federal de turismo Miguel Torruco Marqu\u00e9s, el gobernador de Quintana Roo Carlos Joaqu\u00edn y el presidente nacional de AMPI, Pedro Fern\u00e1ndez Mart\u00ednez, se realiz\u00f3 la inauguraci\u00f3n del encuentro \u201cAMPI Canc\u00fan Investment Summit 2021\u201d que se realiz\u00f3 ayer en el Centro de Convenciones de Canc\u00fan y en donde se discutieron temas [&hellip;]","twitter_image":"https:\/\/nitu.mx\/wp-content\/uploads\/2021\/04\/AMPI.jpg","twitter_creator":"@NITUmx","twitter_site":"@Arturo_Medina_G","twitter_misc":{"Escrito por":"Alejandra Moncisbays","Tiempo de lectura":"2 minutos"},"schema":{"@context":"https:\/\/schema.org","@graph":[{"@type":"Article","@id":"https:\/\/nitu.mx\/index.php\/2021\/04\/16\/ampi-cancun-investment-summit-2021-resalta-el-valor-inmobiliario-del-caribe-mexicano\/#article","isPartOf":{"@id":"https:\/\/nitu.mx\/index.php\/2021\/04\/16\/ampi-cancun-investment-summit-2021-resalta-el-valor-inmobiliario-del-caribe-mexicano\/"},"author":{"name":"Alejandra Moncisbays","@id":"https:\/\/nitu.mx\/#\/schema\/person\/2ecd887b19dfd3382d1f14fc5acf24a8"},"headline":"AMPI Canc\u00fan Investment Summit 2021 resalta el valor inmobiliario del Caribe Mexicano","datePublished":"2021-04-16T05:15:18+00:00","dateModified":"2021-04-16T05:29:37+00:00","mainEntityOfPage":{"@id":"https:\/\/nitu.mx\/index.php\/2021\/04\/16\/ampi-cancun-investment-summit-2021-resalta-el-valor-inmobiliario-del-caribe-mexicano\/"},"wordCount":457,"commentCount":0,"publisher":{"@id":"https:\/\/nitu.mx\/#\/schema\/person\/ae7a53426417292d3dd07b45a33e01bc"},"image":{"@id":"https:\/\/nitu.mx\/index.php\/2021\/04\/16\/ampi-cancun-investment-summit-2021-resalta-el-valor-inmobiliario-del-caribe-mexicano\/#primaryimage"},"thumbnailUrl":"https:\/\/nitu.mx\/wp-content\/uploads\/2021\/04\/AMPI.jpg","keywords":["\u201cAMPI Canc\u00fan Investment Summit 2021\u201d","AMPI","Caribe mexicano","Carlos Joaqu\u00edn","Centro de Convenciones de Canc\u00fan","Miguel Torruco Marqu\u00e9s","Pedro Fern\u00e1ndez Mart\u00ednez"],"articleSection":["Caribe Mexicano"],"inLanguage":"es-MX","potentialAction":[{"@type":"CommentAction","name":"Comment","target":["https:\/\/nitu.mx\/index.php\/2021\/04\/16\/ampi-cancun-investment-summit-2021-resalta-el-valor-inmobiliario-del-caribe-mexicano\/#respond"]}]},{"@type":"WebPage","@id":"https:\/\/nitu.mx\/index.php\/2021\/04\/16\/ampi-cancun-investment-summit-2021-resalta-el-valor-inmobiliario-del-caribe-mexicano\/","url":"https:\/\/nitu.mx\/index.php\/2021\/04\/16\/ampi-cancun-investment-summit-2021-resalta-el-valor-inmobiliario-del-caribe-mexicano\/","name":"AMPI Canc\u00fan Investment Summit 2021 resalta el valor inmobiliario del Caribe Mexicano - Nitu - Noticias de la Industria Turistica","isPartOf":{"@id":"https:\/\/nitu.mx\/#website"},"primaryImageOfPage":{"@id":"https:\/\/nitu.mx\/index.php\/2021\/04\/16\/ampi-cancun-investment-summit-2021-resalta-el-valor-inmobiliario-del-caribe-mexicano\/#primaryimage"},"image":{"@id":"https:\/\/nitu.mx\/index.php\/2021\/04\/16\/ampi-cancun-investment-summit-2021-resalta-el-valor-inmobiliario-del-caribe-mexicano\/#primaryimage"},"thumbnailUrl":"https:\/\/nitu.mx\/wp-content\/uploads\/2021\/04\/AMPI.jpg","datePublished":"2021-04-16T05:15:18+00:00","dateModified":"2021-04-16T05:29:37+00:00","breadcrumb":{"@id":"https:\/\/nitu.mx\/index.php\/2021\/04\/16\/ampi-cancun-investment-summit-2021-resalta-el-valor-inmobiliario-del-caribe-mexicano\/#breadcrumb"},"inLanguage":"es-MX","potentialAction":[{"@type":"ReadAction","target":["https:\/\/nitu.mx\/index.php\/2021\/04\/16\/ampi-cancun-investment-summit-2021-resalta-el-valor-inmobiliario-del-caribe-mexicano\/"]}]},{"@type":"ImageObject","inLanguage":"es-MX","@id":"https:\/\/nitu.mx\/index.php\/2021\/04\/16\/ampi-cancun-investment-summit-2021-resalta-el-valor-inmobiliario-del-caribe-mexicano\/#primaryimage","url":"https:\/\/nitu.mx\/wp-content\/uploads\/2021\/04\/AMPI.jpg","contentUrl":"https:\/\/nitu.mx\/wp-content\/uploads\/2021\/04\/AMPI.jpg","width":1200,"height":675},{"@type":"BreadcrumbList","@id":"https:\/\/nitu.mx\/index.php\/2021\/04\/16\/ampi-cancun-investment-summit-2021-resalta-el-valor-inmobiliario-del-caribe-mexicano\/#breadcrumb","itemListElement":[{"@type":"ListItem","position":1,"name":"Inicio","item":"https:\/\/nitu.mx\/"},{"@type":"ListItem","position":2,"name":"AMPI Canc\u00fan Investment Summit 2021 resalta el valor inmobiliario del Caribe Mexicano"}]},{"@type":"WebSite","@id":"https:\/\/nitu.mx\/#website","url":"https:\/\/nitu.mx\/","name":"Nitu - Noticias de la Industria Turistica","description":"Noticias de la Industria Turistica","publisher":{"@id":"https:\/\/nitu.mx\/#\/schema\/person\/ae7a53426417292d3dd07b45a33e01bc"},"alternateName":"Noticias de la Industria Turistica","potentialAction":[{"@type":"SearchAction","target":{"@type":"EntryPoint","urlTemplate":"https:\/\/nitu.mx\/?s={search_term_string}"},"query-input":"required name=search_term_string"}],"inLanguage":"es-MX"},{"@type":["Person","Organization"],"@id":"https:\/\/nitu.mx\/#\/schema\/person\/ae7a53426417292d3dd07b45a33e01bc","name":"Arturo Medina","image":{"@type":"ImageObject","inLanguage":"es-MX","@id":"https:\/\/nitu.mx\/#\/schema\/person\/image\/","url":"https:\/\/nitu.mx\/wp-content\/uploads\/2024\/04\/4A315622-1904-4D5C-B022-878CDC840E04-90x90-1.jpeg","contentUrl":"https:\/\/nitu.mx\/wp-content\/uploads\/2024\/04\/4A315622-1904-4D5C-B022-878CDC840E04-90x90-1.jpeg","width":90,"height":90,"caption":"Arturo Medina"},"logo":{"@id":"https:\/\/nitu.mx\/#\/schema\/person\/image\/"},"description":"Director NITU.mx, Egresado de la Escuela de Periodismo Carlos Septi\u00e9n Garc\u00eda. Periodista y analista especializado en turismo desde hace 35 a\u00f1os, radicado en Canc\u00fan Q.Roo. arturo@nitu.mx","sameAs":["https:\/\/nitu.mx","https:\/\/www.facebook.com\/NITUmx\/","medinacancun","https:\/\/twitter.com\/@Arturo_Medina_G"]},{"@type":"Person","@id":"https:\/\/nitu.mx\/#\/schema\/person\/2ecd887b19dfd3382d1f14fc5acf24a8","name":"Alejandra Moncisbays","image":{"@type":"ImageObject","inLanguage":"es-MX","@id":"https:\/\/nitu.mx\/#\/schema\/person\/image\/","url":"https:\/\/secure.gravatar.com\/avatar\/e74f7af0be172b7804dacfd0bfbef787?s=96&d=mm&r=g","contentUrl":"https:\/\/secure.gravatar.com\/avatar\/e74f7af0be172b7804dacfd0bfbef787?s=96&d=mm&r=g","caption":"Alejandra Moncisbays"},"description":"Curs\u00e9 la carrera de Periodismo y Comunicaci\u00f3n en la Facultad de Estudios Profesionales Acatl\u00e1n. Vivo en Canc\u00fan desde hace 24 a\u00f1os. Fui reportera de La Tarde de Canc\u00fan, y Novedades de Quintana Roo, colabor\u00e9 en TVCUN, edit\u00e9 Cancun\u00edssimo y colabor\u00e9 en las revistas Latitud21, entre otras, con principal enfoque en los sectores empresarial y tur\u00edstico. Desde hace varios a\u00f1os soy Agente de Seguros con c\u00e9dula de la Comisi\u00f3n Nacional de Seguros y Fianzas. Actualmente, me desarrollo en los \u00e1mbitos del periodismo y el sector asegurador.","sameAs":["https:\/\/nitu.mx"],"url":"https:\/\/nitu.mx\/index.php\/author\/alejandra\/"}]}},"views":365,"_links":{"self":[{"href":"https:\/\/nitu.mx\/index.php\/wp-json\/wp\/v2\/posts\/51733"}],"collection":[{"href":"https:\/\/nitu.mx\/index.php\/wp-json\/wp\/v2\/posts"}],"about":[{"href":"https:\/\/nitu.mx\/index.php\/wp-json\/wp\/v2\/types\/post"}],"author":[{"embeddable":true,"href":"https:\/\/nitu.mx\/index.php\/wp-json\/wp\/v2\/users\/3"}],"replies":[{"embeddable":true,"href":"https:\/\/nitu.mx\/index.php\/wp-json\/wp\/v2\/comments?post=51733"}],"version-history":[{"count":4,"href":"https:\/\/nitu.mx\/index.php\/wp-json\/wp\/v2\/posts\/51733\/revisions"}],"predecessor-version":[{"id":51745,"href":"https:\/\/nitu.mx\/index.php\/wp-json\/wp\/v2\/posts\/51733\/revisions\/51745"}],"wp:featuredmedia":[{"embeddable":true,"href":"https:\/\/nitu.mx\/index.php\/wp-json\/wp\/v2\/media\/51744"}],"wp:attachment":[{"href":"https:\/\/nitu.mx\/index.php\/wp-json\/wp\/v2\/media?parent=51733"}],"wp:term":[{"taxonomy":"category","embeddable":true,"href":"https:\/\/nitu.mx\/index.php\/wp-json\/wp\/v2\/categories?post=51733"},{"taxonomy":"post_tag","embeddable":true,"href":"https:\/\/nitu.mx\/index.php\/wp-json\/wp\/v2\/tags?post=51733"}],"curies":[{"name":"wp","href":"https:\/\/api.w.org\/{rel}","templated":true}]}}