{"id":51694,"date":"2021-04-14T14:56:16","date_gmt":"2021-04-14T19:56:16","guid":{"rendered":"https:\/\/www.dev.nitu.mx\/?p=51694"},"modified":"2021-04-15T00:43:15","modified_gmt":"2021-04-15T05:43:15","slug":"aeromexico-impulsa-la-cadena-de-valor-del-turismo-de-reuniones","status":"publish","type":"post","link":"https:\/\/nitu.mx\/index.php\/2021\/04\/14\/aeromexico-impulsa-la-cadena-de-valor-del-turismo-de-reuniones\/","title":{"rendered":"Aerom\u00e9xico impulsa la cadena de valor del turismo de reuniones"},"content":{"rendered":"<p>Al participar en el World Meetings Forum Summit \u201cOpening Edition\u201d en Punta Cana, Rep\u00fablica Dominicana, Aerom\u00e9xico present\u00f3 a los asistentes los atributos y beneficios que tiene para la industria de reuniones (MICE).<\/p>\n<p>El evento se llev\u00f3 a cabo del 11 al 14 de abril en el Live Aqua Punta Cana de la operadora hotelera mexicana Posadas, en donde la aerol\u00ednea bandera de M\u00e9xico fue parte de la reuni\u00f3n a donde acudi\u00f3 la cadena de valor de este segmento tur\u00edstico.<\/p>\n<p>Jos\u00e9 Zapata, vicepresidente de Ventas de Aerom\u00e9xico, particip\u00f3 en el panel \u201cReactivando los eventos en Am\u00e9rica Latina, Aerom\u00e9xico tu gran aliado\u201d.<\/p>\n<p>Ah\u00ed, refrend\u00f3 el compromiso de brindar junto con sus aliados, la mejor experiencia de viaje y m\u00e1s facilidades para la planeaci\u00f3n y realizaci\u00f3n de eventos y convenciones.<\/p>\n<p>Particularmente hacia Rep\u00fablica Dominicana, actualmente Aerom\u00e9xico tiene vuelos diarios a Santo Domingo desde Ciudad de M\u00e9xico, con una oferta de casi mil 400 asientos semanales, los que opera bajo los m\u00e1s estrictos protocolos de salud.<\/p>\n<p>Mes con mes, Aerom\u00e9xico junto con su socio comercial Delta Air Lines, reactivan rutas a\u00e9reas conforme crece las restricciones de los gobiernos y la demanda de pasajeros lo permiten. Desde la capital de Rep\u00fablica Dominicana es posible llegar f\u00e1cilmente por v\u00eda terrestre a los principales destinos tur\u00edsticos del pa\u00eds caribe\u00f1o.\u00a0<a title=\"Aerom\u00e9xico y Delta reiniciar\u00e1n operaciones de CDMX a Austin y Dallas\" href=\"https:\/\/www.dev.nitu.mx\/index.php\/2021\/04\/08\/aeromexico-y-delta-reiniciaran-operaciones-de-cdmx-a-austin-y-dallas\/\" rel=\"bookmark\">(Aerom\u00e9xico y Delta reiniciar\u00e1n operaciones de CDMX a Austin y Dallas<\/a>).<\/p>\n<p>En el World Meetings Forum Summit \u201cOpening Edition\u201d se llevaron a cabo diversos paneles, charlas , table tops y momentos de esparcimiento para disfrutar las instalaciones, la playa, gastronom\u00eda, catas de ron, un elemento caracter\u00edstico del destino.<\/p>\n<p>El hotel anfitri\u00f3n tiene una ubicaci\u00f3n privilegiada frente a una de las playas m\u00e1s bellas del pa\u00eds, en Uver Alto y ofrece una experiencia de la m\u00e1s alta calidad para los organizadores de eventos y reuniones, como la hospitalidad y profesionalismo del staff, as\u00ed como cocina de autor y\u00a0espacios ideales para los viajes enfocados en la industria MICE.<\/p>\n","protected":false},"excerpt":{"rendered":"<p>Al participar en el World Meetings Forum Summit \u201cOpening Edition\u201d en Punta Cana, Rep\u00fablica Dominicana, Aerom\u00e9xico present\u00f3 a los asistentes los atributos y beneficios que tiene para la industria de reuniones (MICE). El evento se llev\u00f3 a cabo del 11 al 14 de abril en el Live Aqua Punta Cana de la operadora hotelera mexicana [&hellip;]<\/p>\n","protected":false},"author":18,"featured_media":46863,"comment_status":"open","ping_status":"open","sticky":false,"template":"","format":"standard","meta":{"footnotes":""},"categories":[29],"tags":[30,1258,21964,710],"yoast_head":"<!-- This site is optimized with the Yoast SEO plugin v22.2 - https:\/\/yoast.com\/wordpress\/plugins\/seo\/ -->\n<title>Aerom\u00e9xico impulsa la cadena de valor del turismo de reuniones - Nitu - Noticias de la Industria Turistica<\/title>\n<meta name=\"robots\" content=\"index, follow, max-snippet:-1, max-image-preview:large, max-video-preview:-1\" \/>\n<link rel=\"canonical\" href=\"https:\/\/nitu.mx\/index.php\/2021\/04\/14\/aeromexico-impulsa-la-cadena-de-valor-del-turismo-de-reuniones\/\" \/>\n<meta name=\"twitter:card\" content=\"summary_large_image\" \/>\n<meta name=\"twitter:title\" content=\"Aerom\u00e9xico impulsa la cadena de valor del turismo de reuniones - Nitu - Noticias de la Industria Turistica\" \/>\n<meta name=\"twitter:description\" content=\"Al participar en el World Meetings Forum Summit \u201cOpening Edition\u201d en Punta Cana, Rep\u00fablica Dominicana, Aerom\u00e9xico present\u00f3 a los asistentes los atributos y beneficios que tiene para la industria de reuniones (MICE). El evento se llev\u00f3 a cabo del 11 al 14 de abril en el Live Aqua Punta Cana de la operadora hotelera mexicana [&hellip;]\" \/>\n<meta name=\"twitter:image\" content=\"https:\/\/nitu.mx\/wp-content\/uploads\/2020\/10\/Aeromexico-Cancun-Tijuana.jpg\" \/>\n<meta name=\"twitter:creator\" content=\"@NITUmx\" \/>\n<meta name=\"twitter:site\" content=\"@Arturo_Medina_G\" \/>\n<meta name=\"twitter:label1\" content=\"Escrito por\" \/>\n\t<meta name=\"twitter:data1\" content=\"Guadalupe Sixto\" \/>\n\t<meta name=\"twitter:label2\" content=\"Tiempo de lectura\" \/>\n\t<meta name=\"twitter:data2\" content=\"2 minutos\" \/>\n<script type=\"application\/ld+json\" class=\"yoast-schema-graph\">{\"@context\":\"https:\/\/schema.org\",\"@graph\":[{\"@type\":\"Article\",\"@id\":\"https:\/\/nitu.mx\/index.php\/2021\/04\/14\/aeromexico-impulsa-la-cadena-de-valor-del-turismo-de-reuniones\/#article\",\"isPartOf\":{\"@id\":\"https:\/\/nitu.mx\/index.php\/2021\/04\/14\/aeromexico-impulsa-la-cadena-de-valor-del-turismo-de-reuniones\/\"},\"author\":{\"name\":\"Guadalupe Sixto\",\"@id\":\"https:\/\/nitu.mx\/#\/schema\/person\/3df3082b5e46037e3f13614d28ee0b77\"},\"headline\":\"Aerom\u00e9xico impulsa la cadena de valor del turismo de reuniones\",\"datePublished\":\"2021-04-14T19:56:16+00:00\",\"dateModified\":\"2021-04-15T05:43:15+00:00\",\"mainEntityOfPage\":{\"@id\":\"https:\/\/nitu.mx\/index.php\/2021\/04\/14\/aeromexico-impulsa-la-cadena-de-valor-del-turismo-de-reuniones\/\"},\"wordCount\":359,\"commentCount\":0,\"publisher\":{\"@id\":\"https:\/\/nitu.mx\/#\/schema\/person\/ae7a53426417292d3dd07b45a33e01bc\"},\"image\":{\"@id\":\"https:\/\/nitu.mx\/index.php\/2021\/04\/14\/aeromexico-impulsa-la-cadena-de-valor-del-turismo-de-reuniones\/#primaryimage\"},\"thumbnailUrl\":\"https:\/\/nitu.mx\/wp-content\/uploads\/2020\/10\/Aeromexico-Cancun-Tijuana.jpg\",\"keywords\":[\"Aerom\u00e9xico\",\"Punta Cana\",\"Rep\u00fablica Domincana\",\"Turismo de reuniones\"],\"articleSection\":[\"Aerol\u00edneas\"],\"inLanguage\":\"es-MX\",\"potentialAction\":[{\"@type\":\"CommentAction\",\"name\":\"Comment\",\"target\":[\"https:\/\/nitu.mx\/index.php\/2021\/04\/14\/aeromexico-impulsa-la-cadena-de-valor-del-turismo-de-reuniones\/#respond\"]}]},{\"@type\":\"WebPage\",\"@id\":\"https:\/\/nitu.mx\/index.php\/2021\/04\/14\/aeromexico-impulsa-la-cadena-de-valor-del-turismo-de-reuniones\/\",\"url\":\"https:\/\/nitu.mx\/index.php\/2021\/04\/14\/aeromexico-impulsa-la-cadena-de-valor-del-turismo-de-reuniones\/\",\"name\":\"Aerom\u00e9xico impulsa la cadena de valor del turismo de reuniones - Nitu - Noticias de la Industria Turistica\",\"isPartOf\":{\"@id\":\"https:\/\/nitu.mx\/#website\"},\"primaryImageOfPage\":{\"@id\":\"https:\/\/nitu.mx\/index.php\/2021\/04\/14\/aeromexico-impulsa-la-cadena-de-valor-del-turismo-de-reuniones\/#primaryimage\"},\"image\":{\"@id\":\"https:\/\/nitu.mx\/index.php\/2021\/04\/14\/aeromexico-impulsa-la-cadena-de-valor-del-turismo-de-reuniones\/#primaryimage\"},\"thumbnailUrl\":\"https:\/\/nitu.mx\/wp-content\/uploads\/2020\/10\/Aeromexico-Cancun-Tijuana.jpg\",\"datePublished\":\"2021-04-14T19:56:16+00:00\",\"dateModified\":\"2021-04-15T05:43:15+00:00\",\"breadcrumb\":{\"@id\":\"https:\/\/nitu.mx\/index.php\/2021\/04\/14\/aeromexico-impulsa-la-cadena-de-valor-del-turismo-de-reuniones\/#breadcrumb\"},\"inLanguage\":\"es-MX\",\"potentialAction\":[{\"@type\":\"ReadAction\",\"target\":[\"https:\/\/nitu.mx\/index.php\/2021\/04\/14\/aeromexico-impulsa-la-cadena-de-valor-del-turismo-de-reuniones\/\"]}]},{\"@type\":\"ImageObject\",\"inLanguage\":\"es-MX\",\"@id\":\"https:\/\/nitu.mx\/index.php\/2021\/04\/14\/aeromexico-impulsa-la-cadena-de-valor-del-turismo-de-reuniones\/#primaryimage\",\"url\":\"https:\/\/nitu.mx\/wp-content\/uploads\/2020\/10\/Aeromexico-Cancun-Tijuana.jpg\",\"contentUrl\":\"https:\/\/nitu.mx\/wp-content\/uploads\/2020\/10\/Aeromexico-Cancun-Tijuana.jpg\",\"width\":1200,\"height\":675,\"caption\":\"Aerom\u00e9xico\"},{\"@type\":\"BreadcrumbList\",\"@id\":\"https:\/\/nitu.mx\/index.php\/2021\/04\/14\/aeromexico-impulsa-la-cadena-de-valor-del-turismo-de-reuniones\/#breadcrumb\",\"itemListElement\":[{\"@type\":\"ListItem\",\"position\":1,\"name\":\"Inicio\",\"item\":\"https:\/\/nitu.mx\/\"},{\"@type\":\"ListItem\",\"position\":2,\"name\":\"Aerom\u00e9xico impulsa la cadena de valor del turismo de reuniones\"}]},{\"@type\":\"WebSite\",\"@id\":\"https:\/\/nitu.mx\/#website\",\"url\":\"https:\/\/nitu.mx\/\",\"name\":\"Nitu - Noticias de la Industria Turistica\",\"description\":\"Noticias de la Industria Turistica\",\"publisher\":{\"@id\":\"https:\/\/nitu.mx\/#\/schema\/person\/ae7a53426417292d3dd07b45a33e01bc\"},\"alternateName\":\"Noticias de la Industria Turistica\",\"potentialAction\":[{\"@type\":\"SearchAction\",\"target\":{\"@type\":\"EntryPoint\",\"urlTemplate\":\"https:\/\/nitu.mx\/?s={search_term_string}\"},\"query-input\":\"required name=search_term_string\"}],\"inLanguage\":\"es-MX\"},{\"@type\":[\"Person\",\"Organization\"],\"@id\":\"https:\/\/nitu.mx\/#\/schema\/person\/ae7a53426417292d3dd07b45a33e01bc\",\"name\":\"Arturo Medina\",\"image\":{\"@type\":\"ImageObject\",\"inLanguage\":\"es-MX\",\"@id\":\"https:\/\/nitu.mx\/#\/schema\/person\/image\/\",\"url\":\"https:\/\/nitu.mx\/wp-content\/uploads\/2024\/04\/4A315622-1904-4D5C-B022-878CDC840E04-90x90-1.jpeg\",\"contentUrl\":\"https:\/\/nitu.mx\/wp-content\/uploads\/2024\/04\/4A315622-1904-4D5C-B022-878CDC840E04-90x90-1.jpeg\",\"width\":90,\"height\":90,\"caption\":\"Arturo Medina\"},\"logo\":{\"@id\":\"https:\/\/nitu.mx\/#\/schema\/person\/image\/\"},\"description\":\"Director NITU.mx, Egresado de la Escuela de Periodismo Carlos Septi\u00e9n Garc\u00eda. Periodista y analista especializado en turismo desde hace 35 a\u00f1os, radicado en Canc\u00fan Q.Roo. arturo@nitu.mx\",\"sameAs\":[\"https:\/\/nitu.mx\",\"https:\/\/www.facebook.com\/NITUmx\/\",\"medinacancun\",\"https:\/\/twitter.com\/@Arturo_Medina_G\"]},{\"@type\":\"Person\",\"@id\":\"https:\/\/nitu.mx\/#\/schema\/person\/3df3082b5e46037e3f13614d28ee0b77\",\"name\":\"Guadalupe Sixto\",\"image\":{\"@type\":\"ImageObject\",\"inLanguage\":\"es-MX\",\"@id\":\"https:\/\/nitu.mx\/#\/schema\/person\/image\/\",\"url\":\"https:\/\/secure.gravatar.com\/avatar\/13914e1b0e1919e91f9539de4dc584c4?s=96&d=mm&r=g\",\"contentUrl\":\"https:\/\/secure.gravatar.com\/avatar\/13914e1b0e1919e91f9539de4dc584c4?s=96&d=mm&r=g\",\"caption\":\"Guadalupe Sixto\"},\"url\":\"https:\/\/nitu.mx\/index.php\/author\/gsixto\/\"}]}<\/script>\n<!-- \/ Yoast SEO plugin. -->","yoast_head_json":{"title":"Aerom\u00e9xico impulsa la cadena de valor del turismo de reuniones - Nitu - Noticias de la Industria Turistica","robots":{"index":"index","follow":"follow","max-snippet":"max-snippet:-1","max-image-preview":"max-image-preview:large","max-video-preview":"max-video-preview:-1"},"canonical":"https:\/\/nitu.mx\/index.php\/2021\/04\/14\/aeromexico-impulsa-la-cadena-de-valor-del-turismo-de-reuniones\/","twitter_card":"summary_large_image","twitter_title":"Aerom\u00e9xico impulsa la cadena de valor del turismo de reuniones - Nitu - Noticias de la Industria Turistica","twitter_description":"Al participar en el World Meetings Forum Summit \u201cOpening Edition\u201d en Punta Cana, Rep\u00fablica Dominicana, Aerom\u00e9xico present\u00f3 a los asistentes los atributos y beneficios que tiene para la industria de reuniones (MICE). El evento se llev\u00f3 a cabo del 11 al 14 de abril en el Live Aqua Punta Cana de la operadora hotelera mexicana [&hellip;]","twitter_image":"https:\/\/nitu.mx\/wp-content\/uploads\/2020\/10\/Aeromexico-Cancun-Tijuana.jpg","twitter_creator":"@NITUmx","twitter_site":"@Arturo_Medina_G","twitter_misc":{"Escrito por":"Guadalupe Sixto","Tiempo de lectura":"2 minutos"},"schema":{"@context":"https:\/\/schema.org","@graph":[{"@type":"Article","@id":"https:\/\/nitu.mx\/index.php\/2021\/04\/14\/aeromexico-impulsa-la-cadena-de-valor-del-turismo-de-reuniones\/#article","isPartOf":{"@id":"https:\/\/nitu.mx\/index.php\/2021\/04\/14\/aeromexico-impulsa-la-cadena-de-valor-del-turismo-de-reuniones\/"},"author":{"name":"Guadalupe Sixto","@id":"https:\/\/nitu.mx\/#\/schema\/person\/3df3082b5e46037e3f13614d28ee0b77"},"headline":"Aerom\u00e9xico impulsa la cadena de valor del turismo de reuniones","datePublished":"2021-04-14T19:56:16+00:00","dateModified":"2021-04-15T05:43:15+00:00","mainEntityOfPage":{"@id":"https:\/\/nitu.mx\/index.php\/2021\/04\/14\/aeromexico-impulsa-la-cadena-de-valor-del-turismo-de-reuniones\/"},"wordCount":359,"commentCount":0,"publisher":{"@id":"https:\/\/nitu.mx\/#\/schema\/person\/ae7a53426417292d3dd07b45a33e01bc"},"image":{"@id":"https:\/\/nitu.mx\/index.php\/2021\/04\/14\/aeromexico-impulsa-la-cadena-de-valor-del-turismo-de-reuniones\/#primaryimage"},"thumbnailUrl":"https:\/\/nitu.mx\/wp-content\/uploads\/2020\/10\/Aeromexico-Cancun-Tijuana.jpg","keywords":["Aerom\u00e9xico","Punta Cana","Rep\u00fablica Domincana","Turismo de reuniones"],"articleSection":["Aerol\u00edneas"],"inLanguage":"es-MX","potentialAction":[{"@type":"CommentAction","name":"Comment","target":["https:\/\/nitu.mx\/index.php\/2021\/04\/14\/aeromexico-impulsa-la-cadena-de-valor-del-turismo-de-reuniones\/#respond"]}]},{"@type":"WebPage","@id":"https:\/\/nitu.mx\/index.php\/2021\/04\/14\/aeromexico-impulsa-la-cadena-de-valor-del-turismo-de-reuniones\/","url":"https:\/\/nitu.mx\/index.php\/2021\/04\/14\/aeromexico-impulsa-la-cadena-de-valor-del-turismo-de-reuniones\/","name":"Aerom\u00e9xico impulsa la cadena de valor del turismo de reuniones - Nitu - Noticias de la Industria Turistica","isPartOf":{"@id":"https:\/\/nitu.mx\/#website"},"primaryImageOfPage":{"@id":"https:\/\/nitu.mx\/index.php\/2021\/04\/14\/aeromexico-impulsa-la-cadena-de-valor-del-turismo-de-reuniones\/#primaryimage"},"image":{"@id":"https:\/\/nitu.mx\/index.php\/2021\/04\/14\/aeromexico-impulsa-la-cadena-de-valor-del-turismo-de-reuniones\/#primaryimage"},"thumbnailUrl":"https:\/\/nitu.mx\/wp-content\/uploads\/2020\/10\/Aeromexico-Cancun-Tijuana.jpg","datePublished":"2021-04-14T19:56:16+00:00","dateModified":"2021-04-15T05:43:15+00:00","breadcrumb":{"@id":"https:\/\/nitu.mx\/index.php\/2021\/04\/14\/aeromexico-impulsa-la-cadena-de-valor-del-turismo-de-reuniones\/#breadcrumb"},"inLanguage":"es-MX","potentialAction":[{"@type":"ReadAction","target":["https:\/\/nitu.mx\/index.php\/2021\/04\/14\/aeromexico-impulsa-la-cadena-de-valor-del-turismo-de-reuniones\/"]}]},{"@type":"ImageObject","inLanguage":"es-MX","@id":"https:\/\/nitu.mx\/index.php\/2021\/04\/14\/aeromexico-impulsa-la-cadena-de-valor-del-turismo-de-reuniones\/#primaryimage","url":"https:\/\/nitu.mx\/wp-content\/uploads\/2020\/10\/Aeromexico-Cancun-Tijuana.jpg","contentUrl":"https:\/\/nitu.mx\/wp-content\/uploads\/2020\/10\/Aeromexico-Cancun-Tijuana.jpg","width":1200,"height":675,"caption":"Aerom\u00e9xico"},{"@type":"BreadcrumbList","@id":"https:\/\/nitu.mx\/index.php\/2021\/04\/14\/aeromexico-impulsa-la-cadena-de-valor-del-turismo-de-reuniones\/#breadcrumb","itemListElement":[{"@type":"ListItem","position":1,"name":"Inicio","item":"https:\/\/nitu.mx\/"},{"@type":"ListItem","position":2,"name":"Aerom\u00e9xico impulsa la cadena de valor del turismo de reuniones"}]},{"@type":"WebSite","@id":"https:\/\/nitu.mx\/#website","url":"https:\/\/nitu.mx\/","name":"Nitu - Noticias de la Industria Turistica","description":"Noticias de la Industria Turistica","publisher":{"@id":"https:\/\/nitu.mx\/#\/schema\/person\/ae7a53426417292d3dd07b45a33e01bc"},"alternateName":"Noticias de la Industria Turistica","potentialAction":[{"@type":"SearchAction","target":{"@type":"EntryPoint","urlTemplate":"https:\/\/nitu.mx\/?s={search_term_string}"},"query-input":"required name=search_term_string"}],"inLanguage":"es-MX"},{"@type":["Person","Organization"],"@id":"https:\/\/nitu.mx\/#\/schema\/person\/ae7a53426417292d3dd07b45a33e01bc","name":"Arturo Medina","image":{"@type":"ImageObject","inLanguage":"es-MX","@id":"https:\/\/nitu.mx\/#\/schema\/person\/image\/","url":"https:\/\/nitu.mx\/wp-content\/uploads\/2024\/04\/4A315622-1904-4D5C-B022-878CDC840E04-90x90-1.jpeg","contentUrl":"https:\/\/nitu.mx\/wp-content\/uploads\/2024\/04\/4A315622-1904-4D5C-B022-878CDC840E04-90x90-1.jpeg","width":90,"height":90,"caption":"Arturo Medina"},"logo":{"@id":"https:\/\/nitu.mx\/#\/schema\/person\/image\/"},"description":"Director NITU.mx, Egresado de la Escuela de Periodismo Carlos Septi\u00e9n Garc\u00eda. Periodista y analista especializado en turismo desde hace 35 a\u00f1os, radicado en Canc\u00fan Q.Roo. arturo@nitu.mx","sameAs":["https:\/\/nitu.mx","https:\/\/www.facebook.com\/NITUmx\/","medinacancun","https:\/\/twitter.com\/@Arturo_Medina_G"]},{"@type":"Person","@id":"https:\/\/nitu.mx\/#\/schema\/person\/3df3082b5e46037e3f13614d28ee0b77","name":"Guadalupe Sixto","image":{"@type":"ImageObject","inLanguage":"es-MX","@id":"https:\/\/nitu.mx\/#\/schema\/person\/image\/","url":"https:\/\/secure.gravatar.com\/avatar\/13914e1b0e1919e91f9539de4dc584c4?s=96&d=mm&r=g","contentUrl":"https:\/\/secure.gravatar.com\/avatar\/13914e1b0e1919e91f9539de4dc584c4?s=96&d=mm&r=g","caption":"Guadalupe Sixto"},"url":"https:\/\/nitu.mx\/index.php\/author\/gsixto\/"}]}},"views":1199,"_links":{"self":[{"href":"https:\/\/nitu.mx\/index.php\/wp-json\/wp\/v2\/posts\/51694"}],"collection":[{"href":"https:\/\/nitu.mx\/index.php\/wp-json\/wp\/v2\/posts"}],"about":[{"href":"https:\/\/nitu.mx\/index.php\/wp-json\/wp\/v2\/types\/post"}],"author":[{"embeddable":true,"href":"https:\/\/nitu.mx\/index.php\/wp-json\/wp\/v2\/users\/18"}],"replies":[{"embeddable":true,"href":"https:\/\/nitu.mx\/index.php\/wp-json\/wp\/v2\/comments?post=51694"}],"version-history":[{"count":2,"href":"https:\/\/nitu.mx\/index.php\/wp-json\/wp\/v2\/posts\/51694\/revisions"}],"predecessor-version":[{"id":51696,"href":"https:\/\/nitu.mx\/index.php\/wp-json\/wp\/v2\/posts\/51694\/revisions\/51696"}],"wp:featuredmedia":[{"embeddable":true,"href":"https:\/\/nitu.mx\/index.php\/wp-json\/wp\/v2\/media\/46863"}],"wp:attachment":[{"href":"https:\/\/nitu.mx\/index.php\/wp-json\/wp\/v2\/media?parent=51694"}],"wp:term":[{"taxonomy":"category","embeddable":true,"href":"https:\/\/nitu.mx\/index.php\/wp-json\/wp\/v2\/categories?post=51694"},{"taxonomy":"post_tag","embeddable":true,"href":"https:\/\/nitu.mx\/index.php\/wp-json\/wp\/v2\/tags?post=51694"}],"curies":[{"name":"wp","href":"https:\/\/api.w.org\/{rel}","templated":true}]}}