{"id":51626,"date":"2021-04-11T20:51:02","date_gmt":"2021-04-12T01:51:02","guid":{"rendered":"https:\/\/www.dev.nitu.mx\/?p=51626"},"modified":"2021-04-12T00:01:37","modified_gmt":"2021-04-12T05:01:37","slug":"empieza-airbus-a-ver-la-luz-al-final-del-tunel-cierra-marzo-con-28-pedidos","status":"publish","type":"post","link":"https:\/\/nitu.mx\/index.php\/2021\/04\/11\/empieza-airbus-a-ver-la-luz-al-final-del-tunel-cierra-marzo-con-28-pedidos\/","title":{"rendered":"Empieza Airbus a ver la luz al final del t\u00fanel, cierra marzo con 28 pedidos"},"content":{"rendered":"<p>Airbus registr\u00f3 el pasado mes de marzo 28 pedidos de aviones comerciales, siete m\u00e1s que en el mismo mes del a\u00f1o anterior, y entreg\u00f3 72 unidades -el doble que en marzo del pasado a\u00f1o- a 34 clientes, seg\u00fan anunci\u00f3 el constructor aeron\u00e1utico europeo. Estos datos suponen un ascenso sobre el pasado mes de febrero en el que Airbus recibi\u00f3 s\u00f3lo 11 pedidos de aviones comerciales y entreg\u00f3 32 unidades a 20 clientes.<\/p>\n<p>Pero, a pesar de todo,\u00a0las cifras del primer trimestre de este a\u00f1o, comparadas con la de los tres primeros meses del a\u00f1o pasado a\u00fan no apuntan a un incremento significativo. En total, en los tres primeros meses de 2021 Airbus ha entregado 125 aviones a 44 clientes mientras que en el primer trimestre del a\u00f1o pasado se entregaron solo tres aviones.<\/p>\n<p>Eso significa que\u00a0a\u00fan sigue not\u00e1ndose el impacto de la pandemia de coronavirus\u00a0y las solicitudes de los clientes para diferir las entregas hasta que se consoliden en la todo el mundo los efectos de la vacunaci\u00f3n de Covid-19. De los aviones entregados el mes pasado, cuatro fueron del modelo A220, 60 del A320 -de ellos, 57 neo- y ocho A350. (<a title=\"Airbus complementa app para dar informaci\u00f3n actualizada a viajeros\" href=\"https:\/\/www.dev.nitu.mx\/index.php\/2021\/03\/29\/airbus-complementa-app-para-dar-informacion-actualizada-a-viajeros\/\" rel=\"bookmark\">Airbus complementa app para dar informaci\u00f3n actualizada a viajeros<\/a>).<\/p>\n","protected":false},"excerpt":{"rendered":"<p>Airbus registr\u00f3 el pasado mes de marzo 28 pedidos de aviones comerciales, siete m\u00e1s que en el mismo mes del a\u00f1o anterior, y entreg\u00f3 72 unidades -el doble que en marzo del pasado a\u00f1o- a 34 clientes, seg\u00fan anunci\u00f3 el constructor aeron\u00e1utico europeo. Estos datos suponen un ascenso sobre el pasado mes de febrero en [&hellip;]<\/p>\n","protected":false},"author":17,"featured_media":4077,"comment_status":"open","ping_status":"open","sticky":false,"template":"","format":"standard","meta":{"footnotes":""},"categories":[29],"tags":[21947,21948,21949,444],"yoast_head":"<!-- This site is optimized with the Yoast SEO plugin v22.2 - https:\/\/yoast.com\/wordpress\/plugins\/seo\/ -->\n<title>Empieza Airbus a ver la luz al final del t\u00fanel, cierra marzo con 28 pedidos - Nitu - Noticias de la Industria Turistica<\/title>\n<meta name=\"robots\" content=\"index, follow, max-snippet:-1, max-image-preview:large, max-video-preview:-1\" \/>\n<link rel=\"canonical\" href=\"https:\/\/nitu.mx\/index.php\/2021\/04\/11\/empieza-airbus-a-ver-la-luz-al-final-del-tunel-cierra-marzo-con-28-pedidos\/\" \/>\n<meta name=\"twitter:card\" content=\"summary_large_image\" \/>\n<meta name=\"twitter:title\" content=\"Empieza Airbus a ver la luz al final del t\u00fanel, cierra marzo con 28 pedidos - Nitu - Noticias de la Industria Turistica\" \/>\n<meta name=\"twitter:description\" content=\"Airbus registr\u00f3 el pasado mes de marzo 28 pedidos de aviones comerciales, siete m\u00e1s que en el mismo mes del a\u00f1o anterior, y entreg\u00f3 72 unidades -el doble que en marzo del pasado a\u00f1o- a 34 clientes, seg\u00fan anunci\u00f3 el constructor aeron\u00e1utico europeo. Estos datos suponen un ascenso sobre el pasado mes de febrero en [&hellip;]\" \/>\n<meta name=\"twitter:image\" content=\"https:\/\/nitu.mx\/wp-content\/uploads\/2016\/11\/Airbus-latam.jpg\" \/>\n<meta name=\"twitter:creator\" content=\"@NITUmx\" \/>\n<meta name=\"twitter:site\" content=\"@Arturo_Medina_G\" \/>\n<meta name=\"twitter:label1\" content=\"Escrito por\" \/>\n\t<meta name=\"twitter:data1\" content=\"Redacci\u00f3n\" \/>\n\t<meta name=\"twitter:label2\" content=\"Tiempo de lectura\" \/>\n\t<meta name=\"twitter:data2\" content=\"1 minuto\" \/>\n<script type=\"application\/ld+json\" class=\"yoast-schema-graph\">{\"@context\":\"https:\/\/schema.org\",\"@graph\":[{\"@type\":\"Article\",\"@id\":\"https:\/\/nitu.mx\/index.php\/2021\/04\/11\/empieza-airbus-a-ver-la-luz-al-final-del-tunel-cierra-marzo-con-28-pedidos\/#article\",\"isPartOf\":{\"@id\":\"https:\/\/nitu.mx\/index.php\/2021\/04\/11\/empieza-airbus-a-ver-la-luz-al-final-del-tunel-cierra-marzo-con-28-pedidos\/\"},\"author\":{\"name\":\"Redacci\u00f3n\",\"@id\":\"https:\/\/nitu.mx\/#\/schema\/person\/4a28fe9bd65924f7c90623773daf1b0b\"},\"headline\":\"Empieza Airbus a ver la luz al final del t\u00fanel, cierra marzo con 28 pedidos\",\"datePublished\":\"2021-04-12T01:51:02+00:00\",\"dateModified\":\"2021-04-12T05:01:37+00:00\",\"mainEntityOfPage\":{\"@id\":\"https:\/\/nitu.mx\/index.php\/2021\/04\/11\/empieza-airbus-a-ver-la-luz-al-final-del-tunel-cierra-marzo-con-28-pedidos\/\"},\"wordCount\":222,\"commentCount\":0,\"publisher\":{\"@id\":\"https:\/\/nitu.mx\/#\/schema\/person\/ae7a53426417292d3dd07b45a33e01bc\"},\"image\":{\"@id\":\"https:\/\/nitu.mx\/index.php\/2021\/04\/11\/empieza-airbus-a-ver-la-luz-al-final-del-tunel-cierra-marzo-con-28-pedidos\/#primaryimage\"},\"thumbnailUrl\":\"https:\/\/nitu.mx\/wp-content\/uploads\/2016\/11\/Airbus-latam.jpg\",\"keywords\":[\"A 220\",\"A 320\",\"A 350\",\"Airbus\"],\"articleSection\":[\"Aerol\u00edneas\"],\"inLanguage\":\"es-MX\",\"potentialAction\":[{\"@type\":\"CommentAction\",\"name\":\"Comment\",\"target\":[\"https:\/\/nitu.mx\/index.php\/2021\/04\/11\/empieza-airbus-a-ver-la-luz-al-final-del-tunel-cierra-marzo-con-28-pedidos\/#respond\"]}]},{\"@type\":\"WebPage\",\"@id\":\"https:\/\/nitu.mx\/index.php\/2021\/04\/11\/empieza-airbus-a-ver-la-luz-al-final-del-tunel-cierra-marzo-con-28-pedidos\/\",\"url\":\"https:\/\/nitu.mx\/index.php\/2021\/04\/11\/empieza-airbus-a-ver-la-luz-al-final-del-tunel-cierra-marzo-con-28-pedidos\/\",\"name\":\"Empieza Airbus a ver la luz al final del t\u00fanel, cierra marzo con 28 pedidos - Nitu - Noticias de la Industria Turistica\",\"isPartOf\":{\"@id\":\"https:\/\/nitu.mx\/#website\"},\"primaryImageOfPage\":{\"@id\":\"https:\/\/nitu.mx\/index.php\/2021\/04\/11\/empieza-airbus-a-ver-la-luz-al-final-del-tunel-cierra-marzo-con-28-pedidos\/#primaryimage\"},\"image\":{\"@id\":\"https:\/\/nitu.mx\/index.php\/2021\/04\/11\/empieza-airbus-a-ver-la-luz-al-final-del-tunel-cierra-marzo-con-28-pedidos\/#primaryimage\"},\"thumbnailUrl\":\"https:\/\/nitu.mx\/wp-content\/uploads\/2016\/11\/Airbus-latam.jpg\",\"datePublished\":\"2021-04-12T01:51:02+00:00\",\"dateModified\":\"2021-04-12T05:01:37+00:00\",\"breadcrumb\":{\"@id\":\"https:\/\/nitu.mx\/index.php\/2021\/04\/11\/empieza-airbus-a-ver-la-luz-al-final-del-tunel-cierra-marzo-con-28-pedidos\/#breadcrumb\"},\"inLanguage\":\"es-MX\",\"potentialAction\":[{\"@type\":\"ReadAction\",\"target\":[\"https:\/\/nitu.mx\/index.php\/2021\/04\/11\/empieza-airbus-a-ver-la-luz-al-final-del-tunel-cierra-marzo-con-28-pedidos\/\"]}]},{\"@type\":\"ImageObject\",\"inLanguage\":\"es-MX\",\"@id\":\"https:\/\/nitu.mx\/index.php\/2021\/04\/11\/empieza-airbus-a-ver-la-luz-al-final-del-tunel-cierra-marzo-con-28-pedidos\/#primaryimage\",\"url\":\"https:\/\/nitu.mx\/wp-content\/uploads\/2016\/11\/Airbus-latam.jpg\",\"contentUrl\":\"https:\/\/nitu.mx\/wp-content\/uploads\/2016\/11\/Airbus-latam.jpg\",\"width\":999,\"height\":714,\"caption\":\"airbus latam\"},{\"@type\":\"BreadcrumbList\",\"@id\":\"https:\/\/nitu.mx\/index.php\/2021\/04\/11\/empieza-airbus-a-ver-la-luz-al-final-del-tunel-cierra-marzo-con-28-pedidos\/#breadcrumb\",\"itemListElement\":[{\"@type\":\"ListItem\",\"position\":1,\"name\":\"Inicio\",\"item\":\"https:\/\/nitu.mx\/\"},{\"@type\":\"ListItem\",\"position\":2,\"name\":\"Empieza Airbus a ver la luz al final del t\u00fanel, cierra marzo con 28 pedidos\"}]},{\"@type\":\"WebSite\",\"@id\":\"https:\/\/nitu.mx\/#website\",\"url\":\"https:\/\/nitu.mx\/\",\"name\":\"Nitu - Noticias de la Industria Turistica\",\"description\":\"Noticias de la Industria Turistica\",\"publisher\":{\"@id\":\"https:\/\/nitu.mx\/#\/schema\/person\/ae7a53426417292d3dd07b45a33e01bc\"},\"alternateName\":\"Noticias de la Industria Turistica\",\"potentialAction\":[{\"@type\":\"SearchAction\",\"target\":{\"@type\":\"EntryPoint\",\"urlTemplate\":\"https:\/\/nitu.mx\/?s={search_term_string}\"},\"query-input\":\"required name=search_term_string\"}],\"inLanguage\":\"es-MX\"},{\"@type\":[\"Person\",\"Organization\"],\"@id\":\"https:\/\/nitu.mx\/#\/schema\/person\/ae7a53426417292d3dd07b45a33e01bc\",\"name\":\"Arturo Medina\",\"image\":{\"@type\":\"ImageObject\",\"inLanguage\":\"es-MX\",\"@id\":\"https:\/\/nitu.mx\/#\/schema\/person\/image\/\",\"url\":\"https:\/\/nitu.mx\/wp-content\/uploads\/2024\/04\/4A315622-1904-4D5C-B022-878CDC840E04-90x90-1.jpeg\",\"contentUrl\":\"https:\/\/nitu.mx\/wp-content\/uploads\/2024\/04\/4A315622-1904-4D5C-B022-878CDC840E04-90x90-1.jpeg\",\"width\":90,\"height\":90,\"caption\":\"Arturo Medina\"},\"logo\":{\"@id\":\"https:\/\/nitu.mx\/#\/schema\/person\/image\/\"},\"description\":\"Director NITU.mx, Egresado de la Escuela de Periodismo Carlos Septi\u00e9n Garc\u00eda. Periodista y analista especializado en turismo desde hace 35 a\u00f1os, radicado en Canc\u00fan Q.Roo. arturo@nitu.mx\",\"sameAs\":[\"https:\/\/nitu.mx\",\"https:\/\/www.facebook.com\/NITUmx\/\",\"medinacancun\",\"https:\/\/twitter.com\/@Arturo_Medina_G\"]},{\"@type\":\"Person\",\"@id\":\"https:\/\/nitu.mx\/#\/schema\/person\/4a28fe9bd65924f7c90623773daf1b0b\",\"name\":\"Redacci\u00f3n\",\"image\":{\"@type\":\"ImageObject\",\"inLanguage\":\"es-MX\",\"@id\":\"https:\/\/nitu.mx\/#\/schema\/person\/image\/\",\"url\":\"https:\/\/secure.gravatar.com\/avatar\/5dd011c8ccfc5cd7e4c81e42252aab38?s=96&d=mm&r=g\",\"contentUrl\":\"https:\/\/secure.gravatar.com\/avatar\/5dd011c8ccfc5cd7e4c81e42252aab38?s=96&d=mm&r=g\",\"caption\":\"Redacci\u00f3n\"},\"url\":\"https:\/\/nitu.mx\/index.php\/author\/redaccion\/\"}]}<\/script>\n<!-- \/ Yoast SEO plugin. -->","yoast_head_json":{"title":"Empieza Airbus a ver la luz al final del t\u00fanel, cierra marzo con 28 pedidos - Nitu - Noticias de la Industria Turistica","robots":{"index":"index","follow":"follow","max-snippet":"max-snippet:-1","max-image-preview":"max-image-preview:large","max-video-preview":"max-video-preview:-1"},"canonical":"https:\/\/nitu.mx\/index.php\/2021\/04\/11\/empieza-airbus-a-ver-la-luz-al-final-del-tunel-cierra-marzo-con-28-pedidos\/","twitter_card":"summary_large_image","twitter_title":"Empieza Airbus a ver la luz al final del t\u00fanel, cierra marzo con 28 pedidos - Nitu - Noticias de la Industria Turistica","twitter_description":"Airbus registr\u00f3 el pasado mes de marzo 28 pedidos de aviones comerciales, siete m\u00e1s que en el mismo mes del a\u00f1o anterior, y entreg\u00f3 72 unidades -el doble que en marzo del pasado a\u00f1o- a 34 clientes, seg\u00fan anunci\u00f3 el constructor aeron\u00e1utico europeo. Estos datos suponen un ascenso sobre el pasado mes de febrero en [&hellip;]","twitter_image":"https:\/\/nitu.mx\/wp-content\/uploads\/2016\/11\/Airbus-latam.jpg","twitter_creator":"@NITUmx","twitter_site":"@Arturo_Medina_G","twitter_misc":{"Escrito por":"Redacci\u00f3n","Tiempo de lectura":"1 minuto"},"schema":{"@context":"https:\/\/schema.org","@graph":[{"@type":"Article","@id":"https:\/\/nitu.mx\/index.php\/2021\/04\/11\/empieza-airbus-a-ver-la-luz-al-final-del-tunel-cierra-marzo-con-28-pedidos\/#article","isPartOf":{"@id":"https:\/\/nitu.mx\/index.php\/2021\/04\/11\/empieza-airbus-a-ver-la-luz-al-final-del-tunel-cierra-marzo-con-28-pedidos\/"},"author":{"name":"Redacci\u00f3n","@id":"https:\/\/nitu.mx\/#\/schema\/person\/4a28fe9bd65924f7c90623773daf1b0b"},"headline":"Empieza Airbus a ver la luz al final del t\u00fanel, cierra marzo con 28 pedidos","datePublished":"2021-04-12T01:51:02+00:00","dateModified":"2021-04-12T05:01:37+00:00","mainEntityOfPage":{"@id":"https:\/\/nitu.mx\/index.php\/2021\/04\/11\/empieza-airbus-a-ver-la-luz-al-final-del-tunel-cierra-marzo-con-28-pedidos\/"},"wordCount":222,"commentCount":0,"publisher":{"@id":"https:\/\/nitu.mx\/#\/schema\/person\/ae7a53426417292d3dd07b45a33e01bc"},"image":{"@id":"https:\/\/nitu.mx\/index.php\/2021\/04\/11\/empieza-airbus-a-ver-la-luz-al-final-del-tunel-cierra-marzo-con-28-pedidos\/#primaryimage"},"thumbnailUrl":"https:\/\/nitu.mx\/wp-content\/uploads\/2016\/11\/Airbus-latam.jpg","keywords":["A 220","A 320","A 350","Airbus"],"articleSection":["Aerol\u00edneas"],"inLanguage":"es-MX","potentialAction":[{"@type":"CommentAction","name":"Comment","target":["https:\/\/nitu.mx\/index.php\/2021\/04\/11\/empieza-airbus-a-ver-la-luz-al-final-del-tunel-cierra-marzo-con-28-pedidos\/#respond"]}]},{"@type":"WebPage","@id":"https:\/\/nitu.mx\/index.php\/2021\/04\/11\/empieza-airbus-a-ver-la-luz-al-final-del-tunel-cierra-marzo-con-28-pedidos\/","url":"https:\/\/nitu.mx\/index.php\/2021\/04\/11\/empieza-airbus-a-ver-la-luz-al-final-del-tunel-cierra-marzo-con-28-pedidos\/","name":"Empieza Airbus a ver la luz al final del t\u00fanel, cierra marzo con 28 pedidos - Nitu - Noticias de la Industria Turistica","isPartOf":{"@id":"https:\/\/nitu.mx\/#website"},"primaryImageOfPage":{"@id":"https:\/\/nitu.mx\/index.php\/2021\/04\/11\/empieza-airbus-a-ver-la-luz-al-final-del-tunel-cierra-marzo-con-28-pedidos\/#primaryimage"},"image":{"@id":"https:\/\/nitu.mx\/index.php\/2021\/04\/11\/empieza-airbus-a-ver-la-luz-al-final-del-tunel-cierra-marzo-con-28-pedidos\/#primaryimage"},"thumbnailUrl":"https:\/\/nitu.mx\/wp-content\/uploads\/2016\/11\/Airbus-latam.jpg","datePublished":"2021-04-12T01:51:02+00:00","dateModified":"2021-04-12T05:01:37+00:00","breadcrumb":{"@id":"https:\/\/nitu.mx\/index.php\/2021\/04\/11\/empieza-airbus-a-ver-la-luz-al-final-del-tunel-cierra-marzo-con-28-pedidos\/#breadcrumb"},"inLanguage":"es-MX","potentialAction":[{"@type":"ReadAction","target":["https:\/\/nitu.mx\/index.php\/2021\/04\/11\/empieza-airbus-a-ver-la-luz-al-final-del-tunel-cierra-marzo-con-28-pedidos\/"]}]},{"@type":"ImageObject","inLanguage":"es-MX","@id":"https:\/\/nitu.mx\/index.php\/2021\/04\/11\/empieza-airbus-a-ver-la-luz-al-final-del-tunel-cierra-marzo-con-28-pedidos\/#primaryimage","url":"https:\/\/nitu.mx\/wp-content\/uploads\/2016\/11\/Airbus-latam.jpg","contentUrl":"https:\/\/nitu.mx\/wp-content\/uploads\/2016\/11\/Airbus-latam.jpg","width":999,"height":714,"caption":"airbus latam"},{"@type":"BreadcrumbList","@id":"https:\/\/nitu.mx\/index.php\/2021\/04\/11\/empieza-airbus-a-ver-la-luz-al-final-del-tunel-cierra-marzo-con-28-pedidos\/#breadcrumb","itemListElement":[{"@type":"ListItem","position":1,"name":"Inicio","item":"https:\/\/nitu.mx\/"},{"@type":"ListItem","position":2,"name":"Empieza Airbus a ver la luz al final del t\u00fanel, cierra marzo con 28 pedidos"}]},{"@type":"WebSite","@id":"https:\/\/nitu.mx\/#website","url":"https:\/\/nitu.mx\/","name":"Nitu - Noticias de la Industria Turistica","description":"Noticias de la Industria Turistica","publisher":{"@id":"https:\/\/nitu.mx\/#\/schema\/person\/ae7a53426417292d3dd07b45a33e01bc"},"alternateName":"Noticias de la Industria Turistica","potentialAction":[{"@type":"SearchAction","target":{"@type":"EntryPoint","urlTemplate":"https:\/\/nitu.mx\/?s={search_term_string}"},"query-input":"required name=search_term_string"}],"inLanguage":"es-MX"},{"@type":["Person","Organization"],"@id":"https:\/\/nitu.mx\/#\/schema\/person\/ae7a53426417292d3dd07b45a33e01bc","name":"Arturo Medina","image":{"@type":"ImageObject","inLanguage":"es-MX","@id":"https:\/\/nitu.mx\/#\/schema\/person\/image\/","url":"https:\/\/nitu.mx\/wp-content\/uploads\/2024\/04\/4A315622-1904-4D5C-B022-878CDC840E04-90x90-1.jpeg","contentUrl":"https:\/\/nitu.mx\/wp-content\/uploads\/2024\/04\/4A315622-1904-4D5C-B022-878CDC840E04-90x90-1.jpeg","width":90,"height":90,"caption":"Arturo Medina"},"logo":{"@id":"https:\/\/nitu.mx\/#\/schema\/person\/image\/"},"description":"Director NITU.mx, Egresado de la Escuela de Periodismo Carlos Septi\u00e9n Garc\u00eda. Periodista y analista especializado en turismo desde hace 35 a\u00f1os, radicado en Canc\u00fan Q.Roo. arturo@nitu.mx","sameAs":["https:\/\/nitu.mx","https:\/\/www.facebook.com\/NITUmx\/","medinacancun","https:\/\/twitter.com\/@Arturo_Medina_G"]},{"@type":"Person","@id":"https:\/\/nitu.mx\/#\/schema\/person\/4a28fe9bd65924f7c90623773daf1b0b","name":"Redacci\u00f3n","image":{"@type":"ImageObject","inLanguage":"es-MX","@id":"https:\/\/nitu.mx\/#\/schema\/person\/image\/","url":"https:\/\/secure.gravatar.com\/avatar\/5dd011c8ccfc5cd7e4c81e42252aab38?s=96&d=mm&r=g","contentUrl":"https:\/\/secure.gravatar.com\/avatar\/5dd011c8ccfc5cd7e4c81e42252aab38?s=96&d=mm&r=g","caption":"Redacci\u00f3n"},"url":"https:\/\/nitu.mx\/index.php\/author\/redaccion\/"}]}},"views":285,"_links":{"self":[{"href":"https:\/\/nitu.mx\/index.php\/wp-json\/wp\/v2\/posts\/51626"}],"collection":[{"href":"https:\/\/nitu.mx\/index.php\/wp-json\/wp\/v2\/posts"}],"about":[{"href":"https:\/\/nitu.mx\/index.php\/wp-json\/wp\/v2\/types\/post"}],"author":[{"embeddable":true,"href":"https:\/\/nitu.mx\/index.php\/wp-json\/wp\/v2\/users\/17"}],"replies":[{"embeddable":true,"href":"https:\/\/nitu.mx\/index.php\/wp-json\/wp\/v2\/comments?post=51626"}],"version-history":[{"count":4,"href":"https:\/\/nitu.mx\/index.php\/wp-json\/wp\/v2\/posts\/51626\/revisions"}],"predecessor-version":[{"id":51643,"href":"https:\/\/nitu.mx\/index.php\/wp-json\/wp\/v2\/posts\/51626\/revisions\/51643"}],"wp:featuredmedia":[{"embeddable":true,"href":"https:\/\/nitu.mx\/index.php\/wp-json\/wp\/v2\/media\/4077"}],"wp:attachment":[{"href":"https:\/\/nitu.mx\/index.php\/wp-json\/wp\/v2\/media?parent=51626"}],"wp:term":[{"taxonomy":"category","embeddable":true,"href":"https:\/\/nitu.mx\/index.php\/wp-json\/wp\/v2\/categories?post=51626"},{"taxonomy":"post_tag","embeddable":true,"href":"https:\/\/nitu.mx\/index.php\/wp-json\/wp\/v2\/tags?post=51626"}],"curies":[{"name":"wp","href":"https:\/\/api.w.org\/{rel}","templated":true}]}}