{"id":51587,"date":"2021-04-08T23:44:53","date_gmt":"2021-04-09T04:44:53","guid":{"rendered":"https:\/\/www.dev.nitu.mx\/?p=51587"},"modified":"2021-04-09T01:05:06","modified_gmt":"2021-04-09T06:05:06","slug":"accor-anuncia-apertura-de-su-primer-hotel-100-digital-en-europa","status":"publish","type":"post","link":"https:\/\/nitu.mx\/index.php\/2021\/04\/08\/accor-anuncia-apertura-de-su-primer-hotel-100-digital-en-europa\/","title":{"rendered":"Accor anuncia apertura de su primer hotel 100% digital en Europa"},"content":{"rendered":"<p>A unos cuantos meses de la reactivaci\u00f3n de la industria hotelera, las compa\u00f1\u00edas del sector han tomado todo tipo de medidas para mantener a sus colaboradores y hu\u00e9spedes seguros dentro de los inmuebles.<\/p>\n<p>El uso de tecnolog\u00eda para evitar el contacto f\u00edsico es una de las medidas utilizadas por las compa\u00f1\u00edas, por lo que la cadena Accor, ha anunciado que ibis Styles London Gloucester Road se convertir\u00e1 en el primer hotel totalmente digital con soluciones que les permitir\u00e1n a los clientes acceder de manera r\u00e1pida, f\u00e1cil y segura.<\/p>\n<p>De acuerdo con Accor, una vez que el ibis Styles London Gloucester Road retome sus operaciones, proporcionar\u00e1 a sus pasajeros un ecosistema virtual que incluir\u00e1 check-in online, fast check-out sin contacto, llave digital \u201cAccor Key\u201d, servicios en l\u00ednea para bebidas y alimentos, y comunicaci\u00f3n permanente entre colaboradores y hu\u00e9spedes a trav\u00e9s de Whatsapp, durante toda la estad\u00eda.<\/p>\n<p>Soluciones con las que har\u00e1 el check-in m\u00e1s f\u00e1cil a trav\u00e9s de un ingreso en l\u00ednea sin contacto, completo y personalizado. Cualquier pasajero, incluidos aquellos con reservas indirectas, podr\u00e1n realizar este tr\u00e1mite desde cualquier dispositivo m\u00f3vil. A su vez, tambi\u00e9n se podr\u00e1 gestionar la salida con la aplicaci\u00f3n m\u00f3vil Fast Check-Out (FCO), que considera el env\u00edo de la factura en PDF al correo electr\u00f3nico.<\/p>\n<p>Asimismo, se incorporar\u00e1 la tecnolog\u00eda de Accor, FOLS Mobile, lanzada en el 2018, que elimina la necesidad de mesones de recepci\u00f3n. De esta forma los colaboradores reciben a los clientes a trav\u00e9s de la aplicaci\u00f3n e interact\u00faan con ellos de manera personal y permanente desde cualquier lugar.<\/p>\n<p>Cabe destacar que esta innovadora adaptaci\u00f3n en el hotel de Londres es el primer paso de un ambicioso plan de la compa\u00f1\u00eda para aplicar dichas soluciones en al menos 50% de sus inmuebles de diferentes marcas durante los pr\u00f3ximos cinco a\u00f1os. (<a title=\"Accor reabrir\u00e1 sus hoteles en M\u00e9xico e implementa teleconsultas m\u00e9dicas con Axa\" href=\"https:\/\/www.dev.nitu.mx\/index.php\/2020\/09\/16\/accor-reabrira-sus-hoteles-en-mexico-e-implementa-teleconsultas-medicas-con-axa\/\" rel=\"bookmark\">Accor reabrir\u00e1 sus hoteles en M\u00e9xico e implementa teleconsultas m\u00e9dicas con Axa<\/a>).<\/p>\n<p>\u201cA partir de ahora y por razones de seguridad sanitaria, los hu\u00e9spedes buscar\u00e1n cada vez con m\u00e1s decisi\u00f3n experiencias y viajes con menos contacto f\u00edsico y m\u00e1s soluciones en l\u00ednea que permitan llevar a cabo diversas operaciones durante la estad\u00eda. No se trata de fabricar robots o tecnolog\u00eda sin rostro, sino de integrar de manera inteligente sistemas innovadores orientados al cliente, a ritmo y a escala humana\u201d, se\u00f1al\u00f3 Carla Milovanov, SVP Customer Technology Services, Accor. (inmobiliare).<\/p>\n","protected":false},"excerpt":{"rendered":"<p>A unos cuantos meses de la reactivaci\u00f3n de la industria hotelera, las compa\u00f1\u00edas del sector han tomado todo tipo de medidas para mantener a sus colaboradores y hu\u00e9spedes seguros dentro de los inmuebles. El uso de tecnolog\u00eda para evitar el contacto f\u00edsico es una de las medidas utilizadas por las compa\u00f1\u00edas, por lo que la [&hellip;]<\/p>\n","protected":false},"author":17,"featured_media":51601,"comment_status":"open","ping_status":"open","sticky":false,"template":"","format":"standard","meta":{"footnotes":""},"categories":[2,374],"tags":[9505,10526,16773,120,5003],"yoast_head":"<!-- This site is optimized with the Yoast SEO plugin v22.2 - https:\/\/yoast.com\/wordpress\/plugins\/seo\/ -->\n<title>Accor anuncia apertura de su primer hotel 100% digital en Europa - Nitu - Noticias de la Industria Turistica<\/title>\n<meta name=\"robots\" content=\"index, follow, max-snippet:-1, max-image-preview:large, max-video-preview:-1\" \/>\n<link rel=\"canonical\" href=\"https:\/\/nitu.mx\/index.php\/2021\/04\/08\/accor-anuncia-apertura-de-su-primer-hotel-100-digital-en-europa\/\" \/>\n<meta name=\"twitter:card\" content=\"summary_large_image\" \/>\n<meta name=\"twitter:title\" content=\"Accor anuncia apertura de su primer hotel 100% digital en Europa - Nitu - Noticias de la Industria Turistica\" \/>\n<meta name=\"twitter:description\" content=\"A unos cuantos meses de la reactivaci\u00f3n de la industria hotelera, las compa\u00f1\u00edas del sector han tomado todo tipo de medidas para mantener a sus colaboradores y hu\u00e9spedes seguros dentro de los inmuebles. El uso de tecnolog\u00eda para evitar el contacto f\u00edsico es una de las medidas utilizadas por las compa\u00f1\u00edas, por lo que la [&hellip;]\" \/>\n<meta name=\"twitter:image\" content=\"https:\/\/nitu.mx\/wp-content\/uploads\/2021\/04\/accor-hotel-digital.jpg\" \/>\n<meta name=\"twitter:creator\" content=\"@NITUmx\" \/>\n<meta name=\"twitter:site\" content=\"@Arturo_Medina_G\" \/>\n<meta name=\"twitter:label1\" content=\"Escrito por\" \/>\n\t<meta name=\"twitter:data1\" content=\"Redacci\u00f3n\" \/>\n\t<meta name=\"twitter:label2\" content=\"Tiempo de lectura\" \/>\n\t<meta name=\"twitter:data2\" content=\"2 minutos\" \/>\n<script type=\"application\/ld+json\" class=\"yoast-schema-graph\">{\"@context\":\"https:\/\/schema.org\",\"@graph\":[{\"@type\":\"Article\",\"@id\":\"https:\/\/nitu.mx\/index.php\/2021\/04\/08\/accor-anuncia-apertura-de-su-primer-hotel-100-digital-en-europa\/#article\",\"isPartOf\":{\"@id\":\"https:\/\/nitu.mx\/index.php\/2021\/04\/08\/accor-anuncia-apertura-de-su-primer-hotel-100-digital-en-europa\/\"},\"author\":{\"name\":\"Redacci\u00f3n\",\"@id\":\"https:\/\/nitu.mx\/#\/schema\/person\/4a28fe9bd65924f7c90623773daf1b0b\"},\"headline\":\"Accor anuncia apertura de su primer hotel 100% digital en Europa\",\"datePublished\":\"2021-04-09T04:44:53+00:00\",\"dateModified\":\"2021-04-09T06:05:06+00:00\",\"mainEntityOfPage\":{\"@id\":\"https:\/\/nitu.mx\/index.php\/2021\/04\/08\/accor-anuncia-apertura-de-su-primer-hotel-100-digital-en-europa\/\"},\"wordCount\":440,\"commentCount\":0,\"publisher\":{\"@id\":\"https:\/\/nitu.mx\/#\/schema\/person\/ae7a53426417292d3dd07b45a33e01bc\"},\"image\":{\"@id\":\"https:\/\/nitu.mx\/index.php\/2021\/04\/08\/accor-anuncia-apertura-de-su-primer-hotel-100-digital-en-europa\/#primaryimage\"},\"thumbnailUrl\":\"https:\/\/nitu.mx\/wp-content\/uploads\/2021\/04\/accor-hotel-digital.jpg\",\"keywords\":[\"Accor\",\"apertura\",\"digital\",\"Europa\",\"hotel\"],\"articleSection\":[\"Hoteles\",\"Internacional\"],\"inLanguage\":\"es-MX\",\"potentialAction\":[{\"@type\":\"CommentAction\",\"name\":\"Comment\",\"target\":[\"https:\/\/nitu.mx\/index.php\/2021\/04\/08\/accor-anuncia-apertura-de-su-primer-hotel-100-digital-en-europa\/#respond\"]}]},{\"@type\":\"WebPage\",\"@id\":\"https:\/\/nitu.mx\/index.php\/2021\/04\/08\/accor-anuncia-apertura-de-su-primer-hotel-100-digital-en-europa\/\",\"url\":\"https:\/\/nitu.mx\/index.php\/2021\/04\/08\/accor-anuncia-apertura-de-su-primer-hotel-100-digital-en-europa\/\",\"name\":\"Accor anuncia apertura de su primer hotel 100% digital en Europa - Nitu - Noticias de la Industria Turistica\",\"isPartOf\":{\"@id\":\"https:\/\/nitu.mx\/#website\"},\"primaryImageOfPage\":{\"@id\":\"https:\/\/nitu.mx\/index.php\/2021\/04\/08\/accor-anuncia-apertura-de-su-primer-hotel-100-digital-en-europa\/#primaryimage\"},\"image\":{\"@id\":\"https:\/\/nitu.mx\/index.php\/2021\/04\/08\/accor-anuncia-apertura-de-su-primer-hotel-100-digital-en-europa\/#primaryimage\"},\"thumbnailUrl\":\"https:\/\/nitu.mx\/wp-content\/uploads\/2021\/04\/accor-hotel-digital.jpg\",\"datePublished\":\"2021-04-09T04:44:53+00:00\",\"dateModified\":\"2021-04-09T06:05:06+00:00\",\"breadcrumb\":{\"@id\":\"https:\/\/nitu.mx\/index.php\/2021\/04\/08\/accor-anuncia-apertura-de-su-primer-hotel-100-digital-en-europa\/#breadcrumb\"},\"inLanguage\":\"es-MX\",\"potentialAction\":[{\"@type\":\"ReadAction\",\"target\":[\"https:\/\/nitu.mx\/index.php\/2021\/04\/08\/accor-anuncia-apertura-de-su-primer-hotel-100-digital-en-europa\/\"]}]},{\"@type\":\"ImageObject\",\"inLanguage\":\"es-MX\",\"@id\":\"https:\/\/nitu.mx\/index.php\/2021\/04\/08\/accor-anuncia-apertura-de-su-primer-hotel-100-digital-en-europa\/#primaryimage\",\"url\":\"https:\/\/nitu.mx\/wp-content\/uploads\/2021\/04\/accor-hotel-digital.jpg\",\"contentUrl\":\"https:\/\/nitu.mx\/wp-content\/uploads\/2021\/04\/accor-hotel-digital.jpg\",\"width\":1200,\"height\":675},{\"@type\":\"BreadcrumbList\",\"@id\":\"https:\/\/nitu.mx\/index.php\/2021\/04\/08\/accor-anuncia-apertura-de-su-primer-hotel-100-digital-en-europa\/#breadcrumb\",\"itemListElement\":[{\"@type\":\"ListItem\",\"position\":1,\"name\":\"Inicio\",\"item\":\"https:\/\/nitu.mx\/\"},{\"@type\":\"ListItem\",\"position\":2,\"name\":\"Accor anuncia apertura de su primer hotel 100% digital en Europa\"}]},{\"@type\":\"WebSite\",\"@id\":\"https:\/\/nitu.mx\/#website\",\"url\":\"https:\/\/nitu.mx\/\",\"name\":\"Nitu - Noticias de la Industria Turistica\",\"description\":\"Noticias de la Industria Turistica\",\"publisher\":{\"@id\":\"https:\/\/nitu.mx\/#\/schema\/person\/ae7a53426417292d3dd07b45a33e01bc\"},\"alternateName\":\"Noticias de la Industria Turistica\",\"potentialAction\":[{\"@type\":\"SearchAction\",\"target\":{\"@type\":\"EntryPoint\",\"urlTemplate\":\"https:\/\/nitu.mx\/?s={search_term_string}\"},\"query-input\":\"required name=search_term_string\"}],\"inLanguage\":\"es-MX\"},{\"@type\":[\"Person\",\"Organization\"],\"@id\":\"https:\/\/nitu.mx\/#\/schema\/person\/ae7a53426417292d3dd07b45a33e01bc\",\"name\":\"Arturo Medina\",\"image\":{\"@type\":\"ImageObject\",\"inLanguage\":\"es-MX\",\"@id\":\"https:\/\/nitu.mx\/#\/schema\/person\/image\/\",\"url\":\"https:\/\/nitu.mx\/wp-content\/uploads\/2024\/04\/4A315622-1904-4D5C-B022-878CDC840E04-90x90-1.jpeg\",\"contentUrl\":\"https:\/\/nitu.mx\/wp-content\/uploads\/2024\/04\/4A315622-1904-4D5C-B022-878CDC840E04-90x90-1.jpeg\",\"width\":90,\"height\":90,\"caption\":\"Arturo Medina\"},\"logo\":{\"@id\":\"https:\/\/nitu.mx\/#\/schema\/person\/image\/\"},\"description\":\"Director NITU.mx, Egresado de la Escuela de Periodismo Carlos Septi\u00e9n Garc\u00eda. Periodista y analista especializado en turismo desde hace 35 a\u00f1os, radicado en Canc\u00fan Q.Roo. arturo@nitu.mx\",\"sameAs\":[\"https:\/\/nitu.mx\",\"https:\/\/www.facebook.com\/NITUmx\/\",\"medinacancun\",\"https:\/\/twitter.com\/@Arturo_Medina_G\"]},{\"@type\":\"Person\",\"@id\":\"https:\/\/nitu.mx\/#\/schema\/person\/4a28fe9bd65924f7c90623773daf1b0b\",\"name\":\"Redacci\u00f3n\",\"image\":{\"@type\":\"ImageObject\",\"inLanguage\":\"es-MX\",\"@id\":\"https:\/\/nitu.mx\/#\/schema\/person\/image\/\",\"url\":\"https:\/\/secure.gravatar.com\/avatar\/5dd011c8ccfc5cd7e4c81e42252aab38?s=96&d=mm&r=g\",\"contentUrl\":\"https:\/\/secure.gravatar.com\/avatar\/5dd011c8ccfc5cd7e4c81e42252aab38?s=96&d=mm&r=g\",\"caption\":\"Redacci\u00f3n\"},\"url\":\"https:\/\/nitu.mx\/index.php\/author\/redaccion\/\"}]}<\/script>\n<!-- \/ Yoast SEO plugin. -->","yoast_head_json":{"title":"Accor anuncia apertura de su primer hotel 100% digital en Europa - Nitu - Noticias de la Industria Turistica","robots":{"index":"index","follow":"follow","max-snippet":"max-snippet:-1","max-image-preview":"max-image-preview:large","max-video-preview":"max-video-preview:-1"},"canonical":"https:\/\/nitu.mx\/index.php\/2021\/04\/08\/accor-anuncia-apertura-de-su-primer-hotel-100-digital-en-europa\/","twitter_card":"summary_large_image","twitter_title":"Accor anuncia apertura de su primer hotel 100% digital en Europa - Nitu - Noticias de la Industria Turistica","twitter_description":"A unos cuantos meses de la reactivaci\u00f3n de la industria hotelera, las compa\u00f1\u00edas del sector han tomado todo tipo de medidas para mantener a sus colaboradores y hu\u00e9spedes seguros dentro de los inmuebles. El uso de tecnolog\u00eda para evitar el contacto f\u00edsico es una de las medidas utilizadas por las compa\u00f1\u00edas, por lo que la [&hellip;]","twitter_image":"https:\/\/nitu.mx\/wp-content\/uploads\/2021\/04\/accor-hotel-digital.jpg","twitter_creator":"@NITUmx","twitter_site":"@Arturo_Medina_G","twitter_misc":{"Escrito por":"Redacci\u00f3n","Tiempo de lectura":"2 minutos"},"schema":{"@context":"https:\/\/schema.org","@graph":[{"@type":"Article","@id":"https:\/\/nitu.mx\/index.php\/2021\/04\/08\/accor-anuncia-apertura-de-su-primer-hotel-100-digital-en-europa\/#article","isPartOf":{"@id":"https:\/\/nitu.mx\/index.php\/2021\/04\/08\/accor-anuncia-apertura-de-su-primer-hotel-100-digital-en-europa\/"},"author":{"name":"Redacci\u00f3n","@id":"https:\/\/nitu.mx\/#\/schema\/person\/4a28fe9bd65924f7c90623773daf1b0b"},"headline":"Accor anuncia apertura de su primer hotel 100% digital en Europa","datePublished":"2021-04-09T04:44:53+00:00","dateModified":"2021-04-09T06:05:06+00:00","mainEntityOfPage":{"@id":"https:\/\/nitu.mx\/index.php\/2021\/04\/08\/accor-anuncia-apertura-de-su-primer-hotel-100-digital-en-europa\/"},"wordCount":440,"commentCount":0,"publisher":{"@id":"https:\/\/nitu.mx\/#\/schema\/person\/ae7a53426417292d3dd07b45a33e01bc"},"image":{"@id":"https:\/\/nitu.mx\/index.php\/2021\/04\/08\/accor-anuncia-apertura-de-su-primer-hotel-100-digital-en-europa\/#primaryimage"},"thumbnailUrl":"https:\/\/nitu.mx\/wp-content\/uploads\/2021\/04\/accor-hotel-digital.jpg","keywords":["Accor","apertura","digital","Europa","hotel"],"articleSection":["Hoteles","Internacional"],"inLanguage":"es-MX","potentialAction":[{"@type":"CommentAction","name":"Comment","target":["https:\/\/nitu.mx\/index.php\/2021\/04\/08\/accor-anuncia-apertura-de-su-primer-hotel-100-digital-en-europa\/#respond"]}]},{"@type":"WebPage","@id":"https:\/\/nitu.mx\/index.php\/2021\/04\/08\/accor-anuncia-apertura-de-su-primer-hotel-100-digital-en-europa\/","url":"https:\/\/nitu.mx\/index.php\/2021\/04\/08\/accor-anuncia-apertura-de-su-primer-hotel-100-digital-en-europa\/","name":"Accor anuncia apertura de su primer hotel 100% digital en Europa - Nitu - Noticias de la Industria Turistica","isPartOf":{"@id":"https:\/\/nitu.mx\/#website"},"primaryImageOfPage":{"@id":"https:\/\/nitu.mx\/index.php\/2021\/04\/08\/accor-anuncia-apertura-de-su-primer-hotel-100-digital-en-europa\/#primaryimage"},"image":{"@id":"https:\/\/nitu.mx\/index.php\/2021\/04\/08\/accor-anuncia-apertura-de-su-primer-hotel-100-digital-en-europa\/#primaryimage"},"thumbnailUrl":"https:\/\/nitu.mx\/wp-content\/uploads\/2021\/04\/accor-hotel-digital.jpg","datePublished":"2021-04-09T04:44:53+00:00","dateModified":"2021-04-09T06:05:06+00:00","breadcrumb":{"@id":"https:\/\/nitu.mx\/index.php\/2021\/04\/08\/accor-anuncia-apertura-de-su-primer-hotel-100-digital-en-europa\/#breadcrumb"},"inLanguage":"es-MX","potentialAction":[{"@type":"ReadAction","target":["https:\/\/nitu.mx\/index.php\/2021\/04\/08\/accor-anuncia-apertura-de-su-primer-hotel-100-digital-en-europa\/"]}]},{"@type":"ImageObject","inLanguage":"es-MX","@id":"https:\/\/nitu.mx\/index.php\/2021\/04\/08\/accor-anuncia-apertura-de-su-primer-hotel-100-digital-en-europa\/#primaryimage","url":"https:\/\/nitu.mx\/wp-content\/uploads\/2021\/04\/accor-hotel-digital.jpg","contentUrl":"https:\/\/nitu.mx\/wp-content\/uploads\/2021\/04\/accor-hotel-digital.jpg","width":1200,"height":675},{"@type":"BreadcrumbList","@id":"https:\/\/nitu.mx\/index.php\/2021\/04\/08\/accor-anuncia-apertura-de-su-primer-hotel-100-digital-en-europa\/#breadcrumb","itemListElement":[{"@type":"ListItem","position":1,"name":"Inicio","item":"https:\/\/nitu.mx\/"},{"@type":"ListItem","position":2,"name":"Accor anuncia apertura de su primer hotel 100% digital en Europa"}]},{"@type":"WebSite","@id":"https:\/\/nitu.mx\/#website","url":"https:\/\/nitu.mx\/","name":"Nitu - Noticias de la Industria Turistica","description":"Noticias de la Industria Turistica","publisher":{"@id":"https:\/\/nitu.mx\/#\/schema\/person\/ae7a53426417292d3dd07b45a33e01bc"},"alternateName":"Noticias de la Industria Turistica","potentialAction":[{"@type":"SearchAction","target":{"@type":"EntryPoint","urlTemplate":"https:\/\/nitu.mx\/?s={search_term_string}"},"query-input":"required name=search_term_string"}],"inLanguage":"es-MX"},{"@type":["Person","Organization"],"@id":"https:\/\/nitu.mx\/#\/schema\/person\/ae7a53426417292d3dd07b45a33e01bc","name":"Arturo Medina","image":{"@type":"ImageObject","inLanguage":"es-MX","@id":"https:\/\/nitu.mx\/#\/schema\/person\/image\/","url":"https:\/\/nitu.mx\/wp-content\/uploads\/2024\/04\/4A315622-1904-4D5C-B022-878CDC840E04-90x90-1.jpeg","contentUrl":"https:\/\/nitu.mx\/wp-content\/uploads\/2024\/04\/4A315622-1904-4D5C-B022-878CDC840E04-90x90-1.jpeg","width":90,"height":90,"caption":"Arturo Medina"},"logo":{"@id":"https:\/\/nitu.mx\/#\/schema\/person\/image\/"},"description":"Director NITU.mx, Egresado de la Escuela de Periodismo Carlos Septi\u00e9n Garc\u00eda. Periodista y analista especializado en turismo desde hace 35 a\u00f1os, radicado en Canc\u00fan Q.Roo. arturo@nitu.mx","sameAs":["https:\/\/nitu.mx","https:\/\/www.facebook.com\/NITUmx\/","medinacancun","https:\/\/twitter.com\/@Arturo_Medina_G"]},{"@type":"Person","@id":"https:\/\/nitu.mx\/#\/schema\/person\/4a28fe9bd65924f7c90623773daf1b0b","name":"Redacci\u00f3n","image":{"@type":"ImageObject","inLanguage":"es-MX","@id":"https:\/\/nitu.mx\/#\/schema\/person\/image\/","url":"https:\/\/secure.gravatar.com\/avatar\/5dd011c8ccfc5cd7e4c81e42252aab38?s=96&d=mm&r=g","contentUrl":"https:\/\/secure.gravatar.com\/avatar\/5dd011c8ccfc5cd7e4c81e42252aab38?s=96&d=mm&r=g","caption":"Redacci\u00f3n"},"url":"https:\/\/nitu.mx\/index.php\/author\/redaccion\/"}]}},"views":605,"_links":{"self":[{"href":"https:\/\/nitu.mx\/index.php\/wp-json\/wp\/v2\/posts\/51587"}],"collection":[{"href":"https:\/\/nitu.mx\/index.php\/wp-json\/wp\/v2\/posts"}],"about":[{"href":"https:\/\/nitu.mx\/index.php\/wp-json\/wp\/v2\/types\/post"}],"author":[{"embeddable":true,"href":"https:\/\/nitu.mx\/index.php\/wp-json\/wp\/v2\/users\/17"}],"replies":[{"embeddable":true,"href":"https:\/\/nitu.mx\/index.php\/wp-json\/wp\/v2\/comments?post=51587"}],"version-history":[{"count":2,"href":"https:\/\/nitu.mx\/index.php\/wp-json\/wp\/v2\/posts\/51587\/revisions"}],"predecessor-version":[{"id":51611,"href":"https:\/\/nitu.mx\/index.php\/wp-json\/wp\/v2\/posts\/51587\/revisions\/51611"}],"wp:featuredmedia":[{"embeddable":true,"href":"https:\/\/nitu.mx\/index.php\/wp-json\/wp\/v2\/media\/51601"}],"wp:attachment":[{"href":"https:\/\/nitu.mx\/index.php\/wp-json\/wp\/v2\/media?parent=51587"}],"wp:term":[{"taxonomy":"category","embeddable":true,"href":"https:\/\/nitu.mx\/index.php\/wp-json\/wp\/v2\/categories?post=51587"},{"taxonomy":"post_tag","embeddable":true,"href":"https:\/\/nitu.mx\/index.php\/wp-json\/wp\/v2\/tags?post=51587"}],"curies":[{"name":"wp","href":"https:\/\/api.w.org\/{rel}","templated":true}]}}