{"id":51581,"date":"2021-04-08T15:36:33","date_gmt":"2021-04-08T20:36:33","guid":{"rendered":"https:\/\/www.dev.nitu.mx\/?p=51581"},"modified":"2021-04-09T00:03:44","modified_gmt":"2021-04-09T05:03:44","slug":"aeromexico-y-delta-reiniciaran-operaciones-de-cdmx-a-austin-y-dallas","status":"publish","type":"post","link":"https:\/\/nitu.mx\/index.php\/2021\/04\/08\/aeromexico-y-delta-reiniciaran-operaciones-de-cdmx-a-austin-y-dallas\/","title":{"rendered":"Aerom\u00e9xico y Delta reiniciar\u00e1n operaciones de CDMX a Austin y Dallas"},"content":{"rendered":"<p>Aerom\u00e9xico, junto con Delta Air Lines, anunciaron el reinicio de operaciones desde Ciudad de M\u00e9xico hacia Austin y Dallas, con un vuelo diario a cada destino a partir del pr\u00f3ximo 1\u00ba de julio.<\/p>\n<p>Adem\u00e1s, las aerol\u00edneas incrementar\u00e1n sus frecuencias a Houston a partir de la pr\u00f3xima semana, con lo que ampliar\u00e1n su presencia en Texas, con los vuelos que ya operan tambi\u00e9n hacia San Antonio.<\/p>\n<p>Con esta reincorporaci\u00f3n de vuelos, Aerom\u00e9xico y Delta ofrecer\u00e1n 47 rutas entre M\u00e9xico y Estados Unidos como parte de la reactivaci\u00f3n de la conectividad en beneficio de los pasajeros.<\/p>\n<p>En abril, el joint venture que integran estas compa\u00f1\u00edas a\u00e9reas contar\u00e1 con tres mil 600 vuelos transfronterizos aproximadamente, lo que es siete veces m\u00e1s comparado con el mismo mes del 2020.<\/p>\n<p>\u201cEstamos muy contentos por este anuncio que se suma a la recuperaci\u00f3n de la conectividad en el mercado transfronterizo. En abril, la oferta de nuestro Acuerdo de Colaboraci\u00f3n Conjunta entre Delta Air Lines y Aerom\u00e9xico, ser\u00e1 de casi 600 mil asientos para este mercado\u201d dijo Giancarlo Mulinelli, vicepresidente senior de Ventas Globales de la aerol\u00ednea bandera de M\u00e9xico.\u00a0<a title=\"Aerom\u00e9xico incluye a Riviera Maya en su nuevo producto de destinos sustentables\" href=\"https:\/\/www.dev.nitu.mx\/index.php\/2021\/03\/02\/aeromexico-incluye-a-riviera-maya-en-su-nuevo-producto-de-destinos-sustentables\/\" rel=\"bookmark\">(Aerom\u00e9xico incluye a Riviera Maya en su nuevo producto de destinos sustentables<\/a>).<\/p>\n<p>Austin ofrece atractivos culturales de inter\u00e9s para los turistas como el Capitolio estatal de Texas, el parque metropolitano Zilker, el lago Lady Bird y el Distrito SoCo, reconocido por sus galer\u00edas de arte, restaurantes y locales de m\u00fasica. Tambi\u00e9n, cuenta con una din\u00e1mica comunidad tecnol\u00f3gica y de la Universidad de Texas.<\/p>\n<p>En cuanto a Dallas, es un gran destino para viajes de negocios y placer ya que cuenta con el mayor distrito urbano de arte de Estados Unidos, m\u00e1s de 160 museos en su zona metropolitana y el zool\u00f3gico m\u00e1s grande y antiguo de Texas. Asimismo, alberga compa\u00f1\u00edas de importantes sectores como de telecomunicaciones, tecnolog\u00edas de la informaci\u00f3n, servicios financieros y transporte.<\/p>\n","protected":false},"excerpt":{"rendered":"<p>Aerom\u00e9xico, junto con Delta Air Lines, anunciaron el reinicio de operaciones desde Ciudad de M\u00e9xico hacia Austin y Dallas, con un vuelo diario a cada destino a partir del pr\u00f3ximo 1\u00ba de julio. Adem\u00e1s, las aerol\u00edneas incrementar\u00e1n sus frecuencias a Houston a partir de la pr\u00f3xima semana, con lo que ampliar\u00e1n su presencia en Texas, [&hellip;]<\/p>\n","protected":false},"author":18,"featured_media":20386,"comment_status":"open","ping_status":"open","sticky":false,"template":"","format":"standard","meta":{"footnotes":""},"categories":[29],"tags":[30,917,5817,1520,4049,105],"yoast_head":"<!-- This site is optimized with the Yoast SEO plugin v22.2 - https:\/\/yoast.com\/wordpress\/plugins\/seo\/ -->\n<title>Aerom\u00e9xico y Delta reiniciar\u00e1n operaciones de CDMX a Austin y Dallas - Nitu - Noticias de la Industria Turistica<\/title>\n<meta name=\"robots\" content=\"index, follow, max-snippet:-1, max-image-preview:large, max-video-preview:-1\" \/>\n<link rel=\"canonical\" href=\"https:\/\/nitu.mx\/index.php\/2021\/04\/08\/aeromexico-y-delta-reiniciaran-operaciones-de-cdmx-a-austin-y-dallas\/\" \/>\n<meta name=\"twitter:card\" content=\"summary_large_image\" \/>\n<meta name=\"twitter:title\" content=\"Aerom\u00e9xico y Delta reiniciar\u00e1n operaciones de CDMX a Austin y Dallas - Nitu - Noticias de la Industria Turistica\" \/>\n<meta name=\"twitter:description\" content=\"Aerom\u00e9xico, junto con Delta Air Lines, anunciaron el reinicio de operaciones desde Ciudad de M\u00e9xico hacia Austin y Dallas, con un vuelo diario a cada destino a partir del pr\u00f3ximo 1\u00ba de julio. Adem\u00e1s, las aerol\u00edneas incrementar\u00e1n sus frecuencias a Houston a partir de la pr\u00f3xima semana, con lo que ampliar\u00e1n su presencia en Texas, [&hellip;]\" \/>\n<meta name=\"twitter:image\" content=\"https:\/\/nitu.mx\/wp-content\/uploads\/2018\/05\/aeromexico-delta.jpg\" \/>\n<meta name=\"twitter:creator\" content=\"@NITUmx\" \/>\n<meta name=\"twitter:site\" content=\"@Arturo_Medina_G\" \/>\n<meta name=\"twitter:label1\" content=\"Escrito por\" \/>\n\t<meta name=\"twitter:data1\" content=\"Guadalupe Sixto\" \/>\n\t<meta name=\"twitter:label2\" content=\"Tiempo de lectura\" \/>\n\t<meta name=\"twitter:data2\" content=\"2 minutos\" \/>\n<script type=\"application\/ld+json\" class=\"yoast-schema-graph\">{\"@context\":\"https:\/\/schema.org\",\"@graph\":[{\"@type\":\"Article\",\"@id\":\"https:\/\/nitu.mx\/index.php\/2021\/04\/08\/aeromexico-y-delta-reiniciaran-operaciones-de-cdmx-a-austin-y-dallas\/#article\",\"isPartOf\":{\"@id\":\"https:\/\/nitu.mx\/index.php\/2021\/04\/08\/aeromexico-y-delta-reiniciaran-operaciones-de-cdmx-a-austin-y-dallas\/\"},\"author\":{\"name\":\"Guadalupe Sixto\",\"@id\":\"https:\/\/nitu.mx\/#\/schema\/person\/3df3082b5e46037e3f13614d28ee0b77\"},\"headline\":\"Aerom\u00e9xico y Delta reiniciar\u00e1n operaciones de CDMX a Austin y Dallas\",\"datePublished\":\"2021-04-08T20:36:33+00:00\",\"dateModified\":\"2021-04-09T05:03:44+00:00\",\"mainEntityOfPage\":{\"@id\":\"https:\/\/nitu.mx\/index.php\/2021\/04\/08\/aeromexico-y-delta-reiniciaran-operaciones-de-cdmx-a-austin-y-dallas\/\"},\"wordCount\":349,\"commentCount\":0,\"publisher\":{\"@id\":\"https:\/\/nitu.mx\/#\/schema\/person\/ae7a53426417292d3dd07b45a33e01bc\"},\"image\":{\"@id\":\"https:\/\/nitu.mx\/index.php\/2021\/04\/08\/aeromexico-y-delta-reiniciaran-operaciones-de-cdmx-a-austin-y-dallas\/#primaryimage\"},\"thumbnailUrl\":\"https:\/\/nitu.mx\/wp-content\/uploads\/2018\/05\/aeromexico-delta.jpg\",\"keywords\":[\"Aerom\u00e9xico\",\"Austin\",\"Dallas\",\"Delta Air Lines\",\"Giancarlo Mulinelli\",\"Texas\"],\"articleSection\":[\"Aerol\u00edneas\"],\"inLanguage\":\"es-MX\",\"potentialAction\":[{\"@type\":\"CommentAction\",\"name\":\"Comment\",\"target\":[\"https:\/\/nitu.mx\/index.php\/2021\/04\/08\/aeromexico-y-delta-reiniciaran-operaciones-de-cdmx-a-austin-y-dallas\/#respond\"]}]},{\"@type\":\"WebPage\",\"@id\":\"https:\/\/nitu.mx\/index.php\/2021\/04\/08\/aeromexico-y-delta-reiniciaran-operaciones-de-cdmx-a-austin-y-dallas\/\",\"url\":\"https:\/\/nitu.mx\/index.php\/2021\/04\/08\/aeromexico-y-delta-reiniciaran-operaciones-de-cdmx-a-austin-y-dallas\/\",\"name\":\"Aerom\u00e9xico y Delta reiniciar\u00e1n operaciones de CDMX a Austin y Dallas - Nitu - Noticias de la Industria Turistica\",\"isPartOf\":{\"@id\":\"https:\/\/nitu.mx\/#website\"},\"primaryImageOfPage\":{\"@id\":\"https:\/\/nitu.mx\/index.php\/2021\/04\/08\/aeromexico-y-delta-reiniciaran-operaciones-de-cdmx-a-austin-y-dallas\/#primaryimage\"},\"image\":{\"@id\":\"https:\/\/nitu.mx\/index.php\/2021\/04\/08\/aeromexico-y-delta-reiniciaran-operaciones-de-cdmx-a-austin-y-dallas\/#primaryimage\"},\"thumbnailUrl\":\"https:\/\/nitu.mx\/wp-content\/uploads\/2018\/05\/aeromexico-delta.jpg\",\"datePublished\":\"2021-04-08T20:36:33+00:00\",\"dateModified\":\"2021-04-09T05:03:44+00:00\",\"breadcrumb\":{\"@id\":\"https:\/\/nitu.mx\/index.php\/2021\/04\/08\/aeromexico-y-delta-reiniciaran-operaciones-de-cdmx-a-austin-y-dallas\/#breadcrumb\"},\"inLanguage\":\"es-MX\",\"potentialAction\":[{\"@type\":\"ReadAction\",\"target\":[\"https:\/\/nitu.mx\/index.php\/2021\/04\/08\/aeromexico-y-delta-reiniciaran-operaciones-de-cdmx-a-austin-y-dallas\/\"]}]},{\"@type\":\"ImageObject\",\"inLanguage\":\"es-MX\",\"@id\":\"https:\/\/nitu.mx\/index.php\/2021\/04\/08\/aeromexico-y-delta-reiniciaran-operaciones-de-cdmx-a-austin-y-dallas\/#primaryimage\",\"url\":\"https:\/\/nitu.mx\/wp-content\/uploads\/2018\/05\/aeromexico-delta.jpg\",\"contentUrl\":\"https:\/\/nitu.mx\/wp-content\/uploads\/2018\/05\/aeromexico-delta.jpg\",\"width\":850,\"height\":480,\"caption\":\"aerom\u00e9xico delta\"},{\"@type\":\"BreadcrumbList\",\"@id\":\"https:\/\/nitu.mx\/index.php\/2021\/04\/08\/aeromexico-y-delta-reiniciaran-operaciones-de-cdmx-a-austin-y-dallas\/#breadcrumb\",\"itemListElement\":[{\"@type\":\"ListItem\",\"position\":1,\"name\":\"Inicio\",\"item\":\"https:\/\/nitu.mx\/\"},{\"@type\":\"ListItem\",\"position\":2,\"name\":\"Aerom\u00e9xico y Delta reiniciar\u00e1n operaciones de CDMX a Austin y Dallas\"}]},{\"@type\":\"WebSite\",\"@id\":\"https:\/\/nitu.mx\/#website\",\"url\":\"https:\/\/nitu.mx\/\",\"name\":\"Nitu - Noticias de la Industria Turistica\",\"description\":\"Noticias de la Industria Turistica\",\"publisher\":{\"@id\":\"https:\/\/nitu.mx\/#\/schema\/person\/ae7a53426417292d3dd07b45a33e01bc\"},\"alternateName\":\"Noticias de la Industria Turistica\",\"potentialAction\":[{\"@type\":\"SearchAction\",\"target\":{\"@type\":\"EntryPoint\",\"urlTemplate\":\"https:\/\/nitu.mx\/?s={search_term_string}\"},\"query-input\":\"required name=search_term_string\"}],\"inLanguage\":\"es-MX\"},{\"@type\":[\"Person\",\"Organization\"],\"@id\":\"https:\/\/nitu.mx\/#\/schema\/person\/ae7a53426417292d3dd07b45a33e01bc\",\"name\":\"Arturo Medina\",\"image\":{\"@type\":\"ImageObject\",\"inLanguage\":\"es-MX\",\"@id\":\"https:\/\/nitu.mx\/#\/schema\/person\/image\/\",\"url\":\"https:\/\/nitu.mx\/wp-content\/uploads\/2024\/04\/4A315622-1904-4D5C-B022-878CDC840E04-90x90-1.jpeg\",\"contentUrl\":\"https:\/\/nitu.mx\/wp-content\/uploads\/2024\/04\/4A315622-1904-4D5C-B022-878CDC840E04-90x90-1.jpeg\",\"width\":90,\"height\":90,\"caption\":\"Arturo Medina\"},\"logo\":{\"@id\":\"https:\/\/nitu.mx\/#\/schema\/person\/image\/\"},\"description\":\"Director NITU.mx, Egresado de la Escuela de Periodismo Carlos Septi\u00e9n Garc\u00eda. Periodista y analista especializado en turismo desde hace 35 a\u00f1os, radicado en Canc\u00fan Q.Roo. arturo@nitu.mx\",\"sameAs\":[\"https:\/\/nitu.mx\",\"https:\/\/www.facebook.com\/NITUmx\/\",\"medinacancun\",\"https:\/\/twitter.com\/@Arturo_Medina_G\"]},{\"@type\":\"Person\",\"@id\":\"https:\/\/nitu.mx\/#\/schema\/person\/3df3082b5e46037e3f13614d28ee0b77\",\"name\":\"Guadalupe Sixto\",\"image\":{\"@type\":\"ImageObject\",\"inLanguage\":\"es-MX\",\"@id\":\"https:\/\/nitu.mx\/#\/schema\/person\/image\/\",\"url\":\"https:\/\/secure.gravatar.com\/avatar\/13914e1b0e1919e91f9539de4dc584c4?s=96&d=mm&r=g\",\"contentUrl\":\"https:\/\/secure.gravatar.com\/avatar\/13914e1b0e1919e91f9539de4dc584c4?s=96&d=mm&r=g\",\"caption\":\"Guadalupe Sixto\"},\"url\":\"https:\/\/nitu.mx\/index.php\/author\/gsixto\/\"}]}<\/script>\n<!-- \/ Yoast SEO plugin. -->","yoast_head_json":{"title":"Aerom\u00e9xico y Delta reiniciar\u00e1n operaciones de CDMX a Austin y Dallas - Nitu - Noticias de la Industria Turistica","robots":{"index":"index","follow":"follow","max-snippet":"max-snippet:-1","max-image-preview":"max-image-preview:large","max-video-preview":"max-video-preview:-1"},"canonical":"https:\/\/nitu.mx\/index.php\/2021\/04\/08\/aeromexico-y-delta-reiniciaran-operaciones-de-cdmx-a-austin-y-dallas\/","twitter_card":"summary_large_image","twitter_title":"Aerom\u00e9xico y Delta reiniciar\u00e1n operaciones de CDMX a Austin y Dallas - Nitu - Noticias de la Industria Turistica","twitter_description":"Aerom\u00e9xico, junto con Delta Air Lines, anunciaron el reinicio de operaciones desde Ciudad de M\u00e9xico hacia Austin y Dallas, con un vuelo diario a cada destino a partir del pr\u00f3ximo 1\u00ba de julio. Adem\u00e1s, las aerol\u00edneas incrementar\u00e1n sus frecuencias a Houston a partir de la pr\u00f3xima semana, con lo que ampliar\u00e1n su presencia en Texas, [&hellip;]","twitter_image":"https:\/\/nitu.mx\/wp-content\/uploads\/2018\/05\/aeromexico-delta.jpg","twitter_creator":"@NITUmx","twitter_site":"@Arturo_Medina_G","twitter_misc":{"Escrito por":"Guadalupe Sixto","Tiempo de lectura":"2 minutos"},"schema":{"@context":"https:\/\/schema.org","@graph":[{"@type":"Article","@id":"https:\/\/nitu.mx\/index.php\/2021\/04\/08\/aeromexico-y-delta-reiniciaran-operaciones-de-cdmx-a-austin-y-dallas\/#article","isPartOf":{"@id":"https:\/\/nitu.mx\/index.php\/2021\/04\/08\/aeromexico-y-delta-reiniciaran-operaciones-de-cdmx-a-austin-y-dallas\/"},"author":{"name":"Guadalupe Sixto","@id":"https:\/\/nitu.mx\/#\/schema\/person\/3df3082b5e46037e3f13614d28ee0b77"},"headline":"Aerom\u00e9xico y Delta reiniciar\u00e1n operaciones de CDMX a Austin y Dallas","datePublished":"2021-04-08T20:36:33+00:00","dateModified":"2021-04-09T05:03:44+00:00","mainEntityOfPage":{"@id":"https:\/\/nitu.mx\/index.php\/2021\/04\/08\/aeromexico-y-delta-reiniciaran-operaciones-de-cdmx-a-austin-y-dallas\/"},"wordCount":349,"commentCount":0,"publisher":{"@id":"https:\/\/nitu.mx\/#\/schema\/person\/ae7a53426417292d3dd07b45a33e01bc"},"image":{"@id":"https:\/\/nitu.mx\/index.php\/2021\/04\/08\/aeromexico-y-delta-reiniciaran-operaciones-de-cdmx-a-austin-y-dallas\/#primaryimage"},"thumbnailUrl":"https:\/\/nitu.mx\/wp-content\/uploads\/2018\/05\/aeromexico-delta.jpg","keywords":["Aerom\u00e9xico","Austin","Dallas","Delta Air Lines","Giancarlo Mulinelli","Texas"],"articleSection":["Aerol\u00edneas"],"inLanguage":"es-MX","potentialAction":[{"@type":"CommentAction","name":"Comment","target":["https:\/\/nitu.mx\/index.php\/2021\/04\/08\/aeromexico-y-delta-reiniciaran-operaciones-de-cdmx-a-austin-y-dallas\/#respond"]}]},{"@type":"WebPage","@id":"https:\/\/nitu.mx\/index.php\/2021\/04\/08\/aeromexico-y-delta-reiniciaran-operaciones-de-cdmx-a-austin-y-dallas\/","url":"https:\/\/nitu.mx\/index.php\/2021\/04\/08\/aeromexico-y-delta-reiniciaran-operaciones-de-cdmx-a-austin-y-dallas\/","name":"Aerom\u00e9xico y Delta reiniciar\u00e1n operaciones de CDMX a Austin y Dallas - Nitu - Noticias de la Industria Turistica","isPartOf":{"@id":"https:\/\/nitu.mx\/#website"},"primaryImageOfPage":{"@id":"https:\/\/nitu.mx\/index.php\/2021\/04\/08\/aeromexico-y-delta-reiniciaran-operaciones-de-cdmx-a-austin-y-dallas\/#primaryimage"},"image":{"@id":"https:\/\/nitu.mx\/index.php\/2021\/04\/08\/aeromexico-y-delta-reiniciaran-operaciones-de-cdmx-a-austin-y-dallas\/#primaryimage"},"thumbnailUrl":"https:\/\/nitu.mx\/wp-content\/uploads\/2018\/05\/aeromexico-delta.jpg","datePublished":"2021-04-08T20:36:33+00:00","dateModified":"2021-04-09T05:03:44+00:00","breadcrumb":{"@id":"https:\/\/nitu.mx\/index.php\/2021\/04\/08\/aeromexico-y-delta-reiniciaran-operaciones-de-cdmx-a-austin-y-dallas\/#breadcrumb"},"inLanguage":"es-MX","potentialAction":[{"@type":"ReadAction","target":["https:\/\/nitu.mx\/index.php\/2021\/04\/08\/aeromexico-y-delta-reiniciaran-operaciones-de-cdmx-a-austin-y-dallas\/"]}]},{"@type":"ImageObject","inLanguage":"es-MX","@id":"https:\/\/nitu.mx\/index.php\/2021\/04\/08\/aeromexico-y-delta-reiniciaran-operaciones-de-cdmx-a-austin-y-dallas\/#primaryimage","url":"https:\/\/nitu.mx\/wp-content\/uploads\/2018\/05\/aeromexico-delta.jpg","contentUrl":"https:\/\/nitu.mx\/wp-content\/uploads\/2018\/05\/aeromexico-delta.jpg","width":850,"height":480,"caption":"aerom\u00e9xico delta"},{"@type":"BreadcrumbList","@id":"https:\/\/nitu.mx\/index.php\/2021\/04\/08\/aeromexico-y-delta-reiniciaran-operaciones-de-cdmx-a-austin-y-dallas\/#breadcrumb","itemListElement":[{"@type":"ListItem","position":1,"name":"Inicio","item":"https:\/\/nitu.mx\/"},{"@type":"ListItem","position":2,"name":"Aerom\u00e9xico y Delta reiniciar\u00e1n operaciones de CDMX a Austin y Dallas"}]},{"@type":"WebSite","@id":"https:\/\/nitu.mx\/#website","url":"https:\/\/nitu.mx\/","name":"Nitu - Noticias de la Industria Turistica","description":"Noticias de la Industria Turistica","publisher":{"@id":"https:\/\/nitu.mx\/#\/schema\/person\/ae7a53426417292d3dd07b45a33e01bc"},"alternateName":"Noticias de la Industria Turistica","potentialAction":[{"@type":"SearchAction","target":{"@type":"EntryPoint","urlTemplate":"https:\/\/nitu.mx\/?s={search_term_string}"},"query-input":"required name=search_term_string"}],"inLanguage":"es-MX"},{"@type":["Person","Organization"],"@id":"https:\/\/nitu.mx\/#\/schema\/person\/ae7a53426417292d3dd07b45a33e01bc","name":"Arturo Medina","image":{"@type":"ImageObject","inLanguage":"es-MX","@id":"https:\/\/nitu.mx\/#\/schema\/person\/image\/","url":"https:\/\/nitu.mx\/wp-content\/uploads\/2024\/04\/4A315622-1904-4D5C-B022-878CDC840E04-90x90-1.jpeg","contentUrl":"https:\/\/nitu.mx\/wp-content\/uploads\/2024\/04\/4A315622-1904-4D5C-B022-878CDC840E04-90x90-1.jpeg","width":90,"height":90,"caption":"Arturo Medina"},"logo":{"@id":"https:\/\/nitu.mx\/#\/schema\/person\/image\/"},"description":"Director NITU.mx, Egresado de la Escuela de Periodismo Carlos Septi\u00e9n Garc\u00eda. Periodista y analista especializado en turismo desde hace 35 a\u00f1os, radicado en Canc\u00fan Q.Roo. arturo@nitu.mx","sameAs":["https:\/\/nitu.mx","https:\/\/www.facebook.com\/NITUmx\/","medinacancun","https:\/\/twitter.com\/@Arturo_Medina_G"]},{"@type":"Person","@id":"https:\/\/nitu.mx\/#\/schema\/person\/3df3082b5e46037e3f13614d28ee0b77","name":"Guadalupe Sixto","image":{"@type":"ImageObject","inLanguage":"es-MX","@id":"https:\/\/nitu.mx\/#\/schema\/person\/image\/","url":"https:\/\/secure.gravatar.com\/avatar\/13914e1b0e1919e91f9539de4dc584c4?s=96&d=mm&r=g","contentUrl":"https:\/\/secure.gravatar.com\/avatar\/13914e1b0e1919e91f9539de4dc584c4?s=96&d=mm&r=g","caption":"Guadalupe Sixto"},"url":"https:\/\/nitu.mx\/index.php\/author\/gsixto\/"}]}},"views":362,"_links":{"self":[{"href":"https:\/\/nitu.mx\/index.php\/wp-json\/wp\/v2\/posts\/51581"}],"collection":[{"href":"https:\/\/nitu.mx\/index.php\/wp-json\/wp\/v2\/posts"}],"about":[{"href":"https:\/\/nitu.mx\/index.php\/wp-json\/wp\/v2\/types\/post"}],"author":[{"embeddable":true,"href":"https:\/\/nitu.mx\/index.php\/wp-json\/wp\/v2\/users\/18"}],"replies":[{"embeddable":true,"href":"https:\/\/nitu.mx\/index.php\/wp-json\/wp\/v2\/comments?post=51581"}],"version-history":[{"count":2,"href":"https:\/\/nitu.mx\/index.php\/wp-json\/wp\/v2\/posts\/51581\/revisions"}],"predecessor-version":[{"id":51585,"href":"https:\/\/nitu.mx\/index.php\/wp-json\/wp\/v2\/posts\/51581\/revisions\/51585"}],"wp:featuredmedia":[{"embeddable":true,"href":"https:\/\/nitu.mx\/index.php\/wp-json\/wp\/v2\/media\/20386"}],"wp:attachment":[{"href":"https:\/\/nitu.mx\/index.php\/wp-json\/wp\/v2\/media?parent=51581"}],"wp:term":[{"taxonomy":"category","embeddable":true,"href":"https:\/\/nitu.mx\/index.php\/wp-json\/wp\/v2\/categories?post=51581"},{"taxonomy":"post_tag","embeddable":true,"href":"https:\/\/nitu.mx\/index.php\/wp-json\/wp\/v2\/tags?post=51581"}],"curies":[{"name":"wp","href":"https:\/\/api.w.org\/{rel}","templated":true}]}}