{"id":51527,"date":"2021-04-07T00:09:01","date_gmt":"2021-04-07T05:09:01","guid":{"rendered":"https:\/\/www.dev.nitu.mx\/?p=51527"},"modified":"2021-04-07T00:33:57","modified_gmt":"2021-04-07T05:33:57","slug":"aprueban-plan-de-ayuda-para-air-france-por-4000-mde","status":"publish","type":"post","link":"https:\/\/nitu.mx\/index.php\/2021\/04\/07\/aprueban-plan-de-ayuda-para-air-france-por-4000-mde\/","title":{"rendered":"Aprueban plan de ayuda para Air France por 4,000 mde"},"content":{"rendered":"<div class=\"page-header\">\n<p>La Comisi\u00f3n Europea aprob\u00f3 un plan de ayuda del gobierno franc\u00e9s a la aerol\u00ednea Air France, duramente afectada por el derrumbe del tr\u00e1fico a\u00e9reo provocado por el Covid-19, por un monto de 4,000 millones de euros (mde).<\/p>\n<p>A su vez, Air France se comprometi\u00f3 a poner a disposici\u00f3n segmentos horarios en el saturado aeropuerto de Paris Orly, donde la compa\u00f1\u00eda francesa &#8220;tiene un poder significativo en el mercado\u201d.<\/p>\n<p>Esta disposici\u00f3n dar\u00e1 a los dem\u00e1s transportistas competidores la posibilidad de ampliar sus actividades en este aeropuerto, declar\u00f3 en un comunicado la Comisar\u00eda Europea de Competencia, de acuerdo con una publicaci\u00f3n de AFP.<\/p>\n<p>En total, 18 segmentos horarios ser\u00e1n cedidos a otras compa\u00f1\u00edas; y el Estado franc\u00e9s acceder\u00eda a un poco menos del 30% del capital de Air France, contra el 14.3% actualmente, dijo Bruno Le Maire, ministro franc\u00e9s de Econom\u00eda.<\/p>\n<p>La recapitalizaci\u00f3n de Air France prev\u00e9 la conversi\u00f3n del pr\u00e9stamo de Estado de 3,000 mde ya acordado por Francia en el 2020 en un instrumento de capital h\u00edbrido, as\u00ed como en una inyecci\u00f3n de capital por el Estado v\u00eda un aumento de capital de hasta 1,000 mde abierto a los actuales accionistas y al mercado. (<a title=\"Recibe Air France respaldo del gobierno por 7 mil millones\" href=\"https:\/\/www.dev.nitu.mx\/index.php\/2020\/04\/25\/recibe-air-france-respaldo-del-gobierno-por-7-mil-millones\/\" rel=\"bookmark\">Recibe Air France respaldo del gobierno por 7 mil millones<\/a>).<\/p>\n<p>Air France-KLM anunci\u00f3 el martes que prev\u00e9 una p\u00e9rdida de explotaci\u00f3n de 1,300 mde en el primer trimestre de este a\u00f1o, mientras que la ayuda p\u00fablica le aportar\u00e1 una mayor estabilidad para seguir adelante cuando empiece la recuperaci\u00f3n. (realestatemarket).<\/p>\n<\/div>\n","protected":false},"excerpt":{"rendered":"<p>La Comisi\u00f3n Europea aprob\u00f3 un plan de ayuda del gobierno franc\u00e9s a la aerol\u00ednea Air France, duramente afectada por el derrumbe del tr\u00e1fico a\u00e9reo provocado por el Covid-19, por un monto de 4,000 millones de euros (mde). A su vez, Air France se comprometi\u00f3 a poner a disposici\u00f3n segmentos horarios en el saturado aeropuerto de [&hellip;]<\/p>\n","protected":false},"author":17,"featured_media":34069,"comment_status":"open","ping_status":"open","sticky":false,"template":"","format":"standard","meta":{"footnotes":""},"categories":[29,374],"tags":[3735,2001,1086,21926],"yoast_head":"<!-- This site is optimized with the Yoast SEO plugin v22.2 - https:\/\/yoast.com\/wordpress\/plugins\/seo\/ -->\n<title>Aprueban plan de ayuda para Air France por 4,000 mde - Nitu - Noticias de la Industria Turistica<\/title>\n<meta name=\"robots\" content=\"index, follow, max-snippet:-1, max-image-preview:large, max-video-preview:-1\" \/>\n<link rel=\"canonical\" href=\"https:\/\/nitu.mx\/index.php\/2021\/04\/07\/aprueban-plan-de-ayuda-para-air-france-por-4000-mde\/\" \/>\n<meta name=\"twitter:card\" content=\"summary_large_image\" \/>\n<meta name=\"twitter:title\" content=\"Aprueban plan de ayuda para Air France por 4,000 mde - Nitu - Noticias de la Industria Turistica\" \/>\n<meta name=\"twitter:description\" content=\"La Comisi\u00f3n Europea aprob\u00f3 un plan de ayuda del gobierno franc\u00e9s a la aerol\u00ednea Air France, duramente afectada por el derrumbe del tr\u00e1fico a\u00e9reo provocado por el Covid-19, por un monto de 4,000 millones de euros (mde). A su vez, Air France se comprometi\u00f3 a poner a disposici\u00f3n segmentos horarios en el saturado aeropuerto de [&hellip;]\" \/>\n<meta name=\"twitter:image\" content=\"https:\/\/nitu.mx\/wp-content\/uploads\/2019\/07\/Air-France-A380.jpg\" \/>\n<meta name=\"twitter:creator\" content=\"@NITUmx\" \/>\n<meta name=\"twitter:site\" content=\"@Arturo_Medina_G\" \/>\n<meta name=\"twitter:label1\" content=\"Escrito por\" \/>\n\t<meta name=\"twitter:data1\" content=\"Redacci\u00f3n\" \/>\n\t<meta name=\"twitter:label2\" content=\"Tiempo de lectura\" \/>\n\t<meta name=\"twitter:data2\" content=\"1 minuto\" \/>\n<script type=\"application\/ld+json\" class=\"yoast-schema-graph\">{\"@context\":\"https:\/\/schema.org\",\"@graph\":[{\"@type\":\"Article\",\"@id\":\"https:\/\/nitu.mx\/index.php\/2021\/04\/07\/aprueban-plan-de-ayuda-para-air-france-por-4000-mde\/#article\",\"isPartOf\":{\"@id\":\"https:\/\/nitu.mx\/index.php\/2021\/04\/07\/aprueban-plan-de-ayuda-para-air-france-por-4000-mde\/\"},\"author\":{\"name\":\"Redacci\u00f3n\",\"@id\":\"https:\/\/nitu.mx\/#\/schema\/person\/4a28fe9bd65924f7c90623773daf1b0b\"},\"headline\":\"Aprueban plan de ayuda para Air France por 4,000 mde\",\"datePublished\":\"2021-04-07T05:09:01+00:00\",\"dateModified\":\"2021-04-07T05:33:57+00:00\",\"mainEntityOfPage\":{\"@id\":\"https:\/\/nitu.mx\/index.php\/2021\/04\/07\/aprueban-plan-de-ayuda-para-air-france-por-4000-mde\/\"},\"wordCount\":271,\"commentCount\":0,\"publisher\":{\"@id\":\"https:\/\/nitu.mx\/#\/schema\/person\/ae7a53426417292d3dd07b45a33e01bc\"},\"image\":{\"@id\":\"https:\/\/nitu.mx\/index.php\/2021\/04\/07\/aprueban-plan-de-ayuda-para-air-france-por-4000-mde\/#primaryimage\"},\"thumbnailUrl\":\"https:\/\/nitu.mx\/wp-content\/uploads\/2019\/07\/Air-France-A380.jpg\",\"keywords\":[\"Aerol\u00ednea\",\"aeropuerto\",\"Air France\",\"Paris Orly\"],\"articleSection\":[\"Aerol\u00edneas\",\"Internacional\"],\"inLanguage\":\"es-MX\",\"potentialAction\":[{\"@type\":\"CommentAction\",\"name\":\"Comment\",\"target\":[\"https:\/\/nitu.mx\/index.php\/2021\/04\/07\/aprueban-plan-de-ayuda-para-air-france-por-4000-mde\/#respond\"]}]},{\"@type\":\"WebPage\",\"@id\":\"https:\/\/nitu.mx\/index.php\/2021\/04\/07\/aprueban-plan-de-ayuda-para-air-france-por-4000-mde\/\",\"url\":\"https:\/\/nitu.mx\/index.php\/2021\/04\/07\/aprueban-plan-de-ayuda-para-air-france-por-4000-mde\/\",\"name\":\"Aprueban plan de ayuda para Air France por 4,000 mde - Nitu - Noticias de la Industria Turistica\",\"isPartOf\":{\"@id\":\"https:\/\/nitu.mx\/#website\"},\"primaryImageOfPage\":{\"@id\":\"https:\/\/nitu.mx\/index.php\/2021\/04\/07\/aprueban-plan-de-ayuda-para-air-france-por-4000-mde\/#primaryimage\"},\"image\":{\"@id\":\"https:\/\/nitu.mx\/index.php\/2021\/04\/07\/aprueban-plan-de-ayuda-para-air-france-por-4000-mde\/#primaryimage\"},\"thumbnailUrl\":\"https:\/\/nitu.mx\/wp-content\/uploads\/2019\/07\/Air-France-A380.jpg\",\"datePublished\":\"2021-04-07T05:09:01+00:00\",\"dateModified\":\"2021-04-07T05:33:57+00:00\",\"breadcrumb\":{\"@id\":\"https:\/\/nitu.mx\/index.php\/2021\/04\/07\/aprueban-plan-de-ayuda-para-air-france-por-4000-mde\/#breadcrumb\"},\"inLanguage\":\"es-MX\",\"potentialAction\":[{\"@type\":\"ReadAction\",\"target\":[\"https:\/\/nitu.mx\/index.php\/2021\/04\/07\/aprueban-plan-de-ayuda-para-air-france-por-4000-mde\/\"]}]},{\"@type\":\"ImageObject\",\"inLanguage\":\"es-MX\",\"@id\":\"https:\/\/nitu.mx\/index.php\/2021\/04\/07\/aprueban-plan-de-ayuda-para-air-france-por-4000-mde\/#primaryimage\",\"url\":\"https:\/\/nitu.mx\/wp-content\/uploads\/2019\/07\/Air-France-A380.jpg\",\"contentUrl\":\"https:\/\/nitu.mx\/wp-content\/uploads\/2019\/07\/Air-France-A380.jpg\",\"width\":850,\"height\":480,\"caption\":\"Air France A380\"},{\"@type\":\"BreadcrumbList\",\"@id\":\"https:\/\/nitu.mx\/index.php\/2021\/04\/07\/aprueban-plan-de-ayuda-para-air-france-por-4000-mde\/#breadcrumb\",\"itemListElement\":[{\"@type\":\"ListItem\",\"position\":1,\"name\":\"Inicio\",\"item\":\"https:\/\/nitu.mx\/\"},{\"@type\":\"ListItem\",\"position\":2,\"name\":\"Aprueban plan de ayuda para Air France por 4,000 mde\"}]},{\"@type\":\"WebSite\",\"@id\":\"https:\/\/nitu.mx\/#website\",\"url\":\"https:\/\/nitu.mx\/\",\"name\":\"Nitu - Noticias de la Industria Turistica\",\"description\":\"Noticias de la Industria Turistica\",\"publisher\":{\"@id\":\"https:\/\/nitu.mx\/#\/schema\/person\/ae7a53426417292d3dd07b45a33e01bc\"},\"alternateName\":\"Noticias de la Industria Turistica\",\"potentialAction\":[{\"@type\":\"SearchAction\",\"target\":{\"@type\":\"EntryPoint\",\"urlTemplate\":\"https:\/\/nitu.mx\/?s={search_term_string}\"},\"query-input\":\"required name=search_term_string\"}],\"inLanguage\":\"es-MX\"},{\"@type\":[\"Person\",\"Organization\"],\"@id\":\"https:\/\/nitu.mx\/#\/schema\/person\/ae7a53426417292d3dd07b45a33e01bc\",\"name\":\"Arturo Medina\",\"image\":{\"@type\":\"ImageObject\",\"inLanguage\":\"es-MX\",\"@id\":\"https:\/\/nitu.mx\/#\/schema\/person\/image\/\",\"url\":\"https:\/\/nitu.mx\/wp-content\/uploads\/2024\/04\/4A315622-1904-4D5C-B022-878CDC840E04-90x90-1.jpeg\",\"contentUrl\":\"https:\/\/nitu.mx\/wp-content\/uploads\/2024\/04\/4A315622-1904-4D5C-B022-878CDC840E04-90x90-1.jpeg\",\"width\":90,\"height\":90,\"caption\":\"Arturo Medina\"},\"logo\":{\"@id\":\"https:\/\/nitu.mx\/#\/schema\/person\/image\/\"},\"description\":\"Director NITU.mx, Egresado de la Escuela de Periodismo Carlos Septi\u00e9n Garc\u00eda. Periodista y analista especializado en turismo desde hace 35 a\u00f1os, radicado en Canc\u00fan Q.Roo. arturo@nitu.mx\",\"sameAs\":[\"https:\/\/nitu.mx\",\"https:\/\/www.facebook.com\/NITUmx\/\",\"medinacancun\",\"https:\/\/twitter.com\/@Arturo_Medina_G\"]},{\"@type\":\"Person\",\"@id\":\"https:\/\/nitu.mx\/#\/schema\/person\/4a28fe9bd65924f7c90623773daf1b0b\",\"name\":\"Redacci\u00f3n\",\"image\":{\"@type\":\"ImageObject\",\"inLanguage\":\"es-MX\",\"@id\":\"https:\/\/nitu.mx\/#\/schema\/person\/image\/\",\"url\":\"https:\/\/secure.gravatar.com\/avatar\/5dd011c8ccfc5cd7e4c81e42252aab38?s=96&d=mm&r=g\",\"contentUrl\":\"https:\/\/secure.gravatar.com\/avatar\/5dd011c8ccfc5cd7e4c81e42252aab38?s=96&d=mm&r=g\",\"caption\":\"Redacci\u00f3n\"},\"url\":\"https:\/\/nitu.mx\/index.php\/author\/redaccion\/\"}]}<\/script>\n<!-- \/ Yoast SEO plugin. -->","yoast_head_json":{"title":"Aprueban plan de ayuda para Air France por 4,000 mde - Nitu - Noticias de la Industria Turistica","robots":{"index":"index","follow":"follow","max-snippet":"max-snippet:-1","max-image-preview":"max-image-preview:large","max-video-preview":"max-video-preview:-1"},"canonical":"https:\/\/nitu.mx\/index.php\/2021\/04\/07\/aprueban-plan-de-ayuda-para-air-france-por-4000-mde\/","twitter_card":"summary_large_image","twitter_title":"Aprueban plan de ayuda para Air France por 4,000 mde - Nitu - Noticias de la Industria Turistica","twitter_description":"La Comisi\u00f3n Europea aprob\u00f3 un plan de ayuda del gobierno franc\u00e9s a la aerol\u00ednea Air France, duramente afectada por el derrumbe del tr\u00e1fico a\u00e9reo provocado por el Covid-19, por un monto de 4,000 millones de euros (mde). A su vez, Air France se comprometi\u00f3 a poner a disposici\u00f3n segmentos horarios en el saturado aeropuerto de [&hellip;]","twitter_image":"https:\/\/nitu.mx\/wp-content\/uploads\/2019\/07\/Air-France-A380.jpg","twitter_creator":"@NITUmx","twitter_site":"@Arturo_Medina_G","twitter_misc":{"Escrito por":"Redacci\u00f3n","Tiempo de lectura":"1 minuto"},"schema":{"@context":"https:\/\/schema.org","@graph":[{"@type":"Article","@id":"https:\/\/nitu.mx\/index.php\/2021\/04\/07\/aprueban-plan-de-ayuda-para-air-france-por-4000-mde\/#article","isPartOf":{"@id":"https:\/\/nitu.mx\/index.php\/2021\/04\/07\/aprueban-plan-de-ayuda-para-air-france-por-4000-mde\/"},"author":{"name":"Redacci\u00f3n","@id":"https:\/\/nitu.mx\/#\/schema\/person\/4a28fe9bd65924f7c90623773daf1b0b"},"headline":"Aprueban plan de ayuda para Air France por 4,000 mde","datePublished":"2021-04-07T05:09:01+00:00","dateModified":"2021-04-07T05:33:57+00:00","mainEntityOfPage":{"@id":"https:\/\/nitu.mx\/index.php\/2021\/04\/07\/aprueban-plan-de-ayuda-para-air-france-por-4000-mde\/"},"wordCount":271,"commentCount":0,"publisher":{"@id":"https:\/\/nitu.mx\/#\/schema\/person\/ae7a53426417292d3dd07b45a33e01bc"},"image":{"@id":"https:\/\/nitu.mx\/index.php\/2021\/04\/07\/aprueban-plan-de-ayuda-para-air-france-por-4000-mde\/#primaryimage"},"thumbnailUrl":"https:\/\/nitu.mx\/wp-content\/uploads\/2019\/07\/Air-France-A380.jpg","keywords":["Aerol\u00ednea","aeropuerto","Air France","Paris Orly"],"articleSection":["Aerol\u00edneas","Internacional"],"inLanguage":"es-MX","potentialAction":[{"@type":"CommentAction","name":"Comment","target":["https:\/\/nitu.mx\/index.php\/2021\/04\/07\/aprueban-plan-de-ayuda-para-air-france-por-4000-mde\/#respond"]}]},{"@type":"WebPage","@id":"https:\/\/nitu.mx\/index.php\/2021\/04\/07\/aprueban-plan-de-ayuda-para-air-france-por-4000-mde\/","url":"https:\/\/nitu.mx\/index.php\/2021\/04\/07\/aprueban-plan-de-ayuda-para-air-france-por-4000-mde\/","name":"Aprueban plan de ayuda para Air France por 4,000 mde - Nitu - Noticias de la Industria Turistica","isPartOf":{"@id":"https:\/\/nitu.mx\/#website"},"primaryImageOfPage":{"@id":"https:\/\/nitu.mx\/index.php\/2021\/04\/07\/aprueban-plan-de-ayuda-para-air-france-por-4000-mde\/#primaryimage"},"image":{"@id":"https:\/\/nitu.mx\/index.php\/2021\/04\/07\/aprueban-plan-de-ayuda-para-air-france-por-4000-mde\/#primaryimage"},"thumbnailUrl":"https:\/\/nitu.mx\/wp-content\/uploads\/2019\/07\/Air-France-A380.jpg","datePublished":"2021-04-07T05:09:01+00:00","dateModified":"2021-04-07T05:33:57+00:00","breadcrumb":{"@id":"https:\/\/nitu.mx\/index.php\/2021\/04\/07\/aprueban-plan-de-ayuda-para-air-france-por-4000-mde\/#breadcrumb"},"inLanguage":"es-MX","potentialAction":[{"@type":"ReadAction","target":["https:\/\/nitu.mx\/index.php\/2021\/04\/07\/aprueban-plan-de-ayuda-para-air-france-por-4000-mde\/"]}]},{"@type":"ImageObject","inLanguage":"es-MX","@id":"https:\/\/nitu.mx\/index.php\/2021\/04\/07\/aprueban-plan-de-ayuda-para-air-france-por-4000-mde\/#primaryimage","url":"https:\/\/nitu.mx\/wp-content\/uploads\/2019\/07\/Air-France-A380.jpg","contentUrl":"https:\/\/nitu.mx\/wp-content\/uploads\/2019\/07\/Air-France-A380.jpg","width":850,"height":480,"caption":"Air France A380"},{"@type":"BreadcrumbList","@id":"https:\/\/nitu.mx\/index.php\/2021\/04\/07\/aprueban-plan-de-ayuda-para-air-france-por-4000-mde\/#breadcrumb","itemListElement":[{"@type":"ListItem","position":1,"name":"Inicio","item":"https:\/\/nitu.mx\/"},{"@type":"ListItem","position":2,"name":"Aprueban plan de ayuda para Air France por 4,000 mde"}]},{"@type":"WebSite","@id":"https:\/\/nitu.mx\/#website","url":"https:\/\/nitu.mx\/","name":"Nitu - Noticias de la Industria Turistica","description":"Noticias de la Industria Turistica","publisher":{"@id":"https:\/\/nitu.mx\/#\/schema\/person\/ae7a53426417292d3dd07b45a33e01bc"},"alternateName":"Noticias de la Industria Turistica","potentialAction":[{"@type":"SearchAction","target":{"@type":"EntryPoint","urlTemplate":"https:\/\/nitu.mx\/?s={search_term_string}"},"query-input":"required name=search_term_string"}],"inLanguage":"es-MX"},{"@type":["Person","Organization"],"@id":"https:\/\/nitu.mx\/#\/schema\/person\/ae7a53426417292d3dd07b45a33e01bc","name":"Arturo Medina","image":{"@type":"ImageObject","inLanguage":"es-MX","@id":"https:\/\/nitu.mx\/#\/schema\/person\/image\/","url":"https:\/\/nitu.mx\/wp-content\/uploads\/2024\/04\/4A315622-1904-4D5C-B022-878CDC840E04-90x90-1.jpeg","contentUrl":"https:\/\/nitu.mx\/wp-content\/uploads\/2024\/04\/4A315622-1904-4D5C-B022-878CDC840E04-90x90-1.jpeg","width":90,"height":90,"caption":"Arturo Medina"},"logo":{"@id":"https:\/\/nitu.mx\/#\/schema\/person\/image\/"},"description":"Director NITU.mx, Egresado de la Escuela de Periodismo Carlos Septi\u00e9n Garc\u00eda. Periodista y analista especializado en turismo desde hace 35 a\u00f1os, radicado en Canc\u00fan Q.Roo. arturo@nitu.mx","sameAs":["https:\/\/nitu.mx","https:\/\/www.facebook.com\/NITUmx\/","medinacancun","https:\/\/twitter.com\/@Arturo_Medina_G"]},{"@type":"Person","@id":"https:\/\/nitu.mx\/#\/schema\/person\/4a28fe9bd65924f7c90623773daf1b0b","name":"Redacci\u00f3n","image":{"@type":"ImageObject","inLanguage":"es-MX","@id":"https:\/\/nitu.mx\/#\/schema\/person\/image\/","url":"https:\/\/secure.gravatar.com\/avatar\/5dd011c8ccfc5cd7e4c81e42252aab38?s=96&d=mm&r=g","contentUrl":"https:\/\/secure.gravatar.com\/avatar\/5dd011c8ccfc5cd7e4c81e42252aab38?s=96&d=mm&r=g","caption":"Redacci\u00f3n"},"url":"https:\/\/nitu.mx\/index.php\/author\/redaccion\/"}]}},"views":255,"_links":{"self":[{"href":"https:\/\/nitu.mx\/index.php\/wp-json\/wp\/v2\/posts\/51527"}],"collection":[{"href":"https:\/\/nitu.mx\/index.php\/wp-json\/wp\/v2\/posts"}],"about":[{"href":"https:\/\/nitu.mx\/index.php\/wp-json\/wp\/v2\/types\/post"}],"author":[{"embeddable":true,"href":"https:\/\/nitu.mx\/index.php\/wp-json\/wp\/v2\/users\/17"}],"replies":[{"embeddable":true,"href":"https:\/\/nitu.mx\/index.php\/wp-json\/wp\/v2\/comments?post=51527"}],"version-history":[{"count":3,"href":"https:\/\/nitu.mx\/index.php\/wp-json\/wp\/v2\/posts\/51527\/revisions"}],"predecessor-version":[{"id":51543,"href":"https:\/\/nitu.mx\/index.php\/wp-json\/wp\/v2\/posts\/51527\/revisions\/51543"}],"wp:featuredmedia":[{"embeddable":true,"href":"https:\/\/nitu.mx\/index.php\/wp-json\/wp\/v2\/media\/34069"}],"wp:attachment":[{"href":"https:\/\/nitu.mx\/index.php\/wp-json\/wp\/v2\/media?parent=51527"}],"wp:term":[{"taxonomy":"category","embeddable":true,"href":"https:\/\/nitu.mx\/index.php\/wp-json\/wp\/v2\/categories?post=51527"},{"taxonomy":"post_tag","embeddable":true,"href":"https:\/\/nitu.mx\/index.php\/wp-json\/wp\/v2\/tags?post=51527"}],"curies":[{"name":"wp","href":"https:\/\/api.w.org\/{rel}","templated":true}]}}