{"id":51295,"date":"2021-03-28T22:43:12","date_gmt":"2021-03-29T03:43:12","guid":{"rendered":"https:\/\/www.dev.nitu.mx\/?p=51295"},"modified":"2021-03-29T00:56:19","modified_gmt":"2021-03-29T05:56:19","slug":"abierta-una-nueva-conexion-lisboa-cancun-con-3-frecuencias-semanales-con-tap","status":"publish","type":"post","link":"https:\/\/nitu.mx\/index.php\/2021\/03\/28\/abierta-una-nueva-conexion-lisboa-cancun-con-3-frecuencias-semanales-con-tap\/","title":{"rendered":"Abierta una nueva conexi\u00f3n Lisboa-Canc\u00fan con 3 frecuencias semanales con TAP"},"content":{"rendered":"<p>Con 75 a\u00f1os de historia y, siendo catalogada como la \u201cMejor Aerol\u00ednea de Europa\u201d, TAP Portugal inaugur\u00f3 el vuelo en la ruta Lisboa \u2013 Canc\u00fan, habiendo despegado del Aeropuerto Humberto Delgado de la capital portuguesa a las 22:45h del s\u00e1bado 27 para arribar a la ciudad de Canc\u00fan a las 04:00h este domingo 28.<\/p>\n<p>Desde 2005, la aerol\u00ednea es miembro de la alianza a\u00e9rea Star Alliance que agrupa a las compa\u00f1\u00edas m\u00e1s reconocidas, tanto por su calidad en el servicio como por la seguridad operacional de sus vuelos. Con base en Lisboa diariamente opera vuelos a m\u00e1s de 80 destinos a nivel mundial mediante una moderna flota de alrededor 100 aeronaves.<\/p>\n<p>TAP Portugal posee la misi\u00f3n de ofrecer un puente de conectividad entre Europa, \u00c1frica y Am\u00e9rica; siendo Canc\u00fan la primera ciudad de M\u00e9xico que la empresa considera en sus itinerarios. Canc\u00fan es, sin duda, el destino favorito de Am\u00e9rica Latina pues, adem\u00e1s de la belleza de sus aguas color turquesa y arenas blancas -atractivo natural para los viajeros internacionales-, lo es tambi\u00e9n por la infraestructura en materia de hospedaje, gastronom\u00eda, servicio, entre otros.<\/p>\n<p>\u201cLa insuperable conectividad a\u00e9rea que Canc\u00fan ofrece es un factor determinante que coadyuva en la recuperaci\u00f3n de la econom\u00eda, por lo que gracias a iniciativas de empresas internacionales como TAP, quienes muestran su inter\u00e9s y confianza en las acciones que emprendemos en pro del turismo, daremos la bienvenida a una temporada de verano destacada\u201d, as\u00ed lo mencion\u00f3 Dar\u00edo Flota Ocampo, director general del Consejo de Promoci\u00f3n Tur\u00edstica de Quintana Roo. Este vuelo arrib\u00f3 con 272 pasajeros en el nuevo avi\u00f3n A330neo y tendr\u00e1 una frecuencia de tres veces a la semana los d\u00edas jueves, viernes y s\u00e1bados desde Lisboa, mientras que los d\u00edas viernes, s\u00e1bado y domingo desde Canc\u00fan.<\/p>\n","protected":false},"excerpt":{"rendered":"<p>Con 75 a\u00f1os de historia y, siendo catalogada como la \u201cMejor Aerol\u00ednea de Europa\u201d, TAP Portugal inaugur\u00f3 el vuelo en la ruta Lisboa \u2013 Canc\u00fan, habiendo despegado del Aeropuerto Humberto Delgado de la capital portuguesa a las 22:45h del s\u00e1bado 27 para arribar a la ciudad de Canc\u00fan a las 04:00h este domingo 28. Desde [&hellip;]<\/p>\n","protected":false},"author":17,"featured_media":51297,"comment_status":"open","ping_status":"open","sticky":false,"template":"","format":"standard","meta":{"footnotes":""},"categories":[29,21403],"tags":[766,1812,21886],"yoast_head":"<!-- This site is optimized with the Yoast SEO plugin v22.2 - https:\/\/yoast.com\/wordpress\/plugins\/seo\/ -->\n<title>Abierta una nueva conexi\u00f3n Lisboa-Canc\u00fan con 3 frecuencias semanales con TAP - Nitu - Noticias de la Industria Turistica<\/title>\n<meta name=\"robots\" content=\"index, follow, max-snippet:-1, max-image-preview:large, max-video-preview:-1\" \/>\n<link rel=\"canonical\" href=\"https:\/\/nitu.mx\/index.php\/2021\/03\/28\/abierta-una-nueva-conexion-lisboa-cancun-con-3-frecuencias-semanales-con-tap\/\" \/>\n<meta name=\"twitter:card\" content=\"summary_large_image\" \/>\n<meta name=\"twitter:title\" content=\"Abierta una nueva conexi\u00f3n Lisboa-Canc\u00fan con 3 frecuencias semanales con TAP - Nitu - Noticias de la Industria Turistica\" \/>\n<meta name=\"twitter:description\" content=\"Con 75 a\u00f1os de historia y, siendo catalogada como la \u201cMejor Aerol\u00ednea de Europa\u201d, TAP Portugal inaugur\u00f3 el vuelo en la ruta Lisboa \u2013 Canc\u00fan, habiendo despegado del Aeropuerto Humberto Delgado de la capital portuguesa a las 22:45h del s\u00e1bado 27 para arribar a la ciudad de Canc\u00fan a las 04:00h este domingo 28. Desde [&hellip;]\" \/>\n<meta name=\"twitter:image\" content=\"https:\/\/nitu.mx\/wp-content\/uploads\/2021\/03\/tap.jpeg\" \/>\n<meta name=\"twitter:creator\" content=\"@NITUmx\" \/>\n<meta name=\"twitter:site\" content=\"@Arturo_Medina_G\" \/>\n<meta name=\"twitter:label1\" content=\"Escrito por\" \/>\n\t<meta name=\"twitter:data1\" content=\"Redacci\u00f3n\" \/>\n\t<meta name=\"twitter:label2\" content=\"Tiempo de lectura\" \/>\n\t<meta name=\"twitter:data2\" content=\"2 minutos\" \/>\n<script type=\"application\/ld+json\" class=\"yoast-schema-graph\">{\"@context\":\"https:\/\/schema.org\",\"@graph\":[{\"@type\":\"Article\",\"@id\":\"https:\/\/nitu.mx\/index.php\/2021\/03\/28\/abierta-una-nueva-conexion-lisboa-cancun-con-3-frecuencias-semanales-con-tap\/#article\",\"isPartOf\":{\"@id\":\"https:\/\/nitu.mx\/index.php\/2021\/03\/28\/abierta-una-nueva-conexion-lisboa-cancun-con-3-frecuencias-semanales-con-tap\/\"},\"author\":{\"name\":\"Redacci\u00f3n\",\"@id\":\"https:\/\/nitu.mx\/#\/schema\/person\/4a28fe9bd65924f7c90623773daf1b0b\"},\"headline\":\"Abierta una nueva conexi\u00f3n Lisboa-Canc\u00fan con 3 frecuencias semanales con TAP\",\"datePublished\":\"2021-03-29T03:43:12+00:00\",\"dateModified\":\"2021-03-29T05:56:19+00:00\",\"mainEntityOfPage\":{\"@id\":\"https:\/\/nitu.mx\/index.php\/2021\/03\/28\/abierta-una-nueva-conexion-lisboa-cancun-con-3-frecuencias-semanales-con-tap\/\"},\"wordCount\":331,\"commentCount\":0,\"publisher\":{\"@id\":\"https:\/\/nitu.mx\/#\/schema\/person\/ae7a53426417292d3dd07b45a33e01bc\"},\"image\":{\"@id\":\"https:\/\/nitu.mx\/index.php\/2021\/03\/28\/abierta-una-nueva-conexion-lisboa-cancun-con-3-frecuencias-semanales-con-tap\/#primaryimage\"},\"thumbnailUrl\":\"https:\/\/nitu.mx\/wp-content\/uploads\/2021\/03\/tap.jpeg\",\"keywords\":[\"Aeropuerto Internacional de Canc\u00fan\",\"Dar\u00edo Flota\",\"TAP\"],\"articleSection\":[\"Aerol\u00edneas\",\"Canc\u00fan\"],\"inLanguage\":\"es-MX\",\"potentialAction\":[{\"@type\":\"CommentAction\",\"name\":\"Comment\",\"target\":[\"https:\/\/nitu.mx\/index.php\/2021\/03\/28\/abierta-una-nueva-conexion-lisboa-cancun-con-3-frecuencias-semanales-con-tap\/#respond\"]}]},{\"@type\":\"WebPage\",\"@id\":\"https:\/\/nitu.mx\/index.php\/2021\/03\/28\/abierta-una-nueva-conexion-lisboa-cancun-con-3-frecuencias-semanales-con-tap\/\",\"url\":\"https:\/\/nitu.mx\/index.php\/2021\/03\/28\/abierta-una-nueva-conexion-lisboa-cancun-con-3-frecuencias-semanales-con-tap\/\",\"name\":\"Abierta una nueva conexi\u00f3n Lisboa-Canc\u00fan con 3 frecuencias semanales con TAP - Nitu - Noticias de la Industria Turistica\",\"isPartOf\":{\"@id\":\"https:\/\/nitu.mx\/#website\"},\"primaryImageOfPage\":{\"@id\":\"https:\/\/nitu.mx\/index.php\/2021\/03\/28\/abierta-una-nueva-conexion-lisboa-cancun-con-3-frecuencias-semanales-con-tap\/#primaryimage\"},\"image\":{\"@id\":\"https:\/\/nitu.mx\/index.php\/2021\/03\/28\/abierta-una-nueva-conexion-lisboa-cancun-con-3-frecuencias-semanales-con-tap\/#primaryimage\"},\"thumbnailUrl\":\"https:\/\/nitu.mx\/wp-content\/uploads\/2021\/03\/tap.jpeg\",\"datePublished\":\"2021-03-29T03:43:12+00:00\",\"dateModified\":\"2021-03-29T05:56:19+00:00\",\"breadcrumb\":{\"@id\":\"https:\/\/nitu.mx\/index.php\/2021\/03\/28\/abierta-una-nueva-conexion-lisboa-cancun-con-3-frecuencias-semanales-con-tap\/#breadcrumb\"},\"inLanguage\":\"es-MX\",\"potentialAction\":[{\"@type\":\"ReadAction\",\"target\":[\"https:\/\/nitu.mx\/index.php\/2021\/03\/28\/abierta-una-nueva-conexion-lisboa-cancun-con-3-frecuencias-semanales-con-tap\/\"]}]},{\"@type\":\"ImageObject\",\"inLanguage\":\"es-MX\",\"@id\":\"https:\/\/nitu.mx\/index.php\/2021\/03\/28\/abierta-una-nueva-conexion-lisboa-cancun-con-3-frecuencias-semanales-con-tap\/#primaryimage\",\"url\":\"https:\/\/nitu.mx\/wp-content\/uploads\/2021\/03\/tap.jpeg\",\"contentUrl\":\"https:\/\/nitu.mx\/wp-content\/uploads\/2021\/03\/tap.jpeg\",\"width\":1280,\"height\":958},{\"@type\":\"BreadcrumbList\",\"@id\":\"https:\/\/nitu.mx\/index.php\/2021\/03\/28\/abierta-una-nueva-conexion-lisboa-cancun-con-3-frecuencias-semanales-con-tap\/#breadcrumb\",\"itemListElement\":[{\"@type\":\"ListItem\",\"position\":1,\"name\":\"Inicio\",\"item\":\"https:\/\/nitu.mx\/\"},{\"@type\":\"ListItem\",\"position\":2,\"name\":\"Abierta una nueva conexi\u00f3n Lisboa-Canc\u00fan con 3 frecuencias semanales con TAP\"}]},{\"@type\":\"WebSite\",\"@id\":\"https:\/\/nitu.mx\/#website\",\"url\":\"https:\/\/nitu.mx\/\",\"name\":\"Nitu - Noticias de la Industria Turistica\",\"description\":\"Noticias de la Industria Turistica\",\"publisher\":{\"@id\":\"https:\/\/nitu.mx\/#\/schema\/person\/ae7a53426417292d3dd07b45a33e01bc\"},\"alternateName\":\"Noticias de la Industria Turistica\",\"potentialAction\":[{\"@type\":\"SearchAction\",\"target\":{\"@type\":\"EntryPoint\",\"urlTemplate\":\"https:\/\/nitu.mx\/?s={search_term_string}\"},\"query-input\":\"required name=search_term_string\"}],\"inLanguage\":\"es-MX\"},{\"@type\":[\"Person\",\"Organization\"],\"@id\":\"https:\/\/nitu.mx\/#\/schema\/person\/ae7a53426417292d3dd07b45a33e01bc\",\"name\":\"Arturo Medina\",\"image\":{\"@type\":\"ImageObject\",\"inLanguage\":\"es-MX\",\"@id\":\"https:\/\/nitu.mx\/#\/schema\/person\/image\/\",\"url\":\"https:\/\/nitu.mx\/wp-content\/uploads\/2024\/04\/4A315622-1904-4D5C-B022-878CDC840E04-90x90-1.jpeg\",\"contentUrl\":\"https:\/\/nitu.mx\/wp-content\/uploads\/2024\/04\/4A315622-1904-4D5C-B022-878CDC840E04-90x90-1.jpeg\",\"width\":90,\"height\":90,\"caption\":\"Arturo Medina\"},\"logo\":{\"@id\":\"https:\/\/nitu.mx\/#\/schema\/person\/image\/\"},\"description\":\"Director NITU.mx, Egresado de la Escuela de Periodismo Carlos Septi\u00e9n Garc\u00eda. Periodista y analista especializado en turismo desde hace 35 a\u00f1os, radicado en Canc\u00fan Q.Roo. arturo@nitu.mx\",\"sameAs\":[\"https:\/\/nitu.mx\",\"https:\/\/www.facebook.com\/NITUmx\/\",\"medinacancun\",\"https:\/\/twitter.com\/@Arturo_Medina_G\"]},{\"@type\":\"Person\",\"@id\":\"https:\/\/nitu.mx\/#\/schema\/person\/4a28fe9bd65924f7c90623773daf1b0b\",\"name\":\"Redacci\u00f3n\",\"image\":{\"@type\":\"ImageObject\",\"inLanguage\":\"es-MX\",\"@id\":\"https:\/\/nitu.mx\/#\/schema\/person\/image\/\",\"url\":\"https:\/\/secure.gravatar.com\/avatar\/5dd011c8ccfc5cd7e4c81e42252aab38?s=96&d=mm&r=g\",\"contentUrl\":\"https:\/\/secure.gravatar.com\/avatar\/5dd011c8ccfc5cd7e4c81e42252aab38?s=96&d=mm&r=g\",\"caption\":\"Redacci\u00f3n\"},\"url\":\"https:\/\/nitu.mx\/index.php\/author\/redaccion\/\"}]}<\/script>\n<!-- \/ Yoast SEO plugin. -->","yoast_head_json":{"title":"Abierta una nueva conexi\u00f3n Lisboa-Canc\u00fan con 3 frecuencias semanales con TAP - Nitu - Noticias de la Industria Turistica","robots":{"index":"index","follow":"follow","max-snippet":"max-snippet:-1","max-image-preview":"max-image-preview:large","max-video-preview":"max-video-preview:-1"},"canonical":"https:\/\/nitu.mx\/index.php\/2021\/03\/28\/abierta-una-nueva-conexion-lisboa-cancun-con-3-frecuencias-semanales-con-tap\/","twitter_card":"summary_large_image","twitter_title":"Abierta una nueva conexi\u00f3n Lisboa-Canc\u00fan con 3 frecuencias semanales con TAP - Nitu - Noticias de la Industria Turistica","twitter_description":"Con 75 a\u00f1os de historia y, siendo catalogada como la \u201cMejor Aerol\u00ednea de Europa\u201d, TAP Portugal inaugur\u00f3 el vuelo en la ruta Lisboa \u2013 Canc\u00fan, habiendo despegado del Aeropuerto Humberto Delgado de la capital portuguesa a las 22:45h del s\u00e1bado 27 para arribar a la ciudad de Canc\u00fan a las 04:00h este domingo 28. Desde [&hellip;]","twitter_image":"https:\/\/nitu.mx\/wp-content\/uploads\/2021\/03\/tap.jpeg","twitter_creator":"@NITUmx","twitter_site":"@Arturo_Medina_G","twitter_misc":{"Escrito por":"Redacci\u00f3n","Tiempo de lectura":"2 minutos"},"schema":{"@context":"https:\/\/schema.org","@graph":[{"@type":"Article","@id":"https:\/\/nitu.mx\/index.php\/2021\/03\/28\/abierta-una-nueva-conexion-lisboa-cancun-con-3-frecuencias-semanales-con-tap\/#article","isPartOf":{"@id":"https:\/\/nitu.mx\/index.php\/2021\/03\/28\/abierta-una-nueva-conexion-lisboa-cancun-con-3-frecuencias-semanales-con-tap\/"},"author":{"name":"Redacci\u00f3n","@id":"https:\/\/nitu.mx\/#\/schema\/person\/4a28fe9bd65924f7c90623773daf1b0b"},"headline":"Abierta una nueva conexi\u00f3n Lisboa-Canc\u00fan con 3 frecuencias semanales con TAP","datePublished":"2021-03-29T03:43:12+00:00","dateModified":"2021-03-29T05:56:19+00:00","mainEntityOfPage":{"@id":"https:\/\/nitu.mx\/index.php\/2021\/03\/28\/abierta-una-nueva-conexion-lisboa-cancun-con-3-frecuencias-semanales-con-tap\/"},"wordCount":331,"commentCount":0,"publisher":{"@id":"https:\/\/nitu.mx\/#\/schema\/person\/ae7a53426417292d3dd07b45a33e01bc"},"image":{"@id":"https:\/\/nitu.mx\/index.php\/2021\/03\/28\/abierta-una-nueva-conexion-lisboa-cancun-con-3-frecuencias-semanales-con-tap\/#primaryimage"},"thumbnailUrl":"https:\/\/nitu.mx\/wp-content\/uploads\/2021\/03\/tap.jpeg","keywords":["Aeropuerto Internacional de Canc\u00fan","Dar\u00edo Flota","TAP"],"articleSection":["Aerol\u00edneas","Canc\u00fan"],"inLanguage":"es-MX","potentialAction":[{"@type":"CommentAction","name":"Comment","target":["https:\/\/nitu.mx\/index.php\/2021\/03\/28\/abierta-una-nueva-conexion-lisboa-cancun-con-3-frecuencias-semanales-con-tap\/#respond"]}]},{"@type":"WebPage","@id":"https:\/\/nitu.mx\/index.php\/2021\/03\/28\/abierta-una-nueva-conexion-lisboa-cancun-con-3-frecuencias-semanales-con-tap\/","url":"https:\/\/nitu.mx\/index.php\/2021\/03\/28\/abierta-una-nueva-conexion-lisboa-cancun-con-3-frecuencias-semanales-con-tap\/","name":"Abierta una nueva conexi\u00f3n Lisboa-Canc\u00fan con 3 frecuencias semanales con TAP - Nitu - Noticias de la Industria Turistica","isPartOf":{"@id":"https:\/\/nitu.mx\/#website"},"primaryImageOfPage":{"@id":"https:\/\/nitu.mx\/index.php\/2021\/03\/28\/abierta-una-nueva-conexion-lisboa-cancun-con-3-frecuencias-semanales-con-tap\/#primaryimage"},"image":{"@id":"https:\/\/nitu.mx\/index.php\/2021\/03\/28\/abierta-una-nueva-conexion-lisboa-cancun-con-3-frecuencias-semanales-con-tap\/#primaryimage"},"thumbnailUrl":"https:\/\/nitu.mx\/wp-content\/uploads\/2021\/03\/tap.jpeg","datePublished":"2021-03-29T03:43:12+00:00","dateModified":"2021-03-29T05:56:19+00:00","breadcrumb":{"@id":"https:\/\/nitu.mx\/index.php\/2021\/03\/28\/abierta-una-nueva-conexion-lisboa-cancun-con-3-frecuencias-semanales-con-tap\/#breadcrumb"},"inLanguage":"es-MX","potentialAction":[{"@type":"ReadAction","target":["https:\/\/nitu.mx\/index.php\/2021\/03\/28\/abierta-una-nueva-conexion-lisboa-cancun-con-3-frecuencias-semanales-con-tap\/"]}]},{"@type":"ImageObject","inLanguage":"es-MX","@id":"https:\/\/nitu.mx\/index.php\/2021\/03\/28\/abierta-una-nueva-conexion-lisboa-cancun-con-3-frecuencias-semanales-con-tap\/#primaryimage","url":"https:\/\/nitu.mx\/wp-content\/uploads\/2021\/03\/tap.jpeg","contentUrl":"https:\/\/nitu.mx\/wp-content\/uploads\/2021\/03\/tap.jpeg","width":1280,"height":958},{"@type":"BreadcrumbList","@id":"https:\/\/nitu.mx\/index.php\/2021\/03\/28\/abierta-una-nueva-conexion-lisboa-cancun-con-3-frecuencias-semanales-con-tap\/#breadcrumb","itemListElement":[{"@type":"ListItem","position":1,"name":"Inicio","item":"https:\/\/nitu.mx\/"},{"@type":"ListItem","position":2,"name":"Abierta una nueva conexi\u00f3n Lisboa-Canc\u00fan con 3 frecuencias semanales con TAP"}]},{"@type":"WebSite","@id":"https:\/\/nitu.mx\/#website","url":"https:\/\/nitu.mx\/","name":"Nitu - Noticias de la Industria Turistica","description":"Noticias de la Industria Turistica","publisher":{"@id":"https:\/\/nitu.mx\/#\/schema\/person\/ae7a53426417292d3dd07b45a33e01bc"},"alternateName":"Noticias de la Industria Turistica","potentialAction":[{"@type":"SearchAction","target":{"@type":"EntryPoint","urlTemplate":"https:\/\/nitu.mx\/?s={search_term_string}"},"query-input":"required name=search_term_string"}],"inLanguage":"es-MX"},{"@type":["Person","Organization"],"@id":"https:\/\/nitu.mx\/#\/schema\/person\/ae7a53426417292d3dd07b45a33e01bc","name":"Arturo Medina","image":{"@type":"ImageObject","inLanguage":"es-MX","@id":"https:\/\/nitu.mx\/#\/schema\/person\/image\/","url":"https:\/\/nitu.mx\/wp-content\/uploads\/2024\/04\/4A315622-1904-4D5C-B022-878CDC840E04-90x90-1.jpeg","contentUrl":"https:\/\/nitu.mx\/wp-content\/uploads\/2024\/04\/4A315622-1904-4D5C-B022-878CDC840E04-90x90-1.jpeg","width":90,"height":90,"caption":"Arturo Medina"},"logo":{"@id":"https:\/\/nitu.mx\/#\/schema\/person\/image\/"},"description":"Director NITU.mx, Egresado de la Escuela de Periodismo Carlos Septi\u00e9n Garc\u00eda. Periodista y analista especializado en turismo desde hace 35 a\u00f1os, radicado en Canc\u00fan Q.Roo. arturo@nitu.mx","sameAs":["https:\/\/nitu.mx","https:\/\/www.facebook.com\/NITUmx\/","medinacancun","https:\/\/twitter.com\/@Arturo_Medina_G"]},{"@type":"Person","@id":"https:\/\/nitu.mx\/#\/schema\/person\/4a28fe9bd65924f7c90623773daf1b0b","name":"Redacci\u00f3n","image":{"@type":"ImageObject","inLanguage":"es-MX","@id":"https:\/\/nitu.mx\/#\/schema\/person\/image\/","url":"https:\/\/secure.gravatar.com\/avatar\/5dd011c8ccfc5cd7e4c81e42252aab38?s=96&d=mm&r=g","contentUrl":"https:\/\/secure.gravatar.com\/avatar\/5dd011c8ccfc5cd7e4c81e42252aab38?s=96&d=mm&r=g","caption":"Redacci\u00f3n"},"url":"https:\/\/nitu.mx\/index.php\/author\/redaccion\/"}]}},"views":391,"_links":{"self":[{"href":"https:\/\/nitu.mx\/index.php\/wp-json\/wp\/v2\/posts\/51295"}],"collection":[{"href":"https:\/\/nitu.mx\/index.php\/wp-json\/wp\/v2\/posts"}],"about":[{"href":"https:\/\/nitu.mx\/index.php\/wp-json\/wp\/v2\/types\/post"}],"author":[{"embeddable":true,"href":"https:\/\/nitu.mx\/index.php\/wp-json\/wp\/v2\/users\/17"}],"replies":[{"embeddable":true,"href":"https:\/\/nitu.mx\/index.php\/wp-json\/wp\/v2\/comments?post=51295"}],"version-history":[{"count":1,"href":"https:\/\/nitu.mx\/index.php\/wp-json\/wp\/v2\/posts\/51295\/revisions"}],"predecessor-version":[{"id":51296,"href":"https:\/\/nitu.mx\/index.php\/wp-json\/wp\/v2\/posts\/51295\/revisions\/51296"}],"wp:featuredmedia":[{"embeddable":true,"href":"https:\/\/nitu.mx\/index.php\/wp-json\/wp\/v2\/media\/51297"}],"wp:attachment":[{"href":"https:\/\/nitu.mx\/index.php\/wp-json\/wp\/v2\/media?parent=51295"}],"wp:term":[{"taxonomy":"category","embeddable":true,"href":"https:\/\/nitu.mx\/index.php\/wp-json\/wp\/v2\/categories?post=51295"},{"taxonomy":"post_tag","embeddable":true,"href":"https:\/\/nitu.mx\/index.php\/wp-json\/wp\/v2\/tags?post=51295"}],"curies":[{"name":"wp","href":"https:\/\/api.w.org\/{rel}","templated":true}]}}