{"id":51013,"date":"2021-03-17T01:06:05","date_gmt":"2021-03-17T06:06:05","guid":{"rendered":"https:\/\/www.dev.nitu.mx\/?p=51013"},"modified":"2021-03-17T02:01:01","modified_gmt":"2021-03-17T07:01:01","slug":"iberostar-estrena-dos-touroperadores-para-reforzar-su-nueva-aerolinea","status":"publish","type":"post","link":"https:\/\/nitu.mx\/index.php\/2021\/03\/17\/iberostar-estrena-dos-touroperadores-para-reforzar-su-nueva-aerolinea\/","title":{"rendered":"Iberostar estrena dos touroperadores para reforzar su nueva aerol\u00ednea"},"content":{"rendered":"<p>Iberostar sigue impulsado su proyecto de convertirse en una gran mayorista. La puesta en marcha de su aerol\u00ednea World2Fly, prevista para esta mismo verano, va acompa\u00f1ada con el nacimiento de dos touroperadores: Newblue e Ic\u00e1rion.<\/p>\n<p>Seg\u00fan informa Europa Press, Newblue pretende ofrecer viajes a destinos del Caribe e Islas, en los que los clientes tendr\u00e1n un alto grado de personalizaci\u00f3n y calidad. Desde el grupo explican que \u201ccuenta desde su inicio con acuerdos exclusivos y de trato preferencial con varias cadenas hoteleras\u201d.<\/p>\n<p>Por su parte, Ic\u00e1rion se concentra en los Grandes Viajes que se adaptan tanto a los diferentes perfiles de clientes (j\u00f3venes, parejas, s\u00e9nior) como a la tem\u00e1tica (cultural, gastron\u00f3mico, etc.) con especial \u00e9nfasis en la sostenibilidad. Todo ello se complementa con \u201cuna oferta de experiencias de en destino para descubrir lugares \u00fanicos\u201d. (<a title=\"Pospone aterrizaje en Canc\u00fan World2Fly hasta el verano\" href=\"https:\/\/www.dev.nitu.mx\/index.php\/2021\/02\/22\/pospone-aterrizaje-en-cancun-world2fly-hasta-el-verano\/\" rel=\"bookmark\">Pospone aterrizaje en Canc\u00fan World2Fly hasta el verano<\/a>).<\/p>\n<p>En lo que respecta a la citada World2Fly, comenzar\u00e1 a operar en verano, y no en primavera como se hab\u00eda anunciado generalmente. Ofrecer\u00e1, a partir del 19 de junio, conexiones desde Madrid (Espa\u00f1a) y Lisboa (Portugal) rumbo a La Habana (Cuba), Canc\u00fan (Quintana Roo, M\u00e9xico) y Punta Cana (Rep\u00fablica Dominicana).<\/p>\n<p><strong>El Grupo Iberostar<\/strong><\/p>\n<p>Cabe destacar que el grupo est\u00e1 conformado por la cadena Iberostar Hotels &amp; Resorts, con una cartera de 120 establecimientos en todo el mundo, y por la divisi\u00f3n World 2 Meet, que engloba las siguientes marcas:<\/p>\n<p><strong>El receptivo W2M DMC<\/strong><\/p>\n<ul>\n<li>El proveedor global de alojamiento y servicios en destino W2M API.<\/li>\n<li>El touroperador espa\u00f1ol de hoteles y servicios con distribuci\u00f3n en Espa\u00f1a, Portugal e Italia W2M PRO.<\/li>\n<li>Los touroperadores Newblue (Caribe e Islas) e Ic\u00e1rion (Grandes Viajes).<\/li>\n<li>La aerol\u00ednea World2Fly.<\/li>\n<\/ul>\n<p>(Tourinews).<\/p>\n","protected":false},"excerpt":{"rendered":"<p>Iberostar sigue impulsado su proyecto de convertirse en una gran mayorista. La puesta en marcha de su aerol\u00ednea World2Fly, prevista para esta mismo verano, va acompa\u00f1ada con el nacimiento de dos touroperadores: Newblue e Ic\u00e1rion. Seg\u00fan informa Europa Press, Newblue pretende ofrecer viajes a destinos del Caribe e Islas, en los que los clientes tendr\u00e1n [&hellip;]<\/p>\n","protected":false},"author":17,"featured_media":51030,"comment_status":"open","ping_status":"open","sticky":false,"template":"","format":"standard","meta":{"footnotes":""},"categories":[9,2],"tags":[3735,1227,21814,5785,21815],"yoast_head":"<!-- This site is optimized with the Yoast SEO plugin v22.2 - https:\/\/yoast.com\/wordpress\/plugins\/seo\/ -->\n<title>Iberostar estrena dos touroperadores para reforzar su nueva aerol\u00ednea - Nitu - Noticias de la Industria Turistica<\/title>\n<meta name=\"robots\" content=\"index, follow, max-snippet:-1, max-image-preview:large, max-video-preview:-1\" \/>\n<link rel=\"canonical\" href=\"https:\/\/nitu.mx\/index.php\/2021\/03\/17\/iberostar-estrena-dos-touroperadores-para-reforzar-su-nueva-aerolinea\/\" \/>\n<meta name=\"twitter:card\" content=\"summary_large_image\" \/>\n<meta name=\"twitter:title\" content=\"Iberostar estrena dos touroperadores para reforzar su nueva aerol\u00ednea - Nitu - Noticias de la Industria Turistica\" \/>\n<meta name=\"twitter:description\" content=\"Iberostar sigue impulsado su proyecto de convertirse en una gran mayorista. La puesta en marcha de su aerol\u00ednea World2Fly, prevista para esta mismo verano, va acompa\u00f1ada con el nacimiento de dos touroperadores: Newblue e Ic\u00e1rion. Seg\u00fan informa Europa Press, Newblue pretende ofrecer viajes a destinos del Caribe e Islas, en los que los clientes tendr\u00e1n [&hellip;]\" \/>\n<meta name=\"twitter:image\" content=\"https:\/\/nitu.mx\/wp-content\/uploads\/2021\/03\/Iberostar-touroperadores-W2M.jpg\" \/>\n<meta name=\"twitter:creator\" content=\"@NITUmx\" \/>\n<meta name=\"twitter:site\" content=\"@Arturo_Medina_G\" \/>\n<meta name=\"twitter:label1\" content=\"Escrito por\" \/>\n\t<meta name=\"twitter:data1\" content=\"Redacci\u00f3n\" \/>\n\t<meta name=\"twitter:label2\" content=\"Tiempo de lectura\" \/>\n\t<meta name=\"twitter:data2\" content=\"2 minutos\" \/>\n<script type=\"application\/ld+json\" class=\"yoast-schema-graph\">{\"@context\":\"https:\/\/schema.org\",\"@graph\":[{\"@type\":\"Article\",\"@id\":\"https:\/\/nitu.mx\/index.php\/2021\/03\/17\/iberostar-estrena-dos-touroperadores-para-reforzar-su-nueva-aerolinea\/#article\",\"isPartOf\":{\"@id\":\"https:\/\/nitu.mx\/index.php\/2021\/03\/17\/iberostar-estrena-dos-touroperadores-para-reforzar-su-nueva-aerolinea\/\"},\"author\":{\"name\":\"Redacci\u00f3n\",\"@id\":\"https:\/\/nitu.mx\/#\/schema\/person\/4a28fe9bd65924f7c90623773daf1b0b\"},\"headline\":\"Iberostar estrena dos touroperadores para reforzar su nueva aerol\u00ednea\",\"datePublished\":\"2021-03-17T06:06:05+00:00\",\"dateModified\":\"2021-03-17T07:01:01+00:00\",\"mainEntityOfPage\":{\"@id\":\"https:\/\/nitu.mx\/index.php\/2021\/03\/17\/iberostar-estrena-dos-touroperadores-para-reforzar-su-nueva-aerolinea\/\"},\"wordCount\":313,\"commentCount\":0,\"publisher\":{\"@id\":\"https:\/\/nitu.mx\/#\/schema\/person\/ae7a53426417292d3dd07b45a33e01bc\"},\"image\":{\"@id\":\"https:\/\/nitu.mx\/index.php\/2021\/03\/17\/iberostar-estrena-dos-touroperadores-para-reforzar-su-nueva-aerolinea\/#primaryimage\"},\"thumbnailUrl\":\"https:\/\/nitu.mx\/wp-content\/uploads\/2021\/03\/Iberostar-touroperadores-W2M.jpg\",\"keywords\":[\"Aerol\u00ednea\",\"Iberostar\",\"Newblue\",\"touroperadores\",\"World 2 Meet\"],\"articleSection\":[\"Europa\",\"Hoteles\"],\"inLanguage\":\"es-MX\",\"potentialAction\":[{\"@type\":\"CommentAction\",\"name\":\"Comment\",\"target\":[\"https:\/\/nitu.mx\/index.php\/2021\/03\/17\/iberostar-estrena-dos-touroperadores-para-reforzar-su-nueva-aerolinea\/#respond\"]}]},{\"@type\":\"WebPage\",\"@id\":\"https:\/\/nitu.mx\/index.php\/2021\/03\/17\/iberostar-estrena-dos-touroperadores-para-reforzar-su-nueva-aerolinea\/\",\"url\":\"https:\/\/nitu.mx\/index.php\/2021\/03\/17\/iberostar-estrena-dos-touroperadores-para-reforzar-su-nueva-aerolinea\/\",\"name\":\"Iberostar estrena dos touroperadores para reforzar su nueva aerol\u00ednea - Nitu - Noticias de la Industria Turistica\",\"isPartOf\":{\"@id\":\"https:\/\/nitu.mx\/#website\"},\"primaryImageOfPage\":{\"@id\":\"https:\/\/nitu.mx\/index.php\/2021\/03\/17\/iberostar-estrena-dos-touroperadores-para-reforzar-su-nueva-aerolinea\/#primaryimage\"},\"image\":{\"@id\":\"https:\/\/nitu.mx\/index.php\/2021\/03\/17\/iberostar-estrena-dos-touroperadores-para-reforzar-su-nueva-aerolinea\/#primaryimage\"},\"thumbnailUrl\":\"https:\/\/nitu.mx\/wp-content\/uploads\/2021\/03\/Iberostar-touroperadores-W2M.jpg\",\"datePublished\":\"2021-03-17T06:06:05+00:00\",\"dateModified\":\"2021-03-17T07:01:01+00:00\",\"breadcrumb\":{\"@id\":\"https:\/\/nitu.mx\/index.php\/2021\/03\/17\/iberostar-estrena-dos-touroperadores-para-reforzar-su-nueva-aerolinea\/#breadcrumb\"},\"inLanguage\":\"es-MX\",\"potentialAction\":[{\"@type\":\"ReadAction\",\"target\":[\"https:\/\/nitu.mx\/index.php\/2021\/03\/17\/iberostar-estrena-dos-touroperadores-para-reforzar-su-nueva-aerolinea\/\"]}]},{\"@type\":\"ImageObject\",\"inLanguage\":\"es-MX\",\"@id\":\"https:\/\/nitu.mx\/index.php\/2021\/03\/17\/iberostar-estrena-dos-touroperadores-para-reforzar-su-nueva-aerolinea\/#primaryimage\",\"url\":\"https:\/\/nitu.mx\/wp-content\/uploads\/2021\/03\/Iberostar-touroperadores-W2M.jpg\",\"contentUrl\":\"https:\/\/nitu.mx\/wp-content\/uploads\/2021\/03\/Iberostar-touroperadores-W2M.jpg\",\"width\":1200,\"height\":675},{\"@type\":\"BreadcrumbList\",\"@id\":\"https:\/\/nitu.mx\/index.php\/2021\/03\/17\/iberostar-estrena-dos-touroperadores-para-reforzar-su-nueva-aerolinea\/#breadcrumb\",\"itemListElement\":[{\"@type\":\"ListItem\",\"position\":1,\"name\":\"Inicio\",\"item\":\"https:\/\/nitu.mx\/\"},{\"@type\":\"ListItem\",\"position\":2,\"name\":\"Iberostar estrena dos touroperadores para reforzar su nueva aerol\u00ednea\"}]},{\"@type\":\"WebSite\",\"@id\":\"https:\/\/nitu.mx\/#website\",\"url\":\"https:\/\/nitu.mx\/\",\"name\":\"Nitu - Noticias de la Industria Turistica\",\"description\":\"Noticias de la Industria Turistica\",\"publisher\":{\"@id\":\"https:\/\/nitu.mx\/#\/schema\/person\/ae7a53426417292d3dd07b45a33e01bc\"},\"alternateName\":\"Noticias de la Industria Turistica\",\"potentialAction\":[{\"@type\":\"SearchAction\",\"target\":{\"@type\":\"EntryPoint\",\"urlTemplate\":\"https:\/\/nitu.mx\/?s={search_term_string}\"},\"query-input\":\"required name=search_term_string\"}],\"inLanguage\":\"es-MX\"},{\"@type\":[\"Person\",\"Organization\"],\"@id\":\"https:\/\/nitu.mx\/#\/schema\/person\/ae7a53426417292d3dd07b45a33e01bc\",\"name\":\"Arturo Medina\",\"image\":{\"@type\":\"ImageObject\",\"inLanguage\":\"es-MX\",\"@id\":\"https:\/\/nitu.mx\/#\/schema\/person\/image\/\",\"url\":\"https:\/\/nitu.mx\/wp-content\/uploads\/2024\/04\/4A315622-1904-4D5C-B022-878CDC840E04-90x90-1.jpeg\",\"contentUrl\":\"https:\/\/nitu.mx\/wp-content\/uploads\/2024\/04\/4A315622-1904-4D5C-B022-878CDC840E04-90x90-1.jpeg\",\"width\":90,\"height\":90,\"caption\":\"Arturo Medina\"},\"logo\":{\"@id\":\"https:\/\/nitu.mx\/#\/schema\/person\/image\/\"},\"description\":\"Director NITU.mx, Egresado de la Escuela de Periodismo Carlos Septi\u00e9n Garc\u00eda. Periodista y analista especializado en turismo desde hace 35 a\u00f1os, radicado en Canc\u00fan Q.Roo. arturo@nitu.mx\",\"sameAs\":[\"https:\/\/nitu.mx\",\"https:\/\/www.facebook.com\/NITUmx\/\",\"medinacancun\",\"https:\/\/twitter.com\/@Arturo_Medina_G\"]},{\"@type\":\"Person\",\"@id\":\"https:\/\/nitu.mx\/#\/schema\/person\/4a28fe9bd65924f7c90623773daf1b0b\",\"name\":\"Redacci\u00f3n\",\"image\":{\"@type\":\"ImageObject\",\"inLanguage\":\"es-MX\",\"@id\":\"https:\/\/nitu.mx\/#\/schema\/person\/image\/\",\"url\":\"https:\/\/secure.gravatar.com\/avatar\/5dd011c8ccfc5cd7e4c81e42252aab38?s=96&d=mm&r=g\",\"contentUrl\":\"https:\/\/secure.gravatar.com\/avatar\/5dd011c8ccfc5cd7e4c81e42252aab38?s=96&d=mm&r=g\",\"caption\":\"Redacci\u00f3n\"},\"url\":\"https:\/\/nitu.mx\/index.php\/author\/redaccion\/\"}]}<\/script>\n<!-- \/ Yoast SEO plugin. -->","yoast_head_json":{"title":"Iberostar estrena dos touroperadores para reforzar su nueva aerol\u00ednea - Nitu - Noticias de la Industria Turistica","robots":{"index":"index","follow":"follow","max-snippet":"max-snippet:-1","max-image-preview":"max-image-preview:large","max-video-preview":"max-video-preview:-1"},"canonical":"https:\/\/nitu.mx\/index.php\/2021\/03\/17\/iberostar-estrena-dos-touroperadores-para-reforzar-su-nueva-aerolinea\/","twitter_card":"summary_large_image","twitter_title":"Iberostar estrena dos touroperadores para reforzar su nueva aerol\u00ednea - Nitu - Noticias de la Industria Turistica","twitter_description":"Iberostar sigue impulsado su proyecto de convertirse en una gran mayorista. La puesta en marcha de su aerol\u00ednea World2Fly, prevista para esta mismo verano, va acompa\u00f1ada con el nacimiento de dos touroperadores: Newblue e Ic\u00e1rion. Seg\u00fan informa Europa Press, Newblue pretende ofrecer viajes a destinos del Caribe e Islas, en los que los clientes tendr\u00e1n [&hellip;]","twitter_image":"https:\/\/nitu.mx\/wp-content\/uploads\/2021\/03\/Iberostar-touroperadores-W2M.jpg","twitter_creator":"@NITUmx","twitter_site":"@Arturo_Medina_G","twitter_misc":{"Escrito por":"Redacci\u00f3n","Tiempo de lectura":"2 minutos"},"schema":{"@context":"https:\/\/schema.org","@graph":[{"@type":"Article","@id":"https:\/\/nitu.mx\/index.php\/2021\/03\/17\/iberostar-estrena-dos-touroperadores-para-reforzar-su-nueva-aerolinea\/#article","isPartOf":{"@id":"https:\/\/nitu.mx\/index.php\/2021\/03\/17\/iberostar-estrena-dos-touroperadores-para-reforzar-su-nueva-aerolinea\/"},"author":{"name":"Redacci\u00f3n","@id":"https:\/\/nitu.mx\/#\/schema\/person\/4a28fe9bd65924f7c90623773daf1b0b"},"headline":"Iberostar estrena dos touroperadores para reforzar su nueva aerol\u00ednea","datePublished":"2021-03-17T06:06:05+00:00","dateModified":"2021-03-17T07:01:01+00:00","mainEntityOfPage":{"@id":"https:\/\/nitu.mx\/index.php\/2021\/03\/17\/iberostar-estrena-dos-touroperadores-para-reforzar-su-nueva-aerolinea\/"},"wordCount":313,"commentCount":0,"publisher":{"@id":"https:\/\/nitu.mx\/#\/schema\/person\/ae7a53426417292d3dd07b45a33e01bc"},"image":{"@id":"https:\/\/nitu.mx\/index.php\/2021\/03\/17\/iberostar-estrena-dos-touroperadores-para-reforzar-su-nueva-aerolinea\/#primaryimage"},"thumbnailUrl":"https:\/\/nitu.mx\/wp-content\/uploads\/2021\/03\/Iberostar-touroperadores-W2M.jpg","keywords":["Aerol\u00ednea","Iberostar","Newblue","touroperadores","World 2 Meet"],"articleSection":["Europa","Hoteles"],"inLanguage":"es-MX","potentialAction":[{"@type":"CommentAction","name":"Comment","target":["https:\/\/nitu.mx\/index.php\/2021\/03\/17\/iberostar-estrena-dos-touroperadores-para-reforzar-su-nueva-aerolinea\/#respond"]}]},{"@type":"WebPage","@id":"https:\/\/nitu.mx\/index.php\/2021\/03\/17\/iberostar-estrena-dos-touroperadores-para-reforzar-su-nueva-aerolinea\/","url":"https:\/\/nitu.mx\/index.php\/2021\/03\/17\/iberostar-estrena-dos-touroperadores-para-reforzar-su-nueva-aerolinea\/","name":"Iberostar estrena dos touroperadores para reforzar su nueva aerol\u00ednea - Nitu - Noticias de la Industria Turistica","isPartOf":{"@id":"https:\/\/nitu.mx\/#website"},"primaryImageOfPage":{"@id":"https:\/\/nitu.mx\/index.php\/2021\/03\/17\/iberostar-estrena-dos-touroperadores-para-reforzar-su-nueva-aerolinea\/#primaryimage"},"image":{"@id":"https:\/\/nitu.mx\/index.php\/2021\/03\/17\/iberostar-estrena-dos-touroperadores-para-reforzar-su-nueva-aerolinea\/#primaryimage"},"thumbnailUrl":"https:\/\/nitu.mx\/wp-content\/uploads\/2021\/03\/Iberostar-touroperadores-W2M.jpg","datePublished":"2021-03-17T06:06:05+00:00","dateModified":"2021-03-17T07:01:01+00:00","breadcrumb":{"@id":"https:\/\/nitu.mx\/index.php\/2021\/03\/17\/iberostar-estrena-dos-touroperadores-para-reforzar-su-nueva-aerolinea\/#breadcrumb"},"inLanguage":"es-MX","potentialAction":[{"@type":"ReadAction","target":["https:\/\/nitu.mx\/index.php\/2021\/03\/17\/iberostar-estrena-dos-touroperadores-para-reforzar-su-nueva-aerolinea\/"]}]},{"@type":"ImageObject","inLanguage":"es-MX","@id":"https:\/\/nitu.mx\/index.php\/2021\/03\/17\/iberostar-estrena-dos-touroperadores-para-reforzar-su-nueva-aerolinea\/#primaryimage","url":"https:\/\/nitu.mx\/wp-content\/uploads\/2021\/03\/Iberostar-touroperadores-W2M.jpg","contentUrl":"https:\/\/nitu.mx\/wp-content\/uploads\/2021\/03\/Iberostar-touroperadores-W2M.jpg","width":1200,"height":675},{"@type":"BreadcrumbList","@id":"https:\/\/nitu.mx\/index.php\/2021\/03\/17\/iberostar-estrena-dos-touroperadores-para-reforzar-su-nueva-aerolinea\/#breadcrumb","itemListElement":[{"@type":"ListItem","position":1,"name":"Inicio","item":"https:\/\/nitu.mx\/"},{"@type":"ListItem","position":2,"name":"Iberostar estrena dos touroperadores para reforzar su nueva aerol\u00ednea"}]},{"@type":"WebSite","@id":"https:\/\/nitu.mx\/#website","url":"https:\/\/nitu.mx\/","name":"Nitu - Noticias de la Industria Turistica","description":"Noticias de la Industria Turistica","publisher":{"@id":"https:\/\/nitu.mx\/#\/schema\/person\/ae7a53426417292d3dd07b45a33e01bc"},"alternateName":"Noticias de la Industria Turistica","potentialAction":[{"@type":"SearchAction","target":{"@type":"EntryPoint","urlTemplate":"https:\/\/nitu.mx\/?s={search_term_string}"},"query-input":"required name=search_term_string"}],"inLanguage":"es-MX"},{"@type":["Person","Organization"],"@id":"https:\/\/nitu.mx\/#\/schema\/person\/ae7a53426417292d3dd07b45a33e01bc","name":"Arturo Medina","image":{"@type":"ImageObject","inLanguage":"es-MX","@id":"https:\/\/nitu.mx\/#\/schema\/person\/image\/","url":"https:\/\/nitu.mx\/wp-content\/uploads\/2024\/04\/4A315622-1904-4D5C-B022-878CDC840E04-90x90-1.jpeg","contentUrl":"https:\/\/nitu.mx\/wp-content\/uploads\/2024\/04\/4A315622-1904-4D5C-B022-878CDC840E04-90x90-1.jpeg","width":90,"height":90,"caption":"Arturo Medina"},"logo":{"@id":"https:\/\/nitu.mx\/#\/schema\/person\/image\/"},"description":"Director NITU.mx, Egresado de la Escuela de Periodismo Carlos Septi\u00e9n Garc\u00eda. Periodista y analista especializado en turismo desde hace 35 a\u00f1os, radicado en Canc\u00fan Q.Roo. arturo@nitu.mx","sameAs":["https:\/\/nitu.mx","https:\/\/www.facebook.com\/NITUmx\/","medinacancun","https:\/\/twitter.com\/@Arturo_Medina_G"]},{"@type":"Person","@id":"https:\/\/nitu.mx\/#\/schema\/person\/4a28fe9bd65924f7c90623773daf1b0b","name":"Redacci\u00f3n","image":{"@type":"ImageObject","inLanguage":"es-MX","@id":"https:\/\/nitu.mx\/#\/schema\/person\/image\/","url":"https:\/\/secure.gravatar.com\/avatar\/5dd011c8ccfc5cd7e4c81e42252aab38?s=96&d=mm&r=g","contentUrl":"https:\/\/secure.gravatar.com\/avatar\/5dd011c8ccfc5cd7e4c81e42252aab38?s=96&d=mm&r=g","caption":"Redacci\u00f3n"},"url":"https:\/\/nitu.mx\/index.php\/author\/redaccion\/"}]}},"views":681,"_links":{"self":[{"href":"https:\/\/nitu.mx\/index.php\/wp-json\/wp\/v2\/posts\/51013"}],"collection":[{"href":"https:\/\/nitu.mx\/index.php\/wp-json\/wp\/v2\/posts"}],"about":[{"href":"https:\/\/nitu.mx\/index.php\/wp-json\/wp\/v2\/types\/post"}],"author":[{"embeddable":true,"href":"https:\/\/nitu.mx\/index.php\/wp-json\/wp\/v2\/users\/17"}],"replies":[{"embeddable":true,"href":"https:\/\/nitu.mx\/index.php\/wp-json\/wp\/v2\/comments?post=51013"}],"version-history":[{"count":4,"href":"https:\/\/nitu.mx\/index.php\/wp-json\/wp\/v2\/posts\/51013\/revisions"}],"predecessor-version":[{"id":51035,"href":"https:\/\/nitu.mx\/index.php\/wp-json\/wp\/v2\/posts\/51013\/revisions\/51035"}],"wp:featuredmedia":[{"embeddable":true,"href":"https:\/\/nitu.mx\/index.php\/wp-json\/wp\/v2\/media\/51030"}],"wp:attachment":[{"href":"https:\/\/nitu.mx\/index.php\/wp-json\/wp\/v2\/media?parent=51013"}],"wp:term":[{"taxonomy":"category","embeddable":true,"href":"https:\/\/nitu.mx\/index.php\/wp-json\/wp\/v2\/categories?post=51013"},{"taxonomy":"post_tag","embeddable":true,"href":"https:\/\/nitu.mx\/index.php\/wp-json\/wp\/v2\/tags?post=51013"}],"curies":[{"name":"wp","href":"https:\/\/api.w.org\/{rel}","templated":true}]}}