{"id":50969,"date":"2021-03-14T15:35:55","date_gmt":"2021-03-14T20:35:55","guid":{"rendered":"https:\/\/www.dev.nitu.mx\/?p=50969"},"modified":"2021-03-15T00:51:18","modified_gmt":"2021-03-15T05:51:18","slug":"nombran-a-javier-aranda-director-ejecutivo-de-la-asociacion-de-hoteles-de-cancun","status":"publish","type":"post","link":"https:\/\/nitu.mx\/index.php\/2021\/03\/14\/nombran-a-javier-aranda-director-ejecutivo-de-la-asociacion-de-hoteles-de-cancun\/","title":{"rendered":"Nombran a Javier Aranda Director Ejecutivo de la Asociaci\u00f3n de Hoteles de Canc\u00fan"},"content":{"rendered":"<p>Javier Aranda Pedrero fue nombrado nuevo director ejecutivo de la Asociaci\u00f3n de Hoteles de Canc\u00fan, Puerto Morelos e Isla Mujeres, Aranda sustituye en el cargo a Marisa Setien, que desempe\u00f1\u00f3 esa funci\u00f3n desde hace 14 a\u00f1os. El pleno del Consejo directivo de la asociaci\u00f3n asegur\u00f3 que el cambio es\u00a0con el fin de reforzar el trabajo conjunto entre los miembros asociados y afiliados de la asociaci\u00f3n, as\u00ed como la coordinaci\u00f3n con otros organismos empresariales, tour operadores, l\u00edneas a\u00e9reas, el Consejo de Promoci\u00f3n Tur\u00edstica de Quintana Roo y las distintas autoridades de los tres niveles de gobierno.<\/p>\n<p>Aranda Pedrero tiene una muy amplia experiencia en organismos tur\u00edsticos tanto privados como p\u00fablicos a trav\u00e9s de muchos a\u00f1os de trabajo, fue director de la Asociaci\u00f3n de Hoteles y Moteles de Cozumel por un periodo de doce a\u00f1os y fungir como director del Fondo Mixto de Cozumel y posteriormente del Fideicomiso de Promoci\u00f3n Tur\u00edstica de la isla.<\/p>\n<p>Fue tambi\u00e9n Subsecretario de Promoci\u00f3n de la Secretar\u00eda de Turismo de Quintana Roo; Director del Fideicomiso de Promoci\u00f3n Tur\u00edstica de la Riviera Maya y Director Ejecutivo de Relaci\u00f3n con Destinos y Socios, as\u00ed como Director Regional para Europa del Consejo de Promoci\u00f3n Tur\u00edstica de M\u00e9xico con base en Espa\u00f1a.<\/p>\n<p>A su regreso a nuestro pa\u00eds, Javier Aranda Pedrero se hizo cargo de la Direcci\u00f3n General del Fideicomiso de Turismo de Puerto Vallarta, Jalisco por un periodo de tres a\u00f1os.<\/p>\n<p>Al confirmar su nombramiento, Javier Aranda dijo a <em><strong>NITU.mx<\/strong><\/em> que esta muy satisfecho que le hayan hecho esta invitaci\u00f3n, para sumarse al trabajo de la AHCPMIM, para seguir engrandeciendo los logros de esta organizaci\u00f3n empresarial l\u00edder no solo en Quintana Roo, si no en el pa\u00eds, dijo que esta deseoso de aportar su conocimiento \u00a0y experiencia para sacar adelante al destino, sobre todo en este a\u00f1o tan dif\u00edcil que hemos padecido, pero que en donde ya se ha demostrado que el trabajo en conjunto y bien organizado y sumando esfuerzos, va dando resultados, como ha sido el tema de la aplicaci\u00f3n de los protocolos.<\/p>\n<p>Tambi\u00e9n dijo que ya estar\u00e1 recibiendo las instrucciones del consejo directivo y como siempre poniendo su mejor esfuerzo y compromiso para enaltecer la actividad econ\u00f3mica hotelera de regi\u00f3n.<\/p>\n<p>El Consejo Directivo de la Asociaci\u00f3n de Hoteles de Canc\u00fan, Puerto Morelos e Isla Mujeres, en voz de su Presidente, Roberto Cintr\u00f3n G\u00f3mez, expresaron \u00a0su agradecimiento a Marissa Setien por su profesional gesti\u00f3n y entrega durante los 14 a\u00f1os que estuvo al frente de la Direcci\u00f3n Ejecutiva de la Asociaci\u00f3n, al mismo tiempo que externa su confianza en que la experiencia de Javier Aranda Pedrero vendr\u00e1 a apoyar sustancialmente los esfuerzos para cimentar a\u00fan m\u00e1s el liderazgo empresarial que el sector hotelero organizado de Canc\u00fan, Puerto Morelos e Isla Mujeres, representa para Quintana Roo y M\u00e9xico. (<a title=\"Ratifican a Roberto Cintr\u00f3n como presidente de los hoteleros de Canc\u00fan\" href=\"https:\/\/www.dev.nitu.mx\/index.php\/2021\/02\/18\/ratifican-a-roberto-cintron-como-presidente-de-los-hoteleros-de-cancun\/\" rel=\"bookmark\">Ratifican a Roberto Cintr\u00f3n como presidente de los hoteleros de Canc\u00fan<\/a>).<\/p>\n","protected":false},"excerpt":{"rendered":"<p>Javier Aranda Pedrero fue nombrado nuevo director ejecutivo de la Asociaci\u00f3n de Hoteles de Canc\u00fan, Puerto Morelos e Isla Mujeres, Aranda sustituye en el cargo a Marisa Setien, que desempe\u00f1\u00f3 esa funci\u00f3n desde hace 14 a\u00f1os. El pleno del Consejo directivo de la asociaci\u00f3n asegur\u00f3 que el cambio es\u00a0con el fin de reforzar el trabajo [&hellip;]<\/p>\n","protected":false},"author":2,"featured_media":2997,"comment_status":"open","ping_status":"open","sticky":false,"template":"","format":"standard","meta":{"footnotes":""},"categories":[2],"tags":[19729,1134,1130],"yoast_head":"<!-- This site is optimized with the Yoast SEO plugin v22.2 - https:\/\/yoast.com\/wordpress\/plugins\/seo\/ -->\n<title>Nombran a Javier Aranda Director Ejecutivo de la Asociaci\u00f3n de Hoteles de Canc\u00fan - Nitu - Noticias de la Industria Turistica<\/title>\n<meta name=\"robots\" content=\"index, follow, max-snippet:-1, max-image-preview:large, max-video-preview:-1\" \/>\n<link rel=\"canonical\" href=\"https:\/\/nitu.mx\/index.php\/2021\/03\/14\/nombran-a-javier-aranda-director-ejecutivo-de-la-asociacion-de-hoteles-de-cancun\/\" \/>\n<meta name=\"twitter:card\" content=\"summary_large_image\" \/>\n<meta name=\"twitter:title\" content=\"Nombran a Javier Aranda Director Ejecutivo de la Asociaci\u00f3n de Hoteles de Canc\u00fan - Nitu - Noticias de la Industria Turistica\" \/>\n<meta name=\"twitter:description\" content=\"Javier Aranda Pedrero fue nombrado nuevo director ejecutivo de la Asociaci\u00f3n de Hoteles de Canc\u00fan, Puerto Morelos e Isla Mujeres, Aranda sustituye en el cargo a Marisa Setien, que desempe\u00f1\u00f3 esa funci\u00f3n desde hace 14 a\u00f1os. El pleno del Consejo directivo de la asociaci\u00f3n asegur\u00f3 que el cambio es\u00a0con el fin de reforzar el trabajo [&hellip;]\" \/>\n<meta name=\"twitter:image\" content=\"https:\/\/nitu.mx\/wp-content\/uploads\/2016\/10\/Javier-Aranda-1.jpg\" \/>\n<meta name=\"twitter:creator\" content=\"@Arturo_Medina_G\" \/>\n<meta name=\"twitter:site\" content=\"@Arturo_Medina_G\" \/>\n<meta name=\"twitter:label1\" content=\"Escrito por\" \/>\n\t<meta name=\"twitter:data1\" content=\"Arturo Medina\" \/>\n\t<meta name=\"twitter:label2\" content=\"Tiempo de lectura\" \/>\n\t<meta name=\"twitter:data2\" content=\"3 minutos\" \/>\n<script type=\"application\/ld+json\" class=\"yoast-schema-graph\">{\"@context\":\"https:\/\/schema.org\",\"@graph\":[{\"@type\":\"Article\",\"@id\":\"https:\/\/nitu.mx\/index.php\/2021\/03\/14\/nombran-a-javier-aranda-director-ejecutivo-de-la-asociacion-de-hoteles-de-cancun\/#article\",\"isPartOf\":{\"@id\":\"https:\/\/nitu.mx\/index.php\/2021\/03\/14\/nombran-a-javier-aranda-director-ejecutivo-de-la-asociacion-de-hoteles-de-cancun\/\"},\"author\":{\"name\":\"Arturo Medina\",\"@id\":\"https:\/\/nitu.mx\/#\/schema\/person\/ae7a53426417292d3dd07b45a33e01bc\"},\"headline\":\"Nombran a Javier Aranda Director Ejecutivo de la Asociaci\u00f3n de Hoteles de Canc\u00fan\",\"datePublished\":\"2021-03-14T20:35:55+00:00\",\"dateModified\":\"2021-03-15T05:51:18+00:00\",\"mainEntityOfPage\":{\"@id\":\"https:\/\/nitu.mx\/index.php\/2021\/03\/14\/nombran-a-javier-aranda-director-ejecutivo-de-la-asociacion-de-hoteles-de-cancun\/\"},\"wordCount\":541,\"commentCount\":0,\"publisher\":{\"@id\":\"https:\/\/nitu.mx\/#\/schema\/person\/ae7a53426417292d3dd07b45a33e01bc\"},\"image\":{\"@id\":\"https:\/\/nitu.mx\/index.php\/2021\/03\/14\/nombran-a-javier-aranda-director-ejecutivo-de-la-asociacion-de-hoteles-de-cancun\/#primaryimage\"},\"thumbnailUrl\":\"https:\/\/nitu.mx\/wp-content\/uploads\/2016\/10\/Javier-Aranda-1.jpg\",\"keywords\":[\"Asociaci\u00f3n de Hoteles de Canc\u00fan Puerto Morelos &amp; Isla Mujeres\",\"Javier Aranda Pedrero\",\"Roberto Cintr\u00f3n\"],\"articleSection\":[\"Hoteles\"],\"inLanguage\":\"es-MX\",\"potentialAction\":[{\"@type\":\"CommentAction\",\"name\":\"Comment\",\"target\":[\"https:\/\/nitu.mx\/index.php\/2021\/03\/14\/nombran-a-javier-aranda-director-ejecutivo-de-la-asociacion-de-hoteles-de-cancun\/#respond\"]}]},{\"@type\":\"WebPage\",\"@id\":\"https:\/\/nitu.mx\/index.php\/2021\/03\/14\/nombran-a-javier-aranda-director-ejecutivo-de-la-asociacion-de-hoteles-de-cancun\/\",\"url\":\"https:\/\/nitu.mx\/index.php\/2021\/03\/14\/nombran-a-javier-aranda-director-ejecutivo-de-la-asociacion-de-hoteles-de-cancun\/\",\"name\":\"Nombran a Javier Aranda Director Ejecutivo de la Asociaci\u00f3n de Hoteles de Canc\u00fan - Nitu - Noticias de la Industria Turistica\",\"isPartOf\":{\"@id\":\"https:\/\/nitu.mx\/#website\"},\"primaryImageOfPage\":{\"@id\":\"https:\/\/nitu.mx\/index.php\/2021\/03\/14\/nombran-a-javier-aranda-director-ejecutivo-de-la-asociacion-de-hoteles-de-cancun\/#primaryimage\"},\"image\":{\"@id\":\"https:\/\/nitu.mx\/index.php\/2021\/03\/14\/nombran-a-javier-aranda-director-ejecutivo-de-la-asociacion-de-hoteles-de-cancun\/#primaryimage\"},\"thumbnailUrl\":\"https:\/\/nitu.mx\/wp-content\/uploads\/2016\/10\/Javier-Aranda-1.jpg\",\"datePublished\":\"2021-03-14T20:35:55+00:00\",\"dateModified\":\"2021-03-15T05:51:18+00:00\",\"breadcrumb\":{\"@id\":\"https:\/\/nitu.mx\/index.php\/2021\/03\/14\/nombran-a-javier-aranda-director-ejecutivo-de-la-asociacion-de-hoteles-de-cancun\/#breadcrumb\"},\"inLanguage\":\"es-MX\",\"potentialAction\":[{\"@type\":\"ReadAction\",\"target\":[\"https:\/\/nitu.mx\/index.php\/2021\/03\/14\/nombran-a-javier-aranda-director-ejecutivo-de-la-asociacion-de-hoteles-de-cancun\/\"]}]},{\"@type\":\"ImageObject\",\"inLanguage\":\"es-MX\",\"@id\":\"https:\/\/nitu.mx\/index.php\/2021\/03\/14\/nombran-a-javier-aranda-director-ejecutivo-de-la-asociacion-de-hoteles-de-cancun\/#primaryimage\",\"url\":\"https:\/\/nitu.mx\/wp-content\/uploads\/2016\/10\/Javier-Aranda-1.jpg\",\"contentUrl\":\"https:\/\/nitu.mx\/wp-content\/uploads\/2016\/10\/Javier-Aranda-1.jpg\",\"width\":640,\"height\":388},{\"@type\":\"BreadcrumbList\",\"@id\":\"https:\/\/nitu.mx\/index.php\/2021\/03\/14\/nombran-a-javier-aranda-director-ejecutivo-de-la-asociacion-de-hoteles-de-cancun\/#breadcrumb\",\"itemListElement\":[{\"@type\":\"ListItem\",\"position\":1,\"name\":\"Inicio\",\"item\":\"https:\/\/nitu.mx\/\"},{\"@type\":\"ListItem\",\"position\":2,\"name\":\"Nombran a Javier Aranda Director Ejecutivo de la Asociaci\u00f3n de Hoteles de Canc\u00fan\"}]},{\"@type\":\"WebSite\",\"@id\":\"https:\/\/nitu.mx\/#website\",\"url\":\"https:\/\/nitu.mx\/\",\"name\":\"Nitu - Noticias de la Industria Turistica\",\"description\":\"Noticias de la Industria Turistica\",\"publisher\":{\"@id\":\"https:\/\/nitu.mx\/#\/schema\/person\/ae7a53426417292d3dd07b45a33e01bc\"},\"alternateName\":\"Noticias de la Industria Turistica\",\"potentialAction\":[{\"@type\":\"SearchAction\",\"target\":{\"@type\":\"EntryPoint\",\"urlTemplate\":\"https:\/\/nitu.mx\/?s={search_term_string}\"},\"query-input\":\"required name=search_term_string\"}],\"inLanguage\":\"es-MX\"},{\"@type\":[\"Person\",\"Organization\"],\"@id\":\"https:\/\/nitu.mx\/#\/schema\/person\/ae7a53426417292d3dd07b45a33e01bc\",\"name\":\"Arturo Medina\",\"image\":{\"@type\":\"ImageObject\",\"inLanguage\":\"es-MX\",\"@id\":\"https:\/\/nitu.mx\/#\/schema\/person\/image\/\",\"url\":\"https:\/\/nitu.mx\/wp-content\/uploads\/2024\/04\/4A315622-1904-4D5C-B022-878CDC840E04-90x90-1.jpeg\",\"contentUrl\":\"https:\/\/nitu.mx\/wp-content\/uploads\/2024\/04\/4A315622-1904-4D5C-B022-878CDC840E04-90x90-1.jpeg\",\"width\":90,\"height\":90,\"caption\":\"Arturo Medina\"},\"logo\":{\"@id\":\"https:\/\/nitu.mx\/#\/schema\/person\/image\/\"},\"description\":\"Director NITU.mx, Egresado de la Escuela de Periodismo Carlos Septi\u00e9n Garc\u00eda. Periodista y analista especializado en turismo desde hace 35 a\u00f1os, radicado en Canc\u00fan Q.Roo. arturo@nitu.mx\",\"sameAs\":[\"https:\/\/nitu.mx\",\"https:\/\/www.facebook.com\/NITUmx\/\",\"medinacancun\",\"https:\/\/twitter.com\/@Arturo_Medina_G\"],\"url\":\"https:\/\/nitu.mx\/index.php\/author\/arturo-medina\/\"}]}<\/script>\n<!-- \/ Yoast SEO plugin. -->","yoast_head_json":{"title":"Nombran a Javier Aranda Director Ejecutivo de la Asociaci\u00f3n de Hoteles de Canc\u00fan - Nitu - Noticias de la Industria Turistica","robots":{"index":"index","follow":"follow","max-snippet":"max-snippet:-1","max-image-preview":"max-image-preview:large","max-video-preview":"max-video-preview:-1"},"canonical":"https:\/\/nitu.mx\/index.php\/2021\/03\/14\/nombran-a-javier-aranda-director-ejecutivo-de-la-asociacion-de-hoteles-de-cancun\/","twitter_card":"summary_large_image","twitter_title":"Nombran a Javier Aranda Director Ejecutivo de la Asociaci\u00f3n de Hoteles de Canc\u00fan - Nitu - Noticias de la Industria Turistica","twitter_description":"Javier Aranda Pedrero fue nombrado nuevo director ejecutivo de la Asociaci\u00f3n de Hoteles de Canc\u00fan, Puerto Morelos e Isla Mujeres, Aranda sustituye en el cargo a Marisa Setien, que desempe\u00f1\u00f3 esa funci\u00f3n desde hace 14 a\u00f1os. El pleno del Consejo directivo de la asociaci\u00f3n asegur\u00f3 que el cambio es\u00a0con el fin de reforzar el trabajo [&hellip;]","twitter_image":"https:\/\/nitu.mx\/wp-content\/uploads\/2016\/10\/Javier-Aranda-1.jpg","twitter_creator":"@Arturo_Medina_G","twitter_site":"@Arturo_Medina_G","twitter_misc":{"Escrito por":"Arturo Medina","Tiempo de lectura":"3 minutos"},"schema":{"@context":"https:\/\/schema.org","@graph":[{"@type":"Article","@id":"https:\/\/nitu.mx\/index.php\/2021\/03\/14\/nombran-a-javier-aranda-director-ejecutivo-de-la-asociacion-de-hoteles-de-cancun\/#article","isPartOf":{"@id":"https:\/\/nitu.mx\/index.php\/2021\/03\/14\/nombran-a-javier-aranda-director-ejecutivo-de-la-asociacion-de-hoteles-de-cancun\/"},"author":{"name":"Arturo Medina","@id":"https:\/\/nitu.mx\/#\/schema\/person\/ae7a53426417292d3dd07b45a33e01bc"},"headline":"Nombran a Javier Aranda Director Ejecutivo de la Asociaci\u00f3n de Hoteles de Canc\u00fan","datePublished":"2021-03-14T20:35:55+00:00","dateModified":"2021-03-15T05:51:18+00:00","mainEntityOfPage":{"@id":"https:\/\/nitu.mx\/index.php\/2021\/03\/14\/nombran-a-javier-aranda-director-ejecutivo-de-la-asociacion-de-hoteles-de-cancun\/"},"wordCount":541,"commentCount":0,"publisher":{"@id":"https:\/\/nitu.mx\/#\/schema\/person\/ae7a53426417292d3dd07b45a33e01bc"},"image":{"@id":"https:\/\/nitu.mx\/index.php\/2021\/03\/14\/nombran-a-javier-aranda-director-ejecutivo-de-la-asociacion-de-hoteles-de-cancun\/#primaryimage"},"thumbnailUrl":"https:\/\/nitu.mx\/wp-content\/uploads\/2016\/10\/Javier-Aranda-1.jpg","keywords":["Asociaci\u00f3n de Hoteles de Canc\u00fan Puerto Morelos &amp; Isla Mujeres","Javier Aranda Pedrero","Roberto Cintr\u00f3n"],"articleSection":["Hoteles"],"inLanguage":"es-MX","potentialAction":[{"@type":"CommentAction","name":"Comment","target":["https:\/\/nitu.mx\/index.php\/2021\/03\/14\/nombran-a-javier-aranda-director-ejecutivo-de-la-asociacion-de-hoteles-de-cancun\/#respond"]}]},{"@type":"WebPage","@id":"https:\/\/nitu.mx\/index.php\/2021\/03\/14\/nombran-a-javier-aranda-director-ejecutivo-de-la-asociacion-de-hoteles-de-cancun\/","url":"https:\/\/nitu.mx\/index.php\/2021\/03\/14\/nombran-a-javier-aranda-director-ejecutivo-de-la-asociacion-de-hoteles-de-cancun\/","name":"Nombran a Javier Aranda Director Ejecutivo de la Asociaci\u00f3n de Hoteles de Canc\u00fan - Nitu - Noticias de la Industria Turistica","isPartOf":{"@id":"https:\/\/nitu.mx\/#website"},"primaryImageOfPage":{"@id":"https:\/\/nitu.mx\/index.php\/2021\/03\/14\/nombran-a-javier-aranda-director-ejecutivo-de-la-asociacion-de-hoteles-de-cancun\/#primaryimage"},"image":{"@id":"https:\/\/nitu.mx\/index.php\/2021\/03\/14\/nombran-a-javier-aranda-director-ejecutivo-de-la-asociacion-de-hoteles-de-cancun\/#primaryimage"},"thumbnailUrl":"https:\/\/nitu.mx\/wp-content\/uploads\/2016\/10\/Javier-Aranda-1.jpg","datePublished":"2021-03-14T20:35:55+00:00","dateModified":"2021-03-15T05:51:18+00:00","breadcrumb":{"@id":"https:\/\/nitu.mx\/index.php\/2021\/03\/14\/nombran-a-javier-aranda-director-ejecutivo-de-la-asociacion-de-hoteles-de-cancun\/#breadcrumb"},"inLanguage":"es-MX","potentialAction":[{"@type":"ReadAction","target":["https:\/\/nitu.mx\/index.php\/2021\/03\/14\/nombran-a-javier-aranda-director-ejecutivo-de-la-asociacion-de-hoteles-de-cancun\/"]}]},{"@type":"ImageObject","inLanguage":"es-MX","@id":"https:\/\/nitu.mx\/index.php\/2021\/03\/14\/nombran-a-javier-aranda-director-ejecutivo-de-la-asociacion-de-hoteles-de-cancun\/#primaryimage","url":"https:\/\/nitu.mx\/wp-content\/uploads\/2016\/10\/Javier-Aranda-1.jpg","contentUrl":"https:\/\/nitu.mx\/wp-content\/uploads\/2016\/10\/Javier-Aranda-1.jpg","width":640,"height":388},{"@type":"BreadcrumbList","@id":"https:\/\/nitu.mx\/index.php\/2021\/03\/14\/nombran-a-javier-aranda-director-ejecutivo-de-la-asociacion-de-hoteles-de-cancun\/#breadcrumb","itemListElement":[{"@type":"ListItem","position":1,"name":"Inicio","item":"https:\/\/nitu.mx\/"},{"@type":"ListItem","position":2,"name":"Nombran a Javier Aranda Director Ejecutivo de la Asociaci\u00f3n de Hoteles de Canc\u00fan"}]},{"@type":"WebSite","@id":"https:\/\/nitu.mx\/#website","url":"https:\/\/nitu.mx\/","name":"Nitu - Noticias de la Industria Turistica","description":"Noticias de la Industria Turistica","publisher":{"@id":"https:\/\/nitu.mx\/#\/schema\/person\/ae7a53426417292d3dd07b45a33e01bc"},"alternateName":"Noticias de la Industria Turistica","potentialAction":[{"@type":"SearchAction","target":{"@type":"EntryPoint","urlTemplate":"https:\/\/nitu.mx\/?s={search_term_string}"},"query-input":"required name=search_term_string"}],"inLanguage":"es-MX"},{"@type":["Person","Organization"],"@id":"https:\/\/nitu.mx\/#\/schema\/person\/ae7a53426417292d3dd07b45a33e01bc","name":"Arturo Medina","image":{"@type":"ImageObject","inLanguage":"es-MX","@id":"https:\/\/nitu.mx\/#\/schema\/person\/image\/","url":"https:\/\/nitu.mx\/wp-content\/uploads\/2024\/04\/4A315622-1904-4D5C-B022-878CDC840E04-90x90-1.jpeg","contentUrl":"https:\/\/nitu.mx\/wp-content\/uploads\/2024\/04\/4A315622-1904-4D5C-B022-878CDC840E04-90x90-1.jpeg","width":90,"height":90,"caption":"Arturo Medina"},"logo":{"@id":"https:\/\/nitu.mx\/#\/schema\/person\/image\/"},"description":"Director NITU.mx, Egresado de la Escuela de Periodismo Carlos Septi\u00e9n Garc\u00eda. Periodista y analista especializado en turismo desde hace 35 a\u00f1os, radicado en Canc\u00fan Q.Roo. arturo@nitu.mx","sameAs":["https:\/\/nitu.mx","https:\/\/www.facebook.com\/NITUmx\/","medinacancun","https:\/\/twitter.com\/@Arturo_Medina_G"],"url":"https:\/\/nitu.mx\/index.php\/author\/arturo-medina\/"}]}},"views":1405,"_links":{"self":[{"href":"https:\/\/nitu.mx\/index.php\/wp-json\/wp\/v2\/posts\/50969"}],"collection":[{"href":"https:\/\/nitu.mx\/index.php\/wp-json\/wp\/v2\/posts"}],"about":[{"href":"https:\/\/nitu.mx\/index.php\/wp-json\/wp\/v2\/types\/post"}],"author":[{"embeddable":true,"href":"https:\/\/nitu.mx\/index.php\/wp-json\/wp\/v2\/users\/2"}],"replies":[{"embeddable":true,"href":"https:\/\/nitu.mx\/index.php\/wp-json\/wp\/v2\/comments?post=50969"}],"version-history":[{"count":3,"href":"https:\/\/nitu.mx\/index.php\/wp-json\/wp\/v2\/posts\/50969\/revisions"}],"predecessor-version":[{"id":50980,"href":"https:\/\/nitu.mx\/index.php\/wp-json\/wp\/v2\/posts\/50969\/revisions\/50980"}],"wp:featuredmedia":[{"embeddable":true,"href":"https:\/\/nitu.mx\/index.php\/wp-json\/wp\/v2\/media\/2997"}],"wp:attachment":[{"href":"https:\/\/nitu.mx\/index.php\/wp-json\/wp\/v2\/media?parent=50969"}],"wp:term":[{"taxonomy":"category","embeddable":true,"href":"https:\/\/nitu.mx\/index.php\/wp-json\/wp\/v2\/categories?post=50969"},{"taxonomy":"post_tag","embeddable":true,"href":"https:\/\/nitu.mx\/index.php\/wp-json\/wp\/v2\/tags?post=50969"}],"curies":[{"name":"wp","href":"https:\/\/api.w.org\/{rel}","templated":true}]}}