{"id":5081,"date":"2016-12-19T22:56:45","date_gmt":"2016-12-20T03:56:45","guid":{"rendered":"http:\/\/www.dev.nitu.mx\/?p=5081"},"modified":"2016-12-19T23:19:58","modified_gmt":"2016-12-20T04:19:58","slug":"jet-blue-sigue-faltando-personal-migracion-aduanas-cancun","status":"publish","type":"post","link":"https:\/\/nitu.mx\/index.php\/2016\/12\/19\/jet-blue-sigue-faltando-personal-migracion-aduanas-cancun\/","title":{"rendered":"Jet Blue: sigue faltando personal en migraci\u00f3n y aduanas en Canc\u00fan"},"content":{"rendered":"<p>Omar Yuen, gerente regional de JetBlue, se\u00f1al\u00f3 en exclusiva para NITU.mx que no obstante el esfuerzo de las autoridades federales en materia de personal en las \u00e1reas de aduanas y migraci\u00f3n del Aeropuerto Internacional de Canc\u00fan (AIC), \u00a0en temporadas altas \u201ctodav\u00eda hay una ventana de oportunidad de integrar m\u00e1s personal\u201d.<\/p>\n<p>Esto en referencia directa con la cantidad de personal que opera en la terminal a\u00e9rea y que no puede atender adecuadamente al turismo en la zona. Principalmente en las temporadas altas como es la decembrina.<\/p>\n<p>\u201cPara nuestros viajeros que vienen invariablemente todas las aerol\u00edneas queremos estar en las horas pico, pero es una realidad lo que pasa, es como cuando se va a un banco y ves varias cajas, pero s\u00f3lo una est\u00e1 operando, es lo mismo\u201d, ejemplific\u00f3.<\/p>\n<p>Empero se\u00f1al\u00f3 que las inversiones de Grupo Aeroportuario de Sureste (Asur), han sido muy importantes y la terminal a\u00e9rea cumple con las especificaciones e instalaciones requeridas para dar un buen servicio.<\/p>\n<p>Jetblue se ha consolidado como una de las m\u00e1s importantes abastecedoras de turistas del este de los Estados Unidos a Canc\u00fan tras una d\u00e9cada de haber establecido la conexi\u00f3n.\u00a0(<a title=\"JetBlue celebra en noviembre 10 a\u00f1os de volar a Canc\u00fan\" href=\"http:\/\/www.dev.nitu.mx\/index.php\/2016\/11\/02\/jet-blue-celebra-en-este-noviembre-10-anos-volando-a-cancun\/\" rel=\"bookmark\">JetBlue celebra en noviembre 10 a\u00f1os de volar a Canc\u00fan<\/a>)<\/p>\n<p>Nitu.mx ha podido saber que las filas para los turistas internacionales siguen siendo largas y las esperas de m\u00ednimo una hora, y en promedio de dos y dos y media. Habiendo especial inter\u00e9s en registrar a los visitantes que llegan procedentes de vuelos de pa\u00edses sudamericanos, quienes deben pasar hasta tres filtros para poder ingresar a este destino tur\u00edstico.<\/p>\n<p>&nbsp;<\/p>\n","protected":false},"excerpt":{"rendered":"<p>Omar Yuen, gerente regional de JetBlue, se\u00f1al\u00f3 en exclusiva para NITU.mx que no obstante el esfuerzo de las autoridades federales en materia de personal en las \u00e1reas de aduanas y migraci\u00f3n del Aeropuerto Internacional de Canc\u00fan (AIC), \u00a0en temporadas altas \u201ctodav\u00eda hay una ventana de oportunidad de integrar m\u00e1s personal\u201d. Esto en referencia directa con [&hellip;]<\/p>\n","protected":false},"author":3,"featured_media":5088,"comment_status":"open","ping_status":"open","sticky":false,"template":"","format":"standard","meta":{"footnotes":""},"categories":[29,6],"tags":[200,2306,1439,1440],"yoast_head":"<!-- This site is optimized with the Yoast SEO plugin v22.2 - https:\/\/yoast.com\/wordpress\/plugins\/seo\/ -->\n<title>Jet Blue: sigue faltando personal en migraci\u00f3n y aduanas en Canc\u00fan - Nitu - Noticias de la Industria Turistica<\/title>\n<meta name=\"robots\" content=\"index, follow, max-snippet:-1, max-image-preview:large, max-video-preview:-1\" \/>\n<link rel=\"canonical\" href=\"https:\/\/nitu.mx\/index.php\/2016\/12\/19\/jet-blue-sigue-faltando-personal-migracion-aduanas-cancun\/\" \/>\n<meta name=\"twitter:card\" content=\"summary_large_image\" \/>\n<meta name=\"twitter:title\" content=\"Jet Blue: sigue faltando personal en migraci\u00f3n y aduanas en Canc\u00fan - Nitu - Noticias de la Industria Turistica\" \/>\n<meta name=\"twitter:description\" content=\"Omar Yuen, gerente regional de JetBlue, se\u00f1al\u00f3 en exclusiva para NITU.mx que no obstante el esfuerzo de las autoridades federales en materia de personal en las \u00e1reas de aduanas y migraci\u00f3n del Aeropuerto Internacional de Canc\u00fan (AIC), \u00a0en temporadas altas \u201ctodav\u00eda hay una ventana de oportunidad de integrar m\u00e1s personal\u201d. Esto en referencia directa con [&hellip;]\" \/>\n<meta name=\"twitter:image\" content=\"https:\/\/nitu.mx\/wp-content\/uploads\/2016\/12\/aduana-cancun.jpg\" \/>\n<meta name=\"twitter:creator\" content=\"@NITUmx\" \/>\n<meta name=\"twitter:site\" content=\"@Arturo_Medina_G\" \/>\n<meta name=\"twitter:label1\" content=\"Escrito por\" \/>\n\t<meta name=\"twitter:data1\" content=\"Alejandra Moncisbays\" \/>\n\t<meta name=\"twitter:label2\" content=\"Tiempo de lectura\" \/>\n\t<meta name=\"twitter:data2\" content=\"1 minuto\" \/>\n<script type=\"application\/ld+json\" class=\"yoast-schema-graph\">{\"@context\":\"https:\/\/schema.org\",\"@graph\":[{\"@type\":\"Article\",\"@id\":\"https:\/\/nitu.mx\/index.php\/2016\/12\/19\/jet-blue-sigue-faltando-personal-migracion-aduanas-cancun\/#article\",\"isPartOf\":{\"@id\":\"https:\/\/nitu.mx\/index.php\/2016\/12\/19\/jet-blue-sigue-faltando-personal-migracion-aduanas-cancun\/\"},\"author\":{\"name\":\"Alejandra Moncisbays\",\"@id\":\"https:\/\/nitu.mx\/#\/schema\/person\/2ecd887b19dfd3382d1f14fc5acf24a8\"},\"headline\":\"Jet Blue: sigue faltando personal en migraci\u00f3n y aduanas en Canc\u00fan\",\"datePublished\":\"2016-12-20T03:56:45+00:00\",\"dateModified\":\"2016-12-20T04:19:58+00:00\",\"mainEntityOfPage\":{\"@id\":\"https:\/\/nitu.mx\/index.php\/2016\/12\/19\/jet-blue-sigue-faltando-personal-migracion-aduanas-cancun\/\"},\"wordCount\":292,\"commentCount\":0,\"publisher\":{\"@id\":\"https:\/\/nitu.mx\/#\/schema\/person\/ae7a53426417292d3dd07b45a33e01bc\"},\"image\":{\"@id\":\"https:\/\/nitu.mx\/index.php\/2016\/12\/19\/jet-blue-sigue-faltando-personal-migracion-aduanas-cancun\/#primaryimage\"},\"thumbnailUrl\":\"https:\/\/nitu.mx\/wp-content\/uploads\/2016\/12\/aduana-cancun.jpg\",\"keywords\":[\"Aeropuerto Internacional de Canc\u00fan (AIC)\",\"Grupo Aeroportuario de Sureste (Asur)\",\"JetBlue\",\"Omar Yuen\"],\"articleSection\":[\"Aerol\u00edneas\",\"M\u00e9xico\"],\"inLanguage\":\"es-MX\",\"potentialAction\":[{\"@type\":\"CommentAction\",\"name\":\"Comment\",\"target\":[\"https:\/\/nitu.mx\/index.php\/2016\/12\/19\/jet-blue-sigue-faltando-personal-migracion-aduanas-cancun\/#respond\"]}]},{\"@type\":\"WebPage\",\"@id\":\"https:\/\/nitu.mx\/index.php\/2016\/12\/19\/jet-blue-sigue-faltando-personal-migracion-aduanas-cancun\/\",\"url\":\"https:\/\/nitu.mx\/index.php\/2016\/12\/19\/jet-blue-sigue-faltando-personal-migracion-aduanas-cancun\/\",\"name\":\"Jet Blue: sigue faltando personal en migraci\u00f3n y aduanas en Canc\u00fan - Nitu - Noticias de la Industria Turistica\",\"isPartOf\":{\"@id\":\"https:\/\/nitu.mx\/#website\"},\"primaryImageOfPage\":{\"@id\":\"https:\/\/nitu.mx\/index.php\/2016\/12\/19\/jet-blue-sigue-faltando-personal-migracion-aduanas-cancun\/#primaryimage\"},\"image\":{\"@id\":\"https:\/\/nitu.mx\/index.php\/2016\/12\/19\/jet-blue-sigue-faltando-personal-migracion-aduanas-cancun\/#primaryimage\"},\"thumbnailUrl\":\"https:\/\/nitu.mx\/wp-content\/uploads\/2016\/12\/aduana-cancun.jpg\",\"datePublished\":\"2016-12-20T03:56:45+00:00\",\"dateModified\":\"2016-12-20T04:19:58+00:00\",\"breadcrumb\":{\"@id\":\"https:\/\/nitu.mx\/index.php\/2016\/12\/19\/jet-blue-sigue-faltando-personal-migracion-aduanas-cancun\/#breadcrumb\"},\"inLanguage\":\"es-MX\",\"potentialAction\":[{\"@type\":\"ReadAction\",\"target\":[\"https:\/\/nitu.mx\/index.php\/2016\/12\/19\/jet-blue-sigue-faltando-personal-migracion-aduanas-cancun\/\"]}]},{\"@type\":\"ImageObject\",\"inLanguage\":\"es-MX\",\"@id\":\"https:\/\/nitu.mx\/index.php\/2016\/12\/19\/jet-blue-sigue-faltando-personal-migracion-aduanas-cancun\/#primaryimage\",\"url\":\"https:\/\/nitu.mx\/wp-content\/uploads\/2016\/12\/aduana-cancun.jpg\",\"contentUrl\":\"https:\/\/nitu.mx\/wp-content\/uploads\/2016\/12\/aduana-cancun.jpg\",\"width\":700,\"height\":347,\"caption\":\"SAT\"},{\"@type\":\"BreadcrumbList\",\"@id\":\"https:\/\/nitu.mx\/index.php\/2016\/12\/19\/jet-blue-sigue-faltando-personal-migracion-aduanas-cancun\/#breadcrumb\",\"itemListElement\":[{\"@type\":\"ListItem\",\"position\":1,\"name\":\"Inicio\",\"item\":\"https:\/\/nitu.mx\/\"},{\"@type\":\"ListItem\",\"position\":2,\"name\":\"Jet Blue: sigue faltando personal en migraci\u00f3n y aduanas en Canc\u00fan\"}]},{\"@type\":\"WebSite\",\"@id\":\"https:\/\/nitu.mx\/#website\",\"url\":\"https:\/\/nitu.mx\/\",\"name\":\"Nitu - Noticias de la Industria Turistica\",\"description\":\"Noticias de la Industria Turistica\",\"publisher\":{\"@id\":\"https:\/\/nitu.mx\/#\/schema\/person\/ae7a53426417292d3dd07b45a33e01bc\"},\"alternateName\":\"Noticias de la Industria Turistica\",\"potentialAction\":[{\"@type\":\"SearchAction\",\"target\":{\"@type\":\"EntryPoint\",\"urlTemplate\":\"https:\/\/nitu.mx\/?s={search_term_string}\"},\"query-input\":\"required name=search_term_string\"}],\"inLanguage\":\"es-MX\"},{\"@type\":[\"Person\",\"Organization\"],\"@id\":\"https:\/\/nitu.mx\/#\/schema\/person\/ae7a53426417292d3dd07b45a33e01bc\",\"name\":\"Arturo Medina\",\"image\":{\"@type\":\"ImageObject\",\"inLanguage\":\"es-MX\",\"@id\":\"https:\/\/nitu.mx\/#\/schema\/person\/image\/\",\"url\":\"https:\/\/nitu.mx\/wp-content\/uploads\/2024\/04\/4A315622-1904-4D5C-B022-878CDC840E04-90x90-1.jpeg\",\"contentUrl\":\"https:\/\/nitu.mx\/wp-content\/uploads\/2024\/04\/4A315622-1904-4D5C-B022-878CDC840E04-90x90-1.jpeg\",\"width\":90,\"height\":90,\"caption\":\"Arturo Medina\"},\"logo\":{\"@id\":\"https:\/\/nitu.mx\/#\/schema\/person\/image\/\"},\"description\":\"Director NITU.mx, Egresado de la Escuela de Periodismo Carlos Septi\u00e9n Garc\u00eda. Periodista y analista especializado en turismo desde hace 35 a\u00f1os, radicado en Canc\u00fan Q.Roo. arturo@nitu.mx\",\"sameAs\":[\"https:\/\/nitu.mx\",\"https:\/\/www.facebook.com\/NITUmx\/\",\"medinacancun\",\"https:\/\/twitter.com\/@Arturo_Medina_G\"]},{\"@type\":\"Person\",\"@id\":\"https:\/\/nitu.mx\/#\/schema\/person\/2ecd887b19dfd3382d1f14fc5acf24a8\",\"name\":\"Alejandra Moncisbays\",\"image\":{\"@type\":\"ImageObject\",\"inLanguage\":\"es-MX\",\"@id\":\"https:\/\/nitu.mx\/#\/schema\/person\/image\/\",\"url\":\"https:\/\/secure.gravatar.com\/avatar\/e74f7af0be172b7804dacfd0bfbef787?s=96&d=mm&r=g\",\"contentUrl\":\"https:\/\/secure.gravatar.com\/avatar\/e74f7af0be172b7804dacfd0bfbef787?s=96&d=mm&r=g\",\"caption\":\"Alejandra Moncisbays\"},\"description\":\"Curs\u00e9 la carrera de Periodismo y Comunicaci\u00f3n en la Facultad de Estudios Profesionales Acatl\u00e1n. Vivo en Canc\u00fan desde hace 24 a\u00f1os. Fui reportera de La Tarde de Canc\u00fan, y Novedades de Quintana Roo, colabor\u00e9 en TVCUN, edit\u00e9 Cancun\u00edssimo y colabor\u00e9 en las revistas Latitud21, entre otras, con principal enfoque en los sectores empresarial y tur\u00edstico. Desde hace varios a\u00f1os soy Agente de Seguros con c\u00e9dula de la Comisi\u00f3n Nacional de Seguros y Fianzas. Actualmente, me desarrollo en los \u00e1mbitos del periodismo y el sector asegurador.\",\"sameAs\":[\"https:\/\/nitu.mx\"],\"url\":\"https:\/\/nitu.mx\/index.php\/author\/alejandra\/\"}]}<\/script>\n<!-- \/ Yoast SEO plugin. -->","yoast_head_json":{"title":"Jet Blue: sigue faltando personal en migraci\u00f3n y aduanas en Canc\u00fan - Nitu - Noticias de la Industria Turistica","robots":{"index":"index","follow":"follow","max-snippet":"max-snippet:-1","max-image-preview":"max-image-preview:large","max-video-preview":"max-video-preview:-1"},"canonical":"https:\/\/nitu.mx\/index.php\/2016\/12\/19\/jet-blue-sigue-faltando-personal-migracion-aduanas-cancun\/","twitter_card":"summary_large_image","twitter_title":"Jet Blue: sigue faltando personal en migraci\u00f3n y aduanas en Canc\u00fan - Nitu - Noticias de la Industria Turistica","twitter_description":"Omar Yuen, gerente regional de JetBlue, se\u00f1al\u00f3 en exclusiva para NITU.mx que no obstante el esfuerzo de las autoridades federales en materia de personal en las \u00e1reas de aduanas y migraci\u00f3n del Aeropuerto Internacional de Canc\u00fan (AIC), \u00a0en temporadas altas \u201ctodav\u00eda hay una ventana de oportunidad de integrar m\u00e1s personal\u201d. Esto en referencia directa con [&hellip;]","twitter_image":"https:\/\/nitu.mx\/wp-content\/uploads\/2016\/12\/aduana-cancun.jpg","twitter_creator":"@NITUmx","twitter_site":"@Arturo_Medina_G","twitter_misc":{"Escrito por":"Alejandra Moncisbays","Tiempo de lectura":"1 minuto"},"schema":{"@context":"https:\/\/schema.org","@graph":[{"@type":"Article","@id":"https:\/\/nitu.mx\/index.php\/2016\/12\/19\/jet-blue-sigue-faltando-personal-migracion-aduanas-cancun\/#article","isPartOf":{"@id":"https:\/\/nitu.mx\/index.php\/2016\/12\/19\/jet-blue-sigue-faltando-personal-migracion-aduanas-cancun\/"},"author":{"name":"Alejandra Moncisbays","@id":"https:\/\/nitu.mx\/#\/schema\/person\/2ecd887b19dfd3382d1f14fc5acf24a8"},"headline":"Jet Blue: sigue faltando personal en migraci\u00f3n y aduanas en Canc\u00fan","datePublished":"2016-12-20T03:56:45+00:00","dateModified":"2016-12-20T04:19:58+00:00","mainEntityOfPage":{"@id":"https:\/\/nitu.mx\/index.php\/2016\/12\/19\/jet-blue-sigue-faltando-personal-migracion-aduanas-cancun\/"},"wordCount":292,"commentCount":0,"publisher":{"@id":"https:\/\/nitu.mx\/#\/schema\/person\/ae7a53426417292d3dd07b45a33e01bc"},"image":{"@id":"https:\/\/nitu.mx\/index.php\/2016\/12\/19\/jet-blue-sigue-faltando-personal-migracion-aduanas-cancun\/#primaryimage"},"thumbnailUrl":"https:\/\/nitu.mx\/wp-content\/uploads\/2016\/12\/aduana-cancun.jpg","keywords":["Aeropuerto Internacional de Canc\u00fan (AIC)","Grupo Aeroportuario de Sureste (Asur)","JetBlue","Omar Yuen"],"articleSection":["Aerol\u00edneas","M\u00e9xico"],"inLanguage":"es-MX","potentialAction":[{"@type":"CommentAction","name":"Comment","target":["https:\/\/nitu.mx\/index.php\/2016\/12\/19\/jet-blue-sigue-faltando-personal-migracion-aduanas-cancun\/#respond"]}]},{"@type":"WebPage","@id":"https:\/\/nitu.mx\/index.php\/2016\/12\/19\/jet-blue-sigue-faltando-personal-migracion-aduanas-cancun\/","url":"https:\/\/nitu.mx\/index.php\/2016\/12\/19\/jet-blue-sigue-faltando-personal-migracion-aduanas-cancun\/","name":"Jet Blue: sigue faltando personal en migraci\u00f3n y aduanas en Canc\u00fan - Nitu - Noticias de la Industria Turistica","isPartOf":{"@id":"https:\/\/nitu.mx\/#website"},"primaryImageOfPage":{"@id":"https:\/\/nitu.mx\/index.php\/2016\/12\/19\/jet-blue-sigue-faltando-personal-migracion-aduanas-cancun\/#primaryimage"},"image":{"@id":"https:\/\/nitu.mx\/index.php\/2016\/12\/19\/jet-blue-sigue-faltando-personal-migracion-aduanas-cancun\/#primaryimage"},"thumbnailUrl":"https:\/\/nitu.mx\/wp-content\/uploads\/2016\/12\/aduana-cancun.jpg","datePublished":"2016-12-20T03:56:45+00:00","dateModified":"2016-12-20T04:19:58+00:00","breadcrumb":{"@id":"https:\/\/nitu.mx\/index.php\/2016\/12\/19\/jet-blue-sigue-faltando-personal-migracion-aduanas-cancun\/#breadcrumb"},"inLanguage":"es-MX","potentialAction":[{"@type":"ReadAction","target":["https:\/\/nitu.mx\/index.php\/2016\/12\/19\/jet-blue-sigue-faltando-personal-migracion-aduanas-cancun\/"]}]},{"@type":"ImageObject","inLanguage":"es-MX","@id":"https:\/\/nitu.mx\/index.php\/2016\/12\/19\/jet-blue-sigue-faltando-personal-migracion-aduanas-cancun\/#primaryimage","url":"https:\/\/nitu.mx\/wp-content\/uploads\/2016\/12\/aduana-cancun.jpg","contentUrl":"https:\/\/nitu.mx\/wp-content\/uploads\/2016\/12\/aduana-cancun.jpg","width":700,"height":347,"caption":"SAT"},{"@type":"BreadcrumbList","@id":"https:\/\/nitu.mx\/index.php\/2016\/12\/19\/jet-blue-sigue-faltando-personal-migracion-aduanas-cancun\/#breadcrumb","itemListElement":[{"@type":"ListItem","position":1,"name":"Inicio","item":"https:\/\/nitu.mx\/"},{"@type":"ListItem","position":2,"name":"Jet Blue: sigue faltando personal en migraci\u00f3n y aduanas en Canc\u00fan"}]},{"@type":"WebSite","@id":"https:\/\/nitu.mx\/#website","url":"https:\/\/nitu.mx\/","name":"Nitu - Noticias de la Industria Turistica","description":"Noticias de la Industria Turistica","publisher":{"@id":"https:\/\/nitu.mx\/#\/schema\/person\/ae7a53426417292d3dd07b45a33e01bc"},"alternateName":"Noticias de la Industria Turistica","potentialAction":[{"@type":"SearchAction","target":{"@type":"EntryPoint","urlTemplate":"https:\/\/nitu.mx\/?s={search_term_string}"},"query-input":"required name=search_term_string"}],"inLanguage":"es-MX"},{"@type":["Person","Organization"],"@id":"https:\/\/nitu.mx\/#\/schema\/person\/ae7a53426417292d3dd07b45a33e01bc","name":"Arturo Medina","image":{"@type":"ImageObject","inLanguage":"es-MX","@id":"https:\/\/nitu.mx\/#\/schema\/person\/image\/","url":"https:\/\/nitu.mx\/wp-content\/uploads\/2024\/04\/4A315622-1904-4D5C-B022-878CDC840E04-90x90-1.jpeg","contentUrl":"https:\/\/nitu.mx\/wp-content\/uploads\/2024\/04\/4A315622-1904-4D5C-B022-878CDC840E04-90x90-1.jpeg","width":90,"height":90,"caption":"Arturo Medina"},"logo":{"@id":"https:\/\/nitu.mx\/#\/schema\/person\/image\/"},"description":"Director NITU.mx, Egresado de la Escuela de Periodismo Carlos Septi\u00e9n Garc\u00eda. Periodista y analista especializado en turismo desde hace 35 a\u00f1os, radicado en Canc\u00fan Q.Roo. arturo@nitu.mx","sameAs":["https:\/\/nitu.mx","https:\/\/www.facebook.com\/NITUmx\/","medinacancun","https:\/\/twitter.com\/@Arturo_Medina_G"]},{"@type":"Person","@id":"https:\/\/nitu.mx\/#\/schema\/person\/2ecd887b19dfd3382d1f14fc5acf24a8","name":"Alejandra Moncisbays","image":{"@type":"ImageObject","inLanguage":"es-MX","@id":"https:\/\/nitu.mx\/#\/schema\/person\/image\/","url":"https:\/\/secure.gravatar.com\/avatar\/e74f7af0be172b7804dacfd0bfbef787?s=96&d=mm&r=g","contentUrl":"https:\/\/secure.gravatar.com\/avatar\/e74f7af0be172b7804dacfd0bfbef787?s=96&d=mm&r=g","caption":"Alejandra Moncisbays"},"description":"Curs\u00e9 la carrera de Periodismo y Comunicaci\u00f3n en la Facultad de Estudios Profesionales Acatl\u00e1n. Vivo en Canc\u00fan desde hace 24 a\u00f1os. Fui reportera de La Tarde de Canc\u00fan, y Novedades de Quintana Roo, colabor\u00e9 en TVCUN, edit\u00e9 Cancun\u00edssimo y colabor\u00e9 en las revistas Latitud21, entre otras, con principal enfoque en los sectores empresarial y tur\u00edstico. Desde hace varios a\u00f1os soy Agente de Seguros con c\u00e9dula de la Comisi\u00f3n Nacional de Seguros y Fianzas. Actualmente, me desarrollo en los \u00e1mbitos del periodismo y el sector asegurador.","sameAs":["https:\/\/nitu.mx"],"url":"https:\/\/nitu.mx\/index.php\/author\/alejandra\/"}]}},"views":280,"_links":{"self":[{"href":"https:\/\/nitu.mx\/index.php\/wp-json\/wp\/v2\/posts\/5081"}],"collection":[{"href":"https:\/\/nitu.mx\/index.php\/wp-json\/wp\/v2\/posts"}],"about":[{"href":"https:\/\/nitu.mx\/index.php\/wp-json\/wp\/v2\/types\/post"}],"author":[{"embeddable":true,"href":"https:\/\/nitu.mx\/index.php\/wp-json\/wp\/v2\/users\/3"}],"replies":[{"embeddable":true,"href":"https:\/\/nitu.mx\/index.php\/wp-json\/wp\/v2\/comments?post=5081"}],"version-history":[{"count":3,"href":"https:\/\/nitu.mx\/index.php\/wp-json\/wp\/v2\/posts\/5081\/revisions"}],"predecessor-version":[{"id":5089,"href":"https:\/\/nitu.mx\/index.php\/wp-json\/wp\/v2\/posts\/5081\/revisions\/5089"}],"wp:featuredmedia":[{"embeddable":true,"href":"https:\/\/nitu.mx\/index.php\/wp-json\/wp\/v2\/media\/5088"}],"wp:attachment":[{"href":"https:\/\/nitu.mx\/index.php\/wp-json\/wp\/v2\/media?parent=5081"}],"wp:term":[{"taxonomy":"category","embeddable":true,"href":"https:\/\/nitu.mx\/index.php\/wp-json\/wp\/v2\/categories?post=5081"},{"taxonomy":"post_tag","embeddable":true,"href":"https:\/\/nitu.mx\/index.php\/wp-json\/wp\/v2\/tags?post=5081"}],"curies":[{"name":"wp","href":"https:\/\/api.w.org\/{rel}","templated":true}]}}